{"id":12598,"date":"2023-05-08T16:09:57","date_gmt":"2023-05-08T20:09:57","guid":{"rendered":"https:\/\/minutocerord.com\/?p=12598"},"modified":"2023-05-08T16:09:59","modified_gmt":"2023-05-08T20:09:59","slug":"cuatro-detenidos-en-relacion-con-asesinato-hacendado-y-su-mujer","status":"publish","type":"post","link":"https:\/\/minutocerord.com\/?p=12598","title":{"rendered":"Cuatro detenidos en relaci\u00f3n con asesinato hacendado y su mujer"},"content":{"rendered":"\n<p><strong>PUERTO PLATA.- <\/strong>Los cad\u00e1veres de un hacendado-empresario y su mujer fueron hallados en la localidad Estero Hondo, Villa Isabela, de esta provincia del norte de la Rep\u00fablica Dominicana, luego de que presumiblemente fueran asesinados a palos por personas desconocidas.<\/p>\n\n\n\n<p>Los cuerpos de\u00a0Eduardo Generoso P\u00e9rez Rojas, de 79 a\u00f1os, y su compa\u00f1era sentimental Maribel del Carmen Acosta, de 48,\u00a0 quien <strong>era <\/strong>maestra,\u00a0fueron encontrados por empleados de una finca de su propiedad en\u00a0 la comunidad Estero Hondo, de\u00a0 Villa Isabela.<\/p>\n\n\n\n<p>En relaci\u00f3n con este hecho hay detenidas cuatro personas quienes supuestamente estaban vendiendo parte de las reses de Generoso.&nbsp; Dos de ellos han sido identificados como Juan Alberto Perdomo Vargas y Manuel Francisco Pichardo, empleados de las v\u00edctimas, quienes habr\u00edan admitido haber ultimado a la pareja.<\/p>\n\n\n\n<p><strong>PERSONA DE CONFIANZA<\/strong><\/p>\n\n\n\n<p>Sobre Perdomo Vargas se ha dicho que era \u00abpersona de confianza\u00bb del hacendado.<\/p>\n\n\n\n<p>La desaparici\u00f3n de \u00e9ste y su mujer hab\u00eda sido reportada por familiares suyos el pasado lunes 1 de mayo.<\/p>\n\n\n\n<p>Generoso naci\u00f3 en la comunidad El Mamey, tambi\u00e9n de Puerto Plata. Era muy conocido en la zona de Estero Hondo porque se dedicaba no s\u00f3lo a la ganader\u00eda sino tambi\u00e9n a la agricultura, al gallerismo y a actividades sociales y culturales.&nbsp; Era t\u00edo del empresario Carlos Hugo P\u00e9rez, hijo del terrateniente &nbsp;Pol\u00edn P\u00e9rez (fallecido).<\/p>\n\n\n\n<p>La finca donde ocurri\u00f3 el hecho est\u00e1 ubicada al lado de la del tambi\u00e9n hacendado Juan Jos\u00e9 Soto,\u00a0t\u00edo del general retirado Miguel \u00c1ngel Soto Jim\u00e9nez, quien fue asesinado junto a su empleado, Gilberto Antonio Basilio, de 64 a\u00f1os, y la arquitecta Maritza Arelis Ovalle, por un empleado haitiano que a\u00fan est\u00e1 encuentra pr\u00f3fugo, reportan es domingo medios de prensa.<\/p>\n","protected":false},"excerpt":{"rendered":"<p>PUERTO PLATA.- Los cad\u00e1veres de un hacendado-empresario y su mujer fueron hallados en la localidad Estero Hondo, Villa Isabela, de esta provincia del norte de la Rep\u00fablica Dominicana, luego de que presumiblemente fueran asesinados a palos por personas desconocidas. Los cuerpos de\u00a0Eduardo Generoso P\u00e9rez Rojas, de 79 a\u00f1os, y su compa\u00f1era sentimental Maribel del Carmen [&hellip;]<\/p>\n","protected":false},"author":1,"featured_media":12599,"comment_status":"open","ping_status":"open","sticky":false,"template":"","format":"standard","meta":{"nf_dc_page":"","jetpack_post_was_ever_published":false,"_jetpack_newsletter_access":"","_jetpack_dont_email_post_to_subs":false,"_jetpack_newsletter_tier_id":0,"_jetpack_memberships_contains_paywalled_content":false,"_jetpack_memberships_contains_paid_content":false,"footnotes":"","jetpack_publicize_message":"","jetpack_publicize_feature_enabled":true,"jetpack_social_post_already_shared":false,"jetpack_social_options":{"image_generator_settings":{"template":"highway","default_image_id":0,"font":"","enabled":false},"version":2}},"categories":[84],"tags":[],"class_list":["post-12598","post","type-post","status-publish","format-standard","has-post-thumbnail","hentry","category-puerto-plata"],"yoast_head":"<!-- This site is optimized with the Yoast SEO plugin v27.4 - https:\/\/yoast.com\/product\/yoast-seo-wordpress\/ -->\n<title>Cuatro detenidos en relaci\u00f3n con asesinato hacendado y su mujer - Minuto Cero RD<\/title>\n<meta name=\"robots\" content=\"index, follow, max-snippet:-1, max-image-preview:large, max-video-preview:-1\" \/>\n<link rel=\"canonical\" href=\"http:\/\/minutocerord.com\/?p=12598\" \/>\n<meta property=\"og:locale\" content=\"es_ES\" \/>\n<meta property=\"og:type\" content=\"article\" \/>\n<meta property=\"og:title\" content=\"Cuatro detenidos en relaci\u00f3n con asesinato hacendado y su mujer - Minuto Cero RD\" \/>\n<meta property=\"og:description\" content=\"PUERTO PLATA.- Los cad\u00e1veres de un hacendado-empresario y su mujer fueron hallados en la localidad Estero Hondo, Villa Isabela, de esta provincia del norte de la Rep\u00fablica Dominicana, luego de que presumiblemente fueran asesinados a palos por personas desconocidas. Los cuerpos de\u00a0Eduardo Generoso P\u00e9rez Rojas, de 79 a\u00f1os, y su compa\u00f1era sentimental Maribel del Carmen [&hellip;]\" \/>\n<meta property=\"og:url\" content=\"http:\/\/minutocerord.com\/?p=12598\" \/>\n<meta property=\"og:site_name\" content=\"Minuto Cero RD\" \/>\n<meta property=\"article:publisher\" content=\"https:\/\/www.facebook.com\/Genofnotes\" \/>\n<meta property=\"article:author\" content=\"https:\/\/www.facebook.com\/Genofnotes\" \/>\n<meta property=\"article:published_time\" content=\"2023-05-08T20:09:57+00:00\" \/>\n<meta property=\"article:modified_time\" content=\"2023-05-08T20:09:59+00:00\" \/>\n<meta property=\"og:image\" content=\"https:\/\/i0.wp.com\/minutocerord.com\/wp-content\/uploads\/2023\/05\/Eduardo-Generoso-Perez-de-78-anos-de-edad-y-Maribel-Acosta-de-52.jpg?fit=528%2C304\" \/>\n\t<meta property=\"og:image:width\" content=\"528\" \/>\n\t<meta property=\"og:image:height\" content=\"304\" \/>\n\t<meta property=\"og:image:type\" content=\"image\/jpeg\" \/>\n<meta name=\"author\" content=\"Genof\u00f3ntes Urb\u00e1ez\" \/>\n<meta name=\"twitter:card\" content=\"summary_large_image\" \/>\n<meta name=\"twitter:label1\" content=\"Written by\" \/>\n\t<meta name=\"twitter:data1\" content=\"Genof\u00f3ntes Urb\u00e1ez\" \/>\n\t<meta name=\"twitter:label2\" content=\"Est. reading time\" \/>\n\t<meta name=\"twitter:data2\" content=\"2 minutos\" \/>\n<script type=\"application\/ld+json\" class=\"yoast-schema-graph\">{\"@context\":\"https:\\\/\\\/schema.org\",\"@graph\":[{\"@type\":\"Article\",\"@id\":\"http:\\\/\\\/minutocerord.com\\\/?p=12598#article\",\"isPartOf\":{\"@id\":\"http:\\\/\\\/minutocerord.com\\\/?p=12598\"},\"author\":{\"name\":\"Genof\u00f3ntes Urb\u00e1ez\",\"@id\":\"https:\\\/\\\/minutocerord.com\\\/#\\\/schema\\\/person\\\/60b5372d60aaa0a5171fb6488be9aee6\"},\"headline\":\"Cuatro detenidos en relaci\u00f3n con asesinato hacendado y su mujer\",\"datePublished\":\"2023-05-08T20:09:57+00:00\",\"dateModified\":\"2023-05-08T20:09:59+00:00\",\"mainEntityOfPage\":{\"@id\":\"http:\\\/\\\/minutocerord.com\\\/?p=12598\"},\"wordCount\":310,\"commentCount\":0,\"publisher\":{\"@id\":\"https:\\\/\\\/minutocerord.com\\\/#\\\/schema\\\/person\\\/60b5372d60aaa0a5171fb6488be9aee6\"},\"image\":{\"@id\":\"http:\\\/\\\/minutocerord.com\\\/?p=12598#primaryimage\"},\"thumbnailUrl\":\"https:\\\/\\\/i0.wp.com\\\/minutocerord.com\\\/wp-content\\\/uploads\\\/2023\\\/05\\\/Eduardo-Generoso-Perez-de-78-anos-de-edad-y-Maribel-Acosta-de-52.jpg?fit=528%2C304&ssl=1\",\"articleSection\":[\"Puerto Plata\"],\"inLanguage\":\"es-DO\",\"potentialAction\":[{\"@type\":\"CommentAction\",\"name\":\"Comment\",\"target\":[\"http:\\\/\\\/minutocerord.com\\\/?p=12598#respond\"]}]},{\"@type\":\"WebPage\",\"@id\":\"http:\\\/\\\/minutocerord.com\\\/?p=12598\",\"url\":\"http:\\\/\\\/minutocerord.com\\\/?p=12598\",\"name\":\"Cuatro detenidos en relaci\u00f3n con asesinato hacendado y su mujer - Minuto Cero RD\",\"isPartOf\":{\"@id\":\"https:\\\/\\\/minutocerord.com\\\/#website\"},\"primaryImageOfPage\":{\"@id\":\"http:\\\/\\\/minutocerord.com\\\/?p=12598#primaryimage\"},\"image\":{\"@id\":\"http:\\\/\\\/minutocerord.com\\\/?p=12598#primaryimage\"},\"thumbnailUrl\":\"https:\\\/\\\/i0.wp.com\\\/minutocerord.com\\\/wp-content\\\/uploads\\\/2023\\\/05\\\/Eduardo-Generoso-Perez-de-78-anos-de-edad-y-Maribel-Acosta-de-52.jpg?fit=528%2C304&ssl=1\",\"datePublished\":\"2023-05-08T20:09:57+00:00\",\"dateModified\":\"2023-05-08T20:09:59+00:00\",\"breadcrumb\":{\"@id\":\"http:\\\/\\\/minutocerord.com\\\/?p=12598#breadcrumb\"},\"inLanguage\":\"es-DO\",\"potentialAction\":[{\"@type\":\"ReadAction\",\"target\":[\"http:\\\/\\\/minutocerord.com\\\/?p=12598\"]}]},{\"@type\":\"ImageObject\",\"inLanguage\":\"es-DO\",\"@id\":\"http:\\\/\\\/minutocerord.com\\\/?p=12598#primaryimage\",\"url\":\"https:\\\/\\\/i0.wp.com\\\/minutocerord.com\\\/wp-content\\\/uploads\\\/2023\\\/05\\\/Eduardo-Generoso-Perez-de-78-anos-de-edad-y-Maribel-Acosta-de-52.jpg?fit=528%2C304&ssl=1\",\"contentUrl\":\"https:\\\/\\\/i0.wp.com\\\/minutocerord.com\\\/wp-content\\\/uploads\\\/2023\\\/05\\\/Eduardo-Generoso-Perez-de-78-anos-de-edad-y-Maribel-Acosta-de-52.jpg?fit=528%2C304&ssl=1\",\"width\":528,\"height\":304},{\"@type\":\"BreadcrumbList\",\"@id\":\"http:\\\/\\\/minutocerord.com\\\/?p=12598#breadcrumb\",\"itemListElement\":[{\"@type\":\"ListItem\",\"position\":1,\"name\":\"Home\",\"item\":\"https:\\\/\\\/minutocerord.com\\\/\"},{\"@type\":\"ListItem\",\"position\":2,\"name\":\"Cuatro detenidos en relaci\u00f3n con asesinato hacendado y su mujer\"}]},{\"@type\":\"WebSite\",\"@id\":\"https:\\\/\\\/minutocerord.com\\\/#website\",\"url\":\"https:\\\/\\\/minutocerord.com\\\/\",\"name\":\"Minuto Cero RD\",\"description\":\"Periodismo serio y veraz\",\"publisher\":{\"@id\":\"https:\\\/\\\/minutocerord.com\\\/#\\\/schema\\\/person\\\/60b5372d60aaa0a5171fb6488be9aee6\"},\"potentialAction\":[{\"@type\":\"SearchAction\",\"target\":{\"@type\":\"EntryPoint\",\"urlTemplate\":\"https:\\\/\\\/minutocerord.com\\\/?s={search_term_string}\"},\"query-input\":{\"@type\":\"PropertyValueSpecification\",\"valueRequired\":true,\"valueName\":\"search_term_string\"}}],\"inLanguage\":\"es-DO\"},{\"@type\":[\"Person\",\"Organization\"],\"@id\":\"https:\\\/\\\/minutocerord.com\\\/#\\\/schema\\\/person\\\/60b5372d60aaa0a5171fb6488be9aee6\",\"name\":\"Genof\u00f3ntes Urb\u00e1ez\",\"image\":{\"@type\":\"ImageObject\",\"inLanguage\":\"es-DO\",\"@id\":\"https:\\\/\\\/secure.gravatar.com\\\/avatar\\\/a49ef3186a692098ac3e8a1612261e3ad70cf9e44553dff2929e67939a0ecb9d?s=96&d=identicon&r=g\",\"url\":\"https:\\\/\\\/secure.gravatar.com\\\/avatar\\\/a49ef3186a692098ac3e8a1612261e3ad70cf9e44553dff2929e67939a0ecb9d?s=96&d=identicon&r=g\",\"contentUrl\":\"https:\\\/\\\/secure.gravatar.com\\\/avatar\\\/a49ef3186a692098ac3e8a1612261e3ad70cf9e44553dff2929e67939a0ecb9d?s=96&d=identicon&r=g\",\"caption\":\"Genof\u00f3ntes Urb\u00e1ez\"},\"logo\":{\"@id\":\"https:\\\/\\\/secure.gravatar.com\\\/avatar\\\/a49ef3186a692098ac3e8a1612261e3ad70cf9e44553dff2929e67939a0ecb9d?s=96&d=identicon&r=g\"},\"description\":\"Periodista \\\/ Locutor\",\"sameAs\":[\"https:\\\/\\\/www.facebook.com\\\/Genofnotes\",\"https:\\\/\\\/www.instagram.com\\\/genofnotes\\\/\"]}]}<\/script>\n<!-- \/ Yoast SEO plugin. -->","yoast_head_json":{"title":"Cuatro detenidos en relaci\u00f3n con asesinato hacendado y su mujer - Minuto Cero RD","robots":{"index":"index","follow":"follow","max-snippet":"max-snippet:-1","max-image-preview":"max-image-preview:large","max-video-preview":"max-video-preview:-1"},"canonical":"http:\/\/minutocerord.com\/?p=12598","og_locale":"es_ES","og_type":"article","og_title":"Cuatro detenidos en relaci\u00f3n con asesinato hacendado y su mujer - Minuto Cero RD","og_description":"PUERTO PLATA.- Los cad\u00e1veres de un hacendado-empresario y su mujer fueron hallados en la localidad Estero Hondo, Villa Isabela, de esta provincia del norte de la Rep\u00fablica Dominicana, luego de que presumiblemente fueran asesinados a palos por personas desconocidas. Los cuerpos de\u00a0Eduardo Generoso P\u00e9rez Rojas, de 79 a\u00f1os, y su compa\u00f1era sentimental Maribel del Carmen [&hellip;]","og_url":"http:\/\/minutocerord.com\/?p=12598","og_site_name":"Minuto Cero RD","article_publisher":"https:\/\/www.facebook.com\/Genofnotes","article_author":"https:\/\/www.facebook.com\/Genofnotes","article_published_time":"2023-05-08T20:09:57+00:00","article_modified_time":"2023-05-08T20:09:59+00:00","og_image":[{"width":528,"height":304,"url":"https:\/\/i0.wp.com\/minutocerord.com\/wp-content\/uploads\/2023\/05\/Eduardo-Generoso-Perez-de-78-anos-de-edad-y-Maribel-Acosta-de-52.jpg?fit=528%2C304","type":"image\/jpeg"}],"author":"Genof\u00f3ntes Urb\u00e1ez","twitter_card":"summary_large_image","twitter_misc":{"Written by":"Genof\u00f3ntes Urb\u00e1ez","Est. reading time":"2 minutos"},"schema":{"@context":"https:\/\/schema.org","@graph":[{"@type":"Article","@id":"http:\/\/minutocerord.com\/?p=12598#article","isPartOf":{"@id":"http:\/\/minutocerord.com\/?p=12598"},"author":{"name":"Genof\u00f3ntes Urb\u00e1ez","@id":"https:\/\/minutocerord.com\/#\/schema\/person\/60b5372d60aaa0a5171fb6488be9aee6"},"headline":"Cuatro detenidos en relaci\u00f3n con asesinato hacendado y su mujer","datePublished":"2023-05-08T20:09:57+00:00","dateModified":"2023-05-08T20:09:59+00:00","mainEntityOfPage":{"@id":"http:\/\/minutocerord.com\/?p=12598"},"wordCount":310,"commentCount":0,"publisher":{"@id":"https:\/\/minutocerord.com\/#\/schema\/person\/60b5372d60aaa0a5171fb6488be9aee6"},"image":{"@id":"http:\/\/minutocerord.com\/?p=12598#primaryimage"},"thumbnailUrl":"https:\/\/i0.wp.com\/minutocerord.com\/wp-content\/uploads\/2023\/05\/Eduardo-Generoso-Perez-de-78-anos-de-edad-y-Maribel-Acosta-de-52.jpg?fit=528%2C304&ssl=1","articleSection":["Puerto Plata"],"inLanguage":"es-DO","potentialAction":[{"@type":"CommentAction","name":"Comment","target":["http:\/\/minutocerord.com\/?p=12598#respond"]}]},{"@type":"WebPage","@id":"http:\/\/minutocerord.com\/?p=12598","url":"http:\/\/minutocerord.com\/?p=12598","name":"Cuatro detenidos en relaci\u00f3n con asesinato hacendado y su mujer - Minuto Cero RD","isPartOf":{"@id":"https:\/\/minutocerord.com\/#website"},"primaryImageOfPage":{"@id":"http:\/\/minutocerord.com\/?p=12598#primaryimage"},"image":{"@id":"http:\/\/minutocerord.com\/?p=12598#primaryimage"},"thumbnailUrl":"https:\/\/i0.wp.com\/minutocerord.com\/wp-content\/uploads\/2023\/05\/Eduardo-Generoso-Perez-de-78-anos-de-edad-y-Maribel-Acosta-de-52.jpg?fit=528%2C304&ssl=1","datePublished":"2023-05-08T20:09:57+00:00","dateModified":"2023-05-08T20:09:59+00:00","breadcrumb":{"@id":"http:\/\/minutocerord.com\/?p=12598#breadcrumb"},"inLanguage":"es-DO","potentialAction":[{"@type":"ReadAction","target":["http:\/\/minutocerord.com\/?p=12598"]}]},{"@type":"ImageObject","inLanguage":"es-DO","@id":"http:\/\/minutocerord.com\/?p=12598#primaryimage","url":"https:\/\/i0.wp.com\/minutocerord.com\/wp-content\/uploads\/2023\/05\/Eduardo-Generoso-Perez-de-78-anos-de-edad-y-Maribel-Acosta-de-52.jpg?fit=528%2C304&ssl=1","contentUrl":"https:\/\/i0.wp.com\/minutocerord.com\/wp-content\/uploads\/2023\/05\/Eduardo-Generoso-Perez-de-78-anos-de-edad-y-Maribel-Acosta-de-52.jpg?fit=528%2C304&ssl=1","width":528,"height":304},{"@type":"BreadcrumbList","@id":"http:\/\/minutocerord.com\/?p=12598#breadcrumb","itemListElement":[{"@type":"ListItem","position":1,"name":"Home","item":"https:\/\/minutocerord.com\/"},{"@type":"ListItem","position":2,"name":"Cuatro detenidos en relaci\u00f3n con asesinato hacendado y su mujer"}]},{"@type":"WebSite","@id":"https:\/\/minutocerord.com\/#website","url":"https:\/\/minutocerord.com\/","name":"Minuto Cero RD","description":"Periodismo serio y veraz","publisher":{"@id":"https:\/\/minutocerord.com\/#\/schema\/person\/60b5372d60aaa0a5171fb6488be9aee6"},"potentialAction":[{"@type":"SearchAction","target":{"@type":"EntryPoint","urlTemplate":"https:\/\/minutocerord.com\/?s={search_term_string}"},"query-input":{"@type":"PropertyValueSpecification","valueRequired":true,"valueName":"search_term_string"}}],"inLanguage":"es-DO"},{"@type":["Person","Organization"],"@id":"https:\/\/minutocerord.com\/#\/schema\/person\/60b5372d60aaa0a5171fb6488be9aee6","name":"Genof\u00f3ntes Urb\u00e1ez","image":{"@type":"ImageObject","inLanguage":"es-DO","@id":"https:\/\/secure.gravatar.com\/avatar\/a49ef3186a692098ac3e8a1612261e3ad70cf9e44553dff2929e67939a0ecb9d?s=96&d=identicon&r=g","url":"https:\/\/secure.gravatar.com\/avatar\/a49ef3186a692098ac3e8a1612261e3ad70cf9e44553dff2929e67939a0ecb9d?s=96&d=identicon&r=g","contentUrl":"https:\/\/secure.gravatar.com\/avatar\/a49ef3186a692098ac3e8a1612261e3ad70cf9e44553dff2929e67939a0ecb9d?s=96&d=identicon&r=g","caption":"Genof\u00f3ntes Urb\u00e1ez"},"logo":{"@id":"https:\/\/secure.gravatar.com\/avatar\/a49ef3186a692098ac3e8a1612261e3ad70cf9e44553dff2929e67939a0ecb9d?s=96&d=identicon&r=g"},"description":"Periodista \/ Locutor","sameAs":["https:\/\/www.facebook.com\/Genofnotes","https:\/\/www.instagram.com\/genofnotes\/"]}]}},"jetpack_publicize_connections":[],"jetpack_featured_media_url":"https:\/\/i0.wp.com\/minutocerord.com\/wp-content\/uploads\/2023\/05\/Eduardo-Generoso-Perez-de-78-anos-de-edad-y-Maribel-Acosta-de-52.jpg?fit=528%2C304&ssl=1","jetpack-related-posts":[],"jetpack_sharing_enabled":true,"_links":{"self":[{"href":"https:\/\/minutocerord.com\/index.php?rest_route=\/wp\/v2\/posts\/12598","targetHints":{"allow":["GET"]}}],"collection":[{"href":"https:\/\/minutocerord.com\/index.php?rest_route=\/wp\/v2\/posts"}],"about":[{"href":"https:\/\/minutocerord.com\/index.php?rest_route=\/wp\/v2\/types\/post"}],"author":[{"embeddable":true,"href":"https:\/\/minutocerord.com\/index.php?rest_route=\/wp\/v2\/users\/1"}],"replies":[{"embeddable":true,"href":"https:\/\/minutocerord.com\/index.php?rest_route=%2Fwp%2Fv2%2Fcomments&post=12598"}],"version-history":[{"count":1,"href":"https:\/\/minutocerord.com\/index.php?rest_route=\/wp\/v2\/posts\/12598\/revisions"}],"predecessor-version":[{"id":12600,"href":"https:\/\/minutocerord.com\/index.php?rest_route=\/wp\/v2\/posts\/12598\/revisions\/12600"}],"wp:featuredmedia":[{"embeddable":true,"href":"https:\/\/minutocerord.com\/index.php?rest_route=\/wp\/v2\/media\/12599"}],"wp:attachment":[{"href":"https:\/\/minutocerord.com\/index.php?rest_route=%2Fwp%2Fv2%2Fmedia&parent=12598"}],"wp:term":[{"taxonomy":"category","embeddable":true,"href":"https:\/\/minutocerord.com\/index.php?rest_route=%2Fwp%2Fv2%2Fcategories&post=12598"},{"taxonomy":"post_tag","embeddable":true,"href":"https:\/\/minutocerord.com\/index.php?rest_route=%2Fwp%2Fv2%2Ftags&post=12598"}],"curies":[{"name":"wp","href":"https:\/\/api.w.org\/{rel}","templated":true}]}}