{"id":15681,"date":"2023-10-04T10:40:28","date_gmt":"2023-10-04T14:40:28","guid":{"rendered":"https:\/\/minutocerord.com\/?p=15681"},"modified":"2023-10-04T10:40:29","modified_gmt":"2023-10-04T14:40:29","slug":"el-clima-pronostican-que-octubre-sera-mas-calido-de-lo-habitual-en-el-caribe","status":"publish","type":"post","link":"https:\/\/minutocerord.com\/?p=15681","title":{"rendered":"EL CLIMA | Pronostican que Octubre ser\u00e1 m\u00e1s c\u00e1lido de lo habitual en el Caribe"},"content":{"rendered":"\n<p><strong>Bridgetown.- <\/strong>El mes de octubre ser\u00e1 m\u00e1s c\u00e1lido de lo habitual en el Caribe con altas temperaturas diurnas y nocturnas que podr\u00edan prevalecer hasta principios de noviembre, pronostic\u00f3 hoy el Foro de Proyecciones Clim\u00e1ticas (CariCOF).<\/p>\n\n\n\n<p>De acuerdo con el centro, aunque los term\u00f3metros marcar\u00e1n valores m\u00e1s bajos a partir de finales del mes venidero, seguir\u00e1n siendo m\u00e1s elevados en la mayor parte de la regi\u00f3n, excepto en Las Bahamas, Cuba, Hait\u00ed, Rep\u00fablica Dominicana y los territorios estadounidenses.<\/p>\n\n\n\n<p>Sin embargo, el pron\u00f3stico sugiere la posibilidad de calor intenso en Barbados, Trinidad y Tobago y las Islas de Barlovento.<\/p>\n\n\n\n<p>Mientras tanto, la Perspectiva Clim\u00e1tica de CariCOF de octubre a diciembre de 2023 se\u00f1ala que las temperaturas del Atl\u00e1ntico norte deber\u00edan mantenerse muy por encima del promedio.<\/p>\n\n\n\n<p>Esto seguir\u00e1 alimentando una actividad de ciclones tropicales inusualmente fuerte y se amplificar\u00e1 el estr\u00e9s por calor hasta octubre, lo que a su vez impulsar\u00e1 una temporada de calor en el Caribe sin precedentes y podr\u00eda aumentar la intensidad de las lluvias durante el pico de la temporada, acot\u00f3 el centro.<\/p>\n\n\n\n<p>Sin embargo, el fen\u00f3meno El Ni\u00f1o de moderado a fuerte en el Pac\u00edfico deber\u00eda disminuir la frecuencia de las precipitaciones en Belice y el sur del Caribe, donde surgen preocupaciones por la sequ\u00eda, apunt\u00f3 la entidad.<\/p>\n","protected":false},"excerpt":{"rendered":"<p>Bridgetown.- El mes de octubre ser\u00e1 m\u00e1s c\u00e1lido de lo habitual en el Caribe con altas temperaturas diurnas y nocturnas que podr\u00edan prevalecer hasta principios de noviembre, pronostic\u00f3 hoy el Foro de Proyecciones Clim\u00e1ticas (CariCOF). De acuerdo con el centro, aunque los term\u00f3metros marcar\u00e1n valores m\u00e1s bajos a partir de finales del mes venidero, seguir\u00e1n [&hellip;]<\/p>\n","protected":false},"author":1,"featured_media":15682,"comment_status":"open","ping_status":"open","sticky":false,"template":"","format":"standard","meta":{"nf_dc_page":"","jetpack_post_was_ever_published":false,"_jetpack_newsletter_access":"","_jetpack_dont_email_post_to_subs":false,"_jetpack_newsletter_tier_id":0,"_jetpack_memberships_contains_paywalled_content":false,"_jetpack_memberships_contains_paid_content":false,"footnotes":"","jetpack_publicize_message":"","jetpack_publicize_feature_enabled":true,"jetpack_social_post_already_shared":false,"jetpack_social_options":{"image_generator_settings":{"template":"highway","default_image_id":0,"font":"","enabled":false},"version":2}},"categories":[100],"tags":[],"class_list":["post-15681","post","type-post","status-publish","format-standard","has-post-thumbnail","hentry","category-el-clima-internacionales"],"yoast_head":"<!-- This site is optimized with the Yoast SEO plugin v27.4 - https:\/\/yoast.com\/product\/yoast-seo-wordpress\/ -->\n<title>EL CLIMA | Pronostican que Octubre ser\u00e1 m\u00e1s c\u00e1lido de lo habitual en el Caribe - Minuto Cero RD<\/title>\n<meta name=\"robots\" content=\"index, follow, max-snippet:-1, max-image-preview:large, max-video-preview:-1\" \/>\n<link rel=\"canonical\" href=\"http:\/\/minutocerord.com\/?p=15681\" \/>\n<meta property=\"og:locale\" content=\"es_ES\" \/>\n<meta property=\"og:type\" content=\"article\" \/>\n<meta property=\"og:title\" content=\"EL CLIMA | Pronostican que Octubre ser\u00e1 m\u00e1s c\u00e1lido de lo habitual en el Caribe - Minuto Cero RD\" \/>\n<meta property=\"og:description\" content=\"Bridgetown.- El mes de octubre ser\u00e1 m\u00e1s c\u00e1lido de lo habitual en el Caribe con altas temperaturas diurnas y nocturnas que podr\u00edan prevalecer hasta principios de noviembre, pronostic\u00f3 hoy el Foro de Proyecciones Clim\u00e1ticas (CariCOF). De acuerdo con el centro, aunque los term\u00f3metros marcar\u00e1n valores m\u00e1s bajos a partir de finales del mes venidero, seguir\u00e1n [&hellip;]\" \/>\n<meta property=\"og:url\" content=\"http:\/\/minutocerord.com\/?p=15681\" \/>\n<meta property=\"og:site_name\" content=\"Minuto Cero RD\" \/>\n<meta property=\"article:publisher\" content=\"https:\/\/www.facebook.com\/Genofnotes\" \/>\n<meta property=\"article:author\" content=\"https:\/\/www.facebook.com\/Genofnotes\" \/>\n<meta property=\"article:published_time\" content=\"2023-10-04T14:40:28+00:00\" \/>\n<meta property=\"article:modified_time\" content=\"2023-10-04T14:40:29+00:00\" \/>\n<meta property=\"og:image\" content=\"https:\/\/i0.wp.com\/minutocerord.com\/wp-content\/uploads\/2023\/10\/pilip-1.jpg?fit=1920%2C1122\" \/>\n\t<meta property=\"og:image:width\" content=\"1920\" \/>\n\t<meta property=\"og:image:height\" content=\"1122\" \/>\n\t<meta property=\"og:image:type\" content=\"image\/jpeg\" \/>\n<meta name=\"author\" content=\"Genof\u00f3ntes Urb\u00e1ez\" \/>\n<meta name=\"twitter:card\" content=\"summary_large_image\" \/>\n<meta name=\"twitter:label1\" content=\"Written by\" \/>\n\t<meta name=\"twitter:data1\" content=\"Genof\u00f3ntes Urb\u00e1ez\" \/>\n\t<meta name=\"twitter:label2\" content=\"Est. reading time\" \/>\n\t<meta name=\"twitter:data2\" content=\"1 minuto\" \/>\n<script type=\"application\/ld+json\" class=\"yoast-schema-graph\">{\"@context\":\"https:\\\/\\\/schema.org\",\"@graph\":[{\"@type\":\"Article\",\"@id\":\"http:\\\/\\\/minutocerord.com\\\/?p=15681#article\",\"isPartOf\":{\"@id\":\"http:\\\/\\\/minutocerord.com\\\/?p=15681\"},\"author\":{\"name\":\"Genof\u00f3ntes Urb\u00e1ez\",\"@id\":\"https:\\\/\\\/minutocerord.com\\\/#\\\/schema\\\/person\\\/60b5372d60aaa0a5171fb6488be9aee6\"},\"headline\":\"EL CLIMA | Pronostican que Octubre ser\u00e1 m\u00e1s c\u00e1lido de lo habitual en el Caribe\",\"datePublished\":\"2023-10-04T14:40:28+00:00\",\"dateModified\":\"2023-10-04T14:40:29+00:00\",\"mainEntityOfPage\":{\"@id\":\"http:\\\/\\\/minutocerord.com\\\/?p=15681\"},\"wordCount\":250,\"commentCount\":0,\"publisher\":{\"@id\":\"https:\\\/\\\/minutocerord.com\\\/#\\\/schema\\\/person\\\/60b5372d60aaa0a5171fb6488be9aee6\"},\"image\":{\"@id\":\"http:\\\/\\\/minutocerord.com\\\/?p=15681#primaryimage\"},\"thumbnailUrl\":\"https:\\\/\\\/i0.wp.com\\\/minutocerord.com\\\/wp-content\\\/uploads\\\/2023\\\/10\\\/pilip-1.jpg?fit=1920%2C1122&ssl=1\",\"articleSection\":[\"El Clima\"],\"inLanguage\":\"es-DO\",\"potentialAction\":[{\"@type\":\"CommentAction\",\"name\":\"Comment\",\"target\":[\"http:\\\/\\\/minutocerord.com\\\/?p=15681#respond\"]}]},{\"@type\":\"WebPage\",\"@id\":\"http:\\\/\\\/minutocerord.com\\\/?p=15681\",\"url\":\"http:\\\/\\\/minutocerord.com\\\/?p=15681\",\"name\":\"EL CLIMA | Pronostican que Octubre ser\u00e1 m\u00e1s c\u00e1lido de lo habitual en el Caribe - Minuto Cero RD\",\"isPartOf\":{\"@id\":\"https:\\\/\\\/minutocerord.com\\\/#website\"},\"primaryImageOfPage\":{\"@id\":\"http:\\\/\\\/minutocerord.com\\\/?p=15681#primaryimage\"},\"image\":{\"@id\":\"http:\\\/\\\/minutocerord.com\\\/?p=15681#primaryimage\"},\"thumbnailUrl\":\"https:\\\/\\\/i0.wp.com\\\/minutocerord.com\\\/wp-content\\\/uploads\\\/2023\\\/10\\\/pilip-1.jpg?fit=1920%2C1122&ssl=1\",\"datePublished\":\"2023-10-04T14:40:28+00:00\",\"dateModified\":\"2023-10-04T14:40:29+00:00\",\"breadcrumb\":{\"@id\":\"http:\\\/\\\/minutocerord.com\\\/?p=15681#breadcrumb\"},\"inLanguage\":\"es-DO\",\"potentialAction\":[{\"@type\":\"ReadAction\",\"target\":[\"http:\\\/\\\/minutocerord.com\\\/?p=15681\"]}]},{\"@type\":\"ImageObject\",\"inLanguage\":\"es-DO\",\"@id\":\"http:\\\/\\\/minutocerord.com\\\/?p=15681#primaryimage\",\"url\":\"https:\\\/\\\/i0.wp.com\\\/minutocerord.com\\\/wp-content\\\/uploads\\\/2023\\\/10\\\/pilip-1.jpg?fit=1920%2C1122&ssl=1\",\"contentUrl\":\"https:\\\/\\\/i0.wp.com\\\/minutocerord.com\\\/wp-content\\\/uploads\\\/2023\\\/10\\\/pilip-1.jpg?fit=1920%2C1122&ssl=1\",\"width\":1920,\"height\":1122},{\"@type\":\"BreadcrumbList\",\"@id\":\"http:\\\/\\\/minutocerord.com\\\/?p=15681#breadcrumb\",\"itemListElement\":[{\"@type\":\"ListItem\",\"position\":1,\"name\":\"Home\",\"item\":\"https:\\\/\\\/minutocerord.com\\\/\"},{\"@type\":\"ListItem\",\"position\":2,\"name\":\"EL CLIMA | Pronostican que Octubre ser\u00e1 m\u00e1s c\u00e1lido de lo habitual en el Caribe\"}]},{\"@type\":\"WebSite\",\"@id\":\"https:\\\/\\\/minutocerord.com\\\/#website\",\"url\":\"https:\\\/\\\/minutocerord.com\\\/\",\"name\":\"Minuto Cero RD\",\"description\":\"Periodismo serio y veraz\",\"publisher\":{\"@id\":\"https:\\\/\\\/minutocerord.com\\\/#\\\/schema\\\/person\\\/60b5372d60aaa0a5171fb6488be9aee6\"},\"potentialAction\":[{\"@type\":\"SearchAction\",\"target\":{\"@type\":\"EntryPoint\",\"urlTemplate\":\"https:\\\/\\\/minutocerord.com\\\/?s={search_term_string}\"},\"query-input\":{\"@type\":\"PropertyValueSpecification\",\"valueRequired\":true,\"valueName\":\"search_term_string\"}}],\"inLanguage\":\"es-DO\"},{\"@type\":[\"Person\",\"Organization\"],\"@id\":\"https:\\\/\\\/minutocerord.com\\\/#\\\/schema\\\/person\\\/60b5372d60aaa0a5171fb6488be9aee6\",\"name\":\"Genof\u00f3ntes Urb\u00e1ez\",\"image\":{\"@type\":\"ImageObject\",\"inLanguage\":\"es-DO\",\"@id\":\"https:\\\/\\\/secure.gravatar.com\\\/avatar\\\/a49ef3186a692098ac3e8a1612261e3ad70cf9e44553dff2929e67939a0ecb9d?s=96&d=identicon&r=g\",\"url\":\"https:\\\/\\\/secure.gravatar.com\\\/avatar\\\/a49ef3186a692098ac3e8a1612261e3ad70cf9e44553dff2929e67939a0ecb9d?s=96&d=identicon&r=g\",\"contentUrl\":\"https:\\\/\\\/secure.gravatar.com\\\/avatar\\\/a49ef3186a692098ac3e8a1612261e3ad70cf9e44553dff2929e67939a0ecb9d?s=96&d=identicon&r=g\",\"caption\":\"Genof\u00f3ntes Urb\u00e1ez\"},\"logo\":{\"@id\":\"https:\\\/\\\/secure.gravatar.com\\\/avatar\\\/a49ef3186a692098ac3e8a1612261e3ad70cf9e44553dff2929e67939a0ecb9d?s=96&d=identicon&r=g\"},\"description\":\"Periodista \\\/ Locutor\",\"sameAs\":[\"https:\\\/\\\/www.facebook.com\\\/Genofnotes\",\"https:\\\/\\\/www.instagram.com\\\/genofnotes\\\/\"]}]}<\/script>\n<!-- \/ Yoast SEO plugin. -->","yoast_head_json":{"title":"EL CLIMA | Pronostican que Octubre ser\u00e1 m\u00e1s c\u00e1lido de lo habitual en el Caribe - Minuto Cero RD","robots":{"index":"index","follow":"follow","max-snippet":"max-snippet:-1","max-image-preview":"max-image-preview:large","max-video-preview":"max-video-preview:-1"},"canonical":"http:\/\/minutocerord.com\/?p=15681","og_locale":"es_ES","og_type":"article","og_title":"EL CLIMA | Pronostican que Octubre ser\u00e1 m\u00e1s c\u00e1lido de lo habitual en el Caribe - Minuto Cero RD","og_description":"Bridgetown.- El mes de octubre ser\u00e1 m\u00e1s c\u00e1lido de lo habitual en el Caribe con altas temperaturas diurnas y nocturnas que podr\u00edan prevalecer hasta principios de noviembre, pronostic\u00f3 hoy el Foro de Proyecciones Clim\u00e1ticas (CariCOF). De acuerdo con el centro, aunque los term\u00f3metros marcar\u00e1n valores m\u00e1s bajos a partir de finales del mes venidero, seguir\u00e1n [&hellip;]","og_url":"http:\/\/minutocerord.com\/?p=15681","og_site_name":"Minuto Cero RD","article_publisher":"https:\/\/www.facebook.com\/Genofnotes","article_author":"https:\/\/www.facebook.com\/Genofnotes","article_published_time":"2023-10-04T14:40:28+00:00","article_modified_time":"2023-10-04T14:40:29+00:00","og_image":[{"width":1920,"height":1122,"url":"https:\/\/i0.wp.com\/minutocerord.com\/wp-content\/uploads\/2023\/10\/pilip-1.jpg?fit=1920%2C1122","type":"image\/jpeg"}],"author":"Genof\u00f3ntes Urb\u00e1ez","twitter_card":"summary_large_image","twitter_misc":{"Written by":"Genof\u00f3ntes Urb\u00e1ez","Est. reading time":"1 minuto"},"schema":{"@context":"https:\/\/schema.org","@graph":[{"@type":"Article","@id":"http:\/\/minutocerord.com\/?p=15681#article","isPartOf":{"@id":"http:\/\/minutocerord.com\/?p=15681"},"author":{"name":"Genof\u00f3ntes Urb\u00e1ez","@id":"https:\/\/minutocerord.com\/#\/schema\/person\/60b5372d60aaa0a5171fb6488be9aee6"},"headline":"EL CLIMA | Pronostican que Octubre ser\u00e1 m\u00e1s c\u00e1lido de lo habitual en el Caribe","datePublished":"2023-10-04T14:40:28+00:00","dateModified":"2023-10-04T14:40:29+00:00","mainEntityOfPage":{"@id":"http:\/\/minutocerord.com\/?p=15681"},"wordCount":250,"commentCount":0,"publisher":{"@id":"https:\/\/minutocerord.com\/#\/schema\/person\/60b5372d60aaa0a5171fb6488be9aee6"},"image":{"@id":"http:\/\/minutocerord.com\/?p=15681#primaryimage"},"thumbnailUrl":"https:\/\/i0.wp.com\/minutocerord.com\/wp-content\/uploads\/2023\/10\/pilip-1.jpg?fit=1920%2C1122&ssl=1","articleSection":["El Clima"],"inLanguage":"es-DO","potentialAction":[{"@type":"CommentAction","name":"Comment","target":["http:\/\/minutocerord.com\/?p=15681#respond"]}]},{"@type":"WebPage","@id":"http:\/\/minutocerord.com\/?p=15681","url":"http:\/\/minutocerord.com\/?p=15681","name":"EL CLIMA | Pronostican que Octubre ser\u00e1 m\u00e1s c\u00e1lido de lo habitual en el Caribe - Minuto Cero RD","isPartOf":{"@id":"https:\/\/minutocerord.com\/#website"},"primaryImageOfPage":{"@id":"http:\/\/minutocerord.com\/?p=15681#primaryimage"},"image":{"@id":"http:\/\/minutocerord.com\/?p=15681#primaryimage"},"thumbnailUrl":"https:\/\/i0.wp.com\/minutocerord.com\/wp-content\/uploads\/2023\/10\/pilip-1.jpg?fit=1920%2C1122&ssl=1","datePublished":"2023-10-04T14:40:28+00:00","dateModified":"2023-10-04T14:40:29+00:00","breadcrumb":{"@id":"http:\/\/minutocerord.com\/?p=15681#breadcrumb"},"inLanguage":"es-DO","potentialAction":[{"@type":"ReadAction","target":["http:\/\/minutocerord.com\/?p=15681"]}]},{"@type":"ImageObject","inLanguage":"es-DO","@id":"http:\/\/minutocerord.com\/?p=15681#primaryimage","url":"https:\/\/i0.wp.com\/minutocerord.com\/wp-content\/uploads\/2023\/10\/pilip-1.jpg?fit=1920%2C1122&ssl=1","contentUrl":"https:\/\/i0.wp.com\/minutocerord.com\/wp-content\/uploads\/2023\/10\/pilip-1.jpg?fit=1920%2C1122&ssl=1","width":1920,"height":1122},{"@type":"BreadcrumbList","@id":"http:\/\/minutocerord.com\/?p=15681#breadcrumb","itemListElement":[{"@type":"ListItem","position":1,"name":"Home","item":"https:\/\/minutocerord.com\/"},{"@type":"ListItem","position":2,"name":"EL CLIMA | Pronostican que Octubre ser\u00e1 m\u00e1s c\u00e1lido de lo habitual en el Caribe"}]},{"@type":"WebSite","@id":"https:\/\/minutocerord.com\/#website","url":"https:\/\/minutocerord.com\/","name":"Minuto Cero RD","description":"Periodismo serio y veraz","publisher":{"@id":"https:\/\/minutocerord.com\/#\/schema\/person\/60b5372d60aaa0a5171fb6488be9aee6"},"potentialAction":[{"@type":"SearchAction","target":{"@type":"EntryPoint","urlTemplate":"https:\/\/minutocerord.com\/?s={search_term_string}"},"query-input":{"@type":"PropertyValueSpecification","valueRequired":true,"valueName":"search_term_string"}}],"inLanguage":"es-DO"},{"@type":["Person","Organization"],"@id":"https:\/\/minutocerord.com\/#\/schema\/person\/60b5372d60aaa0a5171fb6488be9aee6","name":"Genof\u00f3ntes Urb\u00e1ez","image":{"@type":"ImageObject","inLanguage":"es-DO","@id":"https:\/\/secure.gravatar.com\/avatar\/a49ef3186a692098ac3e8a1612261e3ad70cf9e44553dff2929e67939a0ecb9d?s=96&d=identicon&r=g","url":"https:\/\/secure.gravatar.com\/avatar\/a49ef3186a692098ac3e8a1612261e3ad70cf9e44553dff2929e67939a0ecb9d?s=96&d=identicon&r=g","contentUrl":"https:\/\/secure.gravatar.com\/avatar\/a49ef3186a692098ac3e8a1612261e3ad70cf9e44553dff2929e67939a0ecb9d?s=96&d=identicon&r=g","caption":"Genof\u00f3ntes Urb\u00e1ez"},"logo":{"@id":"https:\/\/secure.gravatar.com\/avatar\/a49ef3186a692098ac3e8a1612261e3ad70cf9e44553dff2929e67939a0ecb9d?s=96&d=identicon&r=g"},"description":"Periodista \/ Locutor","sameAs":["https:\/\/www.facebook.com\/Genofnotes","https:\/\/www.instagram.com\/genofnotes\/"]}]}},"jetpack_publicize_connections":[],"jetpack_featured_media_url":"https:\/\/i0.wp.com\/minutocerord.com\/wp-content\/uploads\/2023\/10\/pilip-1.jpg?fit=1920%2C1122&ssl=1","jetpack-related-posts":[],"jetpack_sharing_enabled":true,"_links":{"self":[{"href":"https:\/\/minutocerord.com\/index.php?rest_route=\/wp\/v2\/posts\/15681","targetHints":{"allow":["GET"]}}],"collection":[{"href":"https:\/\/minutocerord.com\/index.php?rest_route=\/wp\/v2\/posts"}],"about":[{"href":"https:\/\/minutocerord.com\/index.php?rest_route=\/wp\/v2\/types\/post"}],"author":[{"embeddable":true,"href":"https:\/\/minutocerord.com\/index.php?rest_route=\/wp\/v2\/users\/1"}],"replies":[{"embeddable":true,"href":"https:\/\/minutocerord.com\/index.php?rest_route=%2Fwp%2Fv2%2Fcomments&post=15681"}],"version-history":[{"count":1,"href":"https:\/\/minutocerord.com\/index.php?rest_route=\/wp\/v2\/posts\/15681\/revisions"}],"predecessor-version":[{"id":15683,"href":"https:\/\/minutocerord.com\/index.php?rest_route=\/wp\/v2\/posts\/15681\/revisions\/15683"}],"wp:featuredmedia":[{"embeddable":true,"href":"https:\/\/minutocerord.com\/index.php?rest_route=\/wp\/v2\/media\/15682"}],"wp:attachment":[{"href":"https:\/\/minutocerord.com\/index.php?rest_route=%2Fwp%2Fv2%2Fmedia&parent=15681"}],"wp:term":[{"taxonomy":"category","embeddable":true,"href":"https:\/\/minutocerord.com\/index.php?rest_route=%2Fwp%2Fv2%2Fcategories&post=15681"},{"taxonomy":"post_tag","embeddable":true,"href":"https:\/\/minutocerord.com\/index.php?rest_route=%2Fwp%2Fv2%2Ftags&post=15681"}],"curies":[{"name":"wp","href":"https:\/\/api.w.org\/{rel}","templated":true}]}}