{"id":15687,"date":"2023-10-04T11:12:40","date_gmt":"2023-10-04T15:12:40","guid":{"rendered":"https:\/\/minutocerord.com\/?p=15687"},"modified":"2023-10-04T11:13:11","modified_gmt":"2023-10-04T15:13:11","slug":"politica-pelegrin-cree-canal-en-haiti-es-una-provocacion-internacional-para-intervenir-a-rd","status":"publish","type":"post","link":"https:\/\/minutocerord.com\/?p=15687","title":{"rendered":"POL\u00cdTICA |  Pelegr\u00edn cree canal en Hait\u00ed es \u201cuna provocaci\u00f3n\u201d internacional para intervenir a RD"},"content":{"rendered":"\n<p><strong>Santo Domingo.- <\/strong>El vicepresidente de la Fuerza Nacional Progresista (FNP), Pelegr\u00edn Castillo, afirm\u00f3 este mi\u00e9rcoles que la construcci\u00f3n del canal que procura desviar las aguas del r\u00edo Masacre hacia el lado hatiano \u201ces una provocaci\u00f3n\u201d internacional para justificar una intervenci\u00f3n, no solo en el vecino pa\u00eds, sino tambi\u00e9n a la Rep\u00fablica Dominicana.&nbsp;<\/p>\n\n\n\n<p>En declaraciones para&nbsp;<strong>El Gobierno de la Ma\u00f1ana<\/strong>, Castillo manifest\u00f3 que si no se da la invasi\u00f3n como en el 1915 y el 1916, en todo el territorio nacional, por lo menos lo har\u00edan en la zona lim\u00edtrofe entre ambas naciones.&nbsp;<\/p>\n\n\n\n<p><a><\/a>\u201cEl incidente del canal yo lo he conceptualizado como una provocaci\u00f3n. No es un canal que est\u00e1n construyendo, es una provocaci\u00f3n para un conflicto que justifique eventualmente con la intervenci\u00f3n en Hait\u00ed, la intervenci\u00f3n del territorio dominicano como en el 15 y en el 16 del siglo pasado, por lo menos en la frontera\u201d, alert\u00f3.<\/p>\n\n\n\n<p>Pelegr\u00edn Castillo basa su argumento en que los organismos internacionales se han interesado siempre por la frontera entre ambas naciones, pues ah\u00ed es que est\u00e1 la mayor concentraci\u00f3n.&nbsp;<\/p>\n\n\n\n<p>Entiende que el control debe seguir en la frontera aun despu\u00e9s de abierta, ya que \u201clo que menos se comercia\u201d es la mercanc\u00eda l\u00edcita, por lo que propone, adem\u00e1s, la habilitaci\u00f3n de un espacio donde se permita la comercializaci\u00f3n entre ambos pa\u00edses, pero con la debida revisi\u00f3n y supervisi\u00f3n.&nbsp;<\/p>\n\n\n\n<p><strong>El Gobierno lo entiende<\/strong><\/p>\n\n\n\n<p>A decir de Pelegr\u00edn Castillo, el Gobierno entiende que la construcci\u00f3n del referido afluente es una provocaci\u00f3n, aunque no lo va a decir.&nbsp;&nbsp;<\/p>\n\n\n\n<p>El historiador responsabiliza de esa alegada provocaci\u00f3n al excanciller haitiano, Claude Joseph, quien ha enfilado duras cr\u00edticas contra la Rep\u00fablica Dominicana.&nbsp;&nbsp;<\/p>\n\n\n\n<p>Cree que las decisiones del Gobierno para presionar a Hait\u00ed y que ceda a la construcci\u00f3n del canal fueron correctas, ya que la Rep\u00fablica Dominicana no puede cargar con el problema del pa\u00eds vecino.<\/p>\n","protected":false},"excerpt":{"rendered":"<p>Santo Domingo.- El vicepresidente de la Fuerza Nacional Progresista (FNP), Pelegr\u00edn Castillo, afirm\u00f3 este mi\u00e9rcoles que la construcci\u00f3n del canal que procura desviar las aguas del r\u00edo Masacre hacia el lado hatiano \u201ces una provocaci\u00f3n\u201d internacional para justificar una intervenci\u00f3n, no solo en el vecino pa\u00eds, sino tambi\u00e9n a la Rep\u00fablica Dominicana.&nbsp; En declaraciones para&nbsp;El [&hellip;]<\/p>\n","protected":false},"author":1,"featured_media":15688,"comment_status":"open","ping_status":"open","sticky":false,"template":"","format":"standard","meta":{"nf_dc_page":"","jetpack_post_was_ever_published":false,"_jetpack_newsletter_access":"","_jetpack_dont_email_post_to_subs":false,"_jetpack_newsletter_tier_id":0,"_jetpack_memberships_contains_paywalled_content":false,"_jetpack_memberships_contains_paid_content":false,"footnotes":"","jetpack_publicize_message":"","jetpack_publicize_feature_enabled":true,"jetpack_social_post_already_shared":false,"jetpack_social_options":{"image_generator_settings":{"template":"highway","default_image_id":0,"font":"","enabled":false},"version":2}},"categories":[70],"tags":[],"class_list":["post-15687","post","type-post","status-publish","format-standard","has-post-thumbnail","hentry","category-politica"],"yoast_head":"<!-- This site is optimized with the Yoast SEO plugin v27.4 - https:\/\/yoast.com\/product\/yoast-seo-wordpress\/ -->\n<title>POL\u00cdTICA | Pelegr\u00edn cree canal en Hait\u00ed es \u201cuna provocaci\u00f3n\u201d internacional para intervenir a RD - Minuto Cero RD<\/title>\n<meta name=\"robots\" content=\"index, follow, max-snippet:-1, max-image-preview:large, max-video-preview:-1\" \/>\n<link rel=\"canonical\" href=\"http:\/\/minutocerord.com\/?p=15687\" \/>\n<meta property=\"og:locale\" content=\"es_ES\" \/>\n<meta property=\"og:type\" content=\"article\" \/>\n<meta property=\"og:title\" content=\"POL\u00cdTICA | Pelegr\u00edn cree canal en Hait\u00ed es \u201cuna provocaci\u00f3n\u201d internacional para intervenir a RD - Minuto Cero RD\" \/>\n<meta property=\"og:description\" content=\"Santo Domingo.- El vicepresidente de la Fuerza Nacional Progresista (FNP), Pelegr\u00edn Castillo, afirm\u00f3 este mi\u00e9rcoles que la construcci\u00f3n del canal que procura desviar las aguas del r\u00edo Masacre hacia el lado hatiano \u201ces una provocaci\u00f3n\u201d internacional para justificar una intervenci\u00f3n, no solo en el vecino pa\u00eds, sino tambi\u00e9n a la Rep\u00fablica Dominicana.&nbsp; En declaraciones para&nbsp;El [&hellip;]\" \/>\n<meta property=\"og:url\" content=\"http:\/\/minutocerord.com\/?p=15687\" \/>\n<meta property=\"og:site_name\" content=\"Minuto Cero RD\" \/>\n<meta property=\"article:publisher\" content=\"https:\/\/www.facebook.com\/Genofnotes\" \/>\n<meta property=\"article:author\" content=\"https:\/\/www.facebook.com\/Genofnotes\" \/>\n<meta property=\"article:published_time\" content=\"2023-10-04T15:12:40+00:00\" \/>\n<meta property=\"article:modified_time\" content=\"2023-10-04T15:13:11+00:00\" \/>\n<meta property=\"og:image\" content=\"https:\/\/i0.wp.com\/minutocerord.com\/wp-content\/uploads\/2023\/10\/pelegrin-castillo-28082018-kelvin-de-la-cruz-1024x647-1.jpg?fit=640%2C404\" \/>\n\t<meta property=\"og:image:width\" content=\"640\" \/>\n\t<meta property=\"og:image:height\" content=\"404\" \/>\n\t<meta property=\"og:image:type\" content=\"image\/jpeg\" \/>\n<meta name=\"author\" content=\"Genof\u00f3ntes Urb\u00e1ez\" \/>\n<meta name=\"twitter:card\" content=\"summary_large_image\" \/>\n<meta name=\"twitter:label1\" content=\"Written by\" \/>\n\t<meta name=\"twitter:data1\" content=\"Genof\u00f3ntes Urb\u00e1ez\" \/>\n\t<meta name=\"twitter:label2\" content=\"Est. reading time\" \/>\n\t<meta name=\"twitter:data2\" content=\"2 minutos\" \/>\n<script type=\"application\/ld+json\" class=\"yoast-schema-graph\">{\"@context\":\"https:\\\/\\\/schema.org\",\"@graph\":[{\"@type\":\"Article\",\"@id\":\"http:\\\/\\\/minutocerord.com\\\/?p=15687#article\",\"isPartOf\":{\"@id\":\"http:\\\/\\\/minutocerord.com\\\/?p=15687\"},\"author\":{\"name\":\"Genof\u00f3ntes Urb\u00e1ez\",\"@id\":\"https:\\\/\\\/minutocerord.com\\\/#\\\/schema\\\/person\\\/60b5372d60aaa0a5171fb6488be9aee6\"},\"headline\":\"POL\u00cdTICA | Pelegr\u00edn cree canal en Hait\u00ed es \u201cuna provocaci\u00f3n\u201d internacional para intervenir a RD\",\"datePublished\":\"2023-10-04T15:12:40+00:00\",\"dateModified\":\"2023-10-04T15:13:11+00:00\",\"mainEntityOfPage\":{\"@id\":\"http:\\\/\\\/minutocerord.com\\\/?p=15687\"},\"wordCount\":368,\"commentCount\":0,\"publisher\":{\"@id\":\"https:\\\/\\\/minutocerord.com\\\/#\\\/schema\\\/person\\\/60b5372d60aaa0a5171fb6488be9aee6\"},\"image\":{\"@id\":\"http:\\\/\\\/minutocerord.com\\\/?p=15687#primaryimage\"},\"thumbnailUrl\":\"https:\\\/\\\/i0.wp.com\\\/minutocerord.com\\\/wp-content\\\/uploads\\\/2023\\\/10\\\/pelegrin-castillo-28082018-kelvin-de-la-cruz-1024x647-1.jpg?fit=640%2C404&ssl=1\",\"articleSection\":[\"Pol\u00edtica\"],\"inLanguage\":\"es-DO\",\"potentialAction\":[{\"@type\":\"CommentAction\",\"name\":\"Comment\",\"target\":[\"http:\\\/\\\/minutocerord.com\\\/?p=15687#respond\"]}]},{\"@type\":\"WebPage\",\"@id\":\"http:\\\/\\\/minutocerord.com\\\/?p=15687\",\"url\":\"http:\\\/\\\/minutocerord.com\\\/?p=15687\",\"name\":\"POL\u00cdTICA | Pelegr\u00edn cree canal en Hait\u00ed es \u201cuna provocaci\u00f3n\u201d internacional para intervenir a RD - Minuto Cero RD\",\"isPartOf\":{\"@id\":\"https:\\\/\\\/minutocerord.com\\\/#website\"},\"primaryImageOfPage\":{\"@id\":\"http:\\\/\\\/minutocerord.com\\\/?p=15687#primaryimage\"},\"image\":{\"@id\":\"http:\\\/\\\/minutocerord.com\\\/?p=15687#primaryimage\"},\"thumbnailUrl\":\"https:\\\/\\\/i0.wp.com\\\/minutocerord.com\\\/wp-content\\\/uploads\\\/2023\\\/10\\\/pelegrin-castillo-28082018-kelvin-de-la-cruz-1024x647-1.jpg?fit=640%2C404&ssl=1\",\"datePublished\":\"2023-10-04T15:12:40+00:00\",\"dateModified\":\"2023-10-04T15:13:11+00:00\",\"breadcrumb\":{\"@id\":\"http:\\\/\\\/minutocerord.com\\\/?p=15687#breadcrumb\"},\"inLanguage\":\"es-DO\",\"potentialAction\":[{\"@type\":\"ReadAction\",\"target\":[\"http:\\\/\\\/minutocerord.com\\\/?p=15687\"]}]},{\"@type\":\"ImageObject\",\"inLanguage\":\"es-DO\",\"@id\":\"http:\\\/\\\/minutocerord.com\\\/?p=15687#primaryimage\",\"url\":\"https:\\\/\\\/i0.wp.com\\\/minutocerord.com\\\/wp-content\\\/uploads\\\/2023\\\/10\\\/pelegrin-castillo-28082018-kelvin-de-la-cruz-1024x647-1.jpg?fit=640%2C404&ssl=1\",\"contentUrl\":\"https:\\\/\\\/i0.wp.com\\\/minutocerord.com\\\/wp-content\\\/uploads\\\/2023\\\/10\\\/pelegrin-castillo-28082018-kelvin-de-la-cruz-1024x647-1.jpg?fit=640%2C404&ssl=1\",\"width\":640,\"height\":404},{\"@type\":\"BreadcrumbList\",\"@id\":\"http:\\\/\\\/minutocerord.com\\\/?p=15687#breadcrumb\",\"itemListElement\":[{\"@type\":\"ListItem\",\"position\":1,\"name\":\"Home\",\"item\":\"https:\\\/\\\/minutocerord.com\\\/\"},{\"@type\":\"ListItem\",\"position\":2,\"name\":\"POL\u00cdTICA | Pelegr\u00edn cree canal en Hait\u00ed es \u201cuna provocaci\u00f3n\u201d internacional para intervenir a RD\"}]},{\"@type\":\"WebSite\",\"@id\":\"https:\\\/\\\/minutocerord.com\\\/#website\",\"url\":\"https:\\\/\\\/minutocerord.com\\\/\",\"name\":\"Minuto Cero RD\",\"description\":\"Periodismo serio y veraz\",\"publisher\":{\"@id\":\"https:\\\/\\\/minutocerord.com\\\/#\\\/schema\\\/person\\\/60b5372d60aaa0a5171fb6488be9aee6\"},\"potentialAction\":[{\"@type\":\"SearchAction\",\"target\":{\"@type\":\"EntryPoint\",\"urlTemplate\":\"https:\\\/\\\/minutocerord.com\\\/?s={search_term_string}\"},\"query-input\":{\"@type\":\"PropertyValueSpecification\",\"valueRequired\":true,\"valueName\":\"search_term_string\"}}],\"inLanguage\":\"es-DO\"},{\"@type\":[\"Person\",\"Organization\"],\"@id\":\"https:\\\/\\\/minutocerord.com\\\/#\\\/schema\\\/person\\\/60b5372d60aaa0a5171fb6488be9aee6\",\"name\":\"Genof\u00f3ntes Urb\u00e1ez\",\"image\":{\"@type\":\"ImageObject\",\"inLanguage\":\"es-DO\",\"@id\":\"https:\\\/\\\/secure.gravatar.com\\\/avatar\\\/a49ef3186a692098ac3e8a1612261e3ad70cf9e44553dff2929e67939a0ecb9d?s=96&d=identicon&r=g\",\"url\":\"https:\\\/\\\/secure.gravatar.com\\\/avatar\\\/a49ef3186a692098ac3e8a1612261e3ad70cf9e44553dff2929e67939a0ecb9d?s=96&d=identicon&r=g\",\"contentUrl\":\"https:\\\/\\\/secure.gravatar.com\\\/avatar\\\/a49ef3186a692098ac3e8a1612261e3ad70cf9e44553dff2929e67939a0ecb9d?s=96&d=identicon&r=g\",\"caption\":\"Genof\u00f3ntes Urb\u00e1ez\"},\"logo\":{\"@id\":\"https:\\\/\\\/secure.gravatar.com\\\/avatar\\\/a49ef3186a692098ac3e8a1612261e3ad70cf9e44553dff2929e67939a0ecb9d?s=96&d=identicon&r=g\"},\"description\":\"Periodista \\\/ Locutor\",\"sameAs\":[\"https:\\\/\\\/www.facebook.com\\\/Genofnotes\",\"https:\\\/\\\/www.instagram.com\\\/genofnotes\\\/\"]}]}<\/script>\n<!-- \/ Yoast SEO plugin. -->","yoast_head_json":{"title":"POL\u00cdTICA | Pelegr\u00edn cree canal en Hait\u00ed es \u201cuna provocaci\u00f3n\u201d internacional para intervenir a RD - Minuto Cero RD","robots":{"index":"index","follow":"follow","max-snippet":"max-snippet:-1","max-image-preview":"max-image-preview:large","max-video-preview":"max-video-preview:-1"},"canonical":"http:\/\/minutocerord.com\/?p=15687","og_locale":"es_ES","og_type":"article","og_title":"POL\u00cdTICA | Pelegr\u00edn cree canal en Hait\u00ed es \u201cuna provocaci\u00f3n\u201d internacional para intervenir a RD - Minuto Cero RD","og_description":"Santo Domingo.- El vicepresidente de la Fuerza Nacional Progresista (FNP), Pelegr\u00edn Castillo, afirm\u00f3 este mi\u00e9rcoles que la construcci\u00f3n del canal que procura desviar las aguas del r\u00edo Masacre hacia el lado hatiano \u201ces una provocaci\u00f3n\u201d internacional para justificar una intervenci\u00f3n, no solo en el vecino pa\u00eds, sino tambi\u00e9n a la Rep\u00fablica Dominicana.&nbsp; En declaraciones para&nbsp;El [&hellip;]","og_url":"http:\/\/minutocerord.com\/?p=15687","og_site_name":"Minuto Cero RD","article_publisher":"https:\/\/www.facebook.com\/Genofnotes","article_author":"https:\/\/www.facebook.com\/Genofnotes","article_published_time":"2023-10-04T15:12:40+00:00","article_modified_time":"2023-10-04T15:13:11+00:00","og_image":[{"width":640,"height":404,"url":"https:\/\/i0.wp.com\/minutocerord.com\/wp-content\/uploads\/2023\/10\/pelegrin-castillo-28082018-kelvin-de-la-cruz-1024x647-1.jpg?fit=640%2C404","type":"image\/jpeg"}],"author":"Genof\u00f3ntes Urb\u00e1ez","twitter_card":"summary_large_image","twitter_misc":{"Written by":"Genof\u00f3ntes Urb\u00e1ez","Est. reading time":"2 minutos"},"schema":{"@context":"https:\/\/schema.org","@graph":[{"@type":"Article","@id":"http:\/\/minutocerord.com\/?p=15687#article","isPartOf":{"@id":"http:\/\/minutocerord.com\/?p=15687"},"author":{"name":"Genof\u00f3ntes Urb\u00e1ez","@id":"https:\/\/minutocerord.com\/#\/schema\/person\/60b5372d60aaa0a5171fb6488be9aee6"},"headline":"POL\u00cdTICA | Pelegr\u00edn cree canal en Hait\u00ed es \u201cuna provocaci\u00f3n\u201d internacional para intervenir a RD","datePublished":"2023-10-04T15:12:40+00:00","dateModified":"2023-10-04T15:13:11+00:00","mainEntityOfPage":{"@id":"http:\/\/minutocerord.com\/?p=15687"},"wordCount":368,"commentCount":0,"publisher":{"@id":"https:\/\/minutocerord.com\/#\/schema\/person\/60b5372d60aaa0a5171fb6488be9aee6"},"image":{"@id":"http:\/\/minutocerord.com\/?p=15687#primaryimage"},"thumbnailUrl":"https:\/\/i0.wp.com\/minutocerord.com\/wp-content\/uploads\/2023\/10\/pelegrin-castillo-28082018-kelvin-de-la-cruz-1024x647-1.jpg?fit=640%2C404&ssl=1","articleSection":["Pol\u00edtica"],"inLanguage":"es-DO","potentialAction":[{"@type":"CommentAction","name":"Comment","target":["http:\/\/minutocerord.com\/?p=15687#respond"]}]},{"@type":"WebPage","@id":"http:\/\/minutocerord.com\/?p=15687","url":"http:\/\/minutocerord.com\/?p=15687","name":"POL\u00cdTICA | Pelegr\u00edn cree canal en Hait\u00ed es \u201cuna provocaci\u00f3n\u201d internacional para intervenir a RD - Minuto Cero RD","isPartOf":{"@id":"https:\/\/minutocerord.com\/#website"},"primaryImageOfPage":{"@id":"http:\/\/minutocerord.com\/?p=15687#primaryimage"},"image":{"@id":"http:\/\/minutocerord.com\/?p=15687#primaryimage"},"thumbnailUrl":"https:\/\/i0.wp.com\/minutocerord.com\/wp-content\/uploads\/2023\/10\/pelegrin-castillo-28082018-kelvin-de-la-cruz-1024x647-1.jpg?fit=640%2C404&ssl=1","datePublished":"2023-10-04T15:12:40+00:00","dateModified":"2023-10-04T15:13:11+00:00","breadcrumb":{"@id":"http:\/\/minutocerord.com\/?p=15687#breadcrumb"},"inLanguage":"es-DO","potentialAction":[{"@type":"ReadAction","target":["http:\/\/minutocerord.com\/?p=15687"]}]},{"@type":"ImageObject","inLanguage":"es-DO","@id":"http:\/\/minutocerord.com\/?p=15687#primaryimage","url":"https:\/\/i0.wp.com\/minutocerord.com\/wp-content\/uploads\/2023\/10\/pelegrin-castillo-28082018-kelvin-de-la-cruz-1024x647-1.jpg?fit=640%2C404&ssl=1","contentUrl":"https:\/\/i0.wp.com\/minutocerord.com\/wp-content\/uploads\/2023\/10\/pelegrin-castillo-28082018-kelvin-de-la-cruz-1024x647-1.jpg?fit=640%2C404&ssl=1","width":640,"height":404},{"@type":"BreadcrumbList","@id":"http:\/\/minutocerord.com\/?p=15687#breadcrumb","itemListElement":[{"@type":"ListItem","position":1,"name":"Home","item":"https:\/\/minutocerord.com\/"},{"@type":"ListItem","position":2,"name":"POL\u00cdTICA | Pelegr\u00edn cree canal en Hait\u00ed es \u201cuna provocaci\u00f3n\u201d internacional para intervenir a RD"}]},{"@type":"WebSite","@id":"https:\/\/minutocerord.com\/#website","url":"https:\/\/minutocerord.com\/","name":"Minuto Cero RD","description":"Periodismo serio y veraz","publisher":{"@id":"https:\/\/minutocerord.com\/#\/schema\/person\/60b5372d60aaa0a5171fb6488be9aee6"},"potentialAction":[{"@type":"SearchAction","target":{"@type":"EntryPoint","urlTemplate":"https:\/\/minutocerord.com\/?s={search_term_string}"},"query-input":{"@type":"PropertyValueSpecification","valueRequired":true,"valueName":"search_term_string"}}],"inLanguage":"es-DO"},{"@type":["Person","Organization"],"@id":"https:\/\/minutocerord.com\/#\/schema\/person\/60b5372d60aaa0a5171fb6488be9aee6","name":"Genof\u00f3ntes Urb\u00e1ez","image":{"@type":"ImageObject","inLanguage":"es-DO","@id":"https:\/\/secure.gravatar.com\/avatar\/a49ef3186a692098ac3e8a1612261e3ad70cf9e44553dff2929e67939a0ecb9d?s=96&d=identicon&r=g","url":"https:\/\/secure.gravatar.com\/avatar\/a49ef3186a692098ac3e8a1612261e3ad70cf9e44553dff2929e67939a0ecb9d?s=96&d=identicon&r=g","contentUrl":"https:\/\/secure.gravatar.com\/avatar\/a49ef3186a692098ac3e8a1612261e3ad70cf9e44553dff2929e67939a0ecb9d?s=96&d=identicon&r=g","caption":"Genof\u00f3ntes Urb\u00e1ez"},"logo":{"@id":"https:\/\/secure.gravatar.com\/avatar\/a49ef3186a692098ac3e8a1612261e3ad70cf9e44553dff2929e67939a0ecb9d?s=96&d=identicon&r=g"},"description":"Periodista \/ Locutor","sameAs":["https:\/\/www.facebook.com\/Genofnotes","https:\/\/www.instagram.com\/genofnotes\/"]}]}},"jetpack_publicize_connections":[],"jetpack_featured_media_url":"https:\/\/i0.wp.com\/minutocerord.com\/wp-content\/uploads\/2023\/10\/pelegrin-castillo-28082018-kelvin-de-la-cruz-1024x647-1.jpg?fit=640%2C404&ssl=1","jetpack-related-posts":[],"jetpack_sharing_enabled":true,"_links":{"self":[{"href":"https:\/\/minutocerord.com\/index.php?rest_route=\/wp\/v2\/posts\/15687","targetHints":{"allow":["GET"]}}],"collection":[{"href":"https:\/\/minutocerord.com\/index.php?rest_route=\/wp\/v2\/posts"}],"about":[{"href":"https:\/\/minutocerord.com\/index.php?rest_route=\/wp\/v2\/types\/post"}],"author":[{"embeddable":true,"href":"https:\/\/minutocerord.com\/index.php?rest_route=\/wp\/v2\/users\/1"}],"replies":[{"embeddable":true,"href":"https:\/\/minutocerord.com\/index.php?rest_route=%2Fwp%2Fv2%2Fcomments&post=15687"}],"version-history":[{"count":2,"href":"https:\/\/minutocerord.com\/index.php?rest_route=\/wp\/v2\/posts\/15687\/revisions"}],"predecessor-version":[{"id":15690,"href":"https:\/\/minutocerord.com\/index.php?rest_route=\/wp\/v2\/posts\/15687\/revisions\/15690"}],"wp:featuredmedia":[{"embeddable":true,"href":"https:\/\/minutocerord.com\/index.php?rest_route=\/wp\/v2\/media\/15688"}],"wp:attachment":[{"href":"https:\/\/minutocerord.com\/index.php?rest_route=%2Fwp%2Fv2%2Fmedia&parent=15687"}],"wp:term":[{"taxonomy":"category","embeddable":true,"href":"https:\/\/minutocerord.com\/index.php?rest_route=%2Fwp%2Fv2%2Fcategories&post=15687"},{"taxonomy":"post_tag","embeddable":true,"href":"https:\/\/minutocerord.com\/index.php?rest_route=%2Fwp%2Fv2%2Ftags&post=15687"}],"curies":[{"name":"wp","href":"https:\/\/api.w.org\/{rel}","templated":true}]}}