{"id":15695,"date":"2023-10-04T16:14:56","date_gmt":"2023-10-04T20:14:56","guid":{"rendered":"https:\/\/minutocerord.com\/?p=15695"},"modified":"2023-10-04T16:14:58","modified_gmt":"2023-10-04T20:14:58","slug":"cementerio-propietario-de-funeraria-responsabiliza-al-zacatecas-por-cadaveres-de-recien-nacidos-hallados-en-puerta-de-cementerio","status":"publish","type":"post","link":"https:\/\/minutocerord.com\/?p=15695","title":{"rendered":"CEMENTERIO | Propietario de funeraria responsabiliza al zacatecas por cad\u00e1veres de reci\u00e9n nacidos hallados en puerta de cementerio"},"content":{"rendered":"\n<p><strong>Santo Domingo.- <\/strong>El propietario de la Funeraria La Popular, vinculada a los seis reci\u00e9n nacidos que fueron hallados la ma\u00f1ana de este mi\u00e9rcoles en la entrada del Cementerio Cristo Salvador, responsabiliza al zacatecas de no haber sepultado los cad\u00e1veres mediante el debido proceso.<\/p>\n\n\n\n<p>&#8220;El chofer recogi\u00f3 los cad\u00e1veres ayer, los llev\u00f3 al cementerio y cuando iba entrando, encontr\u00f3 al zacatecas en la puerta y les entreg\u00f3 los cad\u00e1veres&#8221;, explic\u00f3 Julian Encarnaci\u00f3n Montero, al entender que la funeraria actu\u00f3 correctamente.<\/p>\n\n\n\n<p>Asegur\u00f3 que en conversaci\u00f3n &#8220;el Grillo&#8221;, como es conocido el zacatecas, le confirm\u00f3 que recibi\u00f3 los cuerpos de los beb\u00e9s.<\/p>\n\n\n\n<p>Puntualiz\u00f3 que los ch\u00f3feres nunca esperan a que entierren los cuerpos, porque el zacatecas se encarga del proceso.<\/p>\n\n\n\n<p>&nbsp;M\u00e1s temprano, la directora del Hospital Juan Bosch, Marilelda Reyes, declar\u00f3 a trav\u00e9s de un comunicado de prensa que los seis cad\u00e1veres fueron entregados a la Funeraria La Popular, con la cual tienen un convenio de pago por servicios, para que los cuerpos recibieran una sepultura digna.<a><\/a><\/p>\n\n\n\n<p>Reyes sostiene, de acuerdo con el comunicado, que est\u00e1 &#8220;sorprendida&#8221; de que los neonatos fueran encontrados en la puerta del cementerio Cristo Salvador, ya que la funeraria mencionada confirm\u00f3 que hab\u00edan sido enterrados.<\/p>\n\n\n\n<p>La funeraria est\u00e1 ubicada en el kil\u00f3metros 11 de la autopista Las Am\u00e9ricas, en Santo Domingo Este.&nbsp;<\/p>\n","protected":false},"excerpt":{"rendered":"<p>Santo Domingo.- El propietario de la Funeraria La Popular, vinculada a los seis reci\u00e9n nacidos que fueron hallados la ma\u00f1ana de este mi\u00e9rcoles en la entrada del Cementerio Cristo Salvador, responsabiliza al zacatecas de no haber sepultado los cad\u00e1veres mediante el debido proceso. &#8220;El chofer recogi\u00f3 los cad\u00e1veres ayer, los llev\u00f3 al cementerio y cuando [&hellip;]<\/p>\n","protected":false},"author":1,"featured_media":15696,"comment_status":"open","ping_status":"open","sticky":false,"template":"","format":"standard","meta":{"nf_dc_page":"","jetpack_post_was_ever_published":false,"_jetpack_newsletter_access":"","_jetpack_dont_email_post_to_subs":false,"_jetpack_newsletter_tier_id":0,"_jetpack_memberships_contains_paywalled_content":false,"_jetpack_memberships_contains_paid_content":false,"footnotes":"","jetpack_publicize_message":"","jetpack_publicize_feature_enabled":true,"jetpack_social_post_already_shared":false,"jetpack_social_options":{"image_generator_settings":{"template":"highway","default_image_id":0,"font":"","enabled":false},"version":2}},"categories":[65],"tags":[],"class_list":["post-15695","post","type-post","status-publish","format-standard","has-post-thumbnail","hentry","category-nacionales"],"yoast_head":"<!-- This site is optimized with the Yoast SEO plugin v27.4 - https:\/\/yoast.com\/product\/yoast-seo-wordpress\/ -->\n<title>CEMENTERIO | Propietario de funeraria responsabiliza al zacatecas por cad\u00e1veres de reci\u00e9n nacidos hallados en puerta de cementerio - Minuto Cero RD<\/title>\n<meta name=\"robots\" content=\"index, follow, max-snippet:-1, max-image-preview:large, max-video-preview:-1\" \/>\n<link rel=\"canonical\" href=\"https:\/\/minutocerord.com\/?p=15695\" \/>\n<meta property=\"og:locale\" content=\"es_ES\" \/>\n<meta property=\"og:type\" content=\"article\" \/>\n<meta property=\"og:title\" content=\"CEMENTERIO | Propietario de funeraria responsabiliza al zacatecas por cad\u00e1veres de reci\u00e9n nacidos hallados en puerta de cementerio - Minuto Cero RD\" \/>\n<meta property=\"og:description\" content=\"Santo Domingo.- El propietario de la Funeraria La Popular, vinculada a los seis reci\u00e9n nacidos que fueron hallados la ma\u00f1ana de este mi\u00e9rcoles en la entrada del Cementerio Cristo Salvador, responsabiliza al zacatecas de no haber sepultado los cad\u00e1veres mediante el debido proceso. &#8220;El chofer recogi\u00f3 los cad\u00e1veres ayer, los llev\u00f3 al cementerio y cuando [&hellip;]\" \/>\n<meta property=\"og:url\" content=\"https:\/\/minutocerord.com\/?p=15695\" \/>\n<meta property=\"og:site_name\" content=\"Minuto Cero RD\" \/>\n<meta property=\"article:publisher\" content=\"https:\/\/www.facebook.com\/Genofnotes\" \/>\n<meta property=\"article:author\" content=\"https:\/\/www.facebook.com\/Genofnotes\" \/>\n<meta property=\"article:published_time\" content=\"2023-10-04T20:14:56+00:00\" \/>\n<meta property=\"article:modified_time\" content=\"2023-10-04T20:14:58+00:00\" \/>\n<meta property=\"og:image\" content=\"https:\/\/i0.wp.com\/minutocerord.com\/wp-content\/uploads\/2023\/10\/whatsapp-image-2023-10-04-at-1.52.41-pm-focus-0.02-0.66-896-504-1.jpg?fit=896%2C504&ssl=1\" \/>\n\t<meta property=\"og:image:width\" content=\"896\" \/>\n\t<meta property=\"og:image:height\" content=\"504\" \/>\n\t<meta property=\"og:image:type\" content=\"image\/jpeg\" \/>\n<meta name=\"author\" content=\"Genof\u00f3ntes Urb\u00e1ez\" \/>\n<meta name=\"twitter:card\" content=\"summary_large_image\" \/>\n<meta name=\"twitter:label1\" content=\"Written by\" \/>\n\t<meta name=\"twitter:data1\" content=\"Genof\u00f3ntes Urb\u00e1ez\" \/>\n\t<meta name=\"twitter:label2\" content=\"Est. reading time\" \/>\n\t<meta name=\"twitter:data2\" content=\"1 minuto\" \/>\n<script type=\"application\/ld+json\" class=\"yoast-schema-graph\">{\"@context\":\"https:\\\/\\\/schema.org\",\"@graph\":[{\"@type\":\"Article\",\"@id\":\"https:\\\/\\\/minutocerord.com\\\/?p=15695#article\",\"isPartOf\":{\"@id\":\"https:\\\/\\\/minutocerord.com\\\/?p=15695\"},\"author\":{\"name\":\"Genof\u00f3ntes Urb\u00e1ez\",\"@id\":\"https:\\\/\\\/minutocerord.com\\\/#\\\/schema\\\/person\\\/60b5372d60aaa0a5171fb6488be9aee6\"},\"headline\":\"CEMENTERIO | Propietario de funeraria responsabiliza al zacatecas por cad\u00e1veres de reci\u00e9n nacidos hallados en puerta de cementerio\",\"datePublished\":\"2023-10-04T20:14:56+00:00\",\"dateModified\":\"2023-10-04T20:14:58+00:00\",\"mainEntityOfPage\":{\"@id\":\"https:\\\/\\\/minutocerord.com\\\/?p=15695\"},\"wordCount\":251,\"commentCount\":0,\"publisher\":{\"@id\":\"https:\\\/\\\/minutocerord.com\\\/#\\\/schema\\\/person\\\/60b5372d60aaa0a5171fb6488be9aee6\"},\"image\":{\"@id\":\"https:\\\/\\\/minutocerord.com\\\/?p=15695#primaryimage\"},\"thumbnailUrl\":\"https:\\\/\\\/i0.wp.com\\\/minutocerord.com\\\/wp-content\\\/uploads\\\/2023\\\/10\\\/whatsapp-image-2023-10-04-at-1.52.41-pm-focus-0.02-0.66-896-504-1.jpg?fit=896%2C504&ssl=1\",\"articleSection\":[\"Nacionales\"],\"inLanguage\":\"es-DO\",\"potentialAction\":[{\"@type\":\"CommentAction\",\"name\":\"Comment\",\"target\":[\"https:\\\/\\\/minutocerord.com\\\/?p=15695#respond\"]}]},{\"@type\":\"WebPage\",\"@id\":\"https:\\\/\\\/minutocerord.com\\\/?p=15695\",\"url\":\"https:\\\/\\\/minutocerord.com\\\/?p=15695\",\"name\":\"CEMENTERIO | Propietario de funeraria responsabiliza al zacatecas por cad\u00e1veres de reci\u00e9n nacidos hallados en puerta de cementerio - Minuto Cero RD\",\"isPartOf\":{\"@id\":\"https:\\\/\\\/minutocerord.com\\\/#website\"},\"primaryImageOfPage\":{\"@id\":\"https:\\\/\\\/minutocerord.com\\\/?p=15695#primaryimage\"},\"image\":{\"@id\":\"https:\\\/\\\/minutocerord.com\\\/?p=15695#primaryimage\"},\"thumbnailUrl\":\"https:\\\/\\\/i0.wp.com\\\/minutocerord.com\\\/wp-content\\\/uploads\\\/2023\\\/10\\\/whatsapp-image-2023-10-04-at-1.52.41-pm-focus-0.02-0.66-896-504-1.jpg?fit=896%2C504&ssl=1\",\"datePublished\":\"2023-10-04T20:14:56+00:00\",\"dateModified\":\"2023-10-04T20:14:58+00:00\",\"breadcrumb\":{\"@id\":\"https:\\\/\\\/minutocerord.com\\\/?p=15695#breadcrumb\"},\"inLanguage\":\"es-DO\",\"potentialAction\":[{\"@type\":\"ReadAction\",\"target\":[\"https:\\\/\\\/minutocerord.com\\\/?p=15695\"]}]},{\"@type\":\"ImageObject\",\"inLanguage\":\"es-DO\",\"@id\":\"https:\\\/\\\/minutocerord.com\\\/?p=15695#primaryimage\",\"url\":\"https:\\\/\\\/i0.wp.com\\\/minutocerord.com\\\/wp-content\\\/uploads\\\/2023\\\/10\\\/whatsapp-image-2023-10-04-at-1.52.41-pm-focus-0.02-0.66-896-504-1.jpg?fit=896%2C504&ssl=1\",\"contentUrl\":\"https:\\\/\\\/i0.wp.com\\\/minutocerord.com\\\/wp-content\\\/uploads\\\/2023\\\/10\\\/whatsapp-image-2023-10-04-at-1.52.41-pm-focus-0.02-0.66-896-504-1.jpg?fit=896%2C504&ssl=1\",\"width\":896,\"height\":504},{\"@type\":\"BreadcrumbList\",\"@id\":\"https:\\\/\\\/minutocerord.com\\\/?p=15695#breadcrumb\",\"itemListElement\":[{\"@type\":\"ListItem\",\"position\":1,\"name\":\"Home\",\"item\":\"https:\\\/\\\/minutocerord.com\\\/\"},{\"@type\":\"ListItem\",\"position\":2,\"name\":\"CEMENTERIO | Propietario de funeraria responsabiliza al zacatecas por cad\u00e1veres de reci\u00e9n nacidos hallados en puerta de cementerio\"}]},{\"@type\":\"WebSite\",\"@id\":\"https:\\\/\\\/minutocerord.com\\\/#website\",\"url\":\"https:\\\/\\\/minutocerord.com\\\/\",\"name\":\"Minuto Cero RD\",\"description\":\"Periodismo serio y veraz\",\"publisher\":{\"@id\":\"https:\\\/\\\/minutocerord.com\\\/#\\\/schema\\\/person\\\/60b5372d60aaa0a5171fb6488be9aee6\"},\"potentialAction\":[{\"@type\":\"SearchAction\",\"target\":{\"@type\":\"EntryPoint\",\"urlTemplate\":\"https:\\\/\\\/minutocerord.com\\\/?s={search_term_string}\"},\"query-input\":{\"@type\":\"PropertyValueSpecification\",\"valueRequired\":true,\"valueName\":\"search_term_string\"}}],\"inLanguage\":\"es-DO\"},{\"@type\":[\"Person\",\"Organization\"],\"@id\":\"https:\\\/\\\/minutocerord.com\\\/#\\\/schema\\\/person\\\/60b5372d60aaa0a5171fb6488be9aee6\",\"name\":\"Genof\u00f3ntes Urb\u00e1ez\",\"image\":{\"@type\":\"ImageObject\",\"inLanguage\":\"es-DO\",\"@id\":\"https:\\\/\\\/secure.gravatar.com\\\/avatar\\\/a49ef3186a692098ac3e8a1612261e3ad70cf9e44553dff2929e67939a0ecb9d?s=96&d=identicon&r=g\",\"url\":\"https:\\\/\\\/secure.gravatar.com\\\/avatar\\\/a49ef3186a692098ac3e8a1612261e3ad70cf9e44553dff2929e67939a0ecb9d?s=96&d=identicon&r=g\",\"contentUrl\":\"https:\\\/\\\/secure.gravatar.com\\\/avatar\\\/a49ef3186a692098ac3e8a1612261e3ad70cf9e44553dff2929e67939a0ecb9d?s=96&d=identicon&r=g\",\"caption\":\"Genof\u00f3ntes Urb\u00e1ez\"},\"logo\":{\"@id\":\"https:\\\/\\\/secure.gravatar.com\\\/avatar\\\/a49ef3186a692098ac3e8a1612261e3ad70cf9e44553dff2929e67939a0ecb9d?s=96&d=identicon&r=g\"},\"description\":\"Periodista \\\/ Locutor\",\"sameAs\":[\"https:\\\/\\\/www.facebook.com\\\/Genofnotes\",\"https:\\\/\\\/www.instagram.com\\\/genofnotes\\\/\"]}]}<\/script>\n<!-- \/ Yoast SEO plugin. -->","yoast_head_json":{"title":"CEMENTERIO | Propietario de funeraria responsabiliza al zacatecas por cad\u00e1veres de reci\u00e9n nacidos hallados en puerta de cementerio - Minuto Cero RD","robots":{"index":"index","follow":"follow","max-snippet":"max-snippet:-1","max-image-preview":"max-image-preview:large","max-video-preview":"max-video-preview:-1"},"canonical":"https:\/\/minutocerord.com\/?p=15695","og_locale":"es_ES","og_type":"article","og_title":"CEMENTERIO | Propietario de funeraria responsabiliza al zacatecas por cad\u00e1veres de reci\u00e9n nacidos hallados en puerta de cementerio - Minuto Cero RD","og_description":"Santo Domingo.- El propietario de la Funeraria La Popular, vinculada a los seis reci\u00e9n nacidos que fueron hallados la ma\u00f1ana de este mi\u00e9rcoles en la entrada del Cementerio Cristo Salvador, responsabiliza al zacatecas de no haber sepultado los cad\u00e1veres mediante el debido proceso. &#8220;El chofer recogi\u00f3 los cad\u00e1veres ayer, los llev\u00f3 al cementerio y cuando [&hellip;]","og_url":"https:\/\/minutocerord.com\/?p=15695","og_site_name":"Minuto Cero RD","article_publisher":"https:\/\/www.facebook.com\/Genofnotes","article_author":"https:\/\/www.facebook.com\/Genofnotes","article_published_time":"2023-10-04T20:14:56+00:00","article_modified_time":"2023-10-04T20:14:58+00:00","og_image":[{"width":896,"height":504,"url":"https:\/\/i0.wp.com\/minutocerord.com\/wp-content\/uploads\/2023\/10\/whatsapp-image-2023-10-04-at-1.52.41-pm-focus-0.02-0.66-896-504-1.jpg?fit=896%2C504&ssl=1","type":"image\/jpeg"}],"author":"Genof\u00f3ntes Urb\u00e1ez","twitter_card":"summary_large_image","twitter_misc":{"Written by":"Genof\u00f3ntes Urb\u00e1ez","Est. reading time":"1 minuto"},"schema":{"@context":"https:\/\/schema.org","@graph":[{"@type":"Article","@id":"https:\/\/minutocerord.com\/?p=15695#article","isPartOf":{"@id":"https:\/\/minutocerord.com\/?p=15695"},"author":{"name":"Genof\u00f3ntes Urb\u00e1ez","@id":"https:\/\/minutocerord.com\/#\/schema\/person\/60b5372d60aaa0a5171fb6488be9aee6"},"headline":"CEMENTERIO | Propietario de funeraria responsabiliza al zacatecas por cad\u00e1veres de reci\u00e9n nacidos hallados en puerta de cementerio","datePublished":"2023-10-04T20:14:56+00:00","dateModified":"2023-10-04T20:14:58+00:00","mainEntityOfPage":{"@id":"https:\/\/minutocerord.com\/?p=15695"},"wordCount":251,"commentCount":0,"publisher":{"@id":"https:\/\/minutocerord.com\/#\/schema\/person\/60b5372d60aaa0a5171fb6488be9aee6"},"image":{"@id":"https:\/\/minutocerord.com\/?p=15695#primaryimage"},"thumbnailUrl":"https:\/\/i0.wp.com\/minutocerord.com\/wp-content\/uploads\/2023\/10\/whatsapp-image-2023-10-04-at-1.52.41-pm-focus-0.02-0.66-896-504-1.jpg?fit=896%2C504&ssl=1","articleSection":["Nacionales"],"inLanguage":"es-DO","potentialAction":[{"@type":"CommentAction","name":"Comment","target":["https:\/\/minutocerord.com\/?p=15695#respond"]}]},{"@type":"WebPage","@id":"https:\/\/minutocerord.com\/?p=15695","url":"https:\/\/minutocerord.com\/?p=15695","name":"CEMENTERIO | Propietario de funeraria responsabiliza al zacatecas por cad\u00e1veres de reci\u00e9n nacidos hallados en puerta de cementerio - Minuto Cero RD","isPartOf":{"@id":"https:\/\/minutocerord.com\/#website"},"primaryImageOfPage":{"@id":"https:\/\/minutocerord.com\/?p=15695#primaryimage"},"image":{"@id":"https:\/\/minutocerord.com\/?p=15695#primaryimage"},"thumbnailUrl":"https:\/\/i0.wp.com\/minutocerord.com\/wp-content\/uploads\/2023\/10\/whatsapp-image-2023-10-04-at-1.52.41-pm-focus-0.02-0.66-896-504-1.jpg?fit=896%2C504&ssl=1","datePublished":"2023-10-04T20:14:56+00:00","dateModified":"2023-10-04T20:14:58+00:00","breadcrumb":{"@id":"https:\/\/minutocerord.com\/?p=15695#breadcrumb"},"inLanguage":"es-DO","potentialAction":[{"@type":"ReadAction","target":["https:\/\/minutocerord.com\/?p=15695"]}]},{"@type":"ImageObject","inLanguage":"es-DO","@id":"https:\/\/minutocerord.com\/?p=15695#primaryimage","url":"https:\/\/i0.wp.com\/minutocerord.com\/wp-content\/uploads\/2023\/10\/whatsapp-image-2023-10-04-at-1.52.41-pm-focus-0.02-0.66-896-504-1.jpg?fit=896%2C504&ssl=1","contentUrl":"https:\/\/i0.wp.com\/minutocerord.com\/wp-content\/uploads\/2023\/10\/whatsapp-image-2023-10-04-at-1.52.41-pm-focus-0.02-0.66-896-504-1.jpg?fit=896%2C504&ssl=1","width":896,"height":504},{"@type":"BreadcrumbList","@id":"https:\/\/minutocerord.com\/?p=15695#breadcrumb","itemListElement":[{"@type":"ListItem","position":1,"name":"Home","item":"https:\/\/minutocerord.com\/"},{"@type":"ListItem","position":2,"name":"CEMENTERIO | Propietario de funeraria responsabiliza al zacatecas por cad\u00e1veres de reci\u00e9n nacidos hallados en puerta de cementerio"}]},{"@type":"WebSite","@id":"https:\/\/minutocerord.com\/#website","url":"https:\/\/minutocerord.com\/","name":"Minuto Cero RD","description":"Periodismo serio y veraz","publisher":{"@id":"https:\/\/minutocerord.com\/#\/schema\/person\/60b5372d60aaa0a5171fb6488be9aee6"},"potentialAction":[{"@type":"SearchAction","target":{"@type":"EntryPoint","urlTemplate":"https:\/\/minutocerord.com\/?s={search_term_string}"},"query-input":{"@type":"PropertyValueSpecification","valueRequired":true,"valueName":"search_term_string"}}],"inLanguage":"es-DO"},{"@type":["Person","Organization"],"@id":"https:\/\/minutocerord.com\/#\/schema\/person\/60b5372d60aaa0a5171fb6488be9aee6","name":"Genof\u00f3ntes Urb\u00e1ez","image":{"@type":"ImageObject","inLanguage":"es-DO","@id":"https:\/\/secure.gravatar.com\/avatar\/a49ef3186a692098ac3e8a1612261e3ad70cf9e44553dff2929e67939a0ecb9d?s=96&d=identicon&r=g","url":"https:\/\/secure.gravatar.com\/avatar\/a49ef3186a692098ac3e8a1612261e3ad70cf9e44553dff2929e67939a0ecb9d?s=96&d=identicon&r=g","contentUrl":"https:\/\/secure.gravatar.com\/avatar\/a49ef3186a692098ac3e8a1612261e3ad70cf9e44553dff2929e67939a0ecb9d?s=96&d=identicon&r=g","caption":"Genof\u00f3ntes Urb\u00e1ez"},"logo":{"@id":"https:\/\/secure.gravatar.com\/avatar\/a49ef3186a692098ac3e8a1612261e3ad70cf9e44553dff2929e67939a0ecb9d?s=96&d=identicon&r=g"},"description":"Periodista \/ Locutor","sameAs":["https:\/\/www.facebook.com\/Genofnotes","https:\/\/www.instagram.com\/genofnotes\/"]}]}},"jetpack_publicize_connections":[],"jetpack_featured_media_url":"https:\/\/i0.wp.com\/minutocerord.com\/wp-content\/uploads\/2023\/10\/whatsapp-image-2023-10-04-at-1.52.41-pm-focus-0.02-0.66-896-504-1.jpg?fit=896%2C504&ssl=1","jetpack-related-posts":[],"jetpack_sharing_enabled":true,"_links":{"self":[{"href":"https:\/\/minutocerord.com\/index.php?rest_route=\/wp\/v2\/posts\/15695","targetHints":{"allow":["GET"]}}],"collection":[{"href":"https:\/\/minutocerord.com\/index.php?rest_route=\/wp\/v2\/posts"}],"about":[{"href":"https:\/\/minutocerord.com\/index.php?rest_route=\/wp\/v2\/types\/post"}],"author":[{"embeddable":true,"href":"https:\/\/minutocerord.com\/index.php?rest_route=\/wp\/v2\/users\/1"}],"replies":[{"embeddable":true,"href":"https:\/\/minutocerord.com\/index.php?rest_route=%2Fwp%2Fv2%2Fcomments&post=15695"}],"version-history":[{"count":1,"href":"https:\/\/minutocerord.com\/index.php?rest_route=\/wp\/v2\/posts\/15695\/revisions"}],"predecessor-version":[{"id":15697,"href":"https:\/\/minutocerord.com\/index.php?rest_route=\/wp\/v2\/posts\/15695\/revisions\/15697"}],"wp:featuredmedia":[{"embeddable":true,"href":"https:\/\/minutocerord.com\/index.php?rest_route=\/wp\/v2\/media\/15696"}],"wp:attachment":[{"href":"https:\/\/minutocerord.com\/index.php?rest_route=%2Fwp%2Fv2%2Fmedia&parent=15695"}],"wp:term":[{"taxonomy":"category","embeddable":true,"href":"https:\/\/minutocerord.com\/index.php?rest_route=%2Fwp%2Fv2%2Fcategories&post=15695"},{"taxonomy":"post_tag","embeddable":true,"href":"https:\/\/minutocerord.com\/index.php?rest_route=%2Fwp%2Fv2%2Ftags&post=15695"}],"curies":[{"name":"wp","href":"https:\/\/api.w.org\/{rel}","templated":true}]}}