{"id":15703,"date":"2023-10-05T15:57:29","date_gmt":"2023-10-05T19:57:29","guid":{"rendered":"https:\/\/minutocerord.com\/?p=15703"},"modified":"2023-10-05T15:58:26","modified_gmt":"2023-10-05T19:58:26","slug":"el-clima-el-coe-dispone-alerta-por-lluvias-en-13-provincias-de-r-dominicana","status":"publish","type":"post","link":"https:\/\/minutocerord.com\/?p=15703","title":{"rendered":"EL CLIMA | El COE dispone alerta por lluvias en 13 provincias de R. Dominicana"},"content":{"rendered":"\n<p><strong>Santo Domingo.- .- <\/strong>El Centro de Operaciones de Emergencias (COE) dispuso la alerta amarilla por lluvias en cuatro provincias y la verde en otras nueve, ante posibles crecidas de r\u00edos, arroyos y ca\u00f1adas, as\u00ed como inundaciones urbanas y repentinas.<\/p>\n\n\n\n<p>Las condiciones del tiempo permanecen bajo la humedad influenciada por una vaguada asociada a los efectos indirectos de la tormenta Philippe que, combinada con el viento del sur\/sureste del mar Caribe, favorecer\u00e1n los aguaceros, tormentas el\u00e9ctricas y r\u00e1fagas de viento en gran parte del pa\u00eds.<\/p>\n\n\n\n<p>As\u00ed, el COE dispuso la alerta amarilla en Santiago, Santiago Rodr\u00edguez, La Vega y Monse\u00f1or Nouel, mientras que est\u00e1n en verde S\u00e1nchez Ram\u00edrez, El\u00edas Pi\u00f1a, Montecristi, Duarte, San Juan, Puerto Plata, Mar\u00eda Trinidad S\u00e1nchez, Dajab\u00f3n y Valverde.<\/p>\n\n\n\n<p>Adem\u00e1s, por solicitud del Comit\u00e9 de Operaci\u00f3n de Presas y Embalses (COPRE), el COE prohibi\u00f3 el uso del r\u00edo Yaqu\u00e9 del Norte aguas abajo del embalse Tavera-Bao hasta su desembocadura en la Bah\u00eda de Manzanillo, tanto para ba\u00f1o como para cualquier otra actividad.<\/p>\n\n\n\n<p>Asimismo, recomend\u00f3 a los residentes en zonas de alto riesgo (junto a r\u00edos, arroyos y ca\u00f1adas) que est\u00e9n atentos y tomen las medidas de precauci\u00f3n necesarias ante posibles crecidas e inundaciones repentinas e inst\u00f3 las personas a abstenerse de cruzar r\u00edos, arroyos y ca\u00f1adas que presenten alto vol\u00famenes de agua y no hacer uso de balnearios en las provincias bajo alerta. EFE<\/p>\n","protected":false},"excerpt":{"rendered":"<p>Santo Domingo.- .- El Centro de Operaciones de Emergencias (COE) dispuso la alerta amarilla por lluvias en cuatro provincias y la verde en otras nueve, ante posibles crecidas de r\u00edos, arroyos y ca\u00f1adas, as\u00ed como inundaciones urbanas y repentinas. Las condiciones del tiempo permanecen bajo la humedad influenciada por una vaguada asociada a los efectos [&hellip;]<\/p>\n","protected":false},"author":1,"featured_media":15705,"comment_status":"open","ping_status":"open","sticky":false,"template":"","format":"standard","meta":{"nf_dc_page":"","jetpack_post_was_ever_published":false,"_jetpack_newsletter_access":"","_jetpack_dont_email_post_to_subs":false,"_jetpack_newsletter_tier_id":0,"_jetpack_memberships_contains_paywalled_content":false,"_jetpack_memberships_contains_paid_content":false,"footnotes":"","jetpack_publicize_message":"","jetpack_publicize_feature_enabled":true,"jetpack_social_post_already_shared":false,"jetpack_social_options":{"image_generator_settings":{"template":"highway","default_image_id":0,"font":"","enabled":false},"version":2}},"categories":[87],"tags":[],"class_list":["post-15703","post","type-post","status-publish","format-standard","has-post-thumbnail","hentry","category-el-clima"],"yoast_head":"<!-- This site is optimized with the Yoast SEO plugin v27.4 - https:\/\/yoast.com\/product\/yoast-seo-wordpress\/ -->\n<title>EL CLIMA | El COE dispone alerta por lluvias en 13 provincias de R. Dominicana - Minuto Cero RD<\/title>\n<meta name=\"robots\" content=\"index, follow, max-snippet:-1, max-image-preview:large, max-video-preview:-1\" \/>\n<link rel=\"canonical\" href=\"https:\/\/minutocerord.com\/?p=15703\" \/>\n<meta property=\"og:locale\" content=\"es_ES\" \/>\n<meta property=\"og:type\" content=\"article\" \/>\n<meta property=\"og:title\" content=\"EL CLIMA | El COE dispone alerta por lluvias en 13 provincias de R. Dominicana - Minuto Cero RD\" \/>\n<meta property=\"og:description\" content=\"Santo Domingo.- .- El Centro de Operaciones de Emergencias (COE) dispuso la alerta amarilla por lluvias en cuatro provincias y la verde en otras nueve, ante posibles crecidas de r\u00edos, arroyos y ca\u00f1adas, as\u00ed como inundaciones urbanas y repentinas. Las condiciones del tiempo permanecen bajo la humedad influenciada por una vaguada asociada a los efectos [&hellip;]\" \/>\n<meta property=\"og:url\" content=\"https:\/\/minutocerord.com\/?p=15703\" \/>\n<meta property=\"og:site_name\" content=\"Minuto Cero RD\" \/>\n<meta property=\"article:publisher\" content=\"https:\/\/www.facebook.com\/Genofnotes\" \/>\n<meta property=\"article:author\" content=\"https:\/\/www.facebook.com\/Genofnotes\" \/>\n<meta property=\"article:published_time\" content=\"2023-10-05T19:57:29+00:00\" \/>\n<meta property=\"article:modified_time\" content=\"2023-10-05T19:58:26+00:00\" \/>\n<meta property=\"og:image\" content=\"https:\/\/i0.wp.com\/minutocerord.com\/wp-content\/uploads\/2023\/10\/lluvias-provocan-inundaciones-en-el-malecon-de-santo-domingo.jpg?fit=680%2C398&ssl=1\" \/>\n\t<meta property=\"og:image:width\" content=\"680\" \/>\n\t<meta property=\"og:image:height\" content=\"398\" \/>\n\t<meta property=\"og:image:type\" content=\"image\/jpeg\" \/>\n<meta name=\"author\" content=\"Genof\u00f3ntes Urb\u00e1ez\" \/>\n<meta name=\"twitter:card\" content=\"summary_large_image\" \/>\n<meta name=\"twitter:label1\" content=\"Written by\" \/>\n\t<meta name=\"twitter:data1\" content=\"Genof\u00f3ntes Urb\u00e1ez\" \/>\n\t<meta name=\"twitter:label2\" content=\"Est. reading time\" \/>\n\t<meta name=\"twitter:data2\" content=\"2 minutos\" \/>\n<script type=\"application\/ld+json\" class=\"yoast-schema-graph\">{\"@context\":\"https:\\\/\\\/schema.org\",\"@graph\":[{\"@type\":\"Article\",\"@id\":\"https:\\\/\\\/minutocerord.com\\\/?p=15703#article\",\"isPartOf\":{\"@id\":\"https:\\\/\\\/minutocerord.com\\\/?p=15703\"},\"author\":{\"name\":\"Genof\u00f3ntes Urb\u00e1ez\",\"@id\":\"https:\\\/\\\/minutocerord.com\\\/#\\\/schema\\\/person\\\/60b5372d60aaa0a5171fb6488be9aee6\"},\"headline\":\"EL CLIMA | El COE dispone alerta por lluvias en 13 provincias de R. Dominicana\",\"datePublished\":\"2023-10-05T19:57:29+00:00\",\"dateModified\":\"2023-10-05T19:58:26+00:00\",\"mainEntityOfPage\":{\"@id\":\"https:\\\/\\\/minutocerord.com\\\/?p=15703\"},\"wordCount\":269,\"commentCount\":0,\"publisher\":{\"@id\":\"https:\\\/\\\/minutocerord.com\\\/#\\\/schema\\\/person\\\/60b5372d60aaa0a5171fb6488be9aee6\"},\"image\":{\"@id\":\"https:\\\/\\\/minutocerord.com\\\/?p=15703#primaryimage\"},\"thumbnailUrl\":\"https:\\\/\\\/i0.wp.com\\\/minutocerord.com\\\/wp-content\\\/uploads\\\/2023\\\/10\\\/lluvias-provocan-inundaciones-en-el-malecon-de-santo-domingo.jpg?fit=680%2C398&ssl=1\",\"articleSection\":[\"El clima\"],\"inLanguage\":\"es-DO\",\"potentialAction\":[{\"@type\":\"CommentAction\",\"name\":\"Comment\",\"target\":[\"https:\\\/\\\/minutocerord.com\\\/?p=15703#respond\"]}]},{\"@type\":\"WebPage\",\"@id\":\"https:\\\/\\\/minutocerord.com\\\/?p=15703\",\"url\":\"https:\\\/\\\/minutocerord.com\\\/?p=15703\",\"name\":\"EL CLIMA | El COE dispone alerta por lluvias en 13 provincias de R. Dominicana - Minuto Cero RD\",\"isPartOf\":{\"@id\":\"https:\\\/\\\/minutocerord.com\\\/#website\"},\"primaryImageOfPage\":{\"@id\":\"https:\\\/\\\/minutocerord.com\\\/?p=15703#primaryimage\"},\"image\":{\"@id\":\"https:\\\/\\\/minutocerord.com\\\/?p=15703#primaryimage\"},\"thumbnailUrl\":\"https:\\\/\\\/i0.wp.com\\\/minutocerord.com\\\/wp-content\\\/uploads\\\/2023\\\/10\\\/lluvias-provocan-inundaciones-en-el-malecon-de-santo-domingo.jpg?fit=680%2C398&ssl=1\",\"datePublished\":\"2023-10-05T19:57:29+00:00\",\"dateModified\":\"2023-10-05T19:58:26+00:00\",\"breadcrumb\":{\"@id\":\"https:\\\/\\\/minutocerord.com\\\/?p=15703#breadcrumb\"},\"inLanguage\":\"es-DO\",\"potentialAction\":[{\"@type\":\"ReadAction\",\"target\":[\"https:\\\/\\\/minutocerord.com\\\/?p=15703\"]}]},{\"@type\":\"ImageObject\",\"inLanguage\":\"es-DO\",\"@id\":\"https:\\\/\\\/minutocerord.com\\\/?p=15703#primaryimage\",\"url\":\"https:\\\/\\\/i0.wp.com\\\/minutocerord.com\\\/wp-content\\\/uploads\\\/2023\\\/10\\\/lluvias-provocan-inundaciones-en-el-malecon-de-santo-domingo.jpg?fit=680%2C398&ssl=1\",\"contentUrl\":\"https:\\\/\\\/i0.wp.com\\\/minutocerord.com\\\/wp-content\\\/uploads\\\/2023\\\/10\\\/lluvias-provocan-inundaciones-en-el-malecon-de-santo-domingo.jpg?fit=680%2C398&ssl=1\",\"width\":680,\"height\":398},{\"@type\":\"BreadcrumbList\",\"@id\":\"https:\\\/\\\/minutocerord.com\\\/?p=15703#breadcrumb\",\"itemListElement\":[{\"@type\":\"ListItem\",\"position\":1,\"name\":\"Home\",\"item\":\"https:\\\/\\\/minutocerord.com\\\/\"},{\"@type\":\"ListItem\",\"position\":2,\"name\":\"EL CLIMA | El COE dispone alerta por lluvias en 13 provincias de R. Dominicana\"}]},{\"@type\":\"WebSite\",\"@id\":\"https:\\\/\\\/minutocerord.com\\\/#website\",\"url\":\"https:\\\/\\\/minutocerord.com\\\/\",\"name\":\"Minuto Cero RD\",\"description\":\"Periodismo serio y veraz\",\"publisher\":{\"@id\":\"https:\\\/\\\/minutocerord.com\\\/#\\\/schema\\\/person\\\/60b5372d60aaa0a5171fb6488be9aee6\"},\"potentialAction\":[{\"@type\":\"SearchAction\",\"target\":{\"@type\":\"EntryPoint\",\"urlTemplate\":\"https:\\\/\\\/minutocerord.com\\\/?s={search_term_string}\"},\"query-input\":{\"@type\":\"PropertyValueSpecification\",\"valueRequired\":true,\"valueName\":\"search_term_string\"}}],\"inLanguage\":\"es-DO\"},{\"@type\":[\"Person\",\"Organization\"],\"@id\":\"https:\\\/\\\/minutocerord.com\\\/#\\\/schema\\\/person\\\/60b5372d60aaa0a5171fb6488be9aee6\",\"name\":\"Genof\u00f3ntes Urb\u00e1ez\",\"image\":{\"@type\":\"ImageObject\",\"inLanguage\":\"es-DO\",\"@id\":\"https:\\\/\\\/secure.gravatar.com\\\/avatar\\\/a49ef3186a692098ac3e8a1612261e3ad70cf9e44553dff2929e67939a0ecb9d?s=96&d=identicon&r=g\",\"url\":\"https:\\\/\\\/secure.gravatar.com\\\/avatar\\\/a49ef3186a692098ac3e8a1612261e3ad70cf9e44553dff2929e67939a0ecb9d?s=96&d=identicon&r=g\",\"contentUrl\":\"https:\\\/\\\/secure.gravatar.com\\\/avatar\\\/a49ef3186a692098ac3e8a1612261e3ad70cf9e44553dff2929e67939a0ecb9d?s=96&d=identicon&r=g\",\"caption\":\"Genof\u00f3ntes Urb\u00e1ez\"},\"logo\":{\"@id\":\"https:\\\/\\\/secure.gravatar.com\\\/avatar\\\/a49ef3186a692098ac3e8a1612261e3ad70cf9e44553dff2929e67939a0ecb9d?s=96&d=identicon&r=g\"},\"description\":\"Periodista \\\/ Locutor\",\"sameAs\":[\"https:\\\/\\\/www.facebook.com\\\/Genofnotes\",\"https:\\\/\\\/www.instagram.com\\\/genofnotes\\\/\"]}]}<\/script>\n<!-- \/ Yoast SEO plugin. -->","yoast_head_json":{"title":"EL CLIMA | El COE dispone alerta por lluvias en 13 provincias de R. Dominicana - Minuto Cero RD","robots":{"index":"index","follow":"follow","max-snippet":"max-snippet:-1","max-image-preview":"max-image-preview:large","max-video-preview":"max-video-preview:-1"},"canonical":"https:\/\/minutocerord.com\/?p=15703","og_locale":"es_ES","og_type":"article","og_title":"EL CLIMA | El COE dispone alerta por lluvias en 13 provincias de R. Dominicana - Minuto Cero RD","og_description":"Santo Domingo.- .- El Centro de Operaciones de Emergencias (COE) dispuso la alerta amarilla por lluvias en cuatro provincias y la verde en otras nueve, ante posibles crecidas de r\u00edos, arroyos y ca\u00f1adas, as\u00ed como inundaciones urbanas y repentinas. Las condiciones del tiempo permanecen bajo la humedad influenciada por una vaguada asociada a los efectos [&hellip;]","og_url":"https:\/\/minutocerord.com\/?p=15703","og_site_name":"Minuto Cero RD","article_publisher":"https:\/\/www.facebook.com\/Genofnotes","article_author":"https:\/\/www.facebook.com\/Genofnotes","article_published_time":"2023-10-05T19:57:29+00:00","article_modified_time":"2023-10-05T19:58:26+00:00","og_image":[{"width":680,"height":398,"url":"https:\/\/i0.wp.com\/minutocerord.com\/wp-content\/uploads\/2023\/10\/lluvias-provocan-inundaciones-en-el-malecon-de-santo-domingo.jpg?fit=680%2C398&ssl=1","type":"image\/jpeg"}],"author":"Genof\u00f3ntes Urb\u00e1ez","twitter_card":"summary_large_image","twitter_misc":{"Written by":"Genof\u00f3ntes Urb\u00e1ez","Est. reading time":"2 minutos"},"schema":{"@context":"https:\/\/schema.org","@graph":[{"@type":"Article","@id":"https:\/\/minutocerord.com\/?p=15703#article","isPartOf":{"@id":"https:\/\/minutocerord.com\/?p=15703"},"author":{"name":"Genof\u00f3ntes Urb\u00e1ez","@id":"https:\/\/minutocerord.com\/#\/schema\/person\/60b5372d60aaa0a5171fb6488be9aee6"},"headline":"EL CLIMA | El COE dispone alerta por lluvias en 13 provincias de R. Dominicana","datePublished":"2023-10-05T19:57:29+00:00","dateModified":"2023-10-05T19:58:26+00:00","mainEntityOfPage":{"@id":"https:\/\/minutocerord.com\/?p=15703"},"wordCount":269,"commentCount":0,"publisher":{"@id":"https:\/\/minutocerord.com\/#\/schema\/person\/60b5372d60aaa0a5171fb6488be9aee6"},"image":{"@id":"https:\/\/minutocerord.com\/?p=15703#primaryimage"},"thumbnailUrl":"https:\/\/i0.wp.com\/minutocerord.com\/wp-content\/uploads\/2023\/10\/lluvias-provocan-inundaciones-en-el-malecon-de-santo-domingo.jpg?fit=680%2C398&ssl=1","articleSection":["El clima"],"inLanguage":"es-DO","potentialAction":[{"@type":"CommentAction","name":"Comment","target":["https:\/\/minutocerord.com\/?p=15703#respond"]}]},{"@type":"WebPage","@id":"https:\/\/minutocerord.com\/?p=15703","url":"https:\/\/minutocerord.com\/?p=15703","name":"EL CLIMA | El COE dispone alerta por lluvias en 13 provincias de R. Dominicana - Minuto Cero RD","isPartOf":{"@id":"https:\/\/minutocerord.com\/#website"},"primaryImageOfPage":{"@id":"https:\/\/minutocerord.com\/?p=15703#primaryimage"},"image":{"@id":"https:\/\/minutocerord.com\/?p=15703#primaryimage"},"thumbnailUrl":"https:\/\/i0.wp.com\/minutocerord.com\/wp-content\/uploads\/2023\/10\/lluvias-provocan-inundaciones-en-el-malecon-de-santo-domingo.jpg?fit=680%2C398&ssl=1","datePublished":"2023-10-05T19:57:29+00:00","dateModified":"2023-10-05T19:58:26+00:00","breadcrumb":{"@id":"https:\/\/minutocerord.com\/?p=15703#breadcrumb"},"inLanguage":"es-DO","potentialAction":[{"@type":"ReadAction","target":["https:\/\/minutocerord.com\/?p=15703"]}]},{"@type":"ImageObject","inLanguage":"es-DO","@id":"https:\/\/minutocerord.com\/?p=15703#primaryimage","url":"https:\/\/i0.wp.com\/minutocerord.com\/wp-content\/uploads\/2023\/10\/lluvias-provocan-inundaciones-en-el-malecon-de-santo-domingo.jpg?fit=680%2C398&ssl=1","contentUrl":"https:\/\/i0.wp.com\/minutocerord.com\/wp-content\/uploads\/2023\/10\/lluvias-provocan-inundaciones-en-el-malecon-de-santo-domingo.jpg?fit=680%2C398&ssl=1","width":680,"height":398},{"@type":"BreadcrumbList","@id":"https:\/\/minutocerord.com\/?p=15703#breadcrumb","itemListElement":[{"@type":"ListItem","position":1,"name":"Home","item":"https:\/\/minutocerord.com\/"},{"@type":"ListItem","position":2,"name":"EL CLIMA | El COE dispone alerta por lluvias en 13 provincias de R. Dominicana"}]},{"@type":"WebSite","@id":"https:\/\/minutocerord.com\/#website","url":"https:\/\/minutocerord.com\/","name":"Minuto Cero RD","description":"Periodismo serio y veraz","publisher":{"@id":"https:\/\/minutocerord.com\/#\/schema\/person\/60b5372d60aaa0a5171fb6488be9aee6"},"potentialAction":[{"@type":"SearchAction","target":{"@type":"EntryPoint","urlTemplate":"https:\/\/minutocerord.com\/?s={search_term_string}"},"query-input":{"@type":"PropertyValueSpecification","valueRequired":true,"valueName":"search_term_string"}}],"inLanguage":"es-DO"},{"@type":["Person","Organization"],"@id":"https:\/\/minutocerord.com\/#\/schema\/person\/60b5372d60aaa0a5171fb6488be9aee6","name":"Genof\u00f3ntes Urb\u00e1ez","image":{"@type":"ImageObject","inLanguage":"es-DO","@id":"https:\/\/secure.gravatar.com\/avatar\/a49ef3186a692098ac3e8a1612261e3ad70cf9e44553dff2929e67939a0ecb9d?s=96&d=identicon&r=g","url":"https:\/\/secure.gravatar.com\/avatar\/a49ef3186a692098ac3e8a1612261e3ad70cf9e44553dff2929e67939a0ecb9d?s=96&d=identicon&r=g","contentUrl":"https:\/\/secure.gravatar.com\/avatar\/a49ef3186a692098ac3e8a1612261e3ad70cf9e44553dff2929e67939a0ecb9d?s=96&d=identicon&r=g","caption":"Genof\u00f3ntes Urb\u00e1ez"},"logo":{"@id":"https:\/\/secure.gravatar.com\/avatar\/a49ef3186a692098ac3e8a1612261e3ad70cf9e44553dff2929e67939a0ecb9d?s=96&d=identicon&r=g"},"description":"Periodista \/ Locutor","sameAs":["https:\/\/www.facebook.com\/Genofnotes","https:\/\/www.instagram.com\/genofnotes\/"]}]}},"jetpack_publicize_connections":[],"jetpack_featured_media_url":"https:\/\/i0.wp.com\/minutocerord.com\/wp-content\/uploads\/2023\/10\/lluvias-provocan-inundaciones-en-el-malecon-de-santo-domingo.jpg?fit=680%2C398&ssl=1","jetpack-related-posts":[],"jetpack_sharing_enabled":true,"_links":{"self":[{"href":"https:\/\/minutocerord.com\/index.php?rest_route=\/wp\/v2\/posts\/15703","targetHints":{"allow":["GET"]}}],"collection":[{"href":"https:\/\/minutocerord.com\/index.php?rest_route=\/wp\/v2\/posts"}],"about":[{"href":"https:\/\/minutocerord.com\/index.php?rest_route=\/wp\/v2\/types\/post"}],"author":[{"embeddable":true,"href":"https:\/\/minutocerord.com\/index.php?rest_route=\/wp\/v2\/users\/1"}],"replies":[{"embeddable":true,"href":"https:\/\/minutocerord.com\/index.php?rest_route=%2Fwp%2Fv2%2Fcomments&post=15703"}],"version-history":[{"count":1,"href":"https:\/\/minutocerord.com\/index.php?rest_route=\/wp\/v2\/posts\/15703\/revisions"}],"predecessor-version":[{"id":15704,"href":"https:\/\/minutocerord.com\/index.php?rest_route=\/wp\/v2\/posts\/15703\/revisions\/15704"}],"wp:featuredmedia":[{"embeddable":true,"href":"https:\/\/minutocerord.com\/index.php?rest_route=\/wp\/v2\/media\/15705"}],"wp:attachment":[{"href":"https:\/\/minutocerord.com\/index.php?rest_route=%2Fwp%2Fv2%2Fmedia&parent=15703"}],"wp:term":[{"taxonomy":"category","embeddable":true,"href":"https:\/\/minutocerord.com\/index.php?rest_route=%2Fwp%2Fv2%2Fcategories&post=15703"},{"taxonomy":"post_tag","embeddable":true,"href":"https:\/\/minutocerord.com\/index.php?rest_route=%2Fwp%2Fv2%2Ftags&post=15703"}],"curies":[{"name":"wp","href":"https:\/\/api.w.org\/{rel}","templated":true}]}}