{"id":15709,"date":"2023-10-05T16:10:09","date_gmt":"2023-10-05T20:10:09","guid":{"rendered":"https:\/\/minutocerord.com\/?p=15709"},"modified":"2023-10-05T16:10:10","modified_gmt":"2023-10-05T20:10:10","slug":"policiales-pn-investiga-a-fondo-el-caso-de-6-cadaveres-de-neonatos-de-sde","status":"publish","type":"post","link":"https:\/\/minutocerord.com\/?p=15709","title":{"rendered":"POLICIALES | PN investiga a fondo el caso de 6 cad\u00e1veres de neonatos de SDE"},"content":{"rendered":"\n<p><strong>Santo Domingo Este.- <\/strong>Las autoridades ampl\u00edan las investigaciones en torno al hallazgo de los cad\u00e1veres de seis reci\u00e9n nacidos hallados en la puerta del cementerio Cristo Salvador de Santo Domingo Este, con el objetivo de establecer responsabilidades en torno a esa acci\u00f3n.<\/p>\n\n\n\n<p>La Polic\u00eda Nacional indic\u00f3 este jueves en un comunicado que agentes del cuerpo y miembros del Ministerio P\u00fablico realizan las pesquisas correspondientes para adoptar las acciones legales pertinentes contra quienes incurrieron en el manejo irresponsable de los neonatos, cuyos cuerpos quedaron abandonados en el suelo de la entrada del camposanto.<\/p>\n\n\n\n<p><strong>ANALIZAN CAMARAS DE SEGURIDAD&nbsp;<\/strong><\/p>\n\n\n\n<p>Asimismo, se\u00f1al\u00f3 que los investigadores est\u00e1n analizando el contenido de las c\u00e1maras de seguridad del entorno para establecer responsabilidades y esclarecer las circunstancias en las que se produjo el suceso.<\/p>\n\n\n\n<p>Investigadores policiales y fiscales visitaron el Hospital Ciudad Juan Bosch, de donde salieron los cuerpos, y la Funeraria Popular, contratada para dar cristiana sepultura a los seis cad\u00e1veres, en busca de informaci\u00f3n sobre lo ocurrido.<\/p>\n\n\n\n<p><strong>VERSI\u00d3N DE LA DIRECCI\u00d3N DEL HOSPITAL&nbsp;<\/strong><\/p>\n\n\n\n<p>En tanto, la direcci\u00f3n del Hospital Ciudad Juan Bosch asegur\u00f3, a trav\u00e9s de un comunicado de prensa, que los seis cad\u00e1veres fueron entregados a la funeraria con la cual tiene un convenio de pago por servicios, para que los cuerpos recibieran una sepultura digna, ya que los progenitores de los beb\u00e9s no se hicieron cargo de ellos.<\/p>\n\n\n\n<p>\u00abPor diversas razones algunos padres no retiran los cad\u00e1veres, especialmente cuando son de muy escasos recursos econ\u00f3micos, por lo que el centro de salud debe pagar por el servicio de sepultura\u00bb, apunt\u00f3 el Servicio Nacional de Salud (SNS) tras el hallazgo de los cuerpos.<\/p>\n\n\n\n<p>De acuerdo con la informaci\u00f3n facilitada por las autoridades, dos de los beb\u00e9s llegaron muertos tras ser referidos desde otros centros, mientras que uno de 38 semanas y otro de 40 fueron trasladados desde el Hospital de Guerra con diagn\u00f3stico de sepsis neonatal y los otros dos nacieron prematuros, de 24 y 25 semanas, respectivamente. EFE<\/p>\n","protected":false},"excerpt":{"rendered":"<p>Santo Domingo Este.- Las autoridades ampl\u00edan las investigaciones en torno al hallazgo de los cad\u00e1veres de seis reci\u00e9n nacidos hallados en la puerta del cementerio Cristo Salvador de Santo Domingo Este, con el objetivo de establecer responsabilidades en torno a esa acci\u00f3n. La Polic\u00eda Nacional indic\u00f3 este jueves en un comunicado que agentes del cuerpo [&hellip;]<\/p>\n","protected":false},"author":1,"featured_media":15710,"comment_status":"open","ping_status":"open","sticky":false,"template":"","format":"standard","meta":{"nf_dc_page":"","jetpack_post_was_ever_published":false,"_jetpack_newsletter_access":"","_jetpack_dont_email_post_to_subs":false,"_jetpack_newsletter_tier_id":0,"_jetpack_memberships_contains_paywalled_content":false,"_jetpack_memberships_contains_paid_content":false,"footnotes":"","jetpack_publicize_message":"","jetpack_publicize_feature_enabled":true,"jetpack_social_post_already_shared":false,"jetpack_social_options":{"image_generator_settings":{"template":"highway","default_image_id":0,"font":"","enabled":false},"version":2}},"categories":[99],"tags":[],"class_list":["post-15709","post","type-post","status-publish","format-standard","has-post-thumbnail","hentry","category-policiales"],"yoast_head":"<!-- This site is optimized with the Yoast SEO plugin v27.4 - https:\/\/yoast.com\/product\/yoast-seo-wordpress\/ -->\n<title>POLICIALES | PN investiga a fondo el caso de 6 cad\u00e1veres de neonatos de SDE - Minuto Cero RD<\/title>\n<meta name=\"robots\" content=\"index, follow, max-snippet:-1, max-image-preview:large, max-video-preview:-1\" \/>\n<link rel=\"canonical\" href=\"http:\/\/minutocerord.com\/?p=15709\" \/>\n<meta property=\"og:locale\" content=\"es_ES\" \/>\n<meta property=\"og:type\" content=\"article\" \/>\n<meta property=\"og:title\" content=\"POLICIALES | PN investiga a fondo el caso de 6 cad\u00e1veres de neonatos de SDE - Minuto Cero RD\" \/>\n<meta property=\"og:description\" content=\"Santo Domingo Este.- Las autoridades ampl\u00edan las investigaciones en torno al hallazgo de los cad\u00e1veres de seis reci\u00e9n nacidos hallados en la puerta del cementerio Cristo Salvador de Santo Domingo Este, con el objetivo de establecer responsabilidades en torno a esa acci\u00f3n. La Polic\u00eda Nacional indic\u00f3 este jueves en un comunicado que agentes del cuerpo [&hellip;]\" \/>\n<meta property=\"og:url\" content=\"http:\/\/minutocerord.com\/?p=15709\" \/>\n<meta property=\"og:site_name\" content=\"Minuto Cero RD\" \/>\n<meta property=\"article:publisher\" content=\"https:\/\/www.facebook.com\/Genofnotes\" \/>\n<meta property=\"article:author\" content=\"https:\/\/www.facebook.com\/Genofnotes\" \/>\n<meta property=\"article:published_time\" content=\"2023-10-05T20:10:09+00:00\" \/>\n<meta property=\"article:modified_time\" content=\"2023-10-05T20:10:10+00:00\" \/>\n<meta property=\"og:image\" content=\"https:\/\/i0.wp.com\/minutocerord.com\/wp-content\/uploads\/2023\/10\/dicrim-dania-acevedo-focus-0.14-0.23-896-504-1.jpg?fit=896%2C504\" \/>\n\t<meta property=\"og:image:width\" content=\"896\" \/>\n\t<meta property=\"og:image:height\" content=\"504\" \/>\n\t<meta property=\"og:image:type\" content=\"image\/jpeg\" \/>\n<meta name=\"author\" content=\"Genof\u00f3ntes Urb\u00e1ez\" \/>\n<meta name=\"twitter:card\" content=\"summary_large_image\" \/>\n<meta name=\"twitter:label1\" content=\"Written by\" \/>\n\t<meta name=\"twitter:data1\" content=\"Genof\u00f3ntes Urb\u00e1ez\" \/>\n\t<meta name=\"twitter:label2\" content=\"Est. reading time\" \/>\n\t<meta name=\"twitter:data2\" content=\"2 minutos\" \/>\n<script type=\"application\/ld+json\" class=\"yoast-schema-graph\">{\"@context\":\"https:\\\/\\\/schema.org\",\"@graph\":[{\"@type\":\"Article\",\"@id\":\"http:\\\/\\\/minutocerord.com\\\/?p=15709#article\",\"isPartOf\":{\"@id\":\"http:\\\/\\\/minutocerord.com\\\/?p=15709\"},\"author\":{\"name\":\"Genof\u00f3ntes Urb\u00e1ez\",\"@id\":\"https:\\\/\\\/minutocerord.com\\\/#\\\/schema\\\/person\\\/60b5372d60aaa0a5171fb6488be9aee6\"},\"headline\":\"POLICIALES | PN investiga a fondo el caso de 6 cad\u00e1veres de neonatos de SDE\",\"datePublished\":\"2023-10-05T20:10:09+00:00\",\"dateModified\":\"2023-10-05T20:10:10+00:00\",\"mainEntityOfPage\":{\"@id\":\"http:\\\/\\\/minutocerord.com\\\/?p=15709\"},\"wordCount\":359,\"commentCount\":0,\"publisher\":{\"@id\":\"https:\\\/\\\/minutocerord.com\\\/#\\\/schema\\\/person\\\/60b5372d60aaa0a5171fb6488be9aee6\"},\"image\":{\"@id\":\"http:\\\/\\\/minutocerord.com\\\/?p=15709#primaryimage\"},\"thumbnailUrl\":\"https:\\\/\\\/i0.wp.com\\\/minutocerord.com\\\/wp-content\\\/uploads\\\/2023\\\/10\\\/dicrim-dania-acevedo-focus-0.14-0.23-896-504-1.jpg?fit=896%2C504&ssl=1\",\"articleSection\":[\"POLICIALES\"],\"inLanguage\":\"es-DO\",\"potentialAction\":[{\"@type\":\"CommentAction\",\"name\":\"Comment\",\"target\":[\"http:\\\/\\\/minutocerord.com\\\/?p=15709#respond\"]}]},{\"@type\":\"WebPage\",\"@id\":\"http:\\\/\\\/minutocerord.com\\\/?p=15709\",\"url\":\"http:\\\/\\\/minutocerord.com\\\/?p=15709\",\"name\":\"POLICIALES | PN investiga a fondo el caso de 6 cad\u00e1veres de neonatos de SDE - Minuto Cero RD\",\"isPartOf\":{\"@id\":\"https:\\\/\\\/minutocerord.com\\\/#website\"},\"primaryImageOfPage\":{\"@id\":\"http:\\\/\\\/minutocerord.com\\\/?p=15709#primaryimage\"},\"image\":{\"@id\":\"http:\\\/\\\/minutocerord.com\\\/?p=15709#primaryimage\"},\"thumbnailUrl\":\"https:\\\/\\\/i0.wp.com\\\/minutocerord.com\\\/wp-content\\\/uploads\\\/2023\\\/10\\\/dicrim-dania-acevedo-focus-0.14-0.23-896-504-1.jpg?fit=896%2C504&ssl=1\",\"datePublished\":\"2023-10-05T20:10:09+00:00\",\"dateModified\":\"2023-10-05T20:10:10+00:00\",\"breadcrumb\":{\"@id\":\"http:\\\/\\\/minutocerord.com\\\/?p=15709#breadcrumb\"},\"inLanguage\":\"es-DO\",\"potentialAction\":[{\"@type\":\"ReadAction\",\"target\":[\"http:\\\/\\\/minutocerord.com\\\/?p=15709\"]}]},{\"@type\":\"ImageObject\",\"inLanguage\":\"es-DO\",\"@id\":\"http:\\\/\\\/minutocerord.com\\\/?p=15709#primaryimage\",\"url\":\"https:\\\/\\\/i0.wp.com\\\/minutocerord.com\\\/wp-content\\\/uploads\\\/2023\\\/10\\\/dicrim-dania-acevedo-focus-0.14-0.23-896-504-1.jpg?fit=896%2C504&ssl=1\",\"contentUrl\":\"https:\\\/\\\/i0.wp.com\\\/minutocerord.com\\\/wp-content\\\/uploads\\\/2023\\\/10\\\/dicrim-dania-acevedo-focus-0.14-0.23-896-504-1.jpg?fit=896%2C504&ssl=1\",\"width\":896,\"height\":504},{\"@type\":\"BreadcrumbList\",\"@id\":\"http:\\\/\\\/minutocerord.com\\\/?p=15709#breadcrumb\",\"itemListElement\":[{\"@type\":\"ListItem\",\"position\":1,\"name\":\"Home\",\"item\":\"https:\\\/\\\/minutocerord.com\\\/\"},{\"@type\":\"ListItem\",\"position\":2,\"name\":\"POLICIALES | PN investiga a fondo el caso de 6 cad\u00e1veres de neonatos de SDE\"}]},{\"@type\":\"WebSite\",\"@id\":\"https:\\\/\\\/minutocerord.com\\\/#website\",\"url\":\"https:\\\/\\\/minutocerord.com\\\/\",\"name\":\"Minuto Cero RD\",\"description\":\"Periodismo serio y veraz\",\"publisher\":{\"@id\":\"https:\\\/\\\/minutocerord.com\\\/#\\\/schema\\\/person\\\/60b5372d60aaa0a5171fb6488be9aee6\"},\"potentialAction\":[{\"@type\":\"SearchAction\",\"target\":{\"@type\":\"EntryPoint\",\"urlTemplate\":\"https:\\\/\\\/minutocerord.com\\\/?s={search_term_string}\"},\"query-input\":{\"@type\":\"PropertyValueSpecification\",\"valueRequired\":true,\"valueName\":\"search_term_string\"}}],\"inLanguage\":\"es-DO\"},{\"@type\":[\"Person\",\"Organization\"],\"@id\":\"https:\\\/\\\/minutocerord.com\\\/#\\\/schema\\\/person\\\/60b5372d60aaa0a5171fb6488be9aee6\",\"name\":\"Genof\u00f3ntes Urb\u00e1ez\",\"image\":{\"@type\":\"ImageObject\",\"inLanguage\":\"es-DO\",\"@id\":\"https:\\\/\\\/secure.gravatar.com\\\/avatar\\\/a49ef3186a692098ac3e8a1612261e3ad70cf9e44553dff2929e67939a0ecb9d?s=96&d=identicon&r=g\",\"url\":\"https:\\\/\\\/secure.gravatar.com\\\/avatar\\\/a49ef3186a692098ac3e8a1612261e3ad70cf9e44553dff2929e67939a0ecb9d?s=96&d=identicon&r=g\",\"contentUrl\":\"https:\\\/\\\/secure.gravatar.com\\\/avatar\\\/a49ef3186a692098ac3e8a1612261e3ad70cf9e44553dff2929e67939a0ecb9d?s=96&d=identicon&r=g\",\"caption\":\"Genof\u00f3ntes Urb\u00e1ez\"},\"logo\":{\"@id\":\"https:\\\/\\\/secure.gravatar.com\\\/avatar\\\/a49ef3186a692098ac3e8a1612261e3ad70cf9e44553dff2929e67939a0ecb9d?s=96&d=identicon&r=g\"},\"description\":\"Periodista \\\/ Locutor\",\"sameAs\":[\"https:\\\/\\\/www.facebook.com\\\/Genofnotes\",\"https:\\\/\\\/www.instagram.com\\\/genofnotes\\\/\"]}]}<\/script>\n<!-- \/ Yoast SEO plugin. -->","yoast_head_json":{"title":"POLICIALES | PN investiga a fondo el caso de 6 cad\u00e1veres de neonatos de SDE - Minuto Cero RD","robots":{"index":"index","follow":"follow","max-snippet":"max-snippet:-1","max-image-preview":"max-image-preview:large","max-video-preview":"max-video-preview:-1"},"canonical":"http:\/\/minutocerord.com\/?p=15709","og_locale":"es_ES","og_type":"article","og_title":"POLICIALES | PN investiga a fondo el caso de 6 cad\u00e1veres de neonatos de SDE - Minuto Cero RD","og_description":"Santo Domingo Este.- Las autoridades ampl\u00edan las investigaciones en torno al hallazgo de los cad\u00e1veres de seis reci\u00e9n nacidos hallados en la puerta del cementerio Cristo Salvador de Santo Domingo Este, con el objetivo de establecer responsabilidades en torno a esa acci\u00f3n. La Polic\u00eda Nacional indic\u00f3 este jueves en un comunicado que agentes del cuerpo [&hellip;]","og_url":"http:\/\/minutocerord.com\/?p=15709","og_site_name":"Minuto Cero RD","article_publisher":"https:\/\/www.facebook.com\/Genofnotes","article_author":"https:\/\/www.facebook.com\/Genofnotes","article_published_time":"2023-10-05T20:10:09+00:00","article_modified_time":"2023-10-05T20:10:10+00:00","og_image":[{"width":896,"height":504,"url":"https:\/\/i0.wp.com\/minutocerord.com\/wp-content\/uploads\/2023\/10\/dicrim-dania-acevedo-focus-0.14-0.23-896-504-1.jpg?fit=896%2C504","type":"image\/jpeg"}],"author":"Genof\u00f3ntes Urb\u00e1ez","twitter_card":"summary_large_image","twitter_misc":{"Written by":"Genof\u00f3ntes Urb\u00e1ez","Est. reading time":"2 minutos"},"schema":{"@context":"https:\/\/schema.org","@graph":[{"@type":"Article","@id":"http:\/\/minutocerord.com\/?p=15709#article","isPartOf":{"@id":"http:\/\/minutocerord.com\/?p=15709"},"author":{"name":"Genof\u00f3ntes Urb\u00e1ez","@id":"https:\/\/minutocerord.com\/#\/schema\/person\/60b5372d60aaa0a5171fb6488be9aee6"},"headline":"POLICIALES | PN investiga a fondo el caso de 6 cad\u00e1veres de neonatos de SDE","datePublished":"2023-10-05T20:10:09+00:00","dateModified":"2023-10-05T20:10:10+00:00","mainEntityOfPage":{"@id":"http:\/\/minutocerord.com\/?p=15709"},"wordCount":359,"commentCount":0,"publisher":{"@id":"https:\/\/minutocerord.com\/#\/schema\/person\/60b5372d60aaa0a5171fb6488be9aee6"},"image":{"@id":"http:\/\/minutocerord.com\/?p=15709#primaryimage"},"thumbnailUrl":"https:\/\/i0.wp.com\/minutocerord.com\/wp-content\/uploads\/2023\/10\/dicrim-dania-acevedo-focus-0.14-0.23-896-504-1.jpg?fit=896%2C504&ssl=1","articleSection":["POLICIALES"],"inLanguage":"es-DO","potentialAction":[{"@type":"CommentAction","name":"Comment","target":["http:\/\/minutocerord.com\/?p=15709#respond"]}]},{"@type":"WebPage","@id":"http:\/\/minutocerord.com\/?p=15709","url":"http:\/\/minutocerord.com\/?p=15709","name":"POLICIALES | PN investiga a fondo el caso de 6 cad\u00e1veres de neonatos de SDE - Minuto Cero RD","isPartOf":{"@id":"https:\/\/minutocerord.com\/#website"},"primaryImageOfPage":{"@id":"http:\/\/minutocerord.com\/?p=15709#primaryimage"},"image":{"@id":"http:\/\/minutocerord.com\/?p=15709#primaryimage"},"thumbnailUrl":"https:\/\/i0.wp.com\/minutocerord.com\/wp-content\/uploads\/2023\/10\/dicrim-dania-acevedo-focus-0.14-0.23-896-504-1.jpg?fit=896%2C504&ssl=1","datePublished":"2023-10-05T20:10:09+00:00","dateModified":"2023-10-05T20:10:10+00:00","breadcrumb":{"@id":"http:\/\/minutocerord.com\/?p=15709#breadcrumb"},"inLanguage":"es-DO","potentialAction":[{"@type":"ReadAction","target":["http:\/\/minutocerord.com\/?p=15709"]}]},{"@type":"ImageObject","inLanguage":"es-DO","@id":"http:\/\/minutocerord.com\/?p=15709#primaryimage","url":"https:\/\/i0.wp.com\/minutocerord.com\/wp-content\/uploads\/2023\/10\/dicrim-dania-acevedo-focus-0.14-0.23-896-504-1.jpg?fit=896%2C504&ssl=1","contentUrl":"https:\/\/i0.wp.com\/minutocerord.com\/wp-content\/uploads\/2023\/10\/dicrim-dania-acevedo-focus-0.14-0.23-896-504-1.jpg?fit=896%2C504&ssl=1","width":896,"height":504},{"@type":"BreadcrumbList","@id":"http:\/\/minutocerord.com\/?p=15709#breadcrumb","itemListElement":[{"@type":"ListItem","position":1,"name":"Home","item":"https:\/\/minutocerord.com\/"},{"@type":"ListItem","position":2,"name":"POLICIALES | PN investiga a fondo el caso de 6 cad\u00e1veres de neonatos de SDE"}]},{"@type":"WebSite","@id":"https:\/\/minutocerord.com\/#website","url":"https:\/\/minutocerord.com\/","name":"Minuto Cero RD","description":"Periodismo serio y veraz","publisher":{"@id":"https:\/\/minutocerord.com\/#\/schema\/person\/60b5372d60aaa0a5171fb6488be9aee6"},"potentialAction":[{"@type":"SearchAction","target":{"@type":"EntryPoint","urlTemplate":"https:\/\/minutocerord.com\/?s={search_term_string}"},"query-input":{"@type":"PropertyValueSpecification","valueRequired":true,"valueName":"search_term_string"}}],"inLanguage":"es-DO"},{"@type":["Person","Organization"],"@id":"https:\/\/minutocerord.com\/#\/schema\/person\/60b5372d60aaa0a5171fb6488be9aee6","name":"Genof\u00f3ntes Urb\u00e1ez","image":{"@type":"ImageObject","inLanguage":"es-DO","@id":"https:\/\/secure.gravatar.com\/avatar\/a49ef3186a692098ac3e8a1612261e3ad70cf9e44553dff2929e67939a0ecb9d?s=96&d=identicon&r=g","url":"https:\/\/secure.gravatar.com\/avatar\/a49ef3186a692098ac3e8a1612261e3ad70cf9e44553dff2929e67939a0ecb9d?s=96&d=identicon&r=g","contentUrl":"https:\/\/secure.gravatar.com\/avatar\/a49ef3186a692098ac3e8a1612261e3ad70cf9e44553dff2929e67939a0ecb9d?s=96&d=identicon&r=g","caption":"Genof\u00f3ntes Urb\u00e1ez"},"logo":{"@id":"https:\/\/secure.gravatar.com\/avatar\/a49ef3186a692098ac3e8a1612261e3ad70cf9e44553dff2929e67939a0ecb9d?s=96&d=identicon&r=g"},"description":"Periodista \/ Locutor","sameAs":["https:\/\/www.facebook.com\/Genofnotes","https:\/\/www.instagram.com\/genofnotes\/"]}]}},"jetpack_publicize_connections":[],"jetpack_featured_media_url":"https:\/\/i0.wp.com\/minutocerord.com\/wp-content\/uploads\/2023\/10\/dicrim-dania-acevedo-focus-0.14-0.23-896-504-1.jpg?fit=896%2C504&ssl=1","jetpack-related-posts":[],"jetpack_sharing_enabled":true,"_links":{"self":[{"href":"https:\/\/minutocerord.com\/index.php?rest_route=\/wp\/v2\/posts\/15709","targetHints":{"allow":["GET"]}}],"collection":[{"href":"https:\/\/minutocerord.com\/index.php?rest_route=\/wp\/v2\/posts"}],"about":[{"href":"https:\/\/minutocerord.com\/index.php?rest_route=\/wp\/v2\/types\/post"}],"author":[{"embeddable":true,"href":"https:\/\/minutocerord.com\/index.php?rest_route=\/wp\/v2\/users\/1"}],"replies":[{"embeddable":true,"href":"https:\/\/minutocerord.com\/index.php?rest_route=%2Fwp%2Fv2%2Fcomments&post=15709"}],"version-history":[{"count":1,"href":"https:\/\/minutocerord.com\/index.php?rest_route=\/wp\/v2\/posts\/15709\/revisions"}],"predecessor-version":[{"id":15711,"href":"https:\/\/minutocerord.com\/index.php?rest_route=\/wp\/v2\/posts\/15709\/revisions\/15711"}],"wp:featuredmedia":[{"embeddable":true,"href":"https:\/\/minutocerord.com\/index.php?rest_route=\/wp\/v2\/media\/15710"}],"wp:attachment":[{"href":"https:\/\/minutocerord.com\/index.php?rest_route=%2Fwp%2Fv2%2Fmedia&parent=15709"}],"wp:term":[{"taxonomy":"category","embeddable":true,"href":"https:\/\/minutocerord.com\/index.php?rest_route=%2Fwp%2Fv2%2Fcategories&post=15709"},{"taxonomy":"post_tag","embeddable":true,"href":"https:\/\/minutocerord.com\/index.php?rest_route=%2Fwp%2Fv2%2Ftags&post=15709"}],"curies":[{"name":"wp","href":"https:\/\/api.w.org\/{rel}","templated":true}]}}