{"id":15712,"date":"2023-10-05T16:19:00","date_gmt":"2023-10-05T20:19:00","guid":{"rendered":"https:\/\/minutocerord.com\/?p=15712"},"modified":"2023-10-05T16:19:02","modified_gmt":"2023-10-05T20:19:02","slug":"hackeo-migracion-dominicana-confirma-un-ciberataque-a-su-base-de-datos","status":"publish","type":"post","link":"https:\/\/minutocerord.com\/?p=15712","title":{"rendered":"HACKEO | Migraci\u00f3n dominicana confirma un ciberataque a su base de datos"},"content":{"rendered":"\n<p><strong>Santo Domingo. <\/strong>-La Direcci\u00f3n General de Migraci\u00f3n (DGM) de Rep\u00fablica Dominicana inform\u00f3 hoy que la base de datos de la instituci\u00f3n fue v\u00edctima de un \u00abincidente de seguridad cibern\u00e9tica\u00bb, que result\u00f3 en la exposici\u00f3n no autorizada de datos.<\/p>\n\n\n\n<p>En un comunicado de prensa, la DGM denunci\u00f3 que hechos de este tipo, incrementados a nivel global, y con mayor frecuencia en dependencias del Estado, son ejecutados por grupos internacionales de ciberdelincuentes.<\/p>\n\n\n\n<p>Precis\u00f3 que el 14 de septiembre la DGM detect\u00f3 actividad inusual en uno de sus sistemas y lo notific\u00f3 al Centro Nacional de Ciberseguridad (CNC)<\/p>\n\n\n\n<p>La entidad puntualiz\u00f3 que desde un inicio colabora con el CNC para la implementaci\u00f3n de medidas, el fortalecimiento de los controles y monitorear posibles actividades an\u00f3malas.<\/p>\n\n\n\n<p>Confirm\u00f3 que la filtraci\u00f3n \u00abpuede incluir nombres, direcciones y fechas de nacimiento\u00bb.<\/p>\n\n\n\n<p>No obstante, asegur\u00f3 que las operaciones y el cifrado de datos no se han visto comprometidas.<\/p>\n","protected":false},"excerpt":{"rendered":"<p>Santo Domingo. -La Direcci\u00f3n General de Migraci\u00f3n (DGM) de Rep\u00fablica Dominicana inform\u00f3 hoy que la base de datos de la instituci\u00f3n fue v\u00edctima de un \u00abincidente de seguridad cibern\u00e9tica\u00bb, que result\u00f3 en la exposici\u00f3n no autorizada de datos. En un comunicado de prensa, la DGM denunci\u00f3 que hechos de este tipo, incrementados a nivel global, [&hellip;]<\/p>\n","protected":false},"author":1,"featured_media":15713,"comment_status":"open","ping_status":"open","sticky":false,"template":"","format":"standard","meta":{"nf_dc_page":"","jetpack_post_was_ever_published":false,"_jetpack_newsletter_access":"","_jetpack_dont_email_post_to_subs":false,"_jetpack_newsletter_tier_id":0,"_jetpack_memberships_contains_paywalled_content":false,"_jetpack_memberships_contains_paid_content":false,"footnotes":"","jetpack_publicize_message":"","jetpack_publicize_feature_enabled":true,"jetpack_social_post_already_shared":false,"jetpack_social_options":{"image_generator_settings":{"template":"highway","default_image_id":0,"font":"","enabled":false},"version":2}},"categories":[65],"tags":[],"class_list":["post-15712","post","type-post","status-publish","format-standard","has-post-thumbnail","hentry","category-nacionales"],"yoast_head":"<!-- This site is optimized with the Yoast SEO plugin v27.4 - https:\/\/yoast.com\/product\/yoast-seo-wordpress\/ -->\n<title>HACKEO | Migraci\u00f3n dominicana confirma un ciberataque a su base de datos - Minuto Cero RD<\/title>\n<meta name=\"robots\" content=\"index, follow, max-snippet:-1, max-image-preview:large, max-video-preview:-1\" \/>\n<link rel=\"canonical\" href=\"http:\/\/minutocerord.com\/?p=15712\" \/>\n<meta property=\"og:locale\" content=\"es_ES\" \/>\n<meta property=\"og:type\" content=\"article\" \/>\n<meta property=\"og:title\" content=\"HACKEO | Migraci\u00f3n dominicana confirma un ciberataque a su base de datos - Minuto Cero RD\" \/>\n<meta property=\"og:description\" content=\"Santo Domingo. -La Direcci\u00f3n General de Migraci\u00f3n (DGM) de Rep\u00fablica Dominicana inform\u00f3 hoy que la base de datos de la instituci\u00f3n fue v\u00edctima de un \u00abincidente de seguridad cibern\u00e9tica\u00bb, que result\u00f3 en la exposici\u00f3n no autorizada de datos. En un comunicado de prensa, la DGM denunci\u00f3 que hechos de este tipo, incrementados a nivel global, [&hellip;]\" \/>\n<meta property=\"og:url\" content=\"http:\/\/minutocerord.com\/?p=15712\" \/>\n<meta property=\"og:site_name\" content=\"Minuto Cero RD\" \/>\n<meta property=\"article:publisher\" content=\"https:\/\/www.facebook.com\/Genofnotes\" \/>\n<meta property=\"article:author\" content=\"https:\/\/www.facebook.com\/Genofnotes\" \/>\n<meta property=\"article:published_time\" content=\"2023-10-05T20:19:00+00:00\" \/>\n<meta property=\"article:modified_time\" content=\"2023-10-05T20:19:02+00:00\" \/>\n<meta property=\"og:image\" content=\"https:\/\/i0.wp.com\/minutocerord.com\/wp-content\/uploads\/2023\/10\/Direccion-General-de-Migracion-1.jpg?fit=1020%2C479\" \/>\n\t<meta property=\"og:image:width\" content=\"1020\" \/>\n\t<meta property=\"og:image:height\" content=\"479\" \/>\n\t<meta property=\"og:image:type\" content=\"image\/jpeg\" \/>\n<meta name=\"author\" content=\"Genof\u00f3ntes Urb\u00e1ez\" \/>\n<meta name=\"twitter:card\" content=\"summary_large_image\" \/>\n<meta name=\"twitter:label1\" content=\"Written by\" \/>\n\t<meta name=\"twitter:data1\" content=\"Genof\u00f3ntes Urb\u00e1ez\" \/>\n\t<meta name=\"twitter:label2\" content=\"Est. reading time\" \/>\n\t<meta name=\"twitter:data2\" content=\"1 minuto\" \/>\n<script type=\"application\/ld+json\" class=\"yoast-schema-graph\">{\"@context\":\"https:\\\/\\\/schema.org\",\"@graph\":[{\"@type\":\"Article\",\"@id\":\"http:\\\/\\\/minutocerord.com\\\/?p=15712#article\",\"isPartOf\":{\"@id\":\"http:\\\/\\\/minutocerord.com\\\/?p=15712\"},\"author\":{\"name\":\"Genof\u00f3ntes Urb\u00e1ez\",\"@id\":\"https:\\\/\\\/minutocerord.com\\\/#\\\/schema\\\/person\\\/60b5372d60aaa0a5171fb6488be9aee6\"},\"headline\":\"HACKEO | Migraci\u00f3n dominicana confirma un ciberataque a su base de datos\",\"datePublished\":\"2023-10-05T20:19:00+00:00\",\"dateModified\":\"2023-10-05T20:19:02+00:00\",\"mainEntityOfPage\":{\"@id\":\"http:\\\/\\\/minutocerord.com\\\/?p=15712\"},\"wordCount\":170,\"commentCount\":0,\"publisher\":{\"@id\":\"https:\\\/\\\/minutocerord.com\\\/#\\\/schema\\\/person\\\/60b5372d60aaa0a5171fb6488be9aee6\"},\"image\":{\"@id\":\"http:\\\/\\\/minutocerord.com\\\/?p=15712#primaryimage\"},\"thumbnailUrl\":\"https:\\\/\\\/i0.wp.com\\\/minutocerord.com\\\/wp-content\\\/uploads\\\/2023\\\/10\\\/Direccion-General-de-Migracion-1.jpg?fit=1020%2C479&ssl=1\",\"articleSection\":[\"Nacionales\"],\"inLanguage\":\"es-DO\",\"potentialAction\":[{\"@type\":\"CommentAction\",\"name\":\"Comment\",\"target\":[\"http:\\\/\\\/minutocerord.com\\\/?p=15712#respond\"]}]},{\"@type\":\"WebPage\",\"@id\":\"http:\\\/\\\/minutocerord.com\\\/?p=15712\",\"url\":\"http:\\\/\\\/minutocerord.com\\\/?p=15712\",\"name\":\"HACKEO | Migraci\u00f3n dominicana confirma un ciberataque a su base de datos - Minuto Cero RD\",\"isPartOf\":{\"@id\":\"https:\\\/\\\/minutocerord.com\\\/#website\"},\"primaryImageOfPage\":{\"@id\":\"http:\\\/\\\/minutocerord.com\\\/?p=15712#primaryimage\"},\"image\":{\"@id\":\"http:\\\/\\\/minutocerord.com\\\/?p=15712#primaryimage\"},\"thumbnailUrl\":\"https:\\\/\\\/i0.wp.com\\\/minutocerord.com\\\/wp-content\\\/uploads\\\/2023\\\/10\\\/Direccion-General-de-Migracion-1.jpg?fit=1020%2C479&ssl=1\",\"datePublished\":\"2023-10-05T20:19:00+00:00\",\"dateModified\":\"2023-10-05T20:19:02+00:00\",\"breadcrumb\":{\"@id\":\"http:\\\/\\\/minutocerord.com\\\/?p=15712#breadcrumb\"},\"inLanguage\":\"es-DO\",\"potentialAction\":[{\"@type\":\"ReadAction\",\"target\":[\"http:\\\/\\\/minutocerord.com\\\/?p=15712\"]}]},{\"@type\":\"ImageObject\",\"inLanguage\":\"es-DO\",\"@id\":\"http:\\\/\\\/minutocerord.com\\\/?p=15712#primaryimage\",\"url\":\"https:\\\/\\\/i0.wp.com\\\/minutocerord.com\\\/wp-content\\\/uploads\\\/2023\\\/10\\\/Direccion-General-de-Migracion-1.jpg?fit=1020%2C479&ssl=1\",\"contentUrl\":\"https:\\\/\\\/i0.wp.com\\\/minutocerord.com\\\/wp-content\\\/uploads\\\/2023\\\/10\\\/Direccion-General-de-Migracion-1.jpg?fit=1020%2C479&ssl=1\",\"width\":1020,\"height\":479},{\"@type\":\"BreadcrumbList\",\"@id\":\"http:\\\/\\\/minutocerord.com\\\/?p=15712#breadcrumb\",\"itemListElement\":[{\"@type\":\"ListItem\",\"position\":1,\"name\":\"Home\",\"item\":\"https:\\\/\\\/minutocerord.com\\\/\"},{\"@type\":\"ListItem\",\"position\":2,\"name\":\"HACKEO | Migraci\u00f3n dominicana confirma un ciberataque a su base de datos\"}]},{\"@type\":\"WebSite\",\"@id\":\"https:\\\/\\\/minutocerord.com\\\/#website\",\"url\":\"https:\\\/\\\/minutocerord.com\\\/\",\"name\":\"Minuto Cero RD\",\"description\":\"Periodismo serio y veraz\",\"publisher\":{\"@id\":\"https:\\\/\\\/minutocerord.com\\\/#\\\/schema\\\/person\\\/60b5372d60aaa0a5171fb6488be9aee6\"},\"potentialAction\":[{\"@type\":\"SearchAction\",\"target\":{\"@type\":\"EntryPoint\",\"urlTemplate\":\"https:\\\/\\\/minutocerord.com\\\/?s={search_term_string}\"},\"query-input\":{\"@type\":\"PropertyValueSpecification\",\"valueRequired\":true,\"valueName\":\"search_term_string\"}}],\"inLanguage\":\"es-DO\"},{\"@type\":[\"Person\",\"Organization\"],\"@id\":\"https:\\\/\\\/minutocerord.com\\\/#\\\/schema\\\/person\\\/60b5372d60aaa0a5171fb6488be9aee6\",\"name\":\"Genof\u00f3ntes Urb\u00e1ez\",\"image\":{\"@type\":\"ImageObject\",\"inLanguage\":\"es-DO\",\"@id\":\"https:\\\/\\\/secure.gravatar.com\\\/avatar\\\/a49ef3186a692098ac3e8a1612261e3ad70cf9e44553dff2929e67939a0ecb9d?s=96&d=identicon&r=g\",\"url\":\"https:\\\/\\\/secure.gravatar.com\\\/avatar\\\/a49ef3186a692098ac3e8a1612261e3ad70cf9e44553dff2929e67939a0ecb9d?s=96&d=identicon&r=g\",\"contentUrl\":\"https:\\\/\\\/secure.gravatar.com\\\/avatar\\\/a49ef3186a692098ac3e8a1612261e3ad70cf9e44553dff2929e67939a0ecb9d?s=96&d=identicon&r=g\",\"caption\":\"Genof\u00f3ntes Urb\u00e1ez\"},\"logo\":{\"@id\":\"https:\\\/\\\/secure.gravatar.com\\\/avatar\\\/a49ef3186a692098ac3e8a1612261e3ad70cf9e44553dff2929e67939a0ecb9d?s=96&d=identicon&r=g\"},\"description\":\"Periodista \\\/ Locutor\",\"sameAs\":[\"https:\\\/\\\/www.facebook.com\\\/Genofnotes\",\"https:\\\/\\\/www.instagram.com\\\/genofnotes\\\/\"]}]}<\/script>\n<!-- \/ Yoast SEO plugin. -->","yoast_head_json":{"title":"HACKEO | Migraci\u00f3n dominicana confirma un ciberataque a su base de datos - Minuto Cero RD","robots":{"index":"index","follow":"follow","max-snippet":"max-snippet:-1","max-image-preview":"max-image-preview:large","max-video-preview":"max-video-preview:-1"},"canonical":"http:\/\/minutocerord.com\/?p=15712","og_locale":"es_ES","og_type":"article","og_title":"HACKEO | Migraci\u00f3n dominicana confirma un ciberataque a su base de datos - Minuto Cero RD","og_description":"Santo Domingo. -La Direcci\u00f3n General de Migraci\u00f3n (DGM) de Rep\u00fablica Dominicana inform\u00f3 hoy que la base de datos de la instituci\u00f3n fue v\u00edctima de un \u00abincidente de seguridad cibern\u00e9tica\u00bb, que result\u00f3 en la exposici\u00f3n no autorizada de datos. En un comunicado de prensa, la DGM denunci\u00f3 que hechos de este tipo, incrementados a nivel global, [&hellip;]","og_url":"http:\/\/minutocerord.com\/?p=15712","og_site_name":"Minuto Cero RD","article_publisher":"https:\/\/www.facebook.com\/Genofnotes","article_author":"https:\/\/www.facebook.com\/Genofnotes","article_published_time":"2023-10-05T20:19:00+00:00","article_modified_time":"2023-10-05T20:19:02+00:00","og_image":[{"width":1020,"height":479,"url":"https:\/\/i0.wp.com\/minutocerord.com\/wp-content\/uploads\/2023\/10\/Direccion-General-de-Migracion-1.jpg?fit=1020%2C479","type":"image\/jpeg"}],"author":"Genof\u00f3ntes Urb\u00e1ez","twitter_card":"summary_large_image","twitter_misc":{"Written by":"Genof\u00f3ntes Urb\u00e1ez","Est. reading time":"1 minuto"},"schema":{"@context":"https:\/\/schema.org","@graph":[{"@type":"Article","@id":"http:\/\/minutocerord.com\/?p=15712#article","isPartOf":{"@id":"http:\/\/minutocerord.com\/?p=15712"},"author":{"name":"Genof\u00f3ntes Urb\u00e1ez","@id":"https:\/\/minutocerord.com\/#\/schema\/person\/60b5372d60aaa0a5171fb6488be9aee6"},"headline":"HACKEO | Migraci\u00f3n dominicana confirma un ciberataque a su base de datos","datePublished":"2023-10-05T20:19:00+00:00","dateModified":"2023-10-05T20:19:02+00:00","mainEntityOfPage":{"@id":"http:\/\/minutocerord.com\/?p=15712"},"wordCount":170,"commentCount":0,"publisher":{"@id":"https:\/\/minutocerord.com\/#\/schema\/person\/60b5372d60aaa0a5171fb6488be9aee6"},"image":{"@id":"http:\/\/minutocerord.com\/?p=15712#primaryimage"},"thumbnailUrl":"https:\/\/i0.wp.com\/minutocerord.com\/wp-content\/uploads\/2023\/10\/Direccion-General-de-Migracion-1.jpg?fit=1020%2C479&ssl=1","articleSection":["Nacionales"],"inLanguage":"es-DO","potentialAction":[{"@type":"CommentAction","name":"Comment","target":["http:\/\/minutocerord.com\/?p=15712#respond"]}]},{"@type":"WebPage","@id":"http:\/\/minutocerord.com\/?p=15712","url":"http:\/\/minutocerord.com\/?p=15712","name":"HACKEO | Migraci\u00f3n dominicana confirma un ciberataque a su base de datos - Minuto Cero RD","isPartOf":{"@id":"https:\/\/minutocerord.com\/#website"},"primaryImageOfPage":{"@id":"http:\/\/minutocerord.com\/?p=15712#primaryimage"},"image":{"@id":"http:\/\/minutocerord.com\/?p=15712#primaryimage"},"thumbnailUrl":"https:\/\/i0.wp.com\/minutocerord.com\/wp-content\/uploads\/2023\/10\/Direccion-General-de-Migracion-1.jpg?fit=1020%2C479&ssl=1","datePublished":"2023-10-05T20:19:00+00:00","dateModified":"2023-10-05T20:19:02+00:00","breadcrumb":{"@id":"http:\/\/minutocerord.com\/?p=15712#breadcrumb"},"inLanguage":"es-DO","potentialAction":[{"@type":"ReadAction","target":["http:\/\/minutocerord.com\/?p=15712"]}]},{"@type":"ImageObject","inLanguage":"es-DO","@id":"http:\/\/minutocerord.com\/?p=15712#primaryimage","url":"https:\/\/i0.wp.com\/minutocerord.com\/wp-content\/uploads\/2023\/10\/Direccion-General-de-Migracion-1.jpg?fit=1020%2C479&ssl=1","contentUrl":"https:\/\/i0.wp.com\/minutocerord.com\/wp-content\/uploads\/2023\/10\/Direccion-General-de-Migracion-1.jpg?fit=1020%2C479&ssl=1","width":1020,"height":479},{"@type":"BreadcrumbList","@id":"http:\/\/minutocerord.com\/?p=15712#breadcrumb","itemListElement":[{"@type":"ListItem","position":1,"name":"Home","item":"https:\/\/minutocerord.com\/"},{"@type":"ListItem","position":2,"name":"HACKEO | Migraci\u00f3n dominicana confirma un ciberataque a su base de datos"}]},{"@type":"WebSite","@id":"https:\/\/minutocerord.com\/#website","url":"https:\/\/minutocerord.com\/","name":"Minuto Cero RD","description":"Periodismo serio y veraz","publisher":{"@id":"https:\/\/minutocerord.com\/#\/schema\/person\/60b5372d60aaa0a5171fb6488be9aee6"},"potentialAction":[{"@type":"SearchAction","target":{"@type":"EntryPoint","urlTemplate":"https:\/\/minutocerord.com\/?s={search_term_string}"},"query-input":{"@type":"PropertyValueSpecification","valueRequired":true,"valueName":"search_term_string"}}],"inLanguage":"es-DO"},{"@type":["Person","Organization"],"@id":"https:\/\/minutocerord.com\/#\/schema\/person\/60b5372d60aaa0a5171fb6488be9aee6","name":"Genof\u00f3ntes Urb\u00e1ez","image":{"@type":"ImageObject","inLanguage":"es-DO","@id":"https:\/\/secure.gravatar.com\/avatar\/a49ef3186a692098ac3e8a1612261e3ad70cf9e44553dff2929e67939a0ecb9d?s=96&d=identicon&r=g","url":"https:\/\/secure.gravatar.com\/avatar\/a49ef3186a692098ac3e8a1612261e3ad70cf9e44553dff2929e67939a0ecb9d?s=96&d=identicon&r=g","contentUrl":"https:\/\/secure.gravatar.com\/avatar\/a49ef3186a692098ac3e8a1612261e3ad70cf9e44553dff2929e67939a0ecb9d?s=96&d=identicon&r=g","caption":"Genof\u00f3ntes Urb\u00e1ez"},"logo":{"@id":"https:\/\/secure.gravatar.com\/avatar\/a49ef3186a692098ac3e8a1612261e3ad70cf9e44553dff2929e67939a0ecb9d?s=96&d=identicon&r=g"},"description":"Periodista \/ Locutor","sameAs":["https:\/\/www.facebook.com\/Genofnotes","https:\/\/www.instagram.com\/genofnotes\/"]}]}},"jetpack_publicize_connections":[],"jetpack_featured_media_url":"https:\/\/i0.wp.com\/minutocerord.com\/wp-content\/uploads\/2023\/10\/Direccion-General-de-Migracion-1.jpg?fit=1020%2C479&ssl=1","jetpack-related-posts":[],"jetpack_sharing_enabled":true,"_links":{"self":[{"href":"https:\/\/minutocerord.com\/index.php?rest_route=\/wp\/v2\/posts\/15712","targetHints":{"allow":["GET"]}}],"collection":[{"href":"https:\/\/minutocerord.com\/index.php?rest_route=\/wp\/v2\/posts"}],"about":[{"href":"https:\/\/minutocerord.com\/index.php?rest_route=\/wp\/v2\/types\/post"}],"author":[{"embeddable":true,"href":"https:\/\/minutocerord.com\/index.php?rest_route=\/wp\/v2\/users\/1"}],"replies":[{"embeddable":true,"href":"https:\/\/minutocerord.com\/index.php?rest_route=%2Fwp%2Fv2%2Fcomments&post=15712"}],"version-history":[{"count":1,"href":"https:\/\/minutocerord.com\/index.php?rest_route=\/wp\/v2\/posts\/15712\/revisions"}],"predecessor-version":[{"id":15714,"href":"https:\/\/minutocerord.com\/index.php?rest_route=\/wp\/v2\/posts\/15712\/revisions\/15714"}],"wp:featuredmedia":[{"embeddable":true,"href":"https:\/\/minutocerord.com\/index.php?rest_route=\/wp\/v2\/media\/15713"}],"wp:attachment":[{"href":"https:\/\/minutocerord.com\/index.php?rest_route=%2Fwp%2Fv2%2Fmedia&parent=15712"}],"wp:term":[{"taxonomy":"category","embeddable":true,"href":"https:\/\/minutocerord.com\/index.php?rest_route=%2Fwp%2Fv2%2Fcategories&post=15712"},{"taxonomy":"post_tag","embeddable":true,"href":"https:\/\/minutocerord.com\/index.php?rest_route=%2Fwp%2Fv2%2Ftags&post=15712"}],"curies":[{"name":"wp","href":"https:\/\/api.w.org\/{rel}","templated":true}]}}