{"id":15721,"date":"2023-10-05T17:13:51","date_gmt":"2023-10-05T21:13:51","guid":{"rendered":"https:\/\/minutocerord.com\/?p=15721"},"modified":"2023-10-05T17:13:52","modified_gmt":"2023-10-05T21:13:52","slug":"deceso-estudiante-de-17-anos-fallecio-de-un-infarto-en-san-juan","status":"publish","type":"post","link":"https:\/\/minutocerord.com\/?p=15721","title":{"rendered":"DECESO | Estudiante de 17 a\u00f1os falleci\u00f3 de un infarto en San Juan"},"content":{"rendered":"\n<p><strong>SAN JUAN DE LA MAGUANA.-<\/strong> Un estudiante del Polit\u00e9cnico San Pablo, en San Juan de la Maguana, falleci\u00f3 ayer aparentemente de un infarto mientras recib\u00eda atenciones en un centro de salud de este municipio.<\/p>\n\n\n\n<p>Carlos Tom\u00e1s Torres Ram\u00edrez, de 17 a\u00f1os, era estudiante de sexto curso (\u00faltimo a\u00f1o de bachillerato) del \u00e1rea de Inform\u00e1tica en el referido centro educativo.<\/p>\n\n\n\n<p>Los compa\u00f1eros del joven narraron que lentamente fue perdiendo el conocimiento.<\/p>\n\n\n\n<p>Las autoridades del centro educativo anunciaron la suspensi\u00f3n de la docencia este jueves por motivo del fallecimiento, y lamentaron lo ocurrido tras extender su apoyo y solidaridad a los familiares, seres queridos, amigos y allegados de Carlos.<\/p>\n\n\n\n<p>\u201cEn estos momentos de tristeza, rogamos a Dios por su eterno descanso\u201d, dijo la Direcci\u00f3n.<\/p>\n\n\n\n<p>*Por RAFAEL ACOSTA<\/p>\n","protected":false},"excerpt":{"rendered":"<p>SAN JUAN DE LA MAGUANA.- Un estudiante del Polit\u00e9cnico San Pablo, en San Juan de la Maguana, falleci\u00f3 ayer aparentemente de un infarto mientras recib\u00eda atenciones en un centro de salud de este municipio. Carlos Tom\u00e1s Torres Ram\u00edrez, de 17 a\u00f1os, era estudiante de sexto curso (\u00faltimo a\u00f1o de bachillerato) del \u00e1rea de Inform\u00e1tica en [&hellip;]<\/p>\n","protected":false},"author":1,"featured_media":15722,"comment_status":"open","ping_status":"open","sticky":false,"template":"","format":"standard","meta":{"nf_dc_page":"","jetpack_post_was_ever_published":false,"_jetpack_newsletter_access":"","_jetpack_dont_email_post_to_subs":false,"_jetpack_newsletter_tier_id":0,"_jetpack_memberships_contains_paywalled_content":false,"_jetpack_memberships_contains_paid_content":false,"footnotes":"","jetpack_publicize_message":"","jetpack_publicize_feature_enabled":true,"jetpack_social_post_already_shared":false,"jetpack_social_options":{"image_generator_settings":{"template":"highway","default_image_id":0,"font":"","enabled":false},"version":2}},"categories":[65],"tags":[],"class_list":["post-15721","post","type-post","status-publish","format-standard","has-post-thumbnail","hentry","category-nacionales"],"yoast_head":"<!-- This site is optimized with the Yoast SEO plugin v27.4 - https:\/\/yoast.com\/product\/yoast-seo-wordpress\/ -->\n<title>DECESO | Estudiante de 17 a\u00f1os falleci\u00f3 de un infarto en San Juan - Minuto Cero RD<\/title>\n<meta name=\"robots\" content=\"index, follow, max-snippet:-1, max-image-preview:large, max-video-preview:-1\" \/>\n<link rel=\"canonical\" href=\"http:\/\/minutocerord.com\/?p=15721\" \/>\n<meta property=\"og:locale\" content=\"es_ES\" \/>\n<meta property=\"og:type\" content=\"article\" \/>\n<meta property=\"og:title\" content=\"DECESO | Estudiante de 17 a\u00f1os falleci\u00f3 de un infarto en San Juan - Minuto Cero RD\" \/>\n<meta property=\"og:description\" content=\"SAN JUAN DE LA MAGUANA.- Un estudiante del Polit\u00e9cnico San Pablo, en San Juan de la Maguana, falleci\u00f3 ayer aparentemente de un infarto mientras recib\u00eda atenciones en un centro de salud de este municipio. Carlos Tom\u00e1s Torres Ram\u00edrez, de 17 a\u00f1os, era estudiante de sexto curso (\u00faltimo a\u00f1o de bachillerato) del \u00e1rea de Inform\u00e1tica en [&hellip;]\" \/>\n<meta property=\"og:url\" content=\"http:\/\/minutocerord.com\/?p=15721\" \/>\n<meta property=\"og:site_name\" content=\"Minuto Cero RD\" \/>\n<meta property=\"article:publisher\" content=\"https:\/\/www.facebook.com\/Genofnotes\" \/>\n<meta property=\"article:author\" content=\"https:\/\/www.facebook.com\/Genofnotes\" \/>\n<meta property=\"article:published_time\" content=\"2023-10-05T21:13:51+00:00\" \/>\n<meta property=\"article:modified_time\" content=\"2023-10-05T21:13:52+00:00\" \/>\n<meta property=\"og:image\" content=\"https:\/\/i0.wp.com\/minutocerord.com\/wp-content\/uploads\/2023\/10\/OOOOOOOOOOOOOOOOOO-1.jpg?fit=692%2C446\" \/>\n\t<meta property=\"og:image:width\" content=\"692\" \/>\n\t<meta property=\"og:image:height\" content=\"446\" \/>\n\t<meta property=\"og:image:type\" content=\"image\/jpeg\" \/>\n<meta name=\"author\" content=\"Genof\u00f3ntes Urb\u00e1ez\" \/>\n<meta name=\"twitter:card\" content=\"summary_large_image\" \/>\n<meta name=\"twitter:label1\" content=\"Written by\" \/>\n\t<meta name=\"twitter:data1\" content=\"Genof\u00f3ntes Urb\u00e1ez\" \/>\n\t<meta name=\"twitter:label2\" content=\"Est. reading time\" \/>\n\t<meta name=\"twitter:data2\" content=\"1 minuto\" \/>\n<script type=\"application\/ld+json\" class=\"yoast-schema-graph\">{\"@context\":\"https:\\\/\\\/schema.org\",\"@graph\":[{\"@type\":\"Article\",\"@id\":\"http:\\\/\\\/minutocerord.com\\\/?p=15721#article\",\"isPartOf\":{\"@id\":\"http:\\\/\\\/minutocerord.com\\\/?p=15721\"},\"author\":{\"name\":\"Genof\u00f3ntes Urb\u00e1ez\",\"@id\":\"https:\\\/\\\/minutocerord.com\\\/#\\\/schema\\\/person\\\/60b5372d60aaa0a5171fb6488be9aee6\"},\"headline\":\"DECESO | Estudiante de 17 a\u00f1os falleci\u00f3 de un infarto en San Juan\",\"datePublished\":\"2023-10-05T21:13:51+00:00\",\"dateModified\":\"2023-10-05T21:13:52+00:00\",\"mainEntityOfPage\":{\"@id\":\"http:\\\/\\\/minutocerord.com\\\/?p=15721\"},\"wordCount\":147,\"commentCount\":0,\"publisher\":{\"@id\":\"https:\\\/\\\/minutocerord.com\\\/#\\\/schema\\\/person\\\/60b5372d60aaa0a5171fb6488be9aee6\"},\"image\":{\"@id\":\"http:\\\/\\\/minutocerord.com\\\/?p=15721#primaryimage\"},\"thumbnailUrl\":\"https:\\\/\\\/i0.wp.com\\\/minutocerord.com\\\/wp-content\\\/uploads\\\/2023\\\/10\\\/OOOOOOOOOOOOOOOOOO-1.jpg?fit=692%2C446&ssl=1\",\"articleSection\":[\"Nacionales\"],\"inLanguage\":\"es-DO\",\"potentialAction\":[{\"@type\":\"CommentAction\",\"name\":\"Comment\",\"target\":[\"http:\\\/\\\/minutocerord.com\\\/?p=15721#respond\"]}]},{\"@type\":\"WebPage\",\"@id\":\"http:\\\/\\\/minutocerord.com\\\/?p=15721\",\"url\":\"http:\\\/\\\/minutocerord.com\\\/?p=15721\",\"name\":\"DECESO | Estudiante de 17 a\u00f1os falleci\u00f3 de un infarto en San Juan - Minuto Cero RD\",\"isPartOf\":{\"@id\":\"https:\\\/\\\/minutocerord.com\\\/#website\"},\"primaryImageOfPage\":{\"@id\":\"http:\\\/\\\/minutocerord.com\\\/?p=15721#primaryimage\"},\"image\":{\"@id\":\"http:\\\/\\\/minutocerord.com\\\/?p=15721#primaryimage\"},\"thumbnailUrl\":\"https:\\\/\\\/i0.wp.com\\\/minutocerord.com\\\/wp-content\\\/uploads\\\/2023\\\/10\\\/OOOOOOOOOOOOOOOOOO-1.jpg?fit=692%2C446&ssl=1\",\"datePublished\":\"2023-10-05T21:13:51+00:00\",\"dateModified\":\"2023-10-05T21:13:52+00:00\",\"breadcrumb\":{\"@id\":\"http:\\\/\\\/minutocerord.com\\\/?p=15721#breadcrumb\"},\"inLanguage\":\"es-DO\",\"potentialAction\":[{\"@type\":\"ReadAction\",\"target\":[\"http:\\\/\\\/minutocerord.com\\\/?p=15721\"]}]},{\"@type\":\"ImageObject\",\"inLanguage\":\"es-DO\",\"@id\":\"http:\\\/\\\/minutocerord.com\\\/?p=15721#primaryimage\",\"url\":\"https:\\\/\\\/i0.wp.com\\\/minutocerord.com\\\/wp-content\\\/uploads\\\/2023\\\/10\\\/OOOOOOOOOOOOOOOOOO-1.jpg?fit=692%2C446&ssl=1\",\"contentUrl\":\"https:\\\/\\\/i0.wp.com\\\/minutocerord.com\\\/wp-content\\\/uploads\\\/2023\\\/10\\\/OOOOOOOOOOOOOOOOOO-1.jpg?fit=692%2C446&ssl=1\",\"width\":692,\"height\":446},{\"@type\":\"BreadcrumbList\",\"@id\":\"http:\\\/\\\/minutocerord.com\\\/?p=15721#breadcrumb\",\"itemListElement\":[{\"@type\":\"ListItem\",\"position\":1,\"name\":\"Home\",\"item\":\"https:\\\/\\\/minutocerord.com\\\/\"},{\"@type\":\"ListItem\",\"position\":2,\"name\":\"DECESO | Estudiante de 17 a\u00f1os falleci\u00f3 de un infarto en San Juan\"}]},{\"@type\":\"WebSite\",\"@id\":\"https:\\\/\\\/minutocerord.com\\\/#website\",\"url\":\"https:\\\/\\\/minutocerord.com\\\/\",\"name\":\"Minuto Cero RD\",\"description\":\"Periodismo serio y veraz\",\"publisher\":{\"@id\":\"https:\\\/\\\/minutocerord.com\\\/#\\\/schema\\\/person\\\/60b5372d60aaa0a5171fb6488be9aee6\"},\"potentialAction\":[{\"@type\":\"SearchAction\",\"target\":{\"@type\":\"EntryPoint\",\"urlTemplate\":\"https:\\\/\\\/minutocerord.com\\\/?s={search_term_string}\"},\"query-input\":{\"@type\":\"PropertyValueSpecification\",\"valueRequired\":true,\"valueName\":\"search_term_string\"}}],\"inLanguage\":\"es-DO\"},{\"@type\":[\"Person\",\"Organization\"],\"@id\":\"https:\\\/\\\/minutocerord.com\\\/#\\\/schema\\\/person\\\/60b5372d60aaa0a5171fb6488be9aee6\",\"name\":\"Genof\u00f3ntes Urb\u00e1ez\",\"image\":{\"@type\":\"ImageObject\",\"inLanguage\":\"es-DO\",\"@id\":\"https:\\\/\\\/secure.gravatar.com\\\/avatar\\\/a49ef3186a692098ac3e8a1612261e3ad70cf9e44553dff2929e67939a0ecb9d?s=96&d=identicon&r=g\",\"url\":\"https:\\\/\\\/secure.gravatar.com\\\/avatar\\\/a49ef3186a692098ac3e8a1612261e3ad70cf9e44553dff2929e67939a0ecb9d?s=96&d=identicon&r=g\",\"contentUrl\":\"https:\\\/\\\/secure.gravatar.com\\\/avatar\\\/a49ef3186a692098ac3e8a1612261e3ad70cf9e44553dff2929e67939a0ecb9d?s=96&d=identicon&r=g\",\"caption\":\"Genof\u00f3ntes Urb\u00e1ez\"},\"logo\":{\"@id\":\"https:\\\/\\\/secure.gravatar.com\\\/avatar\\\/a49ef3186a692098ac3e8a1612261e3ad70cf9e44553dff2929e67939a0ecb9d?s=96&d=identicon&r=g\"},\"description\":\"Periodista \\\/ Locutor\",\"sameAs\":[\"https:\\\/\\\/www.facebook.com\\\/Genofnotes\",\"https:\\\/\\\/www.instagram.com\\\/genofnotes\\\/\"]}]}<\/script>\n<!-- \/ Yoast SEO plugin. -->","yoast_head_json":{"title":"DECESO | Estudiante de 17 a\u00f1os falleci\u00f3 de un infarto en San Juan - Minuto Cero RD","robots":{"index":"index","follow":"follow","max-snippet":"max-snippet:-1","max-image-preview":"max-image-preview:large","max-video-preview":"max-video-preview:-1"},"canonical":"http:\/\/minutocerord.com\/?p=15721","og_locale":"es_ES","og_type":"article","og_title":"DECESO | Estudiante de 17 a\u00f1os falleci\u00f3 de un infarto en San Juan - Minuto Cero RD","og_description":"SAN JUAN DE LA MAGUANA.- Un estudiante del Polit\u00e9cnico San Pablo, en San Juan de la Maguana, falleci\u00f3 ayer aparentemente de un infarto mientras recib\u00eda atenciones en un centro de salud de este municipio. Carlos Tom\u00e1s Torres Ram\u00edrez, de 17 a\u00f1os, era estudiante de sexto curso (\u00faltimo a\u00f1o de bachillerato) del \u00e1rea de Inform\u00e1tica en [&hellip;]","og_url":"http:\/\/minutocerord.com\/?p=15721","og_site_name":"Minuto Cero RD","article_publisher":"https:\/\/www.facebook.com\/Genofnotes","article_author":"https:\/\/www.facebook.com\/Genofnotes","article_published_time":"2023-10-05T21:13:51+00:00","article_modified_time":"2023-10-05T21:13:52+00:00","og_image":[{"width":692,"height":446,"url":"https:\/\/i0.wp.com\/minutocerord.com\/wp-content\/uploads\/2023\/10\/OOOOOOOOOOOOOOOOOO-1.jpg?fit=692%2C446","type":"image\/jpeg"}],"author":"Genof\u00f3ntes Urb\u00e1ez","twitter_card":"summary_large_image","twitter_misc":{"Written by":"Genof\u00f3ntes Urb\u00e1ez","Est. reading time":"1 minuto"},"schema":{"@context":"https:\/\/schema.org","@graph":[{"@type":"Article","@id":"http:\/\/minutocerord.com\/?p=15721#article","isPartOf":{"@id":"http:\/\/minutocerord.com\/?p=15721"},"author":{"name":"Genof\u00f3ntes Urb\u00e1ez","@id":"https:\/\/minutocerord.com\/#\/schema\/person\/60b5372d60aaa0a5171fb6488be9aee6"},"headline":"DECESO | Estudiante de 17 a\u00f1os falleci\u00f3 de un infarto en San Juan","datePublished":"2023-10-05T21:13:51+00:00","dateModified":"2023-10-05T21:13:52+00:00","mainEntityOfPage":{"@id":"http:\/\/minutocerord.com\/?p=15721"},"wordCount":147,"commentCount":0,"publisher":{"@id":"https:\/\/minutocerord.com\/#\/schema\/person\/60b5372d60aaa0a5171fb6488be9aee6"},"image":{"@id":"http:\/\/minutocerord.com\/?p=15721#primaryimage"},"thumbnailUrl":"https:\/\/i0.wp.com\/minutocerord.com\/wp-content\/uploads\/2023\/10\/OOOOOOOOOOOOOOOOOO-1.jpg?fit=692%2C446&ssl=1","articleSection":["Nacionales"],"inLanguage":"es-DO","potentialAction":[{"@type":"CommentAction","name":"Comment","target":["http:\/\/minutocerord.com\/?p=15721#respond"]}]},{"@type":"WebPage","@id":"http:\/\/minutocerord.com\/?p=15721","url":"http:\/\/minutocerord.com\/?p=15721","name":"DECESO | Estudiante de 17 a\u00f1os falleci\u00f3 de un infarto en San Juan - Minuto Cero RD","isPartOf":{"@id":"https:\/\/minutocerord.com\/#website"},"primaryImageOfPage":{"@id":"http:\/\/minutocerord.com\/?p=15721#primaryimage"},"image":{"@id":"http:\/\/minutocerord.com\/?p=15721#primaryimage"},"thumbnailUrl":"https:\/\/i0.wp.com\/minutocerord.com\/wp-content\/uploads\/2023\/10\/OOOOOOOOOOOOOOOOOO-1.jpg?fit=692%2C446&ssl=1","datePublished":"2023-10-05T21:13:51+00:00","dateModified":"2023-10-05T21:13:52+00:00","breadcrumb":{"@id":"http:\/\/minutocerord.com\/?p=15721#breadcrumb"},"inLanguage":"es-DO","potentialAction":[{"@type":"ReadAction","target":["http:\/\/minutocerord.com\/?p=15721"]}]},{"@type":"ImageObject","inLanguage":"es-DO","@id":"http:\/\/minutocerord.com\/?p=15721#primaryimage","url":"https:\/\/i0.wp.com\/minutocerord.com\/wp-content\/uploads\/2023\/10\/OOOOOOOOOOOOOOOOOO-1.jpg?fit=692%2C446&ssl=1","contentUrl":"https:\/\/i0.wp.com\/minutocerord.com\/wp-content\/uploads\/2023\/10\/OOOOOOOOOOOOOOOOOO-1.jpg?fit=692%2C446&ssl=1","width":692,"height":446},{"@type":"BreadcrumbList","@id":"http:\/\/minutocerord.com\/?p=15721#breadcrumb","itemListElement":[{"@type":"ListItem","position":1,"name":"Home","item":"https:\/\/minutocerord.com\/"},{"@type":"ListItem","position":2,"name":"DECESO | Estudiante de 17 a\u00f1os falleci\u00f3 de un infarto en San Juan"}]},{"@type":"WebSite","@id":"https:\/\/minutocerord.com\/#website","url":"https:\/\/minutocerord.com\/","name":"Minuto Cero RD","description":"Periodismo serio y veraz","publisher":{"@id":"https:\/\/minutocerord.com\/#\/schema\/person\/60b5372d60aaa0a5171fb6488be9aee6"},"potentialAction":[{"@type":"SearchAction","target":{"@type":"EntryPoint","urlTemplate":"https:\/\/minutocerord.com\/?s={search_term_string}"},"query-input":{"@type":"PropertyValueSpecification","valueRequired":true,"valueName":"search_term_string"}}],"inLanguage":"es-DO"},{"@type":["Person","Organization"],"@id":"https:\/\/minutocerord.com\/#\/schema\/person\/60b5372d60aaa0a5171fb6488be9aee6","name":"Genof\u00f3ntes Urb\u00e1ez","image":{"@type":"ImageObject","inLanguage":"es-DO","@id":"https:\/\/secure.gravatar.com\/avatar\/a49ef3186a692098ac3e8a1612261e3ad70cf9e44553dff2929e67939a0ecb9d?s=96&d=identicon&r=g","url":"https:\/\/secure.gravatar.com\/avatar\/a49ef3186a692098ac3e8a1612261e3ad70cf9e44553dff2929e67939a0ecb9d?s=96&d=identicon&r=g","contentUrl":"https:\/\/secure.gravatar.com\/avatar\/a49ef3186a692098ac3e8a1612261e3ad70cf9e44553dff2929e67939a0ecb9d?s=96&d=identicon&r=g","caption":"Genof\u00f3ntes Urb\u00e1ez"},"logo":{"@id":"https:\/\/secure.gravatar.com\/avatar\/a49ef3186a692098ac3e8a1612261e3ad70cf9e44553dff2929e67939a0ecb9d?s=96&d=identicon&r=g"},"description":"Periodista \/ Locutor","sameAs":["https:\/\/www.facebook.com\/Genofnotes","https:\/\/www.instagram.com\/genofnotes\/"]}]}},"jetpack_publicize_connections":[],"jetpack_featured_media_url":"https:\/\/i0.wp.com\/minutocerord.com\/wp-content\/uploads\/2023\/10\/OOOOOOOOOOOOOOOOOO-1.jpg?fit=692%2C446&ssl=1","jetpack-related-posts":[],"jetpack_sharing_enabled":true,"_links":{"self":[{"href":"https:\/\/minutocerord.com\/index.php?rest_route=\/wp\/v2\/posts\/15721","targetHints":{"allow":["GET"]}}],"collection":[{"href":"https:\/\/minutocerord.com\/index.php?rest_route=\/wp\/v2\/posts"}],"about":[{"href":"https:\/\/minutocerord.com\/index.php?rest_route=\/wp\/v2\/types\/post"}],"author":[{"embeddable":true,"href":"https:\/\/minutocerord.com\/index.php?rest_route=\/wp\/v2\/users\/1"}],"replies":[{"embeddable":true,"href":"https:\/\/minutocerord.com\/index.php?rest_route=%2Fwp%2Fv2%2Fcomments&post=15721"}],"version-history":[{"count":1,"href":"https:\/\/minutocerord.com\/index.php?rest_route=\/wp\/v2\/posts\/15721\/revisions"}],"predecessor-version":[{"id":15723,"href":"https:\/\/minutocerord.com\/index.php?rest_route=\/wp\/v2\/posts\/15721\/revisions\/15723"}],"wp:featuredmedia":[{"embeddable":true,"href":"https:\/\/minutocerord.com\/index.php?rest_route=\/wp\/v2\/media\/15722"}],"wp:attachment":[{"href":"https:\/\/minutocerord.com\/index.php?rest_route=%2Fwp%2Fv2%2Fmedia&parent=15721"}],"wp:term":[{"taxonomy":"category","embeddable":true,"href":"https:\/\/minutocerord.com\/index.php?rest_route=%2Fwp%2Fv2%2Fcategories&post=15721"},{"taxonomy":"post_tag","embeddable":true,"href":"https:\/\/minutocerord.com\/index.php?rest_route=%2Fwp%2Fv2%2Ftags&post=15721"}],"curies":[{"name":"wp","href":"https:\/\/api.w.org\/{rel}","templated":true}]}}