{"id":15733,"date":"2023-10-05T18:17:55","date_gmt":"2023-10-05T22:17:55","guid":{"rendered":"https:\/\/minutocerord.com\/?p=15733"},"modified":"2023-10-05T18:17:57","modified_gmt":"2023-10-05T22:17:57","slug":"fuerza-de-paz-queda-en-veremos-envio-a-haiti-de-una-fuerza-liderada-por-kenia","status":"publish","type":"post","link":"https:\/\/minutocerord.com\/?p=15733","title":{"rendered":"FUERZA DE PAZ | Queda en \u201cveremos\u201d env\u00edo a Hait\u00ed de una fuerza liderada por Kenia"},"content":{"rendered":"\n<p><a href=\"https:\/\/almomento.net\/wp-content\/uploads\/2023\/10\/Untitled-12.jpg\"><\/a><strong>NAIROBI.-<\/strong>El despliegue de una fuerza de pacificaci\u00f3n en Hait\u00ed ha quedado envuelto en un manto de incertidumbre tras la destituci\u00f3n del ministro de Asuntos Exteriores de Kenia, Alfred Mutua.<\/p>\n\n\n\n<p>El presidente William Ruto reasign\u00f3 a Mutua al Ministerio de Turismo y puso el Ministerio de Asuntos Exteriores bajo la responsabilidad del Primer Secretario del Gabinete, que depende de su estrecho aliado, Musalia Mudavadi.<\/p>\n\n\n\n<p>La medida es vista como un intento de darle al c\u00edrculo \u00edntimo de Ruto m\u00e1s influencia sobre los asuntos diplom\u00e1ticos.<\/p>\n\n\n\n<p>El Consejo de Seguridad de la ONU aprob\u00f3 el martes el despliegue de la fuerza. Ruto acogi\u00f3 con satisfacci\u00f3n su decisi\u00f3n, pero no mencion\u00f3 cu\u00e1ndo se enviar\u00eda la polic\u00eda.<\/p>\n\n\n\n<p><strong>MEDIDA NO ES CORRECTA<\/strong><\/p>\n\n\n\n<p>Mientras tanto, crece en esta rep\u00fablica africana la controversia sobre los planes de enviar polic\u00edas a Hait\u00ed para luchar contra las pandillas.<\/p>\n\n\n\n<p>El l\u00edder de la oposici\u00f3n de Kenia, el ex primer ministro Raila Odinga, ha afirmado que \u00abno es una medida correcta\u00bb la decisi\u00f3n de su pa\u00eds de liderar la misi\u00f3n multinacional para Hait\u00ed aprobada este lunes por el Consejo de Seguridad de la ONU, seg\u00fan una entrevista que publican este jueves medios locales.<\/p>\n\n\n\n<p>\u00abNo creo que sea la medida correcta. La pregunta que deber\u00edamos hacernos es: \u00bfpor qu\u00e9 Kenia?\u00bb, afirm\u00f3 Odinga durante una entrevista con la cadena de televisi\u00f3n KTN News hecha a \u00faltima hora de este jueves y que recogen hoy medios kenianos.<\/p>\n","protected":false},"excerpt":{"rendered":"<p>NAIROBI.-El despliegue de una fuerza de pacificaci\u00f3n en Hait\u00ed ha quedado envuelto en un manto de incertidumbre tras la destituci\u00f3n del ministro de Asuntos Exteriores de Kenia, Alfred Mutua. El presidente William Ruto reasign\u00f3 a Mutua al Ministerio de Turismo y puso el Ministerio de Asuntos Exteriores bajo la responsabilidad del Primer Secretario del Gabinete, [&hellip;]<\/p>\n","protected":false},"author":1,"featured_media":15734,"comment_status":"open","ping_status":"open","sticky":false,"template":"","format":"standard","meta":{"nf_dc_page":"","jetpack_post_was_ever_published":false,"_jetpack_newsletter_access":"","_jetpack_dont_email_post_to_subs":false,"_jetpack_newsletter_tier_id":0,"_jetpack_memberships_contains_paywalled_content":false,"_jetpack_memberships_contains_paid_content":false,"footnotes":"","jetpack_publicize_message":"","jetpack_publicize_feature_enabled":true,"jetpack_social_post_already_shared":false,"jetpack_social_options":{"image_generator_settings":{"template":"highway","default_image_id":0,"font":"","enabled":false},"version":2}},"categories":[66],"tags":[],"class_list":["post-15733","post","type-post","status-publish","format-standard","has-post-thumbnail","hentry","category-internacionales"],"yoast_head":"<!-- This site is optimized with the Yoast SEO plugin v27.4 - https:\/\/yoast.com\/product\/yoast-seo-wordpress\/ -->\n<title>FUERZA DE PAZ | Queda en \u201cveremos\u201d env\u00edo a Hait\u00ed de una fuerza liderada por Kenia - Minuto Cero RD<\/title>\n<meta name=\"robots\" content=\"index, follow, max-snippet:-1, max-image-preview:large, max-video-preview:-1\" \/>\n<link rel=\"canonical\" href=\"http:\/\/minutocerord.com\/?p=15733\" \/>\n<meta property=\"og:locale\" content=\"es_ES\" \/>\n<meta property=\"og:type\" content=\"article\" \/>\n<meta property=\"og:title\" content=\"FUERZA DE PAZ | Queda en \u201cveremos\u201d env\u00edo a Hait\u00ed de una fuerza liderada por Kenia - Minuto Cero RD\" \/>\n<meta property=\"og:description\" content=\"NAIROBI.-El despliegue de una fuerza de pacificaci\u00f3n en Hait\u00ed ha quedado envuelto en un manto de incertidumbre tras la destituci\u00f3n del ministro de Asuntos Exteriores de Kenia, Alfred Mutua. El presidente William Ruto reasign\u00f3 a Mutua al Ministerio de Turismo y puso el Ministerio de Asuntos Exteriores bajo la responsabilidad del Primer Secretario del Gabinete, [&hellip;]\" \/>\n<meta property=\"og:url\" content=\"http:\/\/minutocerord.com\/?p=15733\" \/>\n<meta property=\"og:site_name\" content=\"Minuto Cero RD\" \/>\n<meta property=\"article:publisher\" content=\"https:\/\/www.facebook.com\/Genofnotes\" \/>\n<meta property=\"article:author\" content=\"https:\/\/www.facebook.com\/Genofnotes\" \/>\n<meta property=\"article:published_time\" content=\"2023-10-05T22:17:55+00:00\" \/>\n<meta property=\"article:modified_time\" content=\"2023-10-05T22:17:57+00:00\" \/>\n<meta property=\"og:image\" content=\"https:\/\/i0.wp.com\/minutocerord.com\/wp-content\/uploads\/2023\/10\/Untitled-12-1.jpg?fit=1200%2C716\" \/>\n\t<meta property=\"og:image:width\" content=\"1200\" \/>\n\t<meta property=\"og:image:height\" content=\"716\" \/>\n\t<meta property=\"og:image:type\" content=\"image\/jpeg\" \/>\n<meta name=\"author\" content=\"Genof\u00f3ntes Urb\u00e1ez\" \/>\n<meta name=\"twitter:card\" content=\"summary_large_image\" \/>\n<meta name=\"twitter:label1\" content=\"Written by\" \/>\n\t<meta name=\"twitter:data1\" content=\"Genof\u00f3ntes Urb\u00e1ez\" \/>\n\t<meta name=\"twitter:label2\" content=\"Est. reading time\" \/>\n\t<meta name=\"twitter:data2\" content=\"2 minutos\" \/>\n<script type=\"application\/ld+json\" class=\"yoast-schema-graph\">{\"@context\":\"https:\\\/\\\/schema.org\",\"@graph\":[{\"@type\":\"Article\",\"@id\":\"http:\\\/\\\/minutocerord.com\\\/?p=15733#article\",\"isPartOf\":{\"@id\":\"http:\\\/\\\/minutocerord.com\\\/?p=15733\"},\"author\":{\"name\":\"Genof\u00f3ntes Urb\u00e1ez\",\"@id\":\"https:\\\/\\\/minutocerord.com\\\/#\\\/schema\\\/person\\\/60b5372d60aaa0a5171fb6488be9aee6\"},\"headline\":\"FUERZA DE PAZ | Queda en \u201cveremos\u201d env\u00edo a Hait\u00ed de una fuerza liderada por Kenia\",\"datePublished\":\"2023-10-05T22:17:55+00:00\",\"dateModified\":\"2023-10-05T22:17:57+00:00\",\"mainEntityOfPage\":{\"@id\":\"http:\\\/\\\/minutocerord.com\\\/?p=15733\"},\"wordCount\":269,\"commentCount\":0,\"publisher\":{\"@id\":\"https:\\\/\\\/minutocerord.com\\\/#\\\/schema\\\/person\\\/60b5372d60aaa0a5171fb6488be9aee6\"},\"image\":{\"@id\":\"http:\\\/\\\/minutocerord.com\\\/?p=15733#primaryimage\"},\"thumbnailUrl\":\"https:\\\/\\\/i0.wp.com\\\/minutocerord.com\\\/wp-content\\\/uploads\\\/2023\\\/10\\\/Untitled-12-1.jpg?fit=1200%2C716&ssl=1\",\"articleSection\":[\"Internacionales\"],\"inLanguage\":\"es-DO\",\"potentialAction\":[{\"@type\":\"CommentAction\",\"name\":\"Comment\",\"target\":[\"http:\\\/\\\/minutocerord.com\\\/?p=15733#respond\"]}]},{\"@type\":\"WebPage\",\"@id\":\"http:\\\/\\\/minutocerord.com\\\/?p=15733\",\"url\":\"http:\\\/\\\/minutocerord.com\\\/?p=15733\",\"name\":\"FUERZA DE PAZ | Queda en \u201cveremos\u201d env\u00edo a Hait\u00ed de una fuerza liderada por Kenia - Minuto Cero RD\",\"isPartOf\":{\"@id\":\"https:\\\/\\\/minutocerord.com\\\/#website\"},\"primaryImageOfPage\":{\"@id\":\"http:\\\/\\\/minutocerord.com\\\/?p=15733#primaryimage\"},\"image\":{\"@id\":\"http:\\\/\\\/minutocerord.com\\\/?p=15733#primaryimage\"},\"thumbnailUrl\":\"https:\\\/\\\/i0.wp.com\\\/minutocerord.com\\\/wp-content\\\/uploads\\\/2023\\\/10\\\/Untitled-12-1.jpg?fit=1200%2C716&ssl=1\",\"datePublished\":\"2023-10-05T22:17:55+00:00\",\"dateModified\":\"2023-10-05T22:17:57+00:00\",\"breadcrumb\":{\"@id\":\"http:\\\/\\\/minutocerord.com\\\/?p=15733#breadcrumb\"},\"inLanguage\":\"es-DO\",\"potentialAction\":[{\"@type\":\"ReadAction\",\"target\":[\"http:\\\/\\\/minutocerord.com\\\/?p=15733\"]}]},{\"@type\":\"ImageObject\",\"inLanguage\":\"es-DO\",\"@id\":\"http:\\\/\\\/minutocerord.com\\\/?p=15733#primaryimage\",\"url\":\"https:\\\/\\\/i0.wp.com\\\/minutocerord.com\\\/wp-content\\\/uploads\\\/2023\\\/10\\\/Untitled-12-1.jpg?fit=1200%2C716&ssl=1\",\"contentUrl\":\"https:\\\/\\\/i0.wp.com\\\/minutocerord.com\\\/wp-content\\\/uploads\\\/2023\\\/10\\\/Untitled-12-1.jpg?fit=1200%2C716&ssl=1\",\"width\":1200,\"height\":716},{\"@type\":\"BreadcrumbList\",\"@id\":\"http:\\\/\\\/minutocerord.com\\\/?p=15733#breadcrumb\",\"itemListElement\":[{\"@type\":\"ListItem\",\"position\":1,\"name\":\"Home\",\"item\":\"https:\\\/\\\/minutocerord.com\\\/\"},{\"@type\":\"ListItem\",\"position\":2,\"name\":\"FUERZA DE PAZ | Queda en \u201cveremos\u201d env\u00edo a Hait\u00ed de una fuerza liderada por Kenia\"}]},{\"@type\":\"WebSite\",\"@id\":\"https:\\\/\\\/minutocerord.com\\\/#website\",\"url\":\"https:\\\/\\\/minutocerord.com\\\/\",\"name\":\"Minuto Cero RD\",\"description\":\"Periodismo serio y veraz\",\"publisher\":{\"@id\":\"https:\\\/\\\/minutocerord.com\\\/#\\\/schema\\\/person\\\/60b5372d60aaa0a5171fb6488be9aee6\"},\"potentialAction\":[{\"@type\":\"SearchAction\",\"target\":{\"@type\":\"EntryPoint\",\"urlTemplate\":\"https:\\\/\\\/minutocerord.com\\\/?s={search_term_string}\"},\"query-input\":{\"@type\":\"PropertyValueSpecification\",\"valueRequired\":true,\"valueName\":\"search_term_string\"}}],\"inLanguage\":\"es-DO\"},{\"@type\":[\"Person\",\"Organization\"],\"@id\":\"https:\\\/\\\/minutocerord.com\\\/#\\\/schema\\\/person\\\/60b5372d60aaa0a5171fb6488be9aee6\",\"name\":\"Genof\u00f3ntes Urb\u00e1ez\",\"image\":{\"@type\":\"ImageObject\",\"inLanguage\":\"es-DO\",\"@id\":\"https:\\\/\\\/secure.gravatar.com\\\/avatar\\\/a49ef3186a692098ac3e8a1612261e3ad70cf9e44553dff2929e67939a0ecb9d?s=96&d=identicon&r=g\",\"url\":\"https:\\\/\\\/secure.gravatar.com\\\/avatar\\\/a49ef3186a692098ac3e8a1612261e3ad70cf9e44553dff2929e67939a0ecb9d?s=96&d=identicon&r=g\",\"contentUrl\":\"https:\\\/\\\/secure.gravatar.com\\\/avatar\\\/a49ef3186a692098ac3e8a1612261e3ad70cf9e44553dff2929e67939a0ecb9d?s=96&d=identicon&r=g\",\"caption\":\"Genof\u00f3ntes Urb\u00e1ez\"},\"logo\":{\"@id\":\"https:\\\/\\\/secure.gravatar.com\\\/avatar\\\/a49ef3186a692098ac3e8a1612261e3ad70cf9e44553dff2929e67939a0ecb9d?s=96&d=identicon&r=g\"},\"description\":\"Periodista \\\/ Locutor\",\"sameAs\":[\"https:\\\/\\\/www.facebook.com\\\/Genofnotes\",\"https:\\\/\\\/www.instagram.com\\\/genofnotes\\\/\"]}]}<\/script>\n<!-- \/ Yoast SEO plugin. -->","yoast_head_json":{"title":"FUERZA DE PAZ | Queda en \u201cveremos\u201d env\u00edo a Hait\u00ed de una fuerza liderada por Kenia - Minuto Cero RD","robots":{"index":"index","follow":"follow","max-snippet":"max-snippet:-1","max-image-preview":"max-image-preview:large","max-video-preview":"max-video-preview:-1"},"canonical":"http:\/\/minutocerord.com\/?p=15733","og_locale":"es_ES","og_type":"article","og_title":"FUERZA DE PAZ | Queda en \u201cveremos\u201d env\u00edo a Hait\u00ed de una fuerza liderada por Kenia - Minuto Cero RD","og_description":"NAIROBI.-El despliegue de una fuerza de pacificaci\u00f3n en Hait\u00ed ha quedado envuelto en un manto de incertidumbre tras la destituci\u00f3n del ministro de Asuntos Exteriores de Kenia, Alfred Mutua. El presidente William Ruto reasign\u00f3 a Mutua al Ministerio de Turismo y puso el Ministerio de Asuntos Exteriores bajo la responsabilidad del Primer Secretario del Gabinete, [&hellip;]","og_url":"http:\/\/minutocerord.com\/?p=15733","og_site_name":"Minuto Cero RD","article_publisher":"https:\/\/www.facebook.com\/Genofnotes","article_author":"https:\/\/www.facebook.com\/Genofnotes","article_published_time":"2023-10-05T22:17:55+00:00","article_modified_time":"2023-10-05T22:17:57+00:00","og_image":[{"width":1200,"height":716,"url":"https:\/\/i0.wp.com\/minutocerord.com\/wp-content\/uploads\/2023\/10\/Untitled-12-1.jpg?fit=1200%2C716","type":"image\/jpeg"}],"author":"Genof\u00f3ntes Urb\u00e1ez","twitter_card":"summary_large_image","twitter_misc":{"Written by":"Genof\u00f3ntes Urb\u00e1ez","Est. reading time":"2 minutos"},"schema":{"@context":"https:\/\/schema.org","@graph":[{"@type":"Article","@id":"http:\/\/minutocerord.com\/?p=15733#article","isPartOf":{"@id":"http:\/\/minutocerord.com\/?p=15733"},"author":{"name":"Genof\u00f3ntes Urb\u00e1ez","@id":"https:\/\/minutocerord.com\/#\/schema\/person\/60b5372d60aaa0a5171fb6488be9aee6"},"headline":"FUERZA DE PAZ | Queda en \u201cveremos\u201d env\u00edo a Hait\u00ed de una fuerza liderada por Kenia","datePublished":"2023-10-05T22:17:55+00:00","dateModified":"2023-10-05T22:17:57+00:00","mainEntityOfPage":{"@id":"http:\/\/minutocerord.com\/?p=15733"},"wordCount":269,"commentCount":0,"publisher":{"@id":"https:\/\/minutocerord.com\/#\/schema\/person\/60b5372d60aaa0a5171fb6488be9aee6"},"image":{"@id":"http:\/\/minutocerord.com\/?p=15733#primaryimage"},"thumbnailUrl":"https:\/\/i0.wp.com\/minutocerord.com\/wp-content\/uploads\/2023\/10\/Untitled-12-1.jpg?fit=1200%2C716&ssl=1","articleSection":["Internacionales"],"inLanguage":"es-DO","potentialAction":[{"@type":"CommentAction","name":"Comment","target":["http:\/\/minutocerord.com\/?p=15733#respond"]}]},{"@type":"WebPage","@id":"http:\/\/minutocerord.com\/?p=15733","url":"http:\/\/minutocerord.com\/?p=15733","name":"FUERZA DE PAZ | Queda en \u201cveremos\u201d env\u00edo a Hait\u00ed de una fuerza liderada por Kenia - Minuto Cero RD","isPartOf":{"@id":"https:\/\/minutocerord.com\/#website"},"primaryImageOfPage":{"@id":"http:\/\/minutocerord.com\/?p=15733#primaryimage"},"image":{"@id":"http:\/\/minutocerord.com\/?p=15733#primaryimage"},"thumbnailUrl":"https:\/\/i0.wp.com\/minutocerord.com\/wp-content\/uploads\/2023\/10\/Untitled-12-1.jpg?fit=1200%2C716&ssl=1","datePublished":"2023-10-05T22:17:55+00:00","dateModified":"2023-10-05T22:17:57+00:00","breadcrumb":{"@id":"http:\/\/minutocerord.com\/?p=15733#breadcrumb"},"inLanguage":"es-DO","potentialAction":[{"@type":"ReadAction","target":["http:\/\/minutocerord.com\/?p=15733"]}]},{"@type":"ImageObject","inLanguage":"es-DO","@id":"http:\/\/minutocerord.com\/?p=15733#primaryimage","url":"https:\/\/i0.wp.com\/minutocerord.com\/wp-content\/uploads\/2023\/10\/Untitled-12-1.jpg?fit=1200%2C716&ssl=1","contentUrl":"https:\/\/i0.wp.com\/minutocerord.com\/wp-content\/uploads\/2023\/10\/Untitled-12-1.jpg?fit=1200%2C716&ssl=1","width":1200,"height":716},{"@type":"BreadcrumbList","@id":"http:\/\/minutocerord.com\/?p=15733#breadcrumb","itemListElement":[{"@type":"ListItem","position":1,"name":"Home","item":"https:\/\/minutocerord.com\/"},{"@type":"ListItem","position":2,"name":"FUERZA DE PAZ | Queda en \u201cveremos\u201d env\u00edo a Hait\u00ed de una fuerza liderada por Kenia"}]},{"@type":"WebSite","@id":"https:\/\/minutocerord.com\/#website","url":"https:\/\/minutocerord.com\/","name":"Minuto Cero RD","description":"Periodismo serio y veraz","publisher":{"@id":"https:\/\/minutocerord.com\/#\/schema\/person\/60b5372d60aaa0a5171fb6488be9aee6"},"potentialAction":[{"@type":"SearchAction","target":{"@type":"EntryPoint","urlTemplate":"https:\/\/minutocerord.com\/?s={search_term_string}"},"query-input":{"@type":"PropertyValueSpecification","valueRequired":true,"valueName":"search_term_string"}}],"inLanguage":"es-DO"},{"@type":["Person","Organization"],"@id":"https:\/\/minutocerord.com\/#\/schema\/person\/60b5372d60aaa0a5171fb6488be9aee6","name":"Genof\u00f3ntes Urb\u00e1ez","image":{"@type":"ImageObject","inLanguage":"es-DO","@id":"https:\/\/secure.gravatar.com\/avatar\/a49ef3186a692098ac3e8a1612261e3ad70cf9e44553dff2929e67939a0ecb9d?s=96&d=identicon&r=g","url":"https:\/\/secure.gravatar.com\/avatar\/a49ef3186a692098ac3e8a1612261e3ad70cf9e44553dff2929e67939a0ecb9d?s=96&d=identicon&r=g","contentUrl":"https:\/\/secure.gravatar.com\/avatar\/a49ef3186a692098ac3e8a1612261e3ad70cf9e44553dff2929e67939a0ecb9d?s=96&d=identicon&r=g","caption":"Genof\u00f3ntes Urb\u00e1ez"},"logo":{"@id":"https:\/\/secure.gravatar.com\/avatar\/a49ef3186a692098ac3e8a1612261e3ad70cf9e44553dff2929e67939a0ecb9d?s=96&d=identicon&r=g"},"description":"Periodista \/ Locutor","sameAs":["https:\/\/www.facebook.com\/Genofnotes","https:\/\/www.instagram.com\/genofnotes\/"]}]}},"jetpack_publicize_connections":[],"jetpack_featured_media_url":"https:\/\/i0.wp.com\/minutocerord.com\/wp-content\/uploads\/2023\/10\/Untitled-12-1.jpg?fit=1200%2C716&ssl=1","jetpack-related-posts":[],"jetpack_sharing_enabled":true,"_links":{"self":[{"href":"https:\/\/minutocerord.com\/index.php?rest_route=\/wp\/v2\/posts\/15733","targetHints":{"allow":["GET"]}}],"collection":[{"href":"https:\/\/minutocerord.com\/index.php?rest_route=\/wp\/v2\/posts"}],"about":[{"href":"https:\/\/minutocerord.com\/index.php?rest_route=\/wp\/v2\/types\/post"}],"author":[{"embeddable":true,"href":"https:\/\/minutocerord.com\/index.php?rest_route=\/wp\/v2\/users\/1"}],"replies":[{"embeddable":true,"href":"https:\/\/minutocerord.com\/index.php?rest_route=%2Fwp%2Fv2%2Fcomments&post=15733"}],"version-history":[{"count":1,"href":"https:\/\/minutocerord.com\/index.php?rest_route=\/wp\/v2\/posts\/15733\/revisions"}],"predecessor-version":[{"id":15735,"href":"https:\/\/minutocerord.com\/index.php?rest_route=\/wp\/v2\/posts\/15733\/revisions\/15735"}],"wp:featuredmedia":[{"embeddable":true,"href":"https:\/\/minutocerord.com\/index.php?rest_route=\/wp\/v2\/media\/15734"}],"wp:attachment":[{"href":"https:\/\/minutocerord.com\/index.php?rest_route=%2Fwp%2Fv2%2Fmedia&parent=15733"}],"wp:term":[{"taxonomy":"category","embeddable":true,"href":"https:\/\/minutocerord.com\/index.php?rest_route=%2Fwp%2Fv2%2Fcategories&post=15733"},{"taxonomy":"post_tag","embeddable":true,"href":"https:\/\/minutocerord.com\/index.php?rest_route=%2Fwp%2Fv2%2Ftags&post=15733"}],"curies":[{"name":"wp","href":"https:\/\/api.w.org\/{rel}","templated":true}]}}