{"id":15736,"date":"2023-10-05T18:42:52","date_gmt":"2023-10-05T22:42:52","guid":{"rendered":"https:\/\/minutocerord.com\/?p=15736"},"modified":"2023-10-05T18:42:54","modified_gmt":"2023-10-05T22:42:54","slug":"cementerio-administrador-de-cementerio-dice-trabajo-de-el-grillo-era-clandestino-no-tienen-registro-de-bebes-enterrados-alla","status":"publish","type":"post","link":"https:\/\/minutocerord.com\/?p=15736","title":{"rendered":"CEMENTERIO | Administrador de cementerio dice trabajo de \u201cEl Grillo\u201d era clandestino; no tienen registro de beb\u00e9s enterrados all\u00e1"},"content":{"rendered":"\n<p><strong>Santo Domingo.- <\/strong>El administrador del\u00a0Cementerio Cristo Salvador, Virgilio Ure\u00f1a Garc\u00eda, afirm\u00f3 este jueves que \u201cEl Grillo\u201d realizaba el\u00a0entierro\u00a0de los\u00a0reci\u00e9n nacidos\u00a0que le eran entregados por la Funeraria Popular de manera\u00a0clandestina,\u00a0debido a que no hay registros.<\/p>\n\n\n\n<p>\u201cMe imagino que el hospital ha mandado m\u00e1s reci\u00e9n nacidos, sin embargo, aqu\u00ed no hay ning\u00fan archivo que lo confirme. Despu\u00e9s de investigar ca\u00edmos en cuenta de que la persona que hacia los entierros y que dej\u00f3 los ni\u00f1os de ayer tirados, lo hac\u00eda clandestinamente\u201d.<\/p>\n\n\n\n<p>Ure\u00f1a manifest\u00f3 que el nombrado&nbsp;<strong>\u201cEl Grillo\u201d<\/strong>&nbsp;no trabaja para el cementerio ni para el Ayuntamiento Santo Domingo Este, sino para la Funeraria La Popular.<\/p>\n\n\n\n<p>Explic\u00f3 que cada funeraria tiene un empleado en el campo santo, y el de la empresa en cuesti\u00f3n es El Grillo, a quien hizo un llamado a que se entregara a las autoridades.<\/p>\n\n\n\n<p>El administrador afirm\u00f3 que a la oficina del cementerio\u00a0no llegaron los cad\u00e1veres de los seis beb\u00e9s\u00a0enviados por el Hospital Ciudad Juan Bosch, como establece el protocolo. Agreg\u00f3 que esa es una manera de evadir el impuesto de 1400 pesos que debe pagar un alba\u00f1il a realizar un sepelio.<\/p>\n\n\n\n<h5 class=\"wp-block-heading\">Lo que dijo el propietario de la funeraria<\/h5>\n\n\n\n<p>El\u00a0propietario de la Funeraria La Popular,\u00a0Juli\u00e1n Encarnaci\u00f3n, se deslig\u00f3 de los cuerpos de seis beb\u00e9s  <a href=\"https:\/\/n.com.do\/2023\/10\/04\/propietario-de-funeraria-se-desliga-de-cadaveres-dejados-en-cementerio-dice-fueron-entregados-al-zacateca\/\"><strong>\u00a0<\/strong><\/a>dejados en el cementerio Cristo Salvador. Asegur\u00f3 que los cad\u00e1veres fueron entregados al zacateca del campo santo.<\/p>\n\n\n\n<p>\u201cNosotros simplemente lo recogemos y luego se lo entregamos al zacateca; \u00e9l hace su cosa y termina con eso (\u2026) creo que hicimos lo correcto porque tenemos mucho tiempo trabajando en esto\u201d, agreg\u00f3.<\/p>\n\n\n\n<h5 class=\"wp-block-heading\">Investigan el caso<\/h5>\n\n\n\n<p>La directora del\u00a0Hospital Ciudad Juan Bosch, Marilelda Reyes, inform\u00f3\u00a0que martes fueron entregados seis cad\u00e1veres de neonato <strong>\u00a0<\/strong>a la\u00a0<strong>Funeraria La Popular.<\/strong><\/p>\n\n\n\n<p>El vocero de la Polic\u00eda,\u00a0Diego\u00a0Pesqueira, dijo que se han iniciado las pesquisas\u00a0para dar con las identidades de las personas que abandonaron los cad\u00e1veres\u00a0 de los infantes\u00a0en el\u00a0cementerio Cristo Salvador.<\/p>\n","protected":false},"excerpt":{"rendered":"<p>Santo Domingo.- El administrador del\u00a0Cementerio Cristo Salvador, Virgilio Ure\u00f1a Garc\u00eda, afirm\u00f3 este jueves que \u201cEl Grillo\u201d realizaba el\u00a0entierro\u00a0de los\u00a0reci\u00e9n nacidos\u00a0que le eran entregados por la Funeraria Popular de manera\u00a0clandestina,\u00a0debido a que no hay registros. \u201cMe imagino que el hospital ha mandado m\u00e1s reci\u00e9n nacidos, sin embargo, aqu\u00ed no hay ning\u00fan archivo que lo confirme. Despu\u00e9s [&hellip;]<\/p>\n","protected":false},"author":1,"featured_media":15737,"comment_status":"open","ping_status":"open","sticky":false,"template":"","format":"standard","meta":{"nf_dc_page":"","jetpack_post_was_ever_published":false,"_jetpack_newsletter_access":"","_jetpack_dont_email_post_to_subs":false,"_jetpack_newsletter_tier_id":0,"_jetpack_memberships_contains_paywalled_content":false,"_jetpack_memberships_contains_paid_content":false,"footnotes":"","jetpack_publicize_message":"","jetpack_publicize_feature_enabled":true,"jetpack_social_post_already_shared":false,"jetpack_social_options":{"image_generator_settings":{"template":"highway","default_image_id":0,"font":"","enabled":false},"version":2}},"categories":[65],"tags":[],"class_list":["post-15736","post","type-post","status-publish","format-standard","has-post-thumbnail","hentry","category-nacionales"],"yoast_head":"<!-- This site is optimized with the Yoast SEO plugin v27.4 - https:\/\/yoast.com\/product\/yoast-seo-wordpress\/ -->\n<title>CEMENTERIO | Administrador de cementerio dice trabajo de \u201cEl Grillo\u201d era clandestino; no tienen registro de beb\u00e9s enterrados all\u00e1 - Minuto Cero RD<\/title>\n<meta name=\"robots\" content=\"index, follow, max-snippet:-1, max-image-preview:large, max-video-preview:-1\" \/>\n<link rel=\"canonical\" href=\"http:\/\/minutocerord.com\/?p=15736\" \/>\n<meta property=\"og:locale\" content=\"es_ES\" \/>\n<meta property=\"og:type\" content=\"article\" \/>\n<meta property=\"og:title\" content=\"CEMENTERIO | Administrador de cementerio dice trabajo de \u201cEl Grillo\u201d era clandestino; no tienen registro de beb\u00e9s enterrados all\u00e1 - Minuto Cero RD\" \/>\n<meta property=\"og:description\" content=\"Santo Domingo.- El administrador del\u00a0Cementerio Cristo Salvador, Virgilio Ure\u00f1a Garc\u00eda, afirm\u00f3 este jueves que \u201cEl Grillo\u201d realizaba el\u00a0entierro\u00a0de los\u00a0reci\u00e9n nacidos\u00a0que le eran entregados por la Funeraria Popular de manera\u00a0clandestina,\u00a0debido a que no hay registros. \u201cMe imagino que el hospital ha mandado m\u00e1s reci\u00e9n nacidos, sin embargo, aqu\u00ed no hay ning\u00fan archivo que lo confirme. Despu\u00e9s [&hellip;]\" \/>\n<meta property=\"og:url\" content=\"http:\/\/minutocerord.com\/?p=15736\" \/>\n<meta property=\"og:site_name\" content=\"Minuto Cero RD\" \/>\n<meta property=\"article:publisher\" content=\"https:\/\/www.facebook.com\/Genofnotes\" \/>\n<meta property=\"article:author\" content=\"https:\/\/www.facebook.com\/Genofnotes\" \/>\n<meta property=\"article:published_time\" content=\"2023-10-05T22:42:52+00:00\" \/>\n<meta property=\"article:modified_time\" content=\"2023-10-05T22:42:54+00:00\" \/>\n<meta property=\"og:image\" content=\"https:\/\/i0.wp.com\/minutocerord.com\/wp-content\/uploads\/2023\/10\/Administrador-de-cementerio-dice-trabajo-de-El-Grillo-era-clandestino-no-tienen-registro-de-bebes-enterrados-alla-768x694-1.jpg?fit=768%2C694\" \/>\n\t<meta property=\"og:image:width\" content=\"768\" \/>\n\t<meta property=\"og:image:height\" content=\"694\" \/>\n\t<meta property=\"og:image:type\" content=\"image\/jpeg\" \/>\n<meta name=\"author\" content=\"Genof\u00f3ntes Urb\u00e1ez\" \/>\n<meta name=\"twitter:card\" content=\"summary_large_image\" \/>\n<meta name=\"twitter:label1\" content=\"Written by\" \/>\n\t<meta name=\"twitter:data1\" content=\"Genof\u00f3ntes Urb\u00e1ez\" \/>\n\t<meta name=\"twitter:label2\" content=\"Est. reading time\" \/>\n\t<meta name=\"twitter:data2\" content=\"2 minutos\" \/>\n<script type=\"application\/ld+json\" class=\"yoast-schema-graph\">{\"@context\":\"https:\\\/\\\/schema.org\",\"@graph\":[{\"@type\":\"Article\",\"@id\":\"http:\\\/\\\/minutocerord.com\\\/?p=15736#article\",\"isPartOf\":{\"@id\":\"http:\\\/\\\/minutocerord.com\\\/?p=15736\"},\"author\":{\"name\":\"Genof\u00f3ntes Urb\u00e1ez\",\"@id\":\"https:\\\/\\\/minutocerord.com\\\/#\\\/schema\\\/person\\\/60b5372d60aaa0a5171fb6488be9aee6\"},\"headline\":\"CEMENTERIO | Administrador de cementerio dice trabajo de \u201cEl Grillo\u201d era clandestino; no tienen registro de beb\u00e9s enterrados all\u00e1\",\"datePublished\":\"2023-10-05T22:42:52+00:00\",\"dateModified\":\"2023-10-05T22:42:54+00:00\",\"mainEntityOfPage\":{\"@id\":\"http:\\\/\\\/minutocerord.com\\\/?p=15736\"},\"wordCount\":371,\"commentCount\":0,\"publisher\":{\"@id\":\"https:\\\/\\\/minutocerord.com\\\/#\\\/schema\\\/person\\\/60b5372d60aaa0a5171fb6488be9aee6\"},\"image\":{\"@id\":\"http:\\\/\\\/minutocerord.com\\\/?p=15736#primaryimage\"},\"thumbnailUrl\":\"https:\\\/\\\/i0.wp.com\\\/minutocerord.com\\\/wp-content\\\/uploads\\\/2023\\\/10\\\/Administrador-de-cementerio-dice-trabajo-de-El-Grillo-era-clandestino-no-tienen-registro-de-bebes-enterrados-alla-768x694-1.jpg?fit=768%2C694&ssl=1\",\"articleSection\":[\"Nacionales\"],\"inLanguage\":\"es-DO\",\"potentialAction\":[{\"@type\":\"CommentAction\",\"name\":\"Comment\",\"target\":[\"http:\\\/\\\/minutocerord.com\\\/?p=15736#respond\"]}]},{\"@type\":\"WebPage\",\"@id\":\"http:\\\/\\\/minutocerord.com\\\/?p=15736\",\"url\":\"http:\\\/\\\/minutocerord.com\\\/?p=15736\",\"name\":\"CEMENTERIO | Administrador de cementerio dice trabajo de \u201cEl Grillo\u201d era clandestino; no tienen registro de beb\u00e9s enterrados all\u00e1 - Minuto Cero RD\",\"isPartOf\":{\"@id\":\"https:\\\/\\\/minutocerord.com\\\/#website\"},\"primaryImageOfPage\":{\"@id\":\"http:\\\/\\\/minutocerord.com\\\/?p=15736#primaryimage\"},\"image\":{\"@id\":\"http:\\\/\\\/minutocerord.com\\\/?p=15736#primaryimage\"},\"thumbnailUrl\":\"https:\\\/\\\/i0.wp.com\\\/minutocerord.com\\\/wp-content\\\/uploads\\\/2023\\\/10\\\/Administrador-de-cementerio-dice-trabajo-de-El-Grillo-era-clandestino-no-tienen-registro-de-bebes-enterrados-alla-768x694-1.jpg?fit=768%2C694&ssl=1\",\"datePublished\":\"2023-10-05T22:42:52+00:00\",\"dateModified\":\"2023-10-05T22:42:54+00:00\",\"breadcrumb\":{\"@id\":\"http:\\\/\\\/minutocerord.com\\\/?p=15736#breadcrumb\"},\"inLanguage\":\"es-DO\",\"potentialAction\":[{\"@type\":\"ReadAction\",\"target\":[\"http:\\\/\\\/minutocerord.com\\\/?p=15736\"]}]},{\"@type\":\"ImageObject\",\"inLanguage\":\"es-DO\",\"@id\":\"http:\\\/\\\/minutocerord.com\\\/?p=15736#primaryimage\",\"url\":\"https:\\\/\\\/i0.wp.com\\\/minutocerord.com\\\/wp-content\\\/uploads\\\/2023\\\/10\\\/Administrador-de-cementerio-dice-trabajo-de-El-Grillo-era-clandestino-no-tienen-registro-de-bebes-enterrados-alla-768x694-1.jpg?fit=768%2C694&ssl=1\",\"contentUrl\":\"https:\\\/\\\/i0.wp.com\\\/minutocerord.com\\\/wp-content\\\/uploads\\\/2023\\\/10\\\/Administrador-de-cementerio-dice-trabajo-de-El-Grillo-era-clandestino-no-tienen-registro-de-bebes-enterrados-alla-768x694-1.jpg?fit=768%2C694&ssl=1\",\"width\":768,\"height\":694},{\"@type\":\"BreadcrumbList\",\"@id\":\"http:\\\/\\\/minutocerord.com\\\/?p=15736#breadcrumb\",\"itemListElement\":[{\"@type\":\"ListItem\",\"position\":1,\"name\":\"Home\",\"item\":\"https:\\\/\\\/minutocerord.com\\\/\"},{\"@type\":\"ListItem\",\"position\":2,\"name\":\"CEMENTERIO | Administrador de cementerio dice trabajo de \u201cEl Grillo\u201d era clandestino; no tienen registro de beb\u00e9s enterrados all\u00e1\"}]},{\"@type\":\"WebSite\",\"@id\":\"https:\\\/\\\/minutocerord.com\\\/#website\",\"url\":\"https:\\\/\\\/minutocerord.com\\\/\",\"name\":\"Minuto Cero RD\",\"description\":\"Periodismo serio y veraz\",\"publisher\":{\"@id\":\"https:\\\/\\\/minutocerord.com\\\/#\\\/schema\\\/person\\\/60b5372d60aaa0a5171fb6488be9aee6\"},\"potentialAction\":[{\"@type\":\"SearchAction\",\"target\":{\"@type\":\"EntryPoint\",\"urlTemplate\":\"https:\\\/\\\/minutocerord.com\\\/?s={search_term_string}\"},\"query-input\":{\"@type\":\"PropertyValueSpecification\",\"valueRequired\":true,\"valueName\":\"search_term_string\"}}],\"inLanguage\":\"es-DO\"},{\"@type\":[\"Person\",\"Organization\"],\"@id\":\"https:\\\/\\\/minutocerord.com\\\/#\\\/schema\\\/person\\\/60b5372d60aaa0a5171fb6488be9aee6\",\"name\":\"Genof\u00f3ntes Urb\u00e1ez\",\"image\":{\"@type\":\"ImageObject\",\"inLanguage\":\"es-DO\",\"@id\":\"https:\\\/\\\/secure.gravatar.com\\\/avatar\\\/a49ef3186a692098ac3e8a1612261e3ad70cf9e44553dff2929e67939a0ecb9d?s=96&d=identicon&r=g\",\"url\":\"https:\\\/\\\/secure.gravatar.com\\\/avatar\\\/a49ef3186a692098ac3e8a1612261e3ad70cf9e44553dff2929e67939a0ecb9d?s=96&d=identicon&r=g\",\"contentUrl\":\"https:\\\/\\\/secure.gravatar.com\\\/avatar\\\/a49ef3186a692098ac3e8a1612261e3ad70cf9e44553dff2929e67939a0ecb9d?s=96&d=identicon&r=g\",\"caption\":\"Genof\u00f3ntes Urb\u00e1ez\"},\"logo\":{\"@id\":\"https:\\\/\\\/secure.gravatar.com\\\/avatar\\\/a49ef3186a692098ac3e8a1612261e3ad70cf9e44553dff2929e67939a0ecb9d?s=96&d=identicon&r=g\"},\"description\":\"Periodista \\\/ Locutor\",\"sameAs\":[\"https:\\\/\\\/www.facebook.com\\\/Genofnotes\",\"https:\\\/\\\/www.instagram.com\\\/genofnotes\\\/\"]}]}<\/script>\n<!-- \/ Yoast SEO plugin. -->","yoast_head_json":{"title":"CEMENTERIO | Administrador de cementerio dice trabajo de \u201cEl Grillo\u201d era clandestino; no tienen registro de beb\u00e9s enterrados all\u00e1 - Minuto Cero RD","robots":{"index":"index","follow":"follow","max-snippet":"max-snippet:-1","max-image-preview":"max-image-preview:large","max-video-preview":"max-video-preview:-1"},"canonical":"http:\/\/minutocerord.com\/?p=15736","og_locale":"es_ES","og_type":"article","og_title":"CEMENTERIO | Administrador de cementerio dice trabajo de \u201cEl Grillo\u201d era clandestino; no tienen registro de beb\u00e9s enterrados all\u00e1 - Minuto Cero RD","og_description":"Santo Domingo.- El administrador del\u00a0Cementerio Cristo Salvador, Virgilio Ure\u00f1a Garc\u00eda, afirm\u00f3 este jueves que \u201cEl Grillo\u201d realizaba el\u00a0entierro\u00a0de los\u00a0reci\u00e9n nacidos\u00a0que le eran entregados por la Funeraria Popular de manera\u00a0clandestina,\u00a0debido a que no hay registros. \u201cMe imagino que el hospital ha mandado m\u00e1s reci\u00e9n nacidos, sin embargo, aqu\u00ed no hay ning\u00fan archivo que lo confirme. Despu\u00e9s [&hellip;]","og_url":"http:\/\/minutocerord.com\/?p=15736","og_site_name":"Minuto Cero RD","article_publisher":"https:\/\/www.facebook.com\/Genofnotes","article_author":"https:\/\/www.facebook.com\/Genofnotes","article_published_time":"2023-10-05T22:42:52+00:00","article_modified_time":"2023-10-05T22:42:54+00:00","og_image":[{"width":768,"height":694,"url":"https:\/\/i0.wp.com\/minutocerord.com\/wp-content\/uploads\/2023\/10\/Administrador-de-cementerio-dice-trabajo-de-El-Grillo-era-clandestino-no-tienen-registro-de-bebes-enterrados-alla-768x694-1.jpg?fit=768%2C694","type":"image\/jpeg"}],"author":"Genof\u00f3ntes Urb\u00e1ez","twitter_card":"summary_large_image","twitter_misc":{"Written by":"Genof\u00f3ntes Urb\u00e1ez","Est. reading time":"2 minutos"},"schema":{"@context":"https:\/\/schema.org","@graph":[{"@type":"Article","@id":"http:\/\/minutocerord.com\/?p=15736#article","isPartOf":{"@id":"http:\/\/minutocerord.com\/?p=15736"},"author":{"name":"Genof\u00f3ntes Urb\u00e1ez","@id":"https:\/\/minutocerord.com\/#\/schema\/person\/60b5372d60aaa0a5171fb6488be9aee6"},"headline":"CEMENTERIO | Administrador de cementerio dice trabajo de \u201cEl Grillo\u201d era clandestino; no tienen registro de beb\u00e9s enterrados all\u00e1","datePublished":"2023-10-05T22:42:52+00:00","dateModified":"2023-10-05T22:42:54+00:00","mainEntityOfPage":{"@id":"http:\/\/minutocerord.com\/?p=15736"},"wordCount":371,"commentCount":0,"publisher":{"@id":"https:\/\/minutocerord.com\/#\/schema\/person\/60b5372d60aaa0a5171fb6488be9aee6"},"image":{"@id":"http:\/\/minutocerord.com\/?p=15736#primaryimage"},"thumbnailUrl":"https:\/\/i0.wp.com\/minutocerord.com\/wp-content\/uploads\/2023\/10\/Administrador-de-cementerio-dice-trabajo-de-El-Grillo-era-clandestino-no-tienen-registro-de-bebes-enterrados-alla-768x694-1.jpg?fit=768%2C694&ssl=1","articleSection":["Nacionales"],"inLanguage":"es-DO","potentialAction":[{"@type":"CommentAction","name":"Comment","target":["http:\/\/minutocerord.com\/?p=15736#respond"]}]},{"@type":"WebPage","@id":"http:\/\/minutocerord.com\/?p=15736","url":"http:\/\/minutocerord.com\/?p=15736","name":"CEMENTERIO | Administrador de cementerio dice trabajo de \u201cEl Grillo\u201d era clandestino; no tienen registro de beb\u00e9s enterrados all\u00e1 - Minuto Cero RD","isPartOf":{"@id":"https:\/\/minutocerord.com\/#website"},"primaryImageOfPage":{"@id":"http:\/\/minutocerord.com\/?p=15736#primaryimage"},"image":{"@id":"http:\/\/minutocerord.com\/?p=15736#primaryimage"},"thumbnailUrl":"https:\/\/i0.wp.com\/minutocerord.com\/wp-content\/uploads\/2023\/10\/Administrador-de-cementerio-dice-trabajo-de-El-Grillo-era-clandestino-no-tienen-registro-de-bebes-enterrados-alla-768x694-1.jpg?fit=768%2C694&ssl=1","datePublished":"2023-10-05T22:42:52+00:00","dateModified":"2023-10-05T22:42:54+00:00","breadcrumb":{"@id":"http:\/\/minutocerord.com\/?p=15736#breadcrumb"},"inLanguage":"es-DO","potentialAction":[{"@type":"ReadAction","target":["http:\/\/minutocerord.com\/?p=15736"]}]},{"@type":"ImageObject","inLanguage":"es-DO","@id":"http:\/\/minutocerord.com\/?p=15736#primaryimage","url":"https:\/\/i0.wp.com\/minutocerord.com\/wp-content\/uploads\/2023\/10\/Administrador-de-cementerio-dice-trabajo-de-El-Grillo-era-clandestino-no-tienen-registro-de-bebes-enterrados-alla-768x694-1.jpg?fit=768%2C694&ssl=1","contentUrl":"https:\/\/i0.wp.com\/minutocerord.com\/wp-content\/uploads\/2023\/10\/Administrador-de-cementerio-dice-trabajo-de-El-Grillo-era-clandestino-no-tienen-registro-de-bebes-enterrados-alla-768x694-1.jpg?fit=768%2C694&ssl=1","width":768,"height":694},{"@type":"BreadcrumbList","@id":"http:\/\/minutocerord.com\/?p=15736#breadcrumb","itemListElement":[{"@type":"ListItem","position":1,"name":"Home","item":"https:\/\/minutocerord.com\/"},{"@type":"ListItem","position":2,"name":"CEMENTERIO | Administrador de cementerio dice trabajo de \u201cEl Grillo\u201d era clandestino; no tienen registro de beb\u00e9s enterrados all\u00e1"}]},{"@type":"WebSite","@id":"https:\/\/minutocerord.com\/#website","url":"https:\/\/minutocerord.com\/","name":"Minuto Cero RD","description":"Periodismo serio y veraz","publisher":{"@id":"https:\/\/minutocerord.com\/#\/schema\/person\/60b5372d60aaa0a5171fb6488be9aee6"},"potentialAction":[{"@type":"SearchAction","target":{"@type":"EntryPoint","urlTemplate":"https:\/\/minutocerord.com\/?s={search_term_string}"},"query-input":{"@type":"PropertyValueSpecification","valueRequired":true,"valueName":"search_term_string"}}],"inLanguage":"es-DO"},{"@type":["Person","Organization"],"@id":"https:\/\/minutocerord.com\/#\/schema\/person\/60b5372d60aaa0a5171fb6488be9aee6","name":"Genof\u00f3ntes Urb\u00e1ez","image":{"@type":"ImageObject","inLanguage":"es-DO","@id":"https:\/\/secure.gravatar.com\/avatar\/a49ef3186a692098ac3e8a1612261e3ad70cf9e44553dff2929e67939a0ecb9d?s=96&d=identicon&r=g","url":"https:\/\/secure.gravatar.com\/avatar\/a49ef3186a692098ac3e8a1612261e3ad70cf9e44553dff2929e67939a0ecb9d?s=96&d=identicon&r=g","contentUrl":"https:\/\/secure.gravatar.com\/avatar\/a49ef3186a692098ac3e8a1612261e3ad70cf9e44553dff2929e67939a0ecb9d?s=96&d=identicon&r=g","caption":"Genof\u00f3ntes Urb\u00e1ez"},"logo":{"@id":"https:\/\/secure.gravatar.com\/avatar\/a49ef3186a692098ac3e8a1612261e3ad70cf9e44553dff2929e67939a0ecb9d?s=96&d=identicon&r=g"},"description":"Periodista \/ Locutor","sameAs":["https:\/\/www.facebook.com\/Genofnotes","https:\/\/www.instagram.com\/genofnotes\/"]}]}},"jetpack_publicize_connections":[],"jetpack_featured_media_url":"https:\/\/i0.wp.com\/minutocerord.com\/wp-content\/uploads\/2023\/10\/Administrador-de-cementerio-dice-trabajo-de-El-Grillo-era-clandestino-no-tienen-registro-de-bebes-enterrados-alla-768x694-1.jpg?fit=768%2C694&ssl=1","jetpack-related-posts":[],"jetpack_sharing_enabled":true,"_links":{"self":[{"href":"https:\/\/minutocerord.com\/index.php?rest_route=\/wp\/v2\/posts\/15736","targetHints":{"allow":["GET"]}}],"collection":[{"href":"https:\/\/minutocerord.com\/index.php?rest_route=\/wp\/v2\/posts"}],"about":[{"href":"https:\/\/minutocerord.com\/index.php?rest_route=\/wp\/v2\/types\/post"}],"author":[{"embeddable":true,"href":"https:\/\/minutocerord.com\/index.php?rest_route=\/wp\/v2\/users\/1"}],"replies":[{"embeddable":true,"href":"https:\/\/minutocerord.com\/index.php?rest_route=%2Fwp%2Fv2%2Fcomments&post=15736"}],"version-history":[{"count":1,"href":"https:\/\/minutocerord.com\/index.php?rest_route=\/wp\/v2\/posts\/15736\/revisions"}],"predecessor-version":[{"id":15738,"href":"https:\/\/minutocerord.com\/index.php?rest_route=\/wp\/v2\/posts\/15736\/revisions\/15738"}],"wp:featuredmedia":[{"embeddable":true,"href":"https:\/\/minutocerord.com\/index.php?rest_route=\/wp\/v2\/media\/15737"}],"wp:attachment":[{"href":"https:\/\/minutocerord.com\/index.php?rest_route=%2Fwp%2Fv2%2Fmedia&parent=15736"}],"wp:term":[{"taxonomy":"category","embeddable":true,"href":"https:\/\/minutocerord.com\/index.php?rest_route=%2Fwp%2Fv2%2Fcategories&post=15736"},{"taxonomy":"post_tag","embeddable":true,"href":"https:\/\/minutocerord.com\/index.php?rest_route=%2Fwp%2Fv2%2Ftags&post=15736"}],"curies":[{"name":"wp","href":"https:\/\/api.w.org\/{rel}","templated":true}]}}