{"id":15739,"date":"2023-10-06T10:01:29","date_gmt":"2023-10-06T14:01:29","guid":{"rendered":"https:\/\/minutocerord.com\/?p=15739"},"modified":"2023-10-06T10:01:31","modified_gmt":"2023-10-06T14:01:31","slug":"el-seibo-intenso-operativo-pn-en-busca-banda-cometio-hecho-vandalico","status":"publish","type":"post","link":"https:\/\/minutocerord.com\/?p=15739","title":{"rendered":"EL SEIBO | Intenso operativo PN en busca banda cometi\u00f3 hecho vand\u00e1lico"},"content":{"rendered":"\n<p><a href=\"https:\/\/almomento.net\/wp-content\/uploads\/2023\/10\/banda-haitianos.jpg\"><\/a><strong>EL SEIBO, Rep\u00fablica Dominicana.-<\/strong> La Polic\u00eda Nacional mantiene un intenso operativo en busca de ocho hombres, presumiblemente haitianos, que la madrugada del mi\u00e9rcoles \u00faltimo mataron a un agricultor y violaron repetidamente a su mujer en una finca ubicada en el tramo carretero El Seibo-Hato Mayor.<\/p>\n\n\n\n<p>La v\u00edctima es Confesor Mota Eusebio, de 57 a\u00f1os, quien recibi\u00f3 m\u00faltiples heridas de arma blanca. Su concubina, de 28 a\u00f1os, est\u00e1 internada en una cl\u00ednica de aqu\u00ed con serios da\u00f1os f\u00edsicos en sus partes \u00edntimas.<\/p>\n\n\n\n<p>Narr\u00f3 a las autoridades que sus agresores ten\u00edan rasgos de ser haitianos y que despu\u00e9s de matar a su marido pretendieron violar a una hija de ambos, por lo cual ella intervino y pidi\u00f3 que la violaran a ella, acci\u00f3n en la que se mantuvieron desde poco despu\u00e9s de la media noche hasta bien entrada la madrugada.<\/p>\n\n\n\n<p>El caso est\u00e1 siendo indagado por miembros de la Subdirecci\u00f3n Regional de Investigaciones Criminales (DICRIM) de El Seibo, &nbsp;coordinaci\u00f3n con el Ministerio P\u00fablico de esta demarcaci\u00f3n<\/p>\n","protected":false},"excerpt":{"rendered":"<p>EL SEIBO, Rep\u00fablica Dominicana.- La Polic\u00eda Nacional mantiene un intenso operativo en busca de ocho hombres, presumiblemente haitianos, que la madrugada del mi\u00e9rcoles \u00faltimo mataron a un agricultor y violaron repetidamente a su mujer en una finca ubicada en el tramo carretero El Seibo-Hato Mayor. La v\u00edctima es Confesor Mota Eusebio, de 57 a\u00f1os, quien [&hellip;]<\/p>\n","protected":false},"author":1,"featured_media":15740,"comment_status":"open","ping_status":"open","sticky":false,"template":"","format":"standard","meta":{"nf_dc_page":"","jetpack_post_was_ever_published":false,"_jetpack_newsletter_access":"","_jetpack_dont_email_post_to_subs":false,"_jetpack_newsletter_tier_id":0,"_jetpack_memberships_contains_paywalled_content":false,"_jetpack_memberships_contains_paid_content":false,"footnotes":"","jetpack_publicize_message":"","jetpack_publicize_feature_enabled":true,"jetpack_social_post_already_shared":false,"jetpack_social_options":{"image_generator_settings":{"template":"highway","default_image_id":0,"font":"","enabled":false},"version":2}},"categories":[65],"tags":[],"class_list":["post-15739","post","type-post","status-publish","format-standard","has-post-thumbnail","hentry","category-nacionales"],"yoast_head":"<!-- This site is optimized with the Yoast SEO plugin v27.4 - https:\/\/yoast.com\/product\/yoast-seo-wordpress\/ -->\n<title>EL SEIBO | Intenso operativo PN en busca banda cometi\u00f3 hecho vand\u00e1lico - Minuto Cero RD<\/title>\n<meta name=\"robots\" content=\"index, follow, max-snippet:-1, max-image-preview:large, max-video-preview:-1\" \/>\n<link rel=\"canonical\" href=\"http:\/\/minutocerord.com\/?p=15739\" \/>\n<meta property=\"og:locale\" content=\"es_ES\" \/>\n<meta property=\"og:type\" content=\"article\" \/>\n<meta property=\"og:title\" content=\"EL SEIBO | Intenso operativo PN en busca banda cometi\u00f3 hecho vand\u00e1lico - Minuto Cero RD\" \/>\n<meta property=\"og:description\" content=\"EL SEIBO, Rep\u00fablica Dominicana.- La Polic\u00eda Nacional mantiene un intenso operativo en busca de ocho hombres, presumiblemente haitianos, que la madrugada del mi\u00e9rcoles \u00faltimo mataron a un agricultor y violaron repetidamente a su mujer en una finca ubicada en el tramo carretero El Seibo-Hato Mayor. La v\u00edctima es Confesor Mota Eusebio, de 57 a\u00f1os, quien [&hellip;]\" \/>\n<meta property=\"og:url\" content=\"http:\/\/minutocerord.com\/?p=15739\" \/>\n<meta property=\"og:site_name\" content=\"Minuto Cero RD\" \/>\n<meta property=\"article:publisher\" content=\"https:\/\/www.facebook.com\/Genofnotes\" \/>\n<meta property=\"article:author\" content=\"https:\/\/www.facebook.com\/Genofnotes\" \/>\n<meta property=\"article:published_time\" content=\"2023-10-06T14:01:29+00:00\" \/>\n<meta property=\"article:modified_time\" content=\"2023-10-06T14:01:31+00:00\" \/>\n<meta property=\"og:image\" content=\"https:\/\/i0.wp.com\/minutocerord.com\/wp-content\/uploads\/2023\/10\/banda-haitianos.jpg?fit=640%2C288\" \/>\n\t<meta property=\"og:image:width\" content=\"640\" \/>\n\t<meta property=\"og:image:height\" content=\"288\" \/>\n\t<meta property=\"og:image:type\" content=\"image\/jpeg\" \/>\n<meta name=\"author\" content=\"Genof\u00f3ntes Urb\u00e1ez\" \/>\n<meta name=\"twitter:card\" content=\"summary_large_image\" \/>\n<meta name=\"twitter:label1\" content=\"Written by\" \/>\n\t<meta name=\"twitter:data1\" content=\"Genof\u00f3ntes Urb\u00e1ez\" \/>\n\t<meta name=\"twitter:label2\" content=\"Est. reading time\" \/>\n\t<meta name=\"twitter:data2\" content=\"1 minuto\" \/>\n<script type=\"application\/ld+json\" class=\"yoast-schema-graph\">{\"@context\":\"https:\\\/\\\/schema.org\",\"@graph\":[{\"@type\":\"Article\",\"@id\":\"http:\\\/\\\/minutocerord.com\\\/?p=15739#article\",\"isPartOf\":{\"@id\":\"http:\\\/\\\/minutocerord.com\\\/?p=15739\"},\"author\":{\"name\":\"Genof\u00f3ntes Urb\u00e1ez\",\"@id\":\"https:\\\/\\\/minutocerord.com\\\/#\\\/schema\\\/person\\\/60b5372d60aaa0a5171fb6488be9aee6\"},\"headline\":\"EL SEIBO | Intenso operativo PN en busca banda cometi\u00f3 hecho vand\u00e1lico\",\"datePublished\":\"2023-10-06T14:01:29+00:00\",\"dateModified\":\"2023-10-06T14:01:31+00:00\",\"mainEntityOfPage\":{\"@id\":\"http:\\\/\\\/minutocerord.com\\\/?p=15739\"},\"wordCount\":194,\"commentCount\":0,\"publisher\":{\"@id\":\"https:\\\/\\\/minutocerord.com\\\/#\\\/schema\\\/person\\\/60b5372d60aaa0a5171fb6488be9aee6\"},\"image\":{\"@id\":\"http:\\\/\\\/minutocerord.com\\\/?p=15739#primaryimage\"},\"thumbnailUrl\":\"https:\\\/\\\/i0.wp.com\\\/minutocerord.com\\\/wp-content\\\/uploads\\\/2023\\\/10\\\/banda-haitianos.jpg?fit=640%2C288&ssl=1\",\"articleSection\":[\"Nacionales\"],\"inLanguage\":\"es-DO\",\"potentialAction\":[{\"@type\":\"CommentAction\",\"name\":\"Comment\",\"target\":[\"http:\\\/\\\/minutocerord.com\\\/?p=15739#respond\"]}]},{\"@type\":\"WebPage\",\"@id\":\"http:\\\/\\\/minutocerord.com\\\/?p=15739\",\"url\":\"http:\\\/\\\/minutocerord.com\\\/?p=15739\",\"name\":\"EL SEIBO | Intenso operativo PN en busca banda cometi\u00f3 hecho vand\u00e1lico - Minuto Cero RD\",\"isPartOf\":{\"@id\":\"https:\\\/\\\/minutocerord.com\\\/#website\"},\"primaryImageOfPage\":{\"@id\":\"http:\\\/\\\/minutocerord.com\\\/?p=15739#primaryimage\"},\"image\":{\"@id\":\"http:\\\/\\\/minutocerord.com\\\/?p=15739#primaryimage\"},\"thumbnailUrl\":\"https:\\\/\\\/i0.wp.com\\\/minutocerord.com\\\/wp-content\\\/uploads\\\/2023\\\/10\\\/banda-haitianos.jpg?fit=640%2C288&ssl=1\",\"datePublished\":\"2023-10-06T14:01:29+00:00\",\"dateModified\":\"2023-10-06T14:01:31+00:00\",\"breadcrumb\":{\"@id\":\"http:\\\/\\\/minutocerord.com\\\/?p=15739#breadcrumb\"},\"inLanguage\":\"es-DO\",\"potentialAction\":[{\"@type\":\"ReadAction\",\"target\":[\"http:\\\/\\\/minutocerord.com\\\/?p=15739\"]}]},{\"@type\":\"ImageObject\",\"inLanguage\":\"es-DO\",\"@id\":\"http:\\\/\\\/minutocerord.com\\\/?p=15739#primaryimage\",\"url\":\"https:\\\/\\\/i0.wp.com\\\/minutocerord.com\\\/wp-content\\\/uploads\\\/2023\\\/10\\\/banda-haitianos.jpg?fit=640%2C288&ssl=1\",\"contentUrl\":\"https:\\\/\\\/i0.wp.com\\\/minutocerord.com\\\/wp-content\\\/uploads\\\/2023\\\/10\\\/banda-haitianos.jpg?fit=640%2C288&ssl=1\",\"width\":640,\"height\":288},{\"@type\":\"BreadcrumbList\",\"@id\":\"http:\\\/\\\/minutocerord.com\\\/?p=15739#breadcrumb\",\"itemListElement\":[{\"@type\":\"ListItem\",\"position\":1,\"name\":\"Home\",\"item\":\"https:\\\/\\\/minutocerord.com\\\/\"},{\"@type\":\"ListItem\",\"position\":2,\"name\":\"EL SEIBO | Intenso operativo PN en busca banda cometi\u00f3 hecho vand\u00e1lico\"}]},{\"@type\":\"WebSite\",\"@id\":\"https:\\\/\\\/minutocerord.com\\\/#website\",\"url\":\"https:\\\/\\\/minutocerord.com\\\/\",\"name\":\"Minuto Cero RD\",\"description\":\"Periodismo serio y veraz\",\"publisher\":{\"@id\":\"https:\\\/\\\/minutocerord.com\\\/#\\\/schema\\\/person\\\/60b5372d60aaa0a5171fb6488be9aee6\"},\"potentialAction\":[{\"@type\":\"SearchAction\",\"target\":{\"@type\":\"EntryPoint\",\"urlTemplate\":\"https:\\\/\\\/minutocerord.com\\\/?s={search_term_string}\"},\"query-input\":{\"@type\":\"PropertyValueSpecification\",\"valueRequired\":true,\"valueName\":\"search_term_string\"}}],\"inLanguage\":\"es-DO\"},{\"@type\":[\"Person\",\"Organization\"],\"@id\":\"https:\\\/\\\/minutocerord.com\\\/#\\\/schema\\\/person\\\/60b5372d60aaa0a5171fb6488be9aee6\",\"name\":\"Genof\u00f3ntes Urb\u00e1ez\",\"image\":{\"@type\":\"ImageObject\",\"inLanguage\":\"es-DO\",\"@id\":\"https:\\\/\\\/secure.gravatar.com\\\/avatar\\\/a49ef3186a692098ac3e8a1612261e3ad70cf9e44553dff2929e67939a0ecb9d?s=96&d=identicon&r=g\",\"url\":\"https:\\\/\\\/secure.gravatar.com\\\/avatar\\\/a49ef3186a692098ac3e8a1612261e3ad70cf9e44553dff2929e67939a0ecb9d?s=96&d=identicon&r=g\",\"contentUrl\":\"https:\\\/\\\/secure.gravatar.com\\\/avatar\\\/a49ef3186a692098ac3e8a1612261e3ad70cf9e44553dff2929e67939a0ecb9d?s=96&d=identicon&r=g\",\"caption\":\"Genof\u00f3ntes Urb\u00e1ez\"},\"logo\":{\"@id\":\"https:\\\/\\\/secure.gravatar.com\\\/avatar\\\/a49ef3186a692098ac3e8a1612261e3ad70cf9e44553dff2929e67939a0ecb9d?s=96&d=identicon&r=g\"},\"description\":\"Periodista \\\/ Locutor\",\"sameAs\":[\"https:\\\/\\\/www.facebook.com\\\/Genofnotes\",\"https:\\\/\\\/www.instagram.com\\\/genofnotes\\\/\"]}]}<\/script>\n<!-- \/ Yoast SEO plugin. -->","yoast_head_json":{"title":"EL SEIBO | Intenso operativo PN en busca banda cometi\u00f3 hecho vand\u00e1lico - Minuto Cero RD","robots":{"index":"index","follow":"follow","max-snippet":"max-snippet:-1","max-image-preview":"max-image-preview:large","max-video-preview":"max-video-preview:-1"},"canonical":"http:\/\/minutocerord.com\/?p=15739","og_locale":"es_ES","og_type":"article","og_title":"EL SEIBO | Intenso operativo PN en busca banda cometi\u00f3 hecho vand\u00e1lico - Minuto Cero RD","og_description":"EL SEIBO, Rep\u00fablica Dominicana.- La Polic\u00eda Nacional mantiene un intenso operativo en busca de ocho hombres, presumiblemente haitianos, que la madrugada del mi\u00e9rcoles \u00faltimo mataron a un agricultor y violaron repetidamente a su mujer en una finca ubicada en el tramo carretero El Seibo-Hato Mayor. La v\u00edctima es Confesor Mota Eusebio, de 57 a\u00f1os, quien [&hellip;]","og_url":"http:\/\/minutocerord.com\/?p=15739","og_site_name":"Minuto Cero RD","article_publisher":"https:\/\/www.facebook.com\/Genofnotes","article_author":"https:\/\/www.facebook.com\/Genofnotes","article_published_time":"2023-10-06T14:01:29+00:00","article_modified_time":"2023-10-06T14:01:31+00:00","og_image":[{"width":640,"height":288,"url":"https:\/\/i0.wp.com\/minutocerord.com\/wp-content\/uploads\/2023\/10\/banda-haitianos.jpg?fit=640%2C288","type":"image\/jpeg"}],"author":"Genof\u00f3ntes Urb\u00e1ez","twitter_card":"summary_large_image","twitter_misc":{"Written by":"Genof\u00f3ntes Urb\u00e1ez","Est. reading time":"1 minuto"},"schema":{"@context":"https:\/\/schema.org","@graph":[{"@type":"Article","@id":"http:\/\/minutocerord.com\/?p=15739#article","isPartOf":{"@id":"http:\/\/minutocerord.com\/?p=15739"},"author":{"name":"Genof\u00f3ntes Urb\u00e1ez","@id":"https:\/\/minutocerord.com\/#\/schema\/person\/60b5372d60aaa0a5171fb6488be9aee6"},"headline":"EL SEIBO | Intenso operativo PN en busca banda cometi\u00f3 hecho vand\u00e1lico","datePublished":"2023-10-06T14:01:29+00:00","dateModified":"2023-10-06T14:01:31+00:00","mainEntityOfPage":{"@id":"http:\/\/minutocerord.com\/?p=15739"},"wordCount":194,"commentCount":0,"publisher":{"@id":"https:\/\/minutocerord.com\/#\/schema\/person\/60b5372d60aaa0a5171fb6488be9aee6"},"image":{"@id":"http:\/\/minutocerord.com\/?p=15739#primaryimage"},"thumbnailUrl":"https:\/\/i0.wp.com\/minutocerord.com\/wp-content\/uploads\/2023\/10\/banda-haitianos.jpg?fit=640%2C288&ssl=1","articleSection":["Nacionales"],"inLanguage":"es-DO","potentialAction":[{"@type":"CommentAction","name":"Comment","target":["http:\/\/minutocerord.com\/?p=15739#respond"]}]},{"@type":"WebPage","@id":"http:\/\/minutocerord.com\/?p=15739","url":"http:\/\/minutocerord.com\/?p=15739","name":"EL SEIBO | Intenso operativo PN en busca banda cometi\u00f3 hecho vand\u00e1lico - Minuto Cero RD","isPartOf":{"@id":"https:\/\/minutocerord.com\/#website"},"primaryImageOfPage":{"@id":"http:\/\/minutocerord.com\/?p=15739#primaryimage"},"image":{"@id":"http:\/\/minutocerord.com\/?p=15739#primaryimage"},"thumbnailUrl":"https:\/\/i0.wp.com\/minutocerord.com\/wp-content\/uploads\/2023\/10\/banda-haitianos.jpg?fit=640%2C288&ssl=1","datePublished":"2023-10-06T14:01:29+00:00","dateModified":"2023-10-06T14:01:31+00:00","breadcrumb":{"@id":"http:\/\/minutocerord.com\/?p=15739#breadcrumb"},"inLanguage":"es-DO","potentialAction":[{"@type":"ReadAction","target":["http:\/\/minutocerord.com\/?p=15739"]}]},{"@type":"ImageObject","inLanguage":"es-DO","@id":"http:\/\/minutocerord.com\/?p=15739#primaryimage","url":"https:\/\/i0.wp.com\/minutocerord.com\/wp-content\/uploads\/2023\/10\/banda-haitianos.jpg?fit=640%2C288&ssl=1","contentUrl":"https:\/\/i0.wp.com\/minutocerord.com\/wp-content\/uploads\/2023\/10\/banda-haitianos.jpg?fit=640%2C288&ssl=1","width":640,"height":288},{"@type":"BreadcrumbList","@id":"http:\/\/minutocerord.com\/?p=15739#breadcrumb","itemListElement":[{"@type":"ListItem","position":1,"name":"Home","item":"https:\/\/minutocerord.com\/"},{"@type":"ListItem","position":2,"name":"EL SEIBO | Intenso operativo PN en busca banda cometi\u00f3 hecho vand\u00e1lico"}]},{"@type":"WebSite","@id":"https:\/\/minutocerord.com\/#website","url":"https:\/\/minutocerord.com\/","name":"Minuto Cero RD","description":"Periodismo serio y veraz","publisher":{"@id":"https:\/\/minutocerord.com\/#\/schema\/person\/60b5372d60aaa0a5171fb6488be9aee6"},"potentialAction":[{"@type":"SearchAction","target":{"@type":"EntryPoint","urlTemplate":"https:\/\/minutocerord.com\/?s={search_term_string}"},"query-input":{"@type":"PropertyValueSpecification","valueRequired":true,"valueName":"search_term_string"}}],"inLanguage":"es-DO"},{"@type":["Person","Organization"],"@id":"https:\/\/minutocerord.com\/#\/schema\/person\/60b5372d60aaa0a5171fb6488be9aee6","name":"Genof\u00f3ntes Urb\u00e1ez","image":{"@type":"ImageObject","inLanguage":"es-DO","@id":"https:\/\/secure.gravatar.com\/avatar\/a49ef3186a692098ac3e8a1612261e3ad70cf9e44553dff2929e67939a0ecb9d?s=96&d=identicon&r=g","url":"https:\/\/secure.gravatar.com\/avatar\/a49ef3186a692098ac3e8a1612261e3ad70cf9e44553dff2929e67939a0ecb9d?s=96&d=identicon&r=g","contentUrl":"https:\/\/secure.gravatar.com\/avatar\/a49ef3186a692098ac3e8a1612261e3ad70cf9e44553dff2929e67939a0ecb9d?s=96&d=identicon&r=g","caption":"Genof\u00f3ntes Urb\u00e1ez"},"logo":{"@id":"https:\/\/secure.gravatar.com\/avatar\/a49ef3186a692098ac3e8a1612261e3ad70cf9e44553dff2929e67939a0ecb9d?s=96&d=identicon&r=g"},"description":"Periodista \/ Locutor","sameAs":["https:\/\/www.facebook.com\/Genofnotes","https:\/\/www.instagram.com\/genofnotes\/"]}]}},"jetpack_publicize_connections":[],"jetpack_featured_media_url":"https:\/\/i0.wp.com\/minutocerord.com\/wp-content\/uploads\/2023\/10\/banda-haitianos.jpg?fit=640%2C288&ssl=1","jetpack-related-posts":[],"jetpack_sharing_enabled":true,"_links":{"self":[{"href":"https:\/\/minutocerord.com\/index.php?rest_route=\/wp\/v2\/posts\/15739","targetHints":{"allow":["GET"]}}],"collection":[{"href":"https:\/\/minutocerord.com\/index.php?rest_route=\/wp\/v2\/posts"}],"about":[{"href":"https:\/\/minutocerord.com\/index.php?rest_route=\/wp\/v2\/types\/post"}],"author":[{"embeddable":true,"href":"https:\/\/minutocerord.com\/index.php?rest_route=\/wp\/v2\/users\/1"}],"replies":[{"embeddable":true,"href":"https:\/\/minutocerord.com\/index.php?rest_route=%2Fwp%2Fv2%2Fcomments&post=15739"}],"version-history":[{"count":1,"href":"https:\/\/minutocerord.com\/index.php?rest_route=\/wp\/v2\/posts\/15739\/revisions"}],"predecessor-version":[{"id":15741,"href":"https:\/\/minutocerord.com\/index.php?rest_route=\/wp\/v2\/posts\/15739\/revisions\/15741"}],"wp:featuredmedia":[{"embeddable":true,"href":"https:\/\/minutocerord.com\/index.php?rest_route=\/wp\/v2\/media\/15740"}],"wp:attachment":[{"href":"https:\/\/minutocerord.com\/index.php?rest_route=%2Fwp%2Fv2%2Fmedia&parent=15739"}],"wp:term":[{"taxonomy":"category","embeddable":true,"href":"https:\/\/minutocerord.com\/index.php?rest_route=%2Fwp%2Fv2%2Fcategories&post=15739"},{"taxonomy":"post_tag","embeddable":true,"href":"https:\/\/minutocerord.com\/index.php?rest_route=%2Fwp%2Fv2%2Ftags&post=15739"}],"curies":[{"name":"wp","href":"https:\/\/api.w.org\/{rel}","templated":true}]}}