{"id":15742,"date":"2023-10-06T10:15:49","date_gmt":"2023-10-06T14:15:49","guid":{"rendered":"https:\/\/minutocerord.com\/?p=15742"},"modified":"2023-10-06T10:15:51","modified_gmt":"2023-10-06T14:15:51","slug":"dajabon-apresan-pastor-evangelico-por-violencia-psicologica-y-agresion-sexual-contra-menor-de-13-anos","status":"publish","type":"post","link":"https:\/\/minutocerord.com\/?p=15742","title":{"rendered":"DAJABON | Apresan \u201cpastor evang\u00e9lico\u201d por violencia psicol\u00f3gica y agresi\u00f3n sexual contra menor de 13 a\u00f1os"},"content":{"rendered":"\n<p><strong>Dajab\u00f3n.-<\/strong>Un pastor evang\u00e9lico fue apresado este jueves con dos \u00f3rdenes judiciales, acusado supuestamente de ejercer violencia psicol\u00f3gica y agresi\u00f3n sexual en perjuicio de una menor de 13 a\u00f1os de edad, en este municipio.<\/p>\n\n\n\n<p>El imputado es Narciso Lajara, apodado \u201cPichilo\u201d de 60 a\u00f1os, residente en el sector Benito Monci\u00f3n de Dajab\u00f3n, quien era activamente buscado por miembros policiales preventivos y de investigaciones, desde el pasado mes de septiembre cuando ocurri\u00f3 el hecho.<\/p>\n\n\n\n<p>La madre de la menor, cuyo nombre se omite para preservar su integridad moral, present\u00f3 formal denuncia contra el religioso, quien en las pr\u00f3ximas horas ser\u00e1 puesto a disposici\u00f3n del Ministerio P\u00fablico para los fines legales correspondientes.<\/p>\n","protected":false},"excerpt":{"rendered":"<p>Dajab\u00f3n.-Un pastor evang\u00e9lico fue apresado este jueves con dos \u00f3rdenes judiciales, acusado supuestamente de ejercer violencia psicol\u00f3gica y agresi\u00f3n sexual en perjuicio de una menor de 13 a\u00f1os de edad, en este municipio. El imputado es Narciso Lajara, apodado \u201cPichilo\u201d de 60 a\u00f1os, residente en el sector Benito Monci\u00f3n de Dajab\u00f3n, quien era activamente buscado [&hellip;]<\/p>\n","protected":false},"author":1,"featured_media":15743,"comment_status":"open","ping_status":"open","sticky":false,"template":"","format":"standard","meta":{"nf_dc_page":"","jetpack_post_was_ever_published":false,"_jetpack_newsletter_access":"","_jetpack_dont_email_post_to_subs":false,"_jetpack_newsletter_tier_id":0,"_jetpack_memberships_contains_paywalled_content":false,"_jetpack_memberships_contains_paid_content":false,"footnotes":"","jetpack_publicize_message":"","jetpack_publicize_feature_enabled":true,"jetpack_social_post_already_shared":false,"jetpack_social_options":{"image_generator_settings":{"template":"highway","default_image_id":0,"font":"","enabled":false},"version":2}},"categories":[65],"tags":[],"class_list":["post-15742","post","type-post","status-publish","format-standard","has-post-thumbnail","hentry","category-nacionales"],"yoast_head":"<!-- This site is optimized with the Yoast SEO plugin v27.4 - https:\/\/yoast.com\/product\/yoast-seo-wordpress\/ -->\n<title>DAJABON | Apresan \u201cpastor evang\u00e9lico\u201d por violencia psicol\u00f3gica y agresi\u00f3n sexual contra menor de 13 a\u00f1os - Minuto Cero RD<\/title>\n<meta name=\"robots\" content=\"index, follow, max-snippet:-1, max-image-preview:large, max-video-preview:-1\" \/>\n<link rel=\"canonical\" href=\"http:\/\/minutocerord.com\/?p=15742\" \/>\n<meta property=\"og:locale\" content=\"es_ES\" \/>\n<meta property=\"og:type\" content=\"article\" \/>\n<meta property=\"og:title\" content=\"DAJABON | Apresan \u201cpastor evang\u00e9lico\u201d por violencia psicol\u00f3gica y agresi\u00f3n sexual contra menor de 13 a\u00f1os - Minuto Cero RD\" \/>\n<meta property=\"og:description\" content=\"Dajab\u00f3n.-Un pastor evang\u00e9lico fue apresado este jueves con dos \u00f3rdenes judiciales, acusado supuestamente de ejercer violencia psicol\u00f3gica y agresi\u00f3n sexual en perjuicio de una menor de 13 a\u00f1os de edad, en este municipio. El imputado es Narciso Lajara, apodado \u201cPichilo\u201d de 60 a\u00f1os, residente en el sector Benito Monci\u00f3n de Dajab\u00f3n, quien era activamente buscado [&hellip;]\" \/>\n<meta property=\"og:url\" content=\"http:\/\/minutocerord.com\/?p=15742\" \/>\n<meta property=\"og:site_name\" content=\"Minuto Cero RD\" \/>\n<meta property=\"article:publisher\" content=\"https:\/\/www.facebook.com\/Genofnotes\" \/>\n<meta property=\"article:author\" content=\"https:\/\/www.facebook.com\/Genofnotes\" \/>\n<meta property=\"article:published_time\" content=\"2023-10-06T14:15:49+00:00\" \/>\n<meta property=\"article:modified_time\" content=\"2023-10-06T14:15:51+00:00\" \/>\n<meta property=\"og:image\" content=\"https:\/\/i0.wp.com\/minutocerord.com\/wp-content\/uploads\/2023\/10\/AAAAAAAAAAAAA-1.jpg?fit=711%2C859\" \/>\n\t<meta property=\"og:image:width\" content=\"711\" \/>\n\t<meta property=\"og:image:height\" content=\"859\" \/>\n\t<meta property=\"og:image:type\" content=\"image\/jpeg\" \/>\n<meta name=\"author\" content=\"Genof\u00f3ntes Urb\u00e1ez\" \/>\n<meta name=\"twitter:card\" content=\"summary_large_image\" \/>\n<meta name=\"twitter:label1\" content=\"Written by\" \/>\n\t<meta name=\"twitter:data1\" content=\"Genof\u00f3ntes Urb\u00e1ez\" \/>\n\t<meta name=\"twitter:label2\" content=\"Est. reading time\" \/>\n\t<meta name=\"twitter:data2\" content=\"1 minuto\" \/>\n<script type=\"application\/ld+json\" class=\"yoast-schema-graph\">{\"@context\":\"https:\\\/\\\/schema.org\",\"@graph\":[{\"@type\":\"Article\",\"@id\":\"http:\\\/\\\/minutocerord.com\\\/?p=15742#article\",\"isPartOf\":{\"@id\":\"http:\\\/\\\/minutocerord.com\\\/?p=15742\"},\"author\":{\"name\":\"Genof\u00f3ntes Urb\u00e1ez\",\"@id\":\"https:\\\/\\\/minutocerord.com\\\/#\\\/schema\\\/person\\\/60b5372d60aaa0a5171fb6488be9aee6\"},\"headline\":\"DAJABON | Apresan \u201cpastor evang\u00e9lico\u201d por violencia psicol\u00f3gica y agresi\u00f3n sexual contra menor de 13 a\u00f1os\",\"datePublished\":\"2023-10-06T14:15:49+00:00\",\"dateModified\":\"2023-10-06T14:15:51+00:00\",\"mainEntityOfPage\":{\"@id\":\"http:\\\/\\\/minutocerord.com\\\/?p=15742\"},\"wordCount\":137,\"commentCount\":0,\"publisher\":{\"@id\":\"https:\\\/\\\/minutocerord.com\\\/#\\\/schema\\\/person\\\/60b5372d60aaa0a5171fb6488be9aee6\"},\"image\":{\"@id\":\"http:\\\/\\\/minutocerord.com\\\/?p=15742#primaryimage\"},\"thumbnailUrl\":\"https:\\\/\\\/i0.wp.com\\\/minutocerord.com\\\/wp-content\\\/uploads\\\/2023\\\/10\\\/AAAAAAAAAAAAA-1.jpg?fit=711%2C859&ssl=1\",\"articleSection\":[\"Nacionales\"],\"inLanguage\":\"es-DO\",\"potentialAction\":[{\"@type\":\"CommentAction\",\"name\":\"Comment\",\"target\":[\"http:\\\/\\\/minutocerord.com\\\/?p=15742#respond\"]}]},{\"@type\":\"WebPage\",\"@id\":\"http:\\\/\\\/minutocerord.com\\\/?p=15742\",\"url\":\"http:\\\/\\\/minutocerord.com\\\/?p=15742\",\"name\":\"DAJABON | Apresan \u201cpastor evang\u00e9lico\u201d por violencia psicol\u00f3gica y agresi\u00f3n sexual contra menor de 13 a\u00f1os - Minuto Cero RD\",\"isPartOf\":{\"@id\":\"https:\\\/\\\/minutocerord.com\\\/#website\"},\"primaryImageOfPage\":{\"@id\":\"http:\\\/\\\/minutocerord.com\\\/?p=15742#primaryimage\"},\"image\":{\"@id\":\"http:\\\/\\\/minutocerord.com\\\/?p=15742#primaryimage\"},\"thumbnailUrl\":\"https:\\\/\\\/i0.wp.com\\\/minutocerord.com\\\/wp-content\\\/uploads\\\/2023\\\/10\\\/AAAAAAAAAAAAA-1.jpg?fit=711%2C859&ssl=1\",\"datePublished\":\"2023-10-06T14:15:49+00:00\",\"dateModified\":\"2023-10-06T14:15:51+00:00\",\"breadcrumb\":{\"@id\":\"http:\\\/\\\/minutocerord.com\\\/?p=15742#breadcrumb\"},\"inLanguage\":\"es-DO\",\"potentialAction\":[{\"@type\":\"ReadAction\",\"target\":[\"http:\\\/\\\/minutocerord.com\\\/?p=15742\"]}]},{\"@type\":\"ImageObject\",\"inLanguage\":\"es-DO\",\"@id\":\"http:\\\/\\\/minutocerord.com\\\/?p=15742#primaryimage\",\"url\":\"https:\\\/\\\/i0.wp.com\\\/minutocerord.com\\\/wp-content\\\/uploads\\\/2023\\\/10\\\/AAAAAAAAAAAAA-1.jpg?fit=711%2C859&ssl=1\",\"contentUrl\":\"https:\\\/\\\/i0.wp.com\\\/minutocerord.com\\\/wp-content\\\/uploads\\\/2023\\\/10\\\/AAAAAAAAAAAAA-1.jpg?fit=711%2C859&ssl=1\",\"width\":711,\"height\":859},{\"@type\":\"BreadcrumbList\",\"@id\":\"http:\\\/\\\/minutocerord.com\\\/?p=15742#breadcrumb\",\"itemListElement\":[{\"@type\":\"ListItem\",\"position\":1,\"name\":\"Home\",\"item\":\"https:\\\/\\\/minutocerord.com\\\/\"},{\"@type\":\"ListItem\",\"position\":2,\"name\":\"DAJABON | Apresan \u201cpastor evang\u00e9lico\u201d por violencia psicol\u00f3gica y agresi\u00f3n sexual contra menor de 13 a\u00f1os\"}]},{\"@type\":\"WebSite\",\"@id\":\"https:\\\/\\\/minutocerord.com\\\/#website\",\"url\":\"https:\\\/\\\/minutocerord.com\\\/\",\"name\":\"Minuto Cero RD\",\"description\":\"Periodismo serio y veraz\",\"publisher\":{\"@id\":\"https:\\\/\\\/minutocerord.com\\\/#\\\/schema\\\/person\\\/60b5372d60aaa0a5171fb6488be9aee6\"},\"potentialAction\":[{\"@type\":\"SearchAction\",\"target\":{\"@type\":\"EntryPoint\",\"urlTemplate\":\"https:\\\/\\\/minutocerord.com\\\/?s={search_term_string}\"},\"query-input\":{\"@type\":\"PropertyValueSpecification\",\"valueRequired\":true,\"valueName\":\"search_term_string\"}}],\"inLanguage\":\"es-DO\"},{\"@type\":[\"Person\",\"Organization\"],\"@id\":\"https:\\\/\\\/minutocerord.com\\\/#\\\/schema\\\/person\\\/60b5372d60aaa0a5171fb6488be9aee6\",\"name\":\"Genof\u00f3ntes Urb\u00e1ez\",\"image\":{\"@type\":\"ImageObject\",\"inLanguage\":\"es-DO\",\"@id\":\"https:\\\/\\\/secure.gravatar.com\\\/avatar\\\/a49ef3186a692098ac3e8a1612261e3ad70cf9e44553dff2929e67939a0ecb9d?s=96&d=identicon&r=g\",\"url\":\"https:\\\/\\\/secure.gravatar.com\\\/avatar\\\/a49ef3186a692098ac3e8a1612261e3ad70cf9e44553dff2929e67939a0ecb9d?s=96&d=identicon&r=g\",\"contentUrl\":\"https:\\\/\\\/secure.gravatar.com\\\/avatar\\\/a49ef3186a692098ac3e8a1612261e3ad70cf9e44553dff2929e67939a0ecb9d?s=96&d=identicon&r=g\",\"caption\":\"Genof\u00f3ntes Urb\u00e1ez\"},\"logo\":{\"@id\":\"https:\\\/\\\/secure.gravatar.com\\\/avatar\\\/a49ef3186a692098ac3e8a1612261e3ad70cf9e44553dff2929e67939a0ecb9d?s=96&d=identicon&r=g\"},\"description\":\"Periodista \\\/ Locutor\",\"sameAs\":[\"https:\\\/\\\/www.facebook.com\\\/Genofnotes\",\"https:\\\/\\\/www.instagram.com\\\/genofnotes\\\/\"]}]}<\/script>\n<!-- \/ Yoast SEO plugin. -->","yoast_head_json":{"title":"DAJABON | Apresan \u201cpastor evang\u00e9lico\u201d por violencia psicol\u00f3gica y agresi\u00f3n sexual contra menor de 13 a\u00f1os - Minuto Cero RD","robots":{"index":"index","follow":"follow","max-snippet":"max-snippet:-1","max-image-preview":"max-image-preview:large","max-video-preview":"max-video-preview:-1"},"canonical":"http:\/\/minutocerord.com\/?p=15742","og_locale":"es_ES","og_type":"article","og_title":"DAJABON | Apresan \u201cpastor evang\u00e9lico\u201d por violencia psicol\u00f3gica y agresi\u00f3n sexual contra menor de 13 a\u00f1os - Minuto Cero RD","og_description":"Dajab\u00f3n.-Un pastor evang\u00e9lico fue apresado este jueves con dos \u00f3rdenes judiciales, acusado supuestamente de ejercer violencia psicol\u00f3gica y agresi\u00f3n sexual en perjuicio de una menor de 13 a\u00f1os de edad, en este municipio. El imputado es Narciso Lajara, apodado \u201cPichilo\u201d de 60 a\u00f1os, residente en el sector Benito Monci\u00f3n de Dajab\u00f3n, quien era activamente buscado [&hellip;]","og_url":"http:\/\/minutocerord.com\/?p=15742","og_site_name":"Minuto Cero RD","article_publisher":"https:\/\/www.facebook.com\/Genofnotes","article_author":"https:\/\/www.facebook.com\/Genofnotes","article_published_time":"2023-10-06T14:15:49+00:00","article_modified_time":"2023-10-06T14:15:51+00:00","og_image":[{"width":711,"height":859,"url":"https:\/\/i0.wp.com\/minutocerord.com\/wp-content\/uploads\/2023\/10\/AAAAAAAAAAAAA-1.jpg?fit=711%2C859","type":"image\/jpeg"}],"author":"Genof\u00f3ntes Urb\u00e1ez","twitter_card":"summary_large_image","twitter_misc":{"Written by":"Genof\u00f3ntes Urb\u00e1ez","Est. reading time":"1 minuto"},"schema":{"@context":"https:\/\/schema.org","@graph":[{"@type":"Article","@id":"http:\/\/minutocerord.com\/?p=15742#article","isPartOf":{"@id":"http:\/\/minutocerord.com\/?p=15742"},"author":{"name":"Genof\u00f3ntes Urb\u00e1ez","@id":"https:\/\/minutocerord.com\/#\/schema\/person\/60b5372d60aaa0a5171fb6488be9aee6"},"headline":"DAJABON | Apresan \u201cpastor evang\u00e9lico\u201d por violencia psicol\u00f3gica y agresi\u00f3n sexual contra menor de 13 a\u00f1os","datePublished":"2023-10-06T14:15:49+00:00","dateModified":"2023-10-06T14:15:51+00:00","mainEntityOfPage":{"@id":"http:\/\/minutocerord.com\/?p=15742"},"wordCount":137,"commentCount":0,"publisher":{"@id":"https:\/\/minutocerord.com\/#\/schema\/person\/60b5372d60aaa0a5171fb6488be9aee6"},"image":{"@id":"http:\/\/minutocerord.com\/?p=15742#primaryimage"},"thumbnailUrl":"https:\/\/i0.wp.com\/minutocerord.com\/wp-content\/uploads\/2023\/10\/AAAAAAAAAAAAA-1.jpg?fit=711%2C859&ssl=1","articleSection":["Nacionales"],"inLanguage":"es-DO","potentialAction":[{"@type":"CommentAction","name":"Comment","target":["http:\/\/minutocerord.com\/?p=15742#respond"]}]},{"@type":"WebPage","@id":"http:\/\/minutocerord.com\/?p=15742","url":"http:\/\/minutocerord.com\/?p=15742","name":"DAJABON | Apresan \u201cpastor evang\u00e9lico\u201d por violencia psicol\u00f3gica y agresi\u00f3n sexual contra menor de 13 a\u00f1os - Minuto Cero RD","isPartOf":{"@id":"https:\/\/minutocerord.com\/#website"},"primaryImageOfPage":{"@id":"http:\/\/minutocerord.com\/?p=15742#primaryimage"},"image":{"@id":"http:\/\/minutocerord.com\/?p=15742#primaryimage"},"thumbnailUrl":"https:\/\/i0.wp.com\/minutocerord.com\/wp-content\/uploads\/2023\/10\/AAAAAAAAAAAAA-1.jpg?fit=711%2C859&ssl=1","datePublished":"2023-10-06T14:15:49+00:00","dateModified":"2023-10-06T14:15:51+00:00","breadcrumb":{"@id":"http:\/\/minutocerord.com\/?p=15742#breadcrumb"},"inLanguage":"es-DO","potentialAction":[{"@type":"ReadAction","target":["http:\/\/minutocerord.com\/?p=15742"]}]},{"@type":"ImageObject","inLanguage":"es-DO","@id":"http:\/\/minutocerord.com\/?p=15742#primaryimage","url":"https:\/\/i0.wp.com\/minutocerord.com\/wp-content\/uploads\/2023\/10\/AAAAAAAAAAAAA-1.jpg?fit=711%2C859&ssl=1","contentUrl":"https:\/\/i0.wp.com\/minutocerord.com\/wp-content\/uploads\/2023\/10\/AAAAAAAAAAAAA-1.jpg?fit=711%2C859&ssl=1","width":711,"height":859},{"@type":"BreadcrumbList","@id":"http:\/\/minutocerord.com\/?p=15742#breadcrumb","itemListElement":[{"@type":"ListItem","position":1,"name":"Home","item":"https:\/\/minutocerord.com\/"},{"@type":"ListItem","position":2,"name":"DAJABON | Apresan \u201cpastor evang\u00e9lico\u201d por violencia psicol\u00f3gica y agresi\u00f3n sexual contra menor de 13 a\u00f1os"}]},{"@type":"WebSite","@id":"https:\/\/minutocerord.com\/#website","url":"https:\/\/minutocerord.com\/","name":"Minuto Cero RD","description":"Periodismo serio y veraz","publisher":{"@id":"https:\/\/minutocerord.com\/#\/schema\/person\/60b5372d60aaa0a5171fb6488be9aee6"},"potentialAction":[{"@type":"SearchAction","target":{"@type":"EntryPoint","urlTemplate":"https:\/\/minutocerord.com\/?s={search_term_string}"},"query-input":{"@type":"PropertyValueSpecification","valueRequired":true,"valueName":"search_term_string"}}],"inLanguage":"es-DO"},{"@type":["Person","Organization"],"@id":"https:\/\/minutocerord.com\/#\/schema\/person\/60b5372d60aaa0a5171fb6488be9aee6","name":"Genof\u00f3ntes Urb\u00e1ez","image":{"@type":"ImageObject","inLanguage":"es-DO","@id":"https:\/\/secure.gravatar.com\/avatar\/a49ef3186a692098ac3e8a1612261e3ad70cf9e44553dff2929e67939a0ecb9d?s=96&d=identicon&r=g","url":"https:\/\/secure.gravatar.com\/avatar\/a49ef3186a692098ac3e8a1612261e3ad70cf9e44553dff2929e67939a0ecb9d?s=96&d=identicon&r=g","contentUrl":"https:\/\/secure.gravatar.com\/avatar\/a49ef3186a692098ac3e8a1612261e3ad70cf9e44553dff2929e67939a0ecb9d?s=96&d=identicon&r=g","caption":"Genof\u00f3ntes Urb\u00e1ez"},"logo":{"@id":"https:\/\/secure.gravatar.com\/avatar\/a49ef3186a692098ac3e8a1612261e3ad70cf9e44553dff2929e67939a0ecb9d?s=96&d=identicon&r=g"},"description":"Periodista \/ Locutor","sameAs":["https:\/\/www.facebook.com\/Genofnotes","https:\/\/www.instagram.com\/genofnotes\/"]}]}},"jetpack_publicize_connections":[],"jetpack_featured_media_url":"https:\/\/i0.wp.com\/minutocerord.com\/wp-content\/uploads\/2023\/10\/AAAAAAAAAAAAA-1.jpg?fit=711%2C859&ssl=1","jetpack-related-posts":[],"jetpack_sharing_enabled":true,"_links":{"self":[{"href":"https:\/\/minutocerord.com\/index.php?rest_route=\/wp\/v2\/posts\/15742","targetHints":{"allow":["GET"]}}],"collection":[{"href":"https:\/\/minutocerord.com\/index.php?rest_route=\/wp\/v2\/posts"}],"about":[{"href":"https:\/\/minutocerord.com\/index.php?rest_route=\/wp\/v2\/types\/post"}],"author":[{"embeddable":true,"href":"https:\/\/minutocerord.com\/index.php?rest_route=\/wp\/v2\/users\/1"}],"replies":[{"embeddable":true,"href":"https:\/\/minutocerord.com\/index.php?rest_route=%2Fwp%2Fv2%2Fcomments&post=15742"}],"version-history":[{"count":1,"href":"https:\/\/minutocerord.com\/index.php?rest_route=\/wp\/v2\/posts\/15742\/revisions"}],"predecessor-version":[{"id":15744,"href":"https:\/\/minutocerord.com\/index.php?rest_route=\/wp\/v2\/posts\/15742\/revisions\/15744"}],"wp:featuredmedia":[{"embeddable":true,"href":"https:\/\/minutocerord.com\/index.php?rest_route=\/wp\/v2\/media\/15743"}],"wp:attachment":[{"href":"https:\/\/minutocerord.com\/index.php?rest_route=%2Fwp%2Fv2%2Fmedia&parent=15742"}],"wp:term":[{"taxonomy":"category","embeddable":true,"href":"https:\/\/minutocerord.com\/index.php?rest_route=%2Fwp%2Fv2%2Fcategories&post=15742"},{"taxonomy":"post_tag","embeddable":true,"href":"https:\/\/minutocerord.com\/index.php?rest_route=%2Fwp%2Fv2%2Ftags&post=15742"}],"curies":[{"name":"wp","href":"https:\/\/api.w.org\/{rel}","templated":true}]}}