{"id":15745,"date":"2023-10-06T10:35:58","date_gmt":"2023-10-06T14:35:58","guid":{"rendered":"https:\/\/minutocerord.com\/?p=15745"},"modified":"2023-10-06T10:36:00","modified_gmt":"2023-10-06T14:36:00","slug":"justicia-inicia-hoy-juicio-preliminar-contra-profesor-jhonny-kelly-martinez","status":"publish","type":"post","link":"https:\/\/minutocerord.com\/?p=15745","title":{"rendered":"JUSTICIA | Inicia hoy juicio preliminar contra profesor Jhonny Kelly Mart\u00ednez"},"content":{"rendered":"\n<p><strong>HIGUEY.-<\/strong> Este viernes 6 de octubre se dar\u00e1 apertura\u00a0 al juicio preliminar en contra del profesor John Kelly Mart\u00ednez, sindicado por el Ministerio P\u00fablico de ser responsable de la muerte de la adolescente Esmeralda Richiez, a quien llev\u00f3 a una playa y viol\u00f3 provocando un sangrado que acort\u00f3 su vida.<\/p>\n\n\n\n<p>Cabe destacar que el pasado 30 del mes de junio el Juzgado de Instrucci\u00f3n de La Altagracia fij\u00f3 se iniciara el juicio preliminar este 23 de agosto en contra del profesor&nbsp; John Kelly Mart\u00ednez y Rubiel Morillo Mart\u00ednez, imputados&nbsp; por la muerte de la adolescente de 16 a\u00f1os, fallecida el 13 de febrero.<\/p>\n\n\n\n<p>La audiencia ser\u00e1 privada, donde adem\u00e1s se revisar\u00e1 la medida de coerci\u00f3n de un a\u00f1o impuesta al educador que ya lleva 6 meses&nbsp; recluido en la c\u00e1rcel de Anamuya CCR-14 Hig\u00fcey, donde permanece aislado de los dem\u00e1s internos.<\/p>\n","protected":false},"excerpt":{"rendered":"<p>HIGUEY.- Este viernes 6 de octubre se dar\u00e1 apertura\u00a0 al juicio preliminar en contra del profesor John Kelly Mart\u00ednez, sindicado por el Ministerio P\u00fablico de ser responsable de la muerte de la adolescente Esmeralda Richiez, a quien llev\u00f3 a una playa y viol\u00f3 provocando un sangrado que acort\u00f3 su vida. Cabe destacar que el pasado [&hellip;]<\/p>\n","protected":false},"author":1,"featured_media":15746,"comment_status":"open","ping_status":"open","sticky":false,"template":"","format":"standard","meta":{"nf_dc_page":"","jetpack_post_was_ever_published":false,"_jetpack_newsletter_access":"","_jetpack_dont_email_post_to_subs":false,"_jetpack_newsletter_tier_id":0,"_jetpack_memberships_contains_paywalled_content":false,"_jetpack_memberships_contains_paid_content":false,"footnotes":"","jetpack_publicize_message":"","jetpack_publicize_feature_enabled":true,"jetpack_social_post_already_shared":false,"jetpack_social_options":{"image_generator_settings":{"template":"highway","default_image_id":0,"font":"","enabled":false},"version":2}},"categories":[93],"tags":[],"class_list":["post-15745","post","type-post","status-publish","format-standard","has-post-thumbnail","hentry","category-justicia"],"yoast_head":"<!-- This site is optimized with the Yoast SEO plugin v27.4 - https:\/\/yoast.com\/product\/yoast-seo-wordpress\/ -->\n<title>JUSTICIA | Inicia hoy juicio preliminar contra profesor Jhonny Kelly Mart\u00ednez - Minuto Cero RD<\/title>\n<meta name=\"robots\" content=\"index, follow, max-snippet:-1, max-image-preview:large, max-video-preview:-1\" \/>\n<link rel=\"canonical\" href=\"https:\/\/minutocerord.com\/?p=15745\" \/>\n<meta property=\"og:locale\" content=\"es_ES\" \/>\n<meta property=\"og:type\" content=\"article\" \/>\n<meta property=\"og:title\" content=\"JUSTICIA | Inicia hoy juicio preliminar contra profesor Jhonny Kelly Mart\u00ednez - Minuto Cero RD\" \/>\n<meta property=\"og:description\" content=\"HIGUEY.- Este viernes 6 de octubre se dar\u00e1 apertura\u00a0 al juicio preliminar en contra del profesor John Kelly Mart\u00ednez, sindicado por el Ministerio P\u00fablico de ser responsable de la muerte de la adolescente Esmeralda Richiez, a quien llev\u00f3 a una playa y viol\u00f3 provocando un sangrado que acort\u00f3 su vida. Cabe destacar que el pasado [&hellip;]\" \/>\n<meta property=\"og:url\" content=\"https:\/\/minutocerord.com\/?p=15745\" \/>\n<meta property=\"og:site_name\" content=\"Minuto Cero RD\" \/>\n<meta property=\"article:publisher\" content=\"https:\/\/www.facebook.com\/Genofnotes\" \/>\n<meta property=\"article:author\" content=\"https:\/\/www.facebook.com\/Genofnotes\" \/>\n<meta property=\"article:published_time\" content=\"2023-10-06T14:35:58+00:00\" \/>\n<meta property=\"article:modified_time\" content=\"2023-10-06T14:36:00+00:00\" \/>\n<meta property=\"og:image\" content=\"https:\/\/i0.wp.com\/minutocerord.com\/wp-content\/uploads\/2023\/10\/img_9594-1-780x470-1-1.jpg?fit=780%2C470&ssl=1\" \/>\n\t<meta property=\"og:image:width\" content=\"780\" \/>\n\t<meta property=\"og:image:height\" content=\"470\" \/>\n\t<meta property=\"og:image:type\" content=\"image\/jpeg\" \/>\n<meta name=\"author\" content=\"Genof\u00f3ntes Urb\u00e1ez\" \/>\n<meta name=\"twitter:card\" content=\"summary_large_image\" \/>\n<meta name=\"twitter:label1\" content=\"Written by\" \/>\n\t<meta name=\"twitter:data1\" content=\"Genof\u00f3ntes Urb\u00e1ez\" \/>\n\t<meta name=\"twitter:label2\" content=\"Est. reading time\" \/>\n\t<meta name=\"twitter:data2\" content=\"1 minuto\" \/>\n<script type=\"application\/ld+json\" class=\"yoast-schema-graph\">{\"@context\":\"https:\\\/\\\/schema.org\",\"@graph\":[{\"@type\":\"Article\",\"@id\":\"https:\\\/\\\/minutocerord.com\\\/?p=15745#article\",\"isPartOf\":{\"@id\":\"https:\\\/\\\/minutocerord.com\\\/?p=15745\"},\"author\":{\"name\":\"Genof\u00f3ntes Urb\u00e1ez\",\"@id\":\"https:\\\/\\\/minutocerord.com\\\/#\\\/schema\\\/person\\\/60b5372d60aaa0a5171fb6488be9aee6\"},\"headline\":\"JUSTICIA | Inicia hoy juicio preliminar contra profesor Jhonny Kelly Mart\u00ednez\",\"datePublished\":\"2023-10-06T14:35:58+00:00\",\"dateModified\":\"2023-10-06T14:36:00+00:00\",\"mainEntityOfPage\":{\"@id\":\"https:\\\/\\\/minutocerord.com\\\/?p=15745\"},\"wordCount\":162,\"commentCount\":0,\"publisher\":{\"@id\":\"https:\\\/\\\/minutocerord.com\\\/#\\\/schema\\\/person\\\/60b5372d60aaa0a5171fb6488be9aee6\"},\"image\":{\"@id\":\"https:\\\/\\\/minutocerord.com\\\/?p=15745#primaryimage\"},\"thumbnailUrl\":\"https:\\\/\\\/i0.wp.com\\\/minutocerord.com\\\/wp-content\\\/uploads\\\/2023\\\/10\\\/img_9594-1-780x470-1-1.jpg?fit=780%2C470&ssl=1\",\"articleSection\":[\"Justicia\"],\"inLanguage\":\"es-DO\",\"potentialAction\":[{\"@type\":\"CommentAction\",\"name\":\"Comment\",\"target\":[\"https:\\\/\\\/minutocerord.com\\\/?p=15745#respond\"]}]},{\"@type\":\"WebPage\",\"@id\":\"https:\\\/\\\/minutocerord.com\\\/?p=15745\",\"url\":\"https:\\\/\\\/minutocerord.com\\\/?p=15745\",\"name\":\"JUSTICIA | Inicia hoy juicio preliminar contra profesor Jhonny Kelly Mart\u00ednez - Minuto Cero RD\",\"isPartOf\":{\"@id\":\"https:\\\/\\\/minutocerord.com\\\/#website\"},\"primaryImageOfPage\":{\"@id\":\"https:\\\/\\\/minutocerord.com\\\/?p=15745#primaryimage\"},\"image\":{\"@id\":\"https:\\\/\\\/minutocerord.com\\\/?p=15745#primaryimage\"},\"thumbnailUrl\":\"https:\\\/\\\/i0.wp.com\\\/minutocerord.com\\\/wp-content\\\/uploads\\\/2023\\\/10\\\/img_9594-1-780x470-1-1.jpg?fit=780%2C470&ssl=1\",\"datePublished\":\"2023-10-06T14:35:58+00:00\",\"dateModified\":\"2023-10-06T14:36:00+00:00\",\"breadcrumb\":{\"@id\":\"https:\\\/\\\/minutocerord.com\\\/?p=15745#breadcrumb\"},\"inLanguage\":\"es-DO\",\"potentialAction\":[{\"@type\":\"ReadAction\",\"target\":[\"https:\\\/\\\/minutocerord.com\\\/?p=15745\"]}]},{\"@type\":\"ImageObject\",\"inLanguage\":\"es-DO\",\"@id\":\"https:\\\/\\\/minutocerord.com\\\/?p=15745#primaryimage\",\"url\":\"https:\\\/\\\/i0.wp.com\\\/minutocerord.com\\\/wp-content\\\/uploads\\\/2023\\\/10\\\/img_9594-1-780x470-1-1.jpg?fit=780%2C470&ssl=1\",\"contentUrl\":\"https:\\\/\\\/i0.wp.com\\\/minutocerord.com\\\/wp-content\\\/uploads\\\/2023\\\/10\\\/img_9594-1-780x470-1-1.jpg?fit=780%2C470&ssl=1\",\"width\":780,\"height\":470},{\"@type\":\"BreadcrumbList\",\"@id\":\"https:\\\/\\\/minutocerord.com\\\/?p=15745#breadcrumb\",\"itemListElement\":[{\"@type\":\"ListItem\",\"position\":1,\"name\":\"Home\",\"item\":\"https:\\\/\\\/minutocerord.com\\\/\"},{\"@type\":\"ListItem\",\"position\":2,\"name\":\"JUSTICIA | Inicia hoy juicio preliminar contra profesor Jhonny Kelly Mart\u00ednez\"}]},{\"@type\":\"WebSite\",\"@id\":\"https:\\\/\\\/minutocerord.com\\\/#website\",\"url\":\"https:\\\/\\\/minutocerord.com\\\/\",\"name\":\"Minuto Cero RD\",\"description\":\"Periodismo serio y veraz\",\"publisher\":{\"@id\":\"https:\\\/\\\/minutocerord.com\\\/#\\\/schema\\\/person\\\/60b5372d60aaa0a5171fb6488be9aee6\"},\"potentialAction\":[{\"@type\":\"SearchAction\",\"target\":{\"@type\":\"EntryPoint\",\"urlTemplate\":\"https:\\\/\\\/minutocerord.com\\\/?s={search_term_string}\"},\"query-input\":{\"@type\":\"PropertyValueSpecification\",\"valueRequired\":true,\"valueName\":\"search_term_string\"}}],\"inLanguage\":\"es-DO\"},{\"@type\":[\"Person\",\"Organization\"],\"@id\":\"https:\\\/\\\/minutocerord.com\\\/#\\\/schema\\\/person\\\/60b5372d60aaa0a5171fb6488be9aee6\",\"name\":\"Genof\u00f3ntes Urb\u00e1ez\",\"image\":{\"@type\":\"ImageObject\",\"inLanguage\":\"es-DO\",\"@id\":\"https:\\\/\\\/secure.gravatar.com\\\/avatar\\\/a49ef3186a692098ac3e8a1612261e3ad70cf9e44553dff2929e67939a0ecb9d?s=96&d=identicon&r=g\",\"url\":\"https:\\\/\\\/secure.gravatar.com\\\/avatar\\\/a49ef3186a692098ac3e8a1612261e3ad70cf9e44553dff2929e67939a0ecb9d?s=96&d=identicon&r=g\",\"contentUrl\":\"https:\\\/\\\/secure.gravatar.com\\\/avatar\\\/a49ef3186a692098ac3e8a1612261e3ad70cf9e44553dff2929e67939a0ecb9d?s=96&d=identicon&r=g\",\"caption\":\"Genof\u00f3ntes Urb\u00e1ez\"},\"logo\":{\"@id\":\"https:\\\/\\\/secure.gravatar.com\\\/avatar\\\/a49ef3186a692098ac3e8a1612261e3ad70cf9e44553dff2929e67939a0ecb9d?s=96&d=identicon&r=g\"},\"description\":\"Periodista \\\/ Locutor\",\"sameAs\":[\"https:\\\/\\\/www.facebook.com\\\/Genofnotes\",\"https:\\\/\\\/www.instagram.com\\\/genofnotes\\\/\"]}]}<\/script>\n<!-- \/ Yoast SEO plugin. -->","yoast_head_json":{"title":"JUSTICIA | Inicia hoy juicio preliminar contra profesor Jhonny Kelly Mart\u00ednez - Minuto Cero RD","robots":{"index":"index","follow":"follow","max-snippet":"max-snippet:-1","max-image-preview":"max-image-preview:large","max-video-preview":"max-video-preview:-1"},"canonical":"https:\/\/minutocerord.com\/?p=15745","og_locale":"es_ES","og_type":"article","og_title":"JUSTICIA | Inicia hoy juicio preliminar contra profesor Jhonny Kelly Mart\u00ednez - Minuto Cero RD","og_description":"HIGUEY.- Este viernes 6 de octubre se dar\u00e1 apertura\u00a0 al juicio preliminar en contra del profesor John Kelly Mart\u00ednez, sindicado por el Ministerio P\u00fablico de ser responsable de la muerte de la adolescente Esmeralda Richiez, a quien llev\u00f3 a una playa y viol\u00f3 provocando un sangrado que acort\u00f3 su vida. Cabe destacar que el pasado [&hellip;]","og_url":"https:\/\/minutocerord.com\/?p=15745","og_site_name":"Minuto Cero RD","article_publisher":"https:\/\/www.facebook.com\/Genofnotes","article_author":"https:\/\/www.facebook.com\/Genofnotes","article_published_time":"2023-10-06T14:35:58+00:00","article_modified_time":"2023-10-06T14:36:00+00:00","og_image":[{"width":780,"height":470,"url":"https:\/\/i0.wp.com\/minutocerord.com\/wp-content\/uploads\/2023\/10\/img_9594-1-780x470-1-1.jpg?fit=780%2C470&ssl=1","type":"image\/jpeg"}],"author":"Genof\u00f3ntes Urb\u00e1ez","twitter_card":"summary_large_image","twitter_misc":{"Written by":"Genof\u00f3ntes Urb\u00e1ez","Est. reading time":"1 minuto"},"schema":{"@context":"https:\/\/schema.org","@graph":[{"@type":"Article","@id":"https:\/\/minutocerord.com\/?p=15745#article","isPartOf":{"@id":"https:\/\/minutocerord.com\/?p=15745"},"author":{"name":"Genof\u00f3ntes Urb\u00e1ez","@id":"https:\/\/minutocerord.com\/#\/schema\/person\/60b5372d60aaa0a5171fb6488be9aee6"},"headline":"JUSTICIA | Inicia hoy juicio preliminar contra profesor Jhonny Kelly Mart\u00ednez","datePublished":"2023-10-06T14:35:58+00:00","dateModified":"2023-10-06T14:36:00+00:00","mainEntityOfPage":{"@id":"https:\/\/minutocerord.com\/?p=15745"},"wordCount":162,"commentCount":0,"publisher":{"@id":"https:\/\/minutocerord.com\/#\/schema\/person\/60b5372d60aaa0a5171fb6488be9aee6"},"image":{"@id":"https:\/\/minutocerord.com\/?p=15745#primaryimage"},"thumbnailUrl":"https:\/\/i0.wp.com\/minutocerord.com\/wp-content\/uploads\/2023\/10\/img_9594-1-780x470-1-1.jpg?fit=780%2C470&ssl=1","articleSection":["Justicia"],"inLanguage":"es-DO","potentialAction":[{"@type":"CommentAction","name":"Comment","target":["https:\/\/minutocerord.com\/?p=15745#respond"]}]},{"@type":"WebPage","@id":"https:\/\/minutocerord.com\/?p=15745","url":"https:\/\/minutocerord.com\/?p=15745","name":"JUSTICIA | Inicia hoy juicio preliminar contra profesor Jhonny Kelly Mart\u00ednez - Minuto Cero RD","isPartOf":{"@id":"https:\/\/minutocerord.com\/#website"},"primaryImageOfPage":{"@id":"https:\/\/minutocerord.com\/?p=15745#primaryimage"},"image":{"@id":"https:\/\/minutocerord.com\/?p=15745#primaryimage"},"thumbnailUrl":"https:\/\/i0.wp.com\/minutocerord.com\/wp-content\/uploads\/2023\/10\/img_9594-1-780x470-1-1.jpg?fit=780%2C470&ssl=1","datePublished":"2023-10-06T14:35:58+00:00","dateModified":"2023-10-06T14:36:00+00:00","breadcrumb":{"@id":"https:\/\/minutocerord.com\/?p=15745#breadcrumb"},"inLanguage":"es-DO","potentialAction":[{"@type":"ReadAction","target":["https:\/\/minutocerord.com\/?p=15745"]}]},{"@type":"ImageObject","inLanguage":"es-DO","@id":"https:\/\/minutocerord.com\/?p=15745#primaryimage","url":"https:\/\/i0.wp.com\/minutocerord.com\/wp-content\/uploads\/2023\/10\/img_9594-1-780x470-1-1.jpg?fit=780%2C470&ssl=1","contentUrl":"https:\/\/i0.wp.com\/minutocerord.com\/wp-content\/uploads\/2023\/10\/img_9594-1-780x470-1-1.jpg?fit=780%2C470&ssl=1","width":780,"height":470},{"@type":"BreadcrumbList","@id":"https:\/\/minutocerord.com\/?p=15745#breadcrumb","itemListElement":[{"@type":"ListItem","position":1,"name":"Home","item":"https:\/\/minutocerord.com\/"},{"@type":"ListItem","position":2,"name":"JUSTICIA | Inicia hoy juicio preliminar contra profesor Jhonny Kelly Mart\u00ednez"}]},{"@type":"WebSite","@id":"https:\/\/minutocerord.com\/#website","url":"https:\/\/minutocerord.com\/","name":"Minuto Cero RD","description":"Periodismo serio y veraz","publisher":{"@id":"https:\/\/minutocerord.com\/#\/schema\/person\/60b5372d60aaa0a5171fb6488be9aee6"},"potentialAction":[{"@type":"SearchAction","target":{"@type":"EntryPoint","urlTemplate":"https:\/\/minutocerord.com\/?s={search_term_string}"},"query-input":{"@type":"PropertyValueSpecification","valueRequired":true,"valueName":"search_term_string"}}],"inLanguage":"es-DO"},{"@type":["Person","Organization"],"@id":"https:\/\/minutocerord.com\/#\/schema\/person\/60b5372d60aaa0a5171fb6488be9aee6","name":"Genof\u00f3ntes Urb\u00e1ez","image":{"@type":"ImageObject","inLanguage":"es-DO","@id":"https:\/\/secure.gravatar.com\/avatar\/a49ef3186a692098ac3e8a1612261e3ad70cf9e44553dff2929e67939a0ecb9d?s=96&d=identicon&r=g","url":"https:\/\/secure.gravatar.com\/avatar\/a49ef3186a692098ac3e8a1612261e3ad70cf9e44553dff2929e67939a0ecb9d?s=96&d=identicon&r=g","contentUrl":"https:\/\/secure.gravatar.com\/avatar\/a49ef3186a692098ac3e8a1612261e3ad70cf9e44553dff2929e67939a0ecb9d?s=96&d=identicon&r=g","caption":"Genof\u00f3ntes Urb\u00e1ez"},"logo":{"@id":"https:\/\/secure.gravatar.com\/avatar\/a49ef3186a692098ac3e8a1612261e3ad70cf9e44553dff2929e67939a0ecb9d?s=96&d=identicon&r=g"},"description":"Periodista \/ Locutor","sameAs":["https:\/\/www.facebook.com\/Genofnotes","https:\/\/www.instagram.com\/genofnotes\/"]}]}},"jetpack_publicize_connections":[],"jetpack_featured_media_url":"https:\/\/i0.wp.com\/minutocerord.com\/wp-content\/uploads\/2023\/10\/img_9594-1-780x470-1-1.jpg?fit=780%2C470&ssl=1","jetpack-related-posts":[],"jetpack_sharing_enabled":true,"_links":{"self":[{"href":"https:\/\/minutocerord.com\/index.php?rest_route=\/wp\/v2\/posts\/15745","targetHints":{"allow":["GET"]}}],"collection":[{"href":"https:\/\/minutocerord.com\/index.php?rest_route=\/wp\/v2\/posts"}],"about":[{"href":"https:\/\/minutocerord.com\/index.php?rest_route=\/wp\/v2\/types\/post"}],"author":[{"embeddable":true,"href":"https:\/\/minutocerord.com\/index.php?rest_route=\/wp\/v2\/users\/1"}],"replies":[{"embeddable":true,"href":"https:\/\/minutocerord.com\/index.php?rest_route=%2Fwp%2Fv2%2Fcomments&post=15745"}],"version-history":[{"count":1,"href":"https:\/\/minutocerord.com\/index.php?rest_route=\/wp\/v2\/posts\/15745\/revisions"}],"predecessor-version":[{"id":15747,"href":"https:\/\/minutocerord.com\/index.php?rest_route=\/wp\/v2\/posts\/15745\/revisions\/15747"}],"wp:featuredmedia":[{"embeddable":true,"href":"https:\/\/minutocerord.com\/index.php?rest_route=\/wp\/v2\/media\/15746"}],"wp:attachment":[{"href":"https:\/\/minutocerord.com\/index.php?rest_route=%2Fwp%2Fv2%2Fmedia&parent=15745"}],"wp:term":[{"taxonomy":"category","embeddable":true,"href":"https:\/\/minutocerord.com\/index.php?rest_route=%2Fwp%2Fv2%2Fcategories&post=15745"},{"taxonomy":"post_tag","embeddable":true,"href":"https:\/\/minutocerord.com\/index.php?rest_route=%2Fwp%2Fv2%2Ftags&post=15745"}],"curies":[{"name":"wp","href":"https:\/\/api.w.org\/{rel}","templated":true}]}}