{"id":15943,"date":"2023-11-01T19:35:31","date_gmt":"2023-11-01T23:35:31","guid":{"rendered":"https:\/\/minutocerord.com\/?p=15943"},"modified":"2023-11-01T19:35:31","modified_gmt":"2023-11-01T23:35:31","slug":"salud-ascienden-a-16-las-muertes-por-dengue-en-la-rep-dominicana","status":"publish","type":"post","link":"https:\/\/minutocerord.com\/?p=15943","title":{"rendered":"SALUD | Ascienden a 16 las muertes por dengue en la Rep. Dominicana"},"content":{"rendered":"\n<p class=\"\"><strong>Santo <\/strong><b>Dom<\/b><strong>ingo. &#8211;<\/strong>La cifra de fallecidos por dengue en Rep\u00fablica Dominicana se elev\u00f3 a 16, con la confirmaci\u00f3n hoy por las autoridades de Salud P\u00fablica de tres nuevos decesos.<\/p>\n\n\n\n<p class=\"\">La informaci\u00f3n la dio a conocer el doctor Ronad Skewes, director de epidemiolog\u00eda, quien precis\u00f3 que los casos sospechosos suman 15 mil 606.<\/p>\n\n\n\n<p class=\"\">Aunque los n\u00fameros son alarmantes, el informe epidemiol\u00f3gico presentado este mi\u00e9rcoles por Skewes muestra una t\u00edmida reducci\u00f3n de pacientes en 129 municipios del pa\u00eds.<\/p>\n\n\n\n<p class=\"\">Mientras, en la capital y en la provincia Santiago (en el norte del pa\u00eds) se concentran la mayor cantidad de personas con fiebre y otros signos que hacen pensar en dengue.<\/p>\n\n\n\n<p class=\"\">Por ese motivo, de acuerdo con el directivo, el pr\u00f3ximo fin de semana las principales acciones de la campa\u00f1a contra la enfermedad transmitida por el mosquito Aedes estar\u00e1n enfocadas en Santo Domingo y en Santiago.<\/p>\n\n\n\n<p class=\"\">Una vez m\u00e1s, las autoridades de salud llamaron a la poblaci\u00f3n a no descuidarse y acudir a los hospitales ante&nbsp; la aparici\u00f3n de los primeros s\u00edntomas.<\/p>\n\n\n\n<p class=\"\">Directivos de los centros m\u00e9dicos Robert Reid Cabral y Hugo Mendoza aseguraron que en los \u00faltimos tres d\u00edas los servicios de emergencias y de internamiento muestran una ligera disminuci\u00f3n de personas atendidas y hospitalizadas.<\/p>\n\n\n\n<p class=\"\"><em><strong>Prensa Latina<\/strong><\/em><\/p>\n","protected":false},"excerpt":{"rendered":"<p>Santo Domingo. &#8211;La cifra de fallecidos por dengue en Rep\u00fablica Dominicana se elev\u00f3 a 16, con la confirmaci\u00f3n hoy por las autoridades de Salud P\u00fablica de tres nuevos decesos. La informaci\u00f3n la dio a conocer el doctor Ronad Skewes, director de epidemiolog\u00eda, quien precis\u00f3 que los casos sospechosos suman 15 mil 606. Aunque los n\u00fameros [&hellip;]<\/p>\n","protected":false},"author":1,"featured_media":15944,"comment_status":"open","ping_status":"open","sticky":false,"template":"","format":"standard","meta":{"nf_dc_page":"","jetpack_post_was_ever_published":false,"_jetpack_newsletter_access":"","_jetpack_dont_email_post_to_subs":false,"_jetpack_newsletter_tier_id":0,"_jetpack_memberships_contains_paywalled_content":false,"_jetpack_memberships_contains_paid_content":false,"footnotes":"","jetpack_publicize_message":"","jetpack_publicize_feature_enabled":true,"jetpack_social_post_already_shared":false,"jetpack_social_options":{"image_generator_settings":{"template":"highway","default_image_id":0,"font":"","enabled":false},"version":2}},"categories":[67],"tags":[],"class_list":["post-15943","post","type-post","status-publish","format-standard","has-post-thumbnail","hentry","category-salud"],"yoast_head":"<!-- This site is optimized with the Yoast SEO plugin v27.4 - https:\/\/yoast.com\/product\/yoast-seo-wordpress\/ -->\n<title>SALUD | Ascienden a 16 las muertes por dengue en la Rep. Dominicana - Minuto Cero RD<\/title>\n<meta name=\"robots\" content=\"index, follow, max-snippet:-1, max-image-preview:large, max-video-preview:-1\" \/>\n<link rel=\"canonical\" href=\"https:\/\/minutocerord.com\/?p=15943\" \/>\n<meta property=\"og:locale\" content=\"es_ES\" \/>\n<meta property=\"og:type\" content=\"article\" \/>\n<meta property=\"og:title\" content=\"SALUD | Ascienden a 16 las muertes por dengue en la Rep. Dominicana - Minuto Cero RD\" \/>\n<meta property=\"og:description\" content=\"Santo Domingo. &#8211;La cifra de fallecidos por dengue en Rep\u00fablica Dominicana se elev\u00f3 a 16, con la confirmaci\u00f3n hoy por las autoridades de Salud P\u00fablica de tres nuevos decesos. La informaci\u00f3n la dio a conocer el doctor Ronad Skewes, director de epidemiolog\u00eda, quien precis\u00f3 que los casos sospechosos suman 15 mil 606. Aunque los n\u00fameros [&hellip;]\" \/>\n<meta property=\"og:url\" content=\"https:\/\/minutocerord.com\/?p=15943\" \/>\n<meta property=\"og:site_name\" content=\"Minuto Cero RD\" \/>\n<meta property=\"article:publisher\" content=\"https:\/\/www.facebook.com\/Genofnotes\" \/>\n<meta property=\"article:author\" content=\"https:\/\/www.facebook.com\/Genofnotes\" \/>\n<meta property=\"article:published_time\" content=\"2023-11-01T23:35:31+00:00\" \/>\n<meta property=\"og:image\" content=\"https:\/\/i0.wp.com\/minutocerord.com\/wp-content\/uploads\/2023\/11\/Enfermo-dengue-1.jpg?fit=859%2C498&ssl=1\" \/>\n\t<meta property=\"og:image:width\" content=\"859\" \/>\n\t<meta property=\"og:image:height\" content=\"498\" \/>\n\t<meta property=\"og:image:type\" content=\"image\/jpeg\" \/>\n<meta name=\"author\" content=\"Genof\u00f3ntes Urb\u00e1ez\" \/>\n<meta name=\"twitter:card\" content=\"summary_large_image\" \/>\n<meta name=\"twitter:label1\" content=\"Written by\" \/>\n\t<meta name=\"twitter:data1\" content=\"Genof\u00f3ntes Urb\u00e1ez\" \/>\n\t<meta name=\"twitter:label2\" content=\"Est. reading time\" \/>\n\t<meta name=\"twitter:data2\" content=\"1 minuto\" \/>\n<script type=\"application\/ld+json\" class=\"yoast-schema-graph\">{\"@context\":\"https:\\\/\\\/schema.org\",\"@graph\":[{\"@type\":\"Article\",\"@id\":\"https:\\\/\\\/minutocerord.com\\\/?p=15943#article\",\"isPartOf\":{\"@id\":\"https:\\\/\\\/minutocerord.com\\\/?p=15943\"},\"author\":{\"name\":\"Genof\u00f3ntes Urb\u00e1ez\",\"@id\":\"https:\\\/\\\/minutocerord.com\\\/#\\\/schema\\\/person\\\/60b5372d60aaa0a5171fb6488be9aee6\"},\"headline\":\"SALUD | Ascienden a 16 las muertes por dengue en la Rep. Dominicana\",\"datePublished\":\"2023-11-01T23:35:31+00:00\",\"mainEntityOfPage\":{\"@id\":\"https:\\\/\\\/minutocerord.com\\\/?p=15943\"},\"wordCount\":235,\"commentCount\":0,\"publisher\":{\"@id\":\"https:\\\/\\\/minutocerord.com\\\/#\\\/schema\\\/person\\\/60b5372d60aaa0a5171fb6488be9aee6\"},\"image\":{\"@id\":\"https:\\\/\\\/minutocerord.com\\\/?p=15943#primaryimage\"},\"thumbnailUrl\":\"https:\\\/\\\/i0.wp.com\\\/minutocerord.com\\\/wp-content\\\/uploads\\\/2023\\\/11\\\/Enfermo-dengue-1.jpg?fit=859%2C498&ssl=1\",\"articleSection\":[\"Salud\"],\"inLanguage\":\"es-DO\",\"potentialAction\":[{\"@type\":\"CommentAction\",\"name\":\"Comment\",\"target\":[\"https:\\\/\\\/minutocerord.com\\\/?p=15943#respond\"]}]},{\"@type\":\"WebPage\",\"@id\":\"https:\\\/\\\/minutocerord.com\\\/?p=15943\",\"url\":\"https:\\\/\\\/minutocerord.com\\\/?p=15943\",\"name\":\"SALUD | Ascienden a 16 las muertes por dengue en la Rep. Dominicana - Minuto Cero RD\",\"isPartOf\":{\"@id\":\"https:\\\/\\\/minutocerord.com\\\/#website\"},\"primaryImageOfPage\":{\"@id\":\"https:\\\/\\\/minutocerord.com\\\/?p=15943#primaryimage\"},\"image\":{\"@id\":\"https:\\\/\\\/minutocerord.com\\\/?p=15943#primaryimage\"},\"thumbnailUrl\":\"https:\\\/\\\/i0.wp.com\\\/minutocerord.com\\\/wp-content\\\/uploads\\\/2023\\\/11\\\/Enfermo-dengue-1.jpg?fit=859%2C498&ssl=1\",\"datePublished\":\"2023-11-01T23:35:31+00:00\",\"breadcrumb\":{\"@id\":\"https:\\\/\\\/minutocerord.com\\\/?p=15943#breadcrumb\"},\"inLanguage\":\"es-DO\",\"potentialAction\":[{\"@type\":\"ReadAction\",\"target\":[\"https:\\\/\\\/minutocerord.com\\\/?p=15943\"]}]},{\"@type\":\"ImageObject\",\"inLanguage\":\"es-DO\",\"@id\":\"https:\\\/\\\/minutocerord.com\\\/?p=15943#primaryimage\",\"url\":\"https:\\\/\\\/i0.wp.com\\\/minutocerord.com\\\/wp-content\\\/uploads\\\/2023\\\/11\\\/Enfermo-dengue-1.jpg?fit=859%2C498&ssl=1\",\"contentUrl\":\"https:\\\/\\\/i0.wp.com\\\/minutocerord.com\\\/wp-content\\\/uploads\\\/2023\\\/11\\\/Enfermo-dengue-1.jpg?fit=859%2C498&ssl=1\",\"width\":859,\"height\":498},{\"@type\":\"BreadcrumbList\",\"@id\":\"https:\\\/\\\/minutocerord.com\\\/?p=15943#breadcrumb\",\"itemListElement\":[{\"@type\":\"ListItem\",\"position\":1,\"name\":\"Home\",\"item\":\"https:\\\/\\\/minutocerord.com\\\/\"},{\"@type\":\"ListItem\",\"position\":2,\"name\":\"SALUD | Ascienden a 16 las muertes por dengue en la Rep. Dominicana\"}]},{\"@type\":\"WebSite\",\"@id\":\"https:\\\/\\\/minutocerord.com\\\/#website\",\"url\":\"https:\\\/\\\/minutocerord.com\\\/\",\"name\":\"Minuto Cero RD\",\"description\":\"Periodismo serio y veraz\",\"publisher\":{\"@id\":\"https:\\\/\\\/minutocerord.com\\\/#\\\/schema\\\/person\\\/60b5372d60aaa0a5171fb6488be9aee6\"},\"potentialAction\":[{\"@type\":\"SearchAction\",\"target\":{\"@type\":\"EntryPoint\",\"urlTemplate\":\"https:\\\/\\\/minutocerord.com\\\/?s={search_term_string}\"},\"query-input\":{\"@type\":\"PropertyValueSpecification\",\"valueRequired\":true,\"valueName\":\"search_term_string\"}}],\"inLanguage\":\"es-DO\"},{\"@type\":[\"Person\",\"Organization\"],\"@id\":\"https:\\\/\\\/minutocerord.com\\\/#\\\/schema\\\/person\\\/60b5372d60aaa0a5171fb6488be9aee6\",\"name\":\"Genof\u00f3ntes Urb\u00e1ez\",\"image\":{\"@type\":\"ImageObject\",\"inLanguage\":\"es-DO\",\"@id\":\"https:\\\/\\\/secure.gravatar.com\\\/avatar\\\/a49ef3186a692098ac3e8a1612261e3ad70cf9e44553dff2929e67939a0ecb9d?s=96&d=identicon&r=g\",\"url\":\"https:\\\/\\\/secure.gravatar.com\\\/avatar\\\/a49ef3186a692098ac3e8a1612261e3ad70cf9e44553dff2929e67939a0ecb9d?s=96&d=identicon&r=g\",\"contentUrl\":\"https:\\\/\\\/secure.gravatar.com\\\/avatar\\\/a49ef3186a692098ac3e8a1612261e3ad70cf9e44553dff2929e67939a0ecb9d?s=96&d=identicon&r=g\",\"caption\":\"Genof\u00f3ntes Urb\u00e1ez\"},\"logo\":{\"@id\":\"https:\\\/\\\/secure.gravatar.com\\\/avatar\\\/a49ef3186a692098ac3e8a1612261e3ad70cf9e44553dff2929e67939a0ecb9d?s=96&d=identicon&r=g\"},\"description\":\"Periodista \\\/ Locutor\",\"sameAs\":[\"https:\\\/\\\/www.facebook.com\\\/Genofnotes\",\"https:\\\/\\\/www.instagram.com\\\/genofnotes\\\/\"]}]}<\/script>\n<!-- \/ Yoast SEO plugin. -->","yoast_head_json":{"title":"SALUD | Ascienden a 16 las muertes por dengue en la Rep. Dominicana - Minuto Cero RD","robots":{"index":"index","follow":"follow","max-snippet":"max-snippet:-1","max-image-preview":"max-image-preview:large","max-video-preview":"max-video-preview:-1"},"canonical":"https:\/\/minutocerord.com\/?p=15943","og_locale":"es_ES","og_type":"article","og_title":"SALUD | Ascienden a 16 las muertes por dengue en la Rep. Dominicana - Minuto Cero RD","og_description":"Santo Domingo. &#8211;La cifra de fallecidos por dengue en Rep\u00fablica Dominicana se elev\u00f3 a 16, con la confirmaci\u00f3n hoy por las autoridades de Salud P\u00fablica de tres nuevos decesos. La informaci\u00f3n la dio a conocer el doctor Ronad Skewes, director de epidemiolog\u00eda, quien precis\u00f3 que los casos sospechosos suman 15 mil 606. Aunque los n\u00fameros [&hellip;]","og_url":"https:\/\/minutocerord.com\/?p=15943","og_site_name":"Minuto Cero RD","article_publisher":"https:\/\/www.facebook.com\/Genofnotes","article_author":"https:\/\/www.facebook.com\/Genofnotes","article_published_time":"2023-11-01T23:35:31+00:00","og_image":[{"width":859,"height":498,"url":"https:\/\/i0.wp.com\/minutocerord.com\/wp-content\/uploads\/2023\/11\/Enfermo-dengue-1.jpg?fit=859%2C498&ssl=1","type":"image\/jpeg"}],"author":"Genof\u00f3ntes Urb\u00e1ez","twitter_card":"summary_large_image","twitter_misc":{"Written by":"Genof\u00f3ntes Urb\u00e1ez","Est. reading time":"1 minuto"},"schema":{"@context":"https:\/\/schema.org","@graph":[{"@type":"Article","@id":"https:\/\/minutocerord.com\/?p=15943#article","isPartOf":{"@id":"https:\/\/minutocerord.com\/?p=15943"},"author":{"name":"Genof\u00f3ntes Urb\u00e1ez","@id":"https:\/\/minutocerord.com\/#\/schema\/person\/60b5372d60aaa0a5171fb6488be9aee6"},"headline":"SALUD | Ascienden a 16 las muertes por dengue en la Rep. Dominicana","datePublished":"2023-11-01T23:35:31+00:00","mainEntityOfPage":{"@id":"https:\/\/minutocerord.com\/?p=15943"},"wordCount":235,"commentCount":0,"publisher":{"@id":"https:\/\/minutocerord.com\/#\/schema\/person\/60b5372d60aaa0a5171fb6488be9aee6"},"image":{"@id":"https:\/\/minutocerord.com\/?p=15943#primaryimage"},"thumbnailUrl":"https:\/\/i0.wp.com\/minutocerord.com\/wp-content\/uploads\/2023\/11\/Enfermo-dengue-1.jpg?fit=859%2C498&ssl=1","articleSection":["Salud"],"inLanguage":"es-DO","potentialAction":[{"@type":"CommentAction","name":"Comment","target":["https:\/\/minutocerord.com\/?p=15943#respond"]}]},{"@type":"WebPage","@id":"https:\/\/minutocerord.com\/?p=15943","url":"https:\/\/minutocerord.com\/?p=15943","name":"SALUD | Ascienden a 16 las muertes por dengue en la Rep. Dominicana - Minuto Cero RD","isPartOf":{"@id":"https:\/\/minutocerord.com\/#website"},"primaryImageOfPage":{"@id":"https:\/\/minutocerord.com\/?p=15943#primaryimage"},"image":{"@id":"https:\/\/minutocerord.com\/?p=15943#primaryimage"},"thumbnailUrl":"https:\/\/i0.wp.com\/minutocerord.com\/wp-content\/uploads\/2023\/11\/Enfermo-dengue-1.jpg?fit=859%2C498&ssl=1","datePublished":"2023-11-01T23:35:31+00:00","breadcrumb":{"@id":"https:\/\/minutocerord.com\/?p=15943#breadcrumb"},"inLanguage":"es-DO","potentialAction":[{"@type":"ReadAction","target":["https:\/\/minutocerord.com\/?p=15943"]}]},{"@type":"ImageObject","inLanguage":"es-DO","@id":"https:\/\/minutocerord.com\/?p=15943#primaryimage","url":"https:\/\/i0.wp.com\/minutocerord.com\/wp-content\/uploads\/2023\/11\/Enfermo-dengue-1.jpg?fit=859%2C498&ssl=1","contentUrl":"https:\/\/i0.wp.com\/minutocerord.com\/wp-content\/uploads\/2023\/11\/Enfermo-dengue-1.jpg?fit=859%2C498&ssl=1","width":859,"height":498},{"@type":"BreadcrumbList","@id":"https:\/\/minutocerord.com\/?p=15943#breadcrumb","itemListElement":[{"@type":"ListItem","position":1,"name":"Home","item":"https:\/\/minutocerord.com\/"},{"@type":"ListItem","position":2,"name":"SALUD | Ascienden a 16 las muertes por dengue en la Rep. Dominicana"}]},{"@type":"WebSite","@id":"https:\/\/minutocerord.com\/#website","url":"https:\/\/minutocerord.com\/","name":"Minuto Cero RD","description":"Periodismo serio y veraz","publisher":{"@id":"https:\/\/minutocerord.com\/#\/schema\/person\/60b5372d60aaa0a5171fb6488be9aee6"},"potentialAction":[{"@type":"SearchAction","target":{"@type":"EntryPoint","urlTemplate":"https:\/\/minutocerord.com\/?s={search_term_string}"},"query-input":{"@type":"PropertyValueSpecification","valueRequired":true,"valueName":"search_term_string"}}],"inLanguage":"es-DO"},{"@type":["Person","Organization"],"@id":"https:\/\/minutocerord.com\/#\/schema\/person\/60b5372d60aaa0a5171fb6488be9aee6","name":"Genof\u00f3ntes Urb\u00e1ez","image":{"@type":"ImageObject","inLanguage":"es-DO","@id":"https:\/\/secure.gravatar.com\/avatar\/a49ef3186a692098ac3e8a1612261e3ad70cf9e44553dff2929e67939a0ecb9d?s=96&d=identicon&r=g","url":"https:\/\/secure.gravatar.com\/avatar\/a49ef3186a692098ac3e8a1612261e3ad70cf9e44553dff2929e67939a0ecb9d?s=96&d=identicon&r=g","contentUrl":"https:\/\/secure.gravatar.com\/avatar\/a49ef3186a692098ac3e8a1612261e3ad70cf9e44553dff2929e67939a0ecb9d?s=96&d=identicon&r=g","caption":"Genof\u00f3ntes Urb\u00e1ez"},"logo":{"@id":"https:\/\/secure.gravatar.com\/avatar\/a49ef3186a692098ac3e8a1612261e3ad70cf9e44553dff2929e67939a0ecb9d?s=96&d=identicon&r=g"},"description":"Periodista \/ Locutor","sameAs":["https:\/\/www.facebook.com\/Genofnotes","https:\/\/www.instagram.com\/genofnotes\/"]}]}},"jetpack_publicize_connections":[],"jetpack_featured_media_url":"https:\/\/i0.wp.com\/minutocerord.com\/wp-content\/uploads\/2023\/11\/Enfermo-dengue-1.jpg?fit=859%2C498&ssl=1","jetpack-related-posts":[],"jetpack_sharing_enabled":true,"_links":{"self":[{"href":"https:\/\/minutocerord.com\/index.php?rest_route=\/wp\/v2\/posts\/15943","targetHints":{"allow":["GET"]}}],"collection":[{"href":"https:\/\/minutocerord.com\/index.php?rest_route=\/wp\/v2\/posts"}],"about":[{"href":"https:\/\/minutocerord.com\/index.php?rest_route=\/wp\/v2\/types\/post"}],"author":[{"embeddable":true,"href":"https:\/\/minutocerord.com\/index.php?rest_route=\/wp\/v2\/users\/1"}],"replies":[{"embeddable":true,"href":"https:\/\/minutocerord.com\/index.php?rest_route=%2Fwp%2Fv2%2Fcomments&post=15943"}],"version-history":[{"count":0,"href":"https:\/\/minutocerord.com\/index.php?rest_route=\/wp\/v2\/posts\/15943\/revisions"}],"wp:featuredmedia":[{"embeddable":true,"href":"https:\/\/minutocerord.com\/index.php?rest_route=\/wp\/v2\/media\/15944"}],"wp:attachment":[{"href":"https:\/\/minutocerord.com\/index.php?rest_route=%2Fwp%2Fv2%2Fmedia&parent=15943"}],"wp:term":[{"taxonomy":"category","embeddable":true,"href":"https:\/\/minutocerord.com\/index.php?rest_route=%2Fwp%2Fv2%2Fcategories&post=15943"},{"taxonomy":"post_tag","embeddable":true,"href":"https:\/\/minutocerord.com\/index.php?rest_route=%2Fwp%2Fv2%2Ftags&post=15943"}],"curies":[{"name":"wp","href":"https:\/\/api.w.org\/{rel}","templated":true}]}}