{"id":15946,"date":"2023-11-01T19:45:42","date_gmt":"2023-11-01T23:45:42","guid":{"rendered":"https:\/\/minutocerord.com\/?p=15946"},"modified":"2023-11-01T19:45:42","modified_gmt":"2023-11-01T23:45:42","slug":"santiago-padres-piden-castigo-para-ninos-que-torturaron-a-su-hijo-y-grabaron-la-agresion","status":"publish","type":"post","link":"https:\/\/minutocerord.com\/?p=15946","title":{"rendered":"SANTIAGO | Padres piden castigo para ni\u00f1os que torturaron a su hijo y grabaron la agresi\u00f3n"},"content":{"rendered":"\n<p class=\"\"><strong><em>\u00a0Aislado se encuentra el ni\u00f1o de nueve a\u00f1os que figura en un video en las redes sociales mientras es torturado por otros menores de edad.<\/em><\/strong><\/p>\n\n\n<div class=\"wp-block-image\">\n<figure class=\"alignright\"><a href=\"https:\/\/i0.wp.com\/blogger.googleusercontent.com\/img\/b\/R29vZ2xl\/AVvXsEiKSVpRxxLf1O3r7c2dN6_NFf-Kb_6qAxfjjnrr8uGKWFE5qo-kmpB3SrROtcB2kbsbYfUGsTlqMVohBAyBJA0hyphenhyphenuecTqWxxmO7W9d1YPhfLBz8T4jA0KOU5QSiV_hLHGuD8ihbt-QxR6UeFZRuDED3mNNo4tOCOVC0jMmvIT6VQnZAxkfg5zwVOBzEFAY\/s476\/%2C%2C%2C%2C%2C%2C%2C%2C%2C%2C.PNG?ssl=1\"><img data-recalc-dims=\"1\" decoding=\"async\" loading=\"lazy\" src=\"https:\/\/i0.wp.com\/blogger.googleusercontent.com\/img\/b\/R29vZ2xl\/AVvXsEiKSVpRxxLf1O3r7c2dN6_NFf-Kb_6qAxfjjnrr8uGKWFE5qo-kmpB3SrROtcB2kbsbYfUGsTlqMVohBAyBJA0hyphenhyphenuecTqWxxmO7W9d1YPhfLBz8T4jA0KOU5QSiV_hLHGuD8ihbt-QxR6UeFZRuDED3mNNo4tOCOVC0jMmvIT6VQnZAxkfg5zwVOBzEFAY\/s320\/%2C%2C%2C%2C%2C%2C%2C%2C%2C%2C.PNG?w=640&#038;ssl=1\" alt=\"\"\/><\/a><\/figure>\n<\/div>\n\n\n<p class=\"\"><br><strong>Santiago.- <\/strong>Los hechos ocurrieron el pasado viernes en la comunidad de Guayabal, en el municipio de Pu\u00f1al, de la provincia Santiago, fueron cometidos por cuatro menores alegadamente motivados por la negativa de la v\u00edctima a robar para los agresores.<\/p>\n\n\n\n<p class=\"\">La madre del ni\u00f1o, de quien se reserva su identidad, dijo que su hijo no quiere asistir a la escuela ni al catecismo por temor a ser agredido de nuevo por sus vecinos.<\/p>\n\n\n\n<p class=\"\">Adem\u00e1s, considera que los padres de los victimarios deben recibir alg\u00fan tipo de terapia. Afirma que algunos de ellos no han mostrado ning\u00fan tipo de arrepentimiento.<\/p>\n\n\n\n<p class=\"\">En un video colgado en redes sociales se ve a un ni\u00f1o que es amenazado con armas de juguete y golpeado por otros tres menores de edad.<\/p>\n\n\n\n<p class=\"\">En el audiovisual, en el que los menores dicen que el video ser\u00eda subido a TikTok, el ni\u00f1o maltratado tambi\u00e9n es amarrado de espaldas y acostado en el piso.<a><\/a><\/p>\n\n\n\n<p class=\"\">Aunque no se observa en la f\u00edlmica, la madre de la v\u00edctima asegura que los agresores tambi\u00e9n quemaron los zapatos deportivos de su hijo.<\/p>\n\n\n\n<p class=\"\">El ni\u00f1o fue evaluado por m\u00e9dicos del Instituto Nacional de Ciencias Forenses (Inacif), cuyos resultados, de los cuales este medio obtuvo copias, arrojaron lesiones f\u00edsicas en el rostro y da\u00f1os psicol\u00f3gicos.<\/p>\n\n\n\n<p class=\"\">Dijo esperar que se haga justicia y el caso de su hijo no se repita entre otros ni\u00f1os.<\/p>\n\n\n\n<p class=\"\">Investigaci\u00f3n<\/p>\n\n\n\n<p class=\"\">La Procuradur\u00eda General de la Rep\u00fablica, la Polic\u00eda Nacional y el Consejo Nacional para la Ni\u00f1ez y la Adolescencia (Conani) dan seguimiento al caso de manera paralela a las autoridades de la jurisdicci\u00f3n de Ni\u00f1os, Ni\u00f1as y Adolescentes (NNA).<\/p>\n","protected":false},"excerpt":{"rendered":"<p>\u00a0Aislado se encuentra el ni\u00f1o de nueve a\u00f1os que figura en un video en las redes sociales mientras es torturado por otros menores de edad. Santiago.- Los hechos ocurrieron el pasado viernes en la comunidad de Guayabal, en el municipio de Pu\u00f1al, de la provincia Santiago, fueron cometidos por cuatro menores alegadamente motivados por la [&hellip;]<\/p>\n","protected":false},"author":1,"featured_media":15947,"comment_status":"open","ping_status":"open","sticky":false,"template":"","format":"standard","meta":{"nf_dc_page":"","jetpack_post_was_ever_published":false,"_jetpack_newsletter_access":"","_jetpack_dont_email_post_to_subs":false,"_jetpack_newsletter_tier_id":0,"_jetpack_memberships_contains_paywalled_content":false,"_jetpack_memberships_contains_paid_content":false,"footnotes":"","jetpack_publicize_message":"","jetpack_publicize_feature_enabled":true,"jetpack_social_post_already_shared":false,"jetpack_social_options":{"image_generator_settings":{"template":"highway","default_image_id":0,"font":"","enabled":false},"version":2}},"categories":[89],"tags":[],"class_list":["post-15946","post","type-post","status-publish","format-standard","has-post-thumbnail","hentry","category-santiago"],"yoast_head":"<!-- This site is optimized with the Yoast SEO plugin v27.4 - https:\/\/yoast.com\/product\/yoast-seo-wordpress\/ -->\n<title>SANTIAGO | Padres piden castigo para ni\u00f1os que torturaron a su hijo y grabaron la agresi\u00f3n - Minuto Cero RD<\/title>\n<meta name=\"robots\" content=\"index, follow, max-snippet:-1, max-image-preview:large, max-video-preview:-1\" \/>\n<link rel=\"canonical\" href=\"http:\/\/minutocerord.com\/?p=15946\" \/>\n<meta property=\"og:locale\" content=\"es_ES\" \/>\n<meta property=\"og:type\" content=\"article\" \/>\n<meta property=\"og:title\" content=\"SANTIAGO | Padres piden castigo para ni\u00f1os que torturaron a su hijo y grabaron la agresi\u00f3n - Minuto Cero RD\" \/>\n<meta property=\"og:description\" content=\"\u00a0Aislado se encuentra el ni\u00f1o de nueve a\u00f1os que figura en un video en las redes sociales mientras es torturado por otros menores de edad. Santiago.- Los hechos ocurrieron el pasado viernes en la comunidad de Guayabal, en el municipio de Pu\u00f1al, de la provincia Santiago, fueron cometidos por cuatro menores alegadamente motivados por la [&hellip;]\" \/>\n<meta property=\"og:url\" content=\"http:\/\/minutocerord.com\/?p=15946\" \/>\n<meta property=\"og:site_name\" content=\"Minuto Cero RD\" \/>\n<meta property=\"article:publisher\" content=\"https:\/\/www.facebook.com\/Genofnotes\" \/>\n<meta property=\"article:author\" content=\"https:\/\/www.facebook.com\/Genofnotes\" \/>\n<meta property=\"article:published_time\" content=\"2023-11-01T23:45:42+00:00\" \/>\n<meta property=\"og:image\" content=\"https:\/\/i0.wp.com\/minutocerord.com\/wp-content\/uploads\/2023\/11\/whatsapp-image-2023-11-01-at-2.08.05-pm-focus-0-0-896-504-1.jpg?fit=896%2C504\" \/>\n\t<meta property=\"og:image:width\" content=\"896\" \/>\n\t<meta property=\"og:image:height\" content=\"504\" \/>\n\t<meta property=\"og:image:type\" content=\"image\/jpeg\" \/>\n<meta name=\"author\" content=\"Genof\u00f3ntes Urb\u00e1ez\" \/>\n<meta name=\"twitter:card\" content=\"summary_large_image\" \/>\n<meta name=\"twitter:label1\" content=\"Written by\" \/>\n\t<meta name=\"twitter:data1\" content=\"Genof\u00f3ntes Urb\u00e1ez\" \/>\n\t<meta name=\"twitter:label2\" content=\"Est. reading time\" \/>\n\t<meta name=\"twitter:data2\" content=\"2 minutos\" \/>\n<script type=\"application\/ld+json\" class=\"yoast-schema-graph\">{\"@context\":\"https:\\\/\\\/schema.org\",\"@graph\":[{\"@type\":\"Article\",\"@id\":\"http:\\\/\\\/minutocerord.com\\\/?p=15946#article\",\"isPartOf\":{\"@id\":\"http:\\\/\\\/minutocerord.com\\\/?p=15946\"},\"author\":{\"name\":\"Genof\u00f3ntes Urb\u00e1ez\",\"@id\":\"https:\\\/\\\/minutocerord.com\\\/#\\\/schema\\\/person\\\/60b5372d60aaa0a5171fb6488be9aee6\"},\"headline\":\"SANTIAGO | Padres piden castigo para ni\u00f1os que torturaron a su hijo y grabaron la agresi\u00f3n\",\"datePublished\":\"2023-11-01T23:45:42+00:00\",\"mainEntityOfPage\":{\"@id\":\"http:\\\/\\\/minutocerord.com\\\/?p=15946\"},\"wordCount\":339,\"commentCount\":0,\"publisher\":{\"@id\":\"https:\\\/\\\/minutocerord.com\\\/#\\\/schema\\\/person\\\/60b5372d60aaa0a5171fb6488be9aee6\"},\"image\":{\"@id\":\"http:\\\/\\\/minutocerord.com\\\/?p=15946#primaryimage\"},\"thumbnailUrl\":\"https:\\\/\\\/i0.wp.com\\\/minutocerord.com\\\/wp-content\\\/uploads\\\/2023\\\/11\\\/whatsapp-image-2023-11-01-at-2.08.05-pm-focus-0-0-896-504-1.jpg?fit=896%2C504&ssl=1\",\"articleSection\":[\"Santiago\"],\"inLanguage\":\"es-DO\",\"potentialAction\":[{\"@type\":\"CommentAction\",\"name\":\"Comment\",\"target\":[\"http:\\\/\\\/minutocerord.com\\\/?p=15946#respond\"]}]},{\"@type\":\"WebPage\",\"@id\":\"http:\\\/\\\/minutocerord.com\\\/?p=15946\",\"url\":\"http:\\\/\\\/minutocerord.com\\\/?p=15946\",\"name\":\"SANTIAGO | Padres piden castigo para ni\u00f1os que torturaron a su hijo y grabaron la agresi\u00f3n - Minuto Cero RD\",\"isPartOf\":{\"@id\":\"https:\\\/\\\/minutocerord.com\\\/#website\"},\"primaryImageOfPage\":{\"@id\":\"http:\\\/\\\/minutocerord.com\\\/?p=15946#primaryimage\"},\"image\":{\"@id\":\"http:\\\/\\\/minutocerord.com\\\/?p=15946#primaryimage\"},\"thumbnailUrl\":\"https:\\\/\\\/i0.wp.com\\\/minutocerord.com\\\/wp-content\\\/uploads\\\/2023\\\/11\\\/whatsapp-image-2023-11-01-at-2.08.05-pm-focus-0-0-896-504-1.jpg?fit=896%2C504&ssl=1\",\"datePublished\":\"2023-11-01T23:45:42+00:00\",\"breadcrumb\":{\"@id\":\"http:\\\/\\\/minutocerord.com\\\/?p=15946#breadcrumb\"},\"inLanguage\":\"es-DO\",\"potentialAction\":[{\"@type\":\"ReadAction\",\"target\":[\"http:\\\/\\\/minutocerord.com\\\/?p=15946\"]}]},{\"@type\":\"ImageObject\",\"inLanguage\":\"es-DO\",\"@id\":\"http:\\\/\\\/minutocerord.com\\\/?p=15946#primaryimage\",\"url\":\"https:\\\/\\\/i0.wp.com\\\/minutocerord.com\\\/wp-content\\\/uploads\\\/2023\\\/11\\\/whatsapp-image-2023-11-01-at-2.08.05-pm-focus-0-0-896-504-1.jpg?fit=896%2C504&ssl=1\",\"contentUrl\":\"https:\\\/\\\/i0.wp.com\\\/minutocerord.com\\\/wp-content\\\/uploads\\\/2023\\\/11\\\/whatsapp-image-2023-11-01-at-2.08.05-pm-focus-0-0-896-504-1.jpg?fit=896%2C504&ssl=1\",\"width\":896,\"height\":504},{\"@type\":\"BreadcrumbList\",\"@id\":\"http:\\\/\\\/minutocerord.com\\\/?p=15946#breadcrumb\",\"itemListElement\":[{\"@type\":\"ListItem\",\"position\":1,\"name\":\"Home\",\"item\":\"https:\\\/\\\/minutocerord.com\\\/\"},{\"@type\":\"ListItem\",\"position\":2,\"name\":\"SANTIAGO | Padres piden castigo para ni\u00f1os que torturaron a su hijo y grabaron la agresi\u00f3n\"}]},{\"@type\":\"WebSite\",\"@id\":\"https:\\\/\\\/minutocerord.com\\\/#website\",\"url\":\"https:\\\/\\\/minutocerord.com\\\/\",\"name\":\"Minuto Cero RD\",\"description\":\"Periodismo serio y veraz\",\"publisher\":{\"@id\":\"https:\\\/\\\/minutocerord.com\\\/#\\\/schema\\\/person\\\/60b5372d60aaa0a5171fb6488be9aee6\"},\"potentialAction\":[{\"@type\":\"SearchAction\",\"target\":{\"@type\":\"EntryPoint\",\"urlTemplate\":\"https:\\\/\\\/minutocerord.com\\\/?s={search_term_string}\"},\"query-input\":{\"@type\":\"PropertyValueSpecification\",\"valueRequired\":true,\"valueName\":\"search_term_string\"}}],\"inLanguage\":\"es-DO\"},{\"@type\":[\"Person\",\"Organization\"],\"@id\":\"https:\\\/\\\/minutocerord.com\\\/#\\\/schema\\\/person\\\/60b5372d60aaa0a5171fb6488be9aee6\",\"name\":\"Genof\u00f3ntes Urb\u00e1ez\",\"image\":{\"@type\":\"ImageObject\",\"inLanguage\":\"es-DO\",\"@id\":\"https:\\\/\\\/secure.gravatar.com\\\/avatar\\\/a49ef3186a692098ac3e8a1612261e3ad70cf9e44553dff2929e67939a0ecb9d?s=96&d=identicon&r=g\",\"url\":\"https:\\\/\\\/secure.gravatar.com\\\/avatar\\\/a49ef3186a692098ac3e8a1612261e3ad70cf9e44553dff2929e67939a0ecb9d?s=96&d=identicon&r=g\",\"contentUrl\":\"https:\\\/\\\/secure.gravatar.com\\\/avatar\\\/a49ef3186a692098ac3e8a1612261e3ad70cf9e44553dff2929e67939a0ecb9d?s=96&d=identicon&r=g\",\"caption\":\"Genof\u00f3ntes Urb\u00e1ez\"},\"logo\":{\"@id\":\"https:\\\/\\\/secure.gravatar.com\\\/avatar\\\/a49ef3186a692098ac3e8a1612261e3ad70cf9e44553dff2929e67939a0ecb9d?s=96&d=identicon&r=g\"},\"description\":\"Periodista \\\/ Locutor\",\"sameAs\":[\"https:\\\/\\\/www.facebook.com\\\/Genofnotes\",\"https:\\\/\\\/www.instagram.com\\\/genofnotes\\\/\"]}]}<\/script>\n<!-- \/ Yoast SEO plugin. -->","yoast_head_json":{"title":"SANTIAGO | Padres piden castigo para ni\u00f1os que torturaron a su hijo y grabaron la agresi\u00f3n - Minuto Cero RD","robots":{"index":"index","follow":"follow","max-snippet":"max-snippet:-1","max-image-preview":"max-image-preview:large","max-video-preview":"max-video-preview:-1"},"canonical":"http:\/\/minutocerord.com\/?p=15946","og_locale":"es_ES","og_type":"article","og_title":"SANTIAGO | Padres piden castigo para ni\u00f1os que torturaron a su hijo y grabaron la agresi\u00f3n - Minuto Cero RD","og_description":"\u00a0Aislado se encuentra el ni\u00f1o de nueve a\u00f1os que figura en un video en las redes sociales mientras es torturado por otros menores de edad. Santiago.- Los hechos ocurrieron el pasado viernes en la comunidad de Guayabal, en el municipio de Pu\u00f1al, de la provincia Santiago, fueron cometidos por cuatro menores alegadamente motivados por la [&hellip;]","og_url":"http:\/\/minutocerord.com\/?p=15946","og_site_name":"Minuto Cero RD","article_publisher":"https:\/\/www.facebook.com\/Genofnotes","article_author":"https:\/\/www.facebook.com\/Genofnotes","article_published_time":"2023-11-01T23:45:42+00:00","og_image":[{"width":896,"height":504,"url":"https:\/\/i0.wp.com\/minutocerord.com\/wp-content\/uploads\/2023\/11\/whatsapp-image-2023-11-01-at-2.08.05-pm-focus-0-0-896-504-1.jpg?fit=896%2C504","type":"image\/jpeg"}],"author":"Genof\u00f3ntes Urb\u00e1ez","twitter_card":"summary_large_image","twitter_misc":{"Written by":"Genof\u00f3ntes Urb\u00e1ez","Est. reading time":"2 minutos"},"schema":{"@context":"https:\/\/schema.org","@graph":[{"@type":"Article","@id":"http:\/\/minutocerord.com\/?p=15946#article","isPartOf":{"@id":"http:\/\/minutocerord.com\/?p=15946"},"author":{"name":"Genof\u00f3ntes Urb\u00e1ez","@id":"https:\/\/minutocerord.com\/#\/schema\/person\/60b5372d60aaa0a5171fb6488be9aee6"},"headline":"SANTIAGO | Padres piden castigo para ni\u00f1os que torturaron a su hijo y grabaron la agresi\u00f3n","datePublished":"2023-11-01T23:45:42+00:00","mainEntityOfPage":{"@id":"http:\/\/minutocerord.com\/?p=15946"},"wordCount":339,"commentCount":0,"publisher":{"@id":"https:\/\/minutocerord.com\/#\/schema\/person\/60b5372d60aaa0a5171fb6488be9aee6"},"image":{"@id":"http:\/\/minutocerord.com\/?p=15946#primaryimage"},"thumbnailUrl":"https:\/\/i0.wp.com\/minutocerord.com\/wp-content\/uploads\/2023\/11\/whatsapp-image-2023-11-01-at-2.08.05-pm-focus-0-0-896-504-1.jpg?fit=896%2C504&ssl=1","articleSection":["Santiago"],"inLanguage":"es-DO","potentialAction":[{"@type":"CommentAction","name":"Comment","target":["http:\/\/minutocerord.com\/?p=15946#respond"]}]},{"@type":"WebPage","@id":"http:\/\/minutocerord.com\/?p=15946","url":"http:\/\/minutocerord.com\/?p=15946","name":"SANTIAGO | Padres piden castigo para ni\u00f1os que torturaron a su hijo y grabaron la agresi\u00f3n - Minuto Cero RD","isPartOf":{"@id":"https:\/\/minutocerord.com\/#website"},"primaryImageOfPage":{"@id":"http:\/\/minutocerord.com\/?p=15946#primaryimage"},"image":{"@id":"http:\/\/minutocerord.com\/?p=15946#primaryimage"},"thumbnailUrl":"https:\/\/i0.wp.com\/minutocerord.com\/wp-content\/uploads\/2023\/11\/whatsapp-image-2023-11-01-at-2.08.05-pm-focus-0-0-896-504-1.jpg?fit=896%2C504&ssl=1","datePublished":"2023-11-01T23:45:42+00:00","breadcrumb":{"@id":"http:\/\/minutocerord.com\/?p=15946#breadcrumb"},"inLanguage":"es-DO","potentialAction":[{"@type":"ReadAction","target":["http:\/\/minutocerord.com\/?p=15946"]}]},{"@type":"ImageObject","inLanguage":"es-DO","@id":"http:\/\/minutocerord.com\/?p=15946#primaryimage","url":"https:\/\/i0.wp.com\/minutocerord.com\/wp-content\/uploads\/2023\/11\/whatsapp-image-2023-11-01-at-2.08.05-pm-focus-0-0-896-504-1.jpg?fit=896%2C504&ssl=1","contentUrl":"https:\/\/i0.wp.com\/minutocerord.com\/wp-content\/uploads\/2023\/11\/whatsapp-image-2023-11-01-at-2.08.05-pm-focus-0-0-896-504-1.jpg?fit=896%2C504&ssl=1","width":896,"height":504},{"@type":"BreadcrumbList","@id":"http:\/\/minutocerord.com\/?p=15946#breadcrumb","itemListElement":[{"@type":"ListItem","position":1,"name":"Home","item":"https:\/\/minutocerord.com\/"},{"@type":"ListItem","position":2,"name":"SANTIAGO | Padres piden castigo para ni\u00f1os que torturaron a su hijo y grabaron la agresi\u00f3n"}]},{"@type":"WebSite","@id":"https:\/\/minutocerord.com\/#website","url":"https:\/\/minutocerord.com\/","name":"Minuto Cero RD","description":"Periodismo serio y veraz","publisher":{"@id":"https:\/\/minutocerord.com\/#\/schema\/person\/60b5372d60aaa0a5171fb6488be9aee6"},"potentialAction":[{"@type":"SearchAction","target":{"@type":"EntryPoint","urlTemplate":"https:\/\/minutocerord.com\/?s={search_term_string}"},"query-input":{"@type":"PropertyValueSpecification","valueRequired":true,"valueName":"search_term_string"}}],"inLanguage":"es-DO"},{"@type":["Person","Organization"],"@id":"https:\/\/minutocerord.com\/#\/schema\/person\/60b5372d60aaa0a5171fb6488be9aee6","name":"Genof\u00f3ntes Urb\u00e1ez","image":{"@type":"ImageObject","inLanguage":"es-DO","@id":"https:\/\/secure.gravatar.com\/avatar\/a49ef3186a692098ac3e8a1612261e3ad70cf9e44553dff2929e67939a0ecb9d?s=96&d=identicon&r=g","url":"https:\/\/secure.gravatar.com\/avatar\/a49ef3186a692098ac3e8a1612261e3ad70cf9e44553dff2929e67939a0ecb9d?s=96&d=identicon&r=g","contentUrl":"https:\/\/secure.gravatar.com\/avatar\/a49ef3186a692098ac3e8a1612261e3ad70cf9e44553dff2929e67939a0ecb9d?s=96&d=identicon&r=g","caption":"Genof\u00f3ntes Urb\u00e1ez"},"logo":{"@id":"https:\/\/secure.gravatar.com\/avatar\/a49ef3186a692098ac3e8a1612261e3ad70cf9e44553dff2929e67939a0ecb9d?s=96&d=identicon&r=g"},"description":"Periodista \/ Locutor","sameAs":["https:\/\/www.facebook.com\/Genofnotes","https:\/\/www.instagram.com\/genofnotes\/"]}]}},"jetpack_publicize_connections":[],"jetpack_featured_media_url":"https:\/\/i0.wp.com\/minutocerord.com\/wp-content\/uploads\/2023\/11\/whatsapp-image-2023-11-01-at-2.08.05-pm-focus-0-0-896-504-1.jpg?fit=896%2C504&ssl=1","jetpack-related-posts":[],"jetpack_sharing_enabled":true,"_links":{"self":[{"href":"https:\/\/minutocerord.com\/index.php?rest_route=\/wp\/v2\/posts\/15946","targetHints":{"allow":["GET"]}}],"collection":[{"href":"https:\/\/minutocerord.com\/index.php?rest_route=\/wp\/v2\/posts"}],"about":[{"href":"https:\/\/minutocerord.com\/index.php?rest_route=\/wp\/v2\/types\/post"}],"author":[{"embeddable":true,"href":"https:\/\/minutocerord.com\/index.php?rest_route=\/wp\/v2\/users\/1"}],"replies":[{"embeddable":true,"href":"https:\/\/minutocerord.com\/index.php?rest_route=%2Fwp%2Fv2%2Fcomments&post=15946"}],"version-history":[{"count":0,"href":"https:\/\/minutocerord.com\/index.php?rest_route=\/wp\/v2\/posts\/15946\/revisions"}],"wp:featuredmedia":[{"embeddable":true,"href":"https:\/\/minutocerord.com\/index.php?rest_route=\/wp\/v2\/media\/15947"}],"wp:attachment":[{"href":"https:\/\/minutocerord.com\/index.php?rest_route=%2Fwp%2Fv2%2Fmedia&parent=15946"}],"wp:term":[{"taxonomy":"category","embeddable":true,"href":"https:\/\/minutocerord.com\/index.php?rest_route=%2Fwp%2Fv2%2Fcategories&post=15946"},{"taxonomy":"post_tag","embeddable":true,"href":"https:\/\/minutocerord.com\/index.php?rest_route=%2Fwp%2Fv2%2Ftags&post=15946"}],"curies":[{"name":"wp","href":"https:\/\/api.w.org\/{rel}","templated":true}]}}