{"id":15958,"date":"2023-11-02T10:12:17","date_gmt":"2023-11-02T14:12:17","guid":{"rendered":"https:\/\/minutocerord.com\/?p=15958"},"modified":"2023-11-02T10:12:17","modified_gmt":"2023-11-02T14:12:17","slug":"ee-uu-dominicana-graduada-de-pucmm-ejercera-como-abogada-en-california","status":"publish","type":"post","link":"https:\/\/minutocerord.com\/?p=15958","title":{"rendered":"EE.UU |  Dominicana graduada de PUCMM ejercer\u00e1 como abogada en California"},"content":{"rendered":"\n<p class=\"\"><strong>CALIFORNIA.-<\/strong> Una abogada dominicana, graduada summa cum laude de la Pontificia Universidad Cat\u00f3lica Madre y Maestra (PUCMM), fue admitida en la Barra del Estado de California, que la acredita a ejercer su profesi\u00f3n de derecho en ese estado de los Estados Unidos.<\/p>\n\n\n\n<p class=\"\">Tras aprobar el riguroso examen, la joven Chadia Michelle Abreu Ma\u00f1\u00f3n fue juramentada en el reci\u00e9n finalizado mes de octubre por el magistrado Peter H. Kang, juez federal de la Corte del Distrito de California del Norte de los Estados Unidos.<\/p>\n\n\n\n<p class=\"\">Esta acci\u00f3n convierte a Abreu Ma\u00f1\u00f3n en una de las pocas dominicanas o dominicanos en obtener licencia de abogado en California, el estado m\u00e1s poblado de los Estados Unidos, con casi 40 millones de habitantes.<\/p>\n\n\n\n<p class=\"\">Con apenas 29 a\u00f1os, que cumpli\u00f3 el 26 de mayo pasado, Abreu Ma\u00f1\u00f3n es poseedora de tres maestr\u00edas: una en \u201cEnerg\u00eda y Tecnolog\u00edas Limpias\u201d de la prestigiosa Escuela de Leyes de la Universidad de California, en Berkeley, y dos en la Universidad de Buenos Aires, Argentina, en donde obtuvo una \u201cMaestr\u00eda Interdisciplinaria en Energ\u00eda\u201d y en \u201cDerecho Administrativo y Administraci\u00f3n P\u00fablica\u201d.<\/p>\n\n\n\n<p class=\"\">Abreu Ma\u00f1\u00f3n ha sido investida con honores en todos los t\u00edtulos que ha recibido. Adem\u00e1s de su idioma natal, el espa\u00f1ol, la joven domina el ingl\u00e9s y el franc\u00e9s.<\/p>\n\n\n\n<p class=\"\">La abogada labora desde hace nueve a\u00f1os en el sector el\u00e9ctrico: primero para la Corporaci\u00f3n Dominicana de Empresas El\u00e9ctricas Estatales (CDEEE) y luego pas\u00f3 al Ministerio de Energ\u00eda y Minas (MEM), en donde se desempe\u00f1a como asesora en Regulaci\u00f3n Energ\u00e9tica y Tecnolog\u00eda Limpias.<\/p>\n\n\n\n<p class=\"\">Hija de los abogados Porfirio Abreu y Austria Ma\u00f1\u00f3n, fue la \u00fanica de los tres hijos del matrimonio que sigui\u00f3 la carrera de sus progenitores. Fue en el a\u00f1o 2020, tras un proceso altamente competitivo, que result\u00f3 beneficiada del programa de Becas Fulbright, que otorga la embajada de Estados Unidos, lo que le permiti\u00f3 viajar a California para estudiar en la prestigiosa Universidad de Berkeley.<\/p>\n\n\n\n<p class=\"\">Luego de concluir sus estudios, se desempe\u00f1\u00f3 como analista de la agencia reguladora que regula los servicios p\u00fablicos de propiedad privada en el estado de California, incluida la energ\u00eda el\u00e9ctrica, las telecomunicaciones, el gas natural y agua, (CPUC por sus siglas en ingl\u00e9s). En ese rol trabaj\u00f3 en incentivos innovadores e iniciativas que tienen como objetivo eliminar las barreras a la adopci\u00f3n de tecnolog\u00edas emergentes en apoyo de los objetivos clim\u00e1ticos de California.<\/p>\n\n\n\n<p class=\"\">Parte de su labor en el Ministerio de Energ\u00eda y Minas lidera consiste en brindar asesor\u00eda y su experiencia respecto a varias iniciativas que toma esta instituci\u00f3n para la reestructuraci\u00f3n institucional y regulatoria del sector energ\u00e9tico del pa\u00eds, alineada con la Agenda 2030 para el Desarrollo Sostenible, as\u00ed como la inserci\u00f3n de nuevas tecnolog\u00edas limpias que le permitir\u00e1n al pa\u00eds acelerar su proceso de transici\u00f3n energ\u00e9tica.<\/p>\n","protected":false},"excerpt":{"rendered":"<p>CALIFORNIA.- Una abogada dominicana, graduada summa cum laude de la Pontificia Universidad Cat\u00f3lica Madre y Maestra (PUCMM), fue admitida en la Barra del Estado de California, que la acredita a ejercer su profesi\u00f3n de derecho en ese estado de los Estados Unidos. Tras aprobar el riguroso examen, la joven Chadia Michelle Abreu Ma\u00f1\u00f3n fue juramentada [&hellip;]<\/p>\n","protected":false},"author":1,"featured_media":15959,"comment_status":"open","ping_status":"open","sticky":false,"template":"","format":"standard","meta":{"nf_dc_page":"","jetpack_post_was_ever_published":false,"_jetpack_newsletter_access":"","_jetpack_dont_email_post_to_subs":false,"_jetpack_newsletter_tier_id":0,"_jetpack_memberships_contains_paywalled_content":false,"_jetpack_memberships_contains_paid_content":false,"footnotes":"","jetpack_publicize_message":"","jetpack_publicize_feature_enabled":true,"jetpack_social_post_already_shared":false,"jetpack_social_options":{"image_generator_settings":{"template":"highway","default_image_id":0,"font":"","enabled":false},"version":2}},"categories":[83],"tags":[],"class_list":["post-15958","post","type-post","status-publish","format-standard","has-post-thumbnail","hentry","category-estados-unidos"],"yoast_head":"<!-- This site is optimized with the Yoast SEO plugin v27.4 - https:\/\/yoast.com\/product\/yoast-seo-wordpress\/ -->\n<title>EE.UU | Dominicana graduada de PUCMM ejercer\u00e1 como abogada en California - Minuto Cero RD<\/title>\n<meta name=\"robots\" content=\"index, follow, max-snippet:-1, max-image-preview:large, max-video-preview:-1\" \/>\n<link rel=\"canonical\" href=\"http:\/\/minutocerord.com\/?p=15958\" \/>\n<meta property=\"og:locale\" content=\"es_ES\" \/>\n<meta property=\"og:type\" content=\"article\" \/>\n<meta property=\"og:title\" content=\"EE.UU | Dominicana graduada de PUCMM ejercer\u00e1 como abogada en California - Minuto Cero RD\" \/>\n<meta property=\"og:description\" content=\"CALIFORNIA.- Una abogada dominicana, graduada summa cum laude de la Pontificia Universidad Cat\u00f3lica Madre y Maestra (PUCMM), fue admitida en la Barra del Estado de California, que la acredita a ejercer su profesi\u00f3n de derecho en ese estado de los Estados Unidos. Tras aprobar el riguroso examen, la joven Chadia Michelle Abreu Ma\u00f1\u00f3n fue juramentada [&hellip;]\" \/>\n<meta property=\"og:url\" content=\"http:\/\/minutocerord.com\/?p=15958\" \/>\n<meta property=\"og:site_name\" content=\"Minuto Cero RD\" \/>\n<meta property=\"article:publisher\" content=\"https:\/\/www.facebook.com\/Genofnotes\" \/>\n<meta property=\"article:author\" content=\"https:\/\/www.facebook.com\/Genofnotes\" \/>\n<meta property=\"article:published_time\" content=\"2023-11-02T14:12:17+00:00\" \/>\n<meta property=\"og:image\" content=\"https:\/\/i0.wp.com\/minutocerord.com\/wp-content\/uploads\/2023\/11\/juramentada-750x375-1.jpg?fit=750%2C375\" \/>\n\t<meta property=\"og:image:width\" content=\"750\" \/>\n\t<meta property=\"og:image:height\" content=\"375\" \/>\n\t<meta property=\"og:image:type\" content=\"image\/jpeg\" \/>\n<meta name=\"author\" content=\"Genof\u00f3ntes Urb\u00e1ez\" \/>\n<meta name=\"twitter:card\" content=\"summary_large_image\" \/>\n<meta name=\"twitter:label1\" content=\"Written by\" \/>\n\t<meta name=\"twitter:data1\" content=\"Genof\u00f3ntes Urb\u00e1ez\" \/>\n\t<meta name=\"twitter:label2\" content=\"Est. reading time\" \/>\n\t<meta name=\"twitter:data2\" content=\"3 minutos\" \/>\n<script type=\"application\/ld+json\" class=\"yoast-schema-graph\">{\"@context\":\"https:\\\/\\\/schema.org\",\"@graph\":[{\"@type\":\"Article\",\"@id\":\"http:\\\/\\\/minutocerord.com\\\/?p=15958#article\",\"isPartOf\":{\"@id\":\"http:\\\/\\\/minutocerord.com\\\/?p=15958\"},\"author\":{\"name\":\"Genof\u00f3ntes Urb\u00e1ez\",\"@id\":\"https:\\\/\\\/minutocerord.com\\\/#\\\/schema\\\/person\\\/60b5372d60aaa0a5171fb6488be9aee6\"},\"headline\":\"EE.UU | Dominicana graduada de PUCMM ejercer\u00e1 como abogada en California\",\"datePublished\":\"2023-11-02T14:12:17+00:00\",\"mainEntityOfPage\":{\"@id\":\"http:\\\/\\\/minutocerord.com\\\/?p=15958\"},\"wordCount\":514,\"commentCount\":0,\"publisher\":{\"@id\":\"https:\\\/\\\/minutocerord.com\\\/#\\\/schema\\\/person\\\/60b5372d60aaa0a5171fb6488be9aee6\"},\"image\":{\"@id\":\"http:\\\/\\\/minutocerord.com\\\/?p=15958#primaryimage\"},\"thumbnailUrl\":\"https:\\\/\\\/i0.wp.com\\\/minutocerord.com\\\/wp-content\\\/uploads\\\/2023\\\/11\\\/juramentada-750x375-1.jpg?fit=750%2C375&ssl=1\",\"articleSection\":[\"Estados Unidos\"],\"inLanguage\":\"es-DO\",\"potentialAction\":[{\"@type\":\"CommentAction\",\"name\":\"Comment\",\"target\":[\"http:\\\/\\\/minutocerord.com\\\/?p=15958#respond\"]}]},{\"@type\":\"WebPage\",\"@id\":\"http:\\\/\\\/minutocerord.com\\\/?p=15958\",\"url\":\"http:\\\/\\\/minutocerord.com\\\/?p=15958\",\"name\":\"EE.UU | Dominicana graduada de PUCMM ejercer\u00e1 como abogada en California - Minuto Cero RD\",\"isPartOf\":{\"@id\":\"https:\\\/\\\/minutocerord.com\\\/#website\"},\"primaryImageOfPage\":{\"@id\":\"http:\\\/\\\/minutocerord.com\\\/?p=15958#primaryimage\"},\"image\":{\"@id\":\"http:\\\/\\\/minutocerord.com\\\/?p=15958#primaryimage\"},\"thumbnailUrl\":\"https:\\\/\\\/i0.wp.com\\\/minutocerord.com\\\/wp-content\\\/uploads\\\/2023\\\/11\\\/juramentada-750x375-1.jpg?fit=750%2C375&ssl=1\",\"datePublished\":\"2023-11-02T14:12:17+00:00\",\"breadcrumb\":{\"@id\":\"http:\\\/\\\/minutocerord.com\\\/?p=15958#breadcrumb\"},\"inLanguage\":\"es-DO\",\"potentialAction\":[{\"@type\":\"ReadAction\",\"target\":[\"http:\\\/\\\/minutocerord.com\\\/?p=15958\"]}]},{\"@type\":\"ImageObject\",\"inLanguage\":\"es-DO\",\"@id\":\"http:\\\/\\\/minutocerord.com\\\/?p=15958#primaryimage\",\"url\":\"https:\\\/\\\/i0.wp.com\\\/minutocerord.com\\\/wp-content\\\/uploads\\\/2023\\\/11\\\/juramentada-750x375-1.jpg?fit=750%2C375&ssl=1\",\"contentUrl\":\"https:\\\/\\\/i0.wp.com\\\/minutocerord.com\\\/wp-content\\\/uploads\\\/2023\\\/11\\\/juramentada-750x375-1.jpg?fit=750%2C375&ssl=1\",\"width\":750,\"height\":375},{\"@type\":\"BreadcrumbList\",\"@id\":\"http:\\\/\\\/minutocerord.com\\\/?p=15958#breadcrumb\",\"itemListElement\":[{\"@type\":\"ListItem\",\"position\":1,\"name\":\"Home\",\"item\":\"https:\\\/\\\/minutocerord.com\\\/\"},{\"@type\":\"ListItem\",\"position\":2,\"name\":\"EE.UU | Dominicana graduada de PUCMM ejercer\u00e1 como abogada en California\"}]},{\"@type\":\"WebSite\",\"@id\":\"https:\\\/\\\/minutocerord.com\\\/#website\",\"url\":\"https:\\\/\\\/minutocerord.com\\\/\",\"name\":\"Minuto Cero RD\",\"description\":\"Periodismo serio y veraz\",\"publisher\":{\"@id\":\"https:\\\/\\\/minutocerord.com\\\/#\\\/schema\\\/person\\\/60b5372d60aaa0a5171fb6488be9aee6\"},\"potentialAction\":[{\"@type\":\"SearchAction\",\"target\":{\"@type\":\"EntryPoint\",\"urlTemplate\":\"https:\\\/\\\/minutocerord.com\\\/?s={search_term_string}\"},\"query-input\":{\"@type\":\"PropertyValueSpecification\",\"valueRequired\":true,\"valueName\":\"search_term_string\"}}],\"inLanguage\":\"es-DO\"},{\"@type\":[\"Person\",\"Organization\"],\"@id\":\"https:\\\/\\\/minutocerord.com\\\/#\\\/schema\\\/person\\\/60b5372d60aaa0a5171fb6488be9aee6\",\"name\":\"Genof\u00f3ntes Urb\u00e1ez\",\"image\":{\"@type\":\"ImageObject\",\"inLanguage\":\"es-DO\",\"@id\":\"https:\\\/\\\/secure.gravatar.com\\\/avatar\\\/a49ef3186a692098ac3e8a1612261e3ad70cf9e44553dff2929e67939a0ecb9d?s=96&d=identicon&r=g\",\"url\":\"https:\\\/\\\/secure.gravatar.com\\\/avatar\\\/a49ef3186a692098ac3e8a1612261e3ad70cf9e44553dff2929e67939a0ecb9d?s=96&d=identicon&r=g\",\"contentUrl\":\"https:\\\/\\\/secure.gravatar.com\\\/avatar\\\/a49ef3186a692098ac3e8a1612261e3ad70cf9e44553dff2929e67939a0ecb9d?s=96&d=identicon&r=g\",\"caption\":\"Genof\u00f3ntes Urb\u00e1ez\"},\"logo\":{\"@id\":\"https:\\\/\\\/secure.gravatar.com\\\/avatar\\\/a49ef3186a692098ac3e8a1612261e3ad70cf9e44553dff2929e67939a0ecb9d?s=96&d=identicon&r=g\"},\"description\":\"Periodista \\\/ Locutor\",\"sameAs\":[\"https:\\\/\\\/www.facebook.com\\\/Genofnotes\",\"https:\\\/\\\/www.instagram.com\\\/genofnotes\\\/\"]}]}<\/script>\n<!-- \/ Yoast SEO plugin. -->","yoast_head_json":{"title":"EE.UU | Dominicana graduada de PUCMM ejercer\u00e1 como abogada en California - Minuto Cero RD","robots":{"index":"index","follow":"follow","max-snippet":"max-snippet:-1","max-image-preview":"max-image-preview:large","max-video-preview":"max-video-preview:-1"},"canonical":"http:\/\/minutocerord.com\/?p=15958","og_locale":"es_ES","og_type":"article","og_title":"EE.UU | Dominicana graduada de PUCMM ejercer\u00e1 como abogada en California - Minuto Cero RD","og_description":"CALIFORNIA.- Una abogada dominicana, graduada summa cum laude de la Pontificia Universidad Cat\u00f3lica Madre y Maestra (PUCMM), fue admitida en la Barra del Estado de California, que la acredita a ejercer su profesi\u00f3n de derecho en ese estado de los Estados Unidos. Tras aprobar el riguroso examen, la joven Chadia Michelle Abreu Ma\u00f1\u00f3n fue juramentada [&hellip;]","og_url":"http:\/\/minutocerord.com\/?p=15958","og_site_name":"Minuto Cero RD","article_publisher":"https:\/\/www.facebook.com\/Genofnotes","article_author":"https:\/\/www.facebook.com\/Genofnotes","article_published_time":"2023-11-02T14:12:17+00:00","og_image":[{"width":750,"height":375,"url":"https:\/\/i0.wp.com\/minutocerord.com\/wp-content\/uploads\/2023\/11\/juramentada-750x375-1.jpg?fit=750%2C375","type":"image\/jpeg"}],"author":"Genof\u00f3ntes Urb\u00e1ez","twitter_card":"summary_large_image","twitter_misc":{"Written by":"Genof\u00f3ntes Urb\u00e1ez","Est. reading time":"3 minutos"},"schema":{"@context":"https:\/\/schema.org","@graph":[{"@type":"Article","@id":"http:\/\/minutocerord.com\/?p=15958#article","isPartOf":{"@id":"http:\/\/minutocerord.com\/?p=15958"},"author":{"name":"Genof\u00f3ntes Urb\u00e1ez","@id":"https:\/\/minutocerord.com\/#\/schema\/person\/60b5372d60aaa0a5171fb6488be9aee6"},"headline":"EE.UU | Dominicana graduada de PUCMM ejercer\u00e1 como abogada en California","datePublished":"2023-11-02T14:12:17+00:00","mainEntityOfPage":{"@id":"http:\/\/minutocerord.com\/?p=15958"},"wordCount":514,"commentCount":0,"publisher":{"@id":"https:\/\/minutocerord.com\/#\/schema\/person\/60b5372d60aaa0a5171fb6488be9aee6"},"image":{"@id":"http:\/\/minutocerord.com\/?p=15958#primaryimage"},"thumbnailUrl":"https:\/\/i0.wp.com\/minutocerord.com\/wp-content\/uploads\/2023\/11\/juramentada-750x375-1.jpg?fit=750%2C375&ssl=1","articleSection":["Estados Unidos"],"inLanguage":"es-DO","potentialAction":[{"@type":"CommentAction","name":"Comment","target":["http:\/\/minutocerord.com\/?p=15958#respond"]}]},{"@type":"WebPage","@id":"http:\/\/minutocerord.com\/?p=15958","url":"http:\/\/minutocerord.com\/?p=15958","name":"EE.UU | Dominicana graduada de PUCMM ejercer\u00e1 como abogada en California - Minuto Cero RD","isPartOf":{"@id":"https:\/\/minutocerord.com\/#website"},"primaryImageOfPage":{"@id":"http:\/\/minutocerord.com\/?p=15958#primaryimage"},"image":{"@id":"http:\/\/minutocerord.com\/?p=15958#primaryimage"},"thumbnailUrl":"https:\/\/i0.wp.com\/minutocerord.com\/wp-content\/uploads\/2023\/11\/juramentada-750x375-1.jpg?fit=750%2C375&ssl=1","datePublished":"2023-11-02T14:12:17+00:00","breadcrumb":{"@id":"http:\/\/minutocerord.com\/?p=15958#breadcrumb"},"inLanguage":"es-DO","potentialAction":[{"@type":"ReadAction","target":["http:\/\/minutocerord.com\/?p=15958"]}]},{"@type":"ImageObject","inLanguage":"es-DO","@id":"http:\/\/minutocerord.com\/?p=15958#primaryimage","url":"https:\/\/i0.wp.com\/minutocerord.com\/wp-content\/uploads\/2023\/11\/juramentada-750x375-1.jpg?fit=750%2C375&ssl=1","contentUrl":"https:\/\/i0.wp.com\/minutocerord.com\/wp-content\/uploads\/2023\/11\/juramentada-750x375-1.jpg?fit=750%2C375&ssl=1","width":750,"height":375},{"@type":"BreadcrumbList","@id":"http:\/\/minutocerord.com\/?p=15958#breadcrumb","itemListElement":[{"@type":"ListItem","position":1,"name":"Home","item":"https:\/\/minutocerord.com\/"},{"@type":"ListItem","position":2,"name":"EE.UU | Dominicana graduada de PUCMM ejercer\u00e1 como abogada en California"}]},{"@type":"WebSite","@id":"https:\/\/minutocerord.com\/#website","url":"https:\/\/minutocerord.com\/","name":"Minuto Cero RD","description":"Periodismo serio y veraz","publisher":{"@id":"https:\/\/minutocerord.com\/#\/schema\/person\/60b5372d60aaa0a5171fb6488be9aee6"},"potentialAction":[{"@type":"SearchAction","target":{"@type":"EntryPoint","urlTemplate":"https:\/\/minutocerord.com\/?s={search_term_string}"},"query-input":{"@type":"PropertyValueSpecification","valueRequired":true,"valueName":"search_term_string"}}],"inLanguage":"es-DO"},{"@type":["Person","Organization"],"@id":"https:\/\/minutocerord.com\/#\/schema\/person\/60b5372d60aaa0a5171fb6488be9aee6","name":"Genof\u00f3ntes Urb\u00e1ez","image":{"@type":"ImageObject","inLanguage":"es-DO","@id":"https:\/\/secure.gravatar.com\/avatar\/a49ef3186a692098ac3e8a1612261e3ad70cf9e44553dff2929e67939a0ecb9d?s=96&d=identicon&r=g","url":"https:\/\/secure.gravatar.com\/avatar\/a49ef3186a692098ac3e8a1612261e3ad70cf9e44553dff2929e67939a0ecb9d?s=96&d=identicon&r=g","contentUrl":"https:\/\/secure.gravatar.com\/avatar\/a49ef3186a692098ac3e8a1612261e3ad70cf9e44553dff2929e67939a0ecb9d?s=96&d=identicon&r=g","caption":"Genof\u00f3ntes Urb\u00e1ez"},"logo":{"@id":"https:\/\/secure.gravatar.com\/avatar\/a49ef3186a692098ac3e8a1612261e3ad70cf9e44553dff2929e67939a0ecb9d?s=96&d=identicon&r=g"},"description":"Periodista \/ Locutor","sameAs":["https:\/\/www.facebook.com\/Genofnotes","https:\/\/www.instagram.com\/genofnotes\/"]}]}},"jetpack_publicize_connections":[],"jetpack_featured_media_url":"https:\/\/i0.wp.com\/minutocerord.com\/wp-content\/uploads\/2023\/11\/juramentada-750x375-1.jpg?fit=750%2C375&ssl=1","jetpack-related-posts":[],"jetpack_sharing_enabled":true,"_links":{"self":[{"href":"https:\/\/minutocerord.com\/index.php?rest_route=\/wp\/v2\/posts\/15958","targetHints":{"allow":["GET"]}}],"collection":[{"href":"https:\/\/minutocerord.com\/index.php?rest_route=\/wp\/v2\/posts"}],"about":[{"href":"https:\/\/minutocerord.com\/index.php?rest_route=\/wp\/v2\/types\/post"}],"author":[{"embeddable":true,"href":"https:\/\/minutocerord.com\/index.php?rest_route=\/wp\/v2\/users\/1"}],"replies":[{"embeddable":true,"href":"https:\/\/minutocerord.com\/index.php?rest_route=%2Fwp%2Fv2%2Fcomments&post=15958"}],"version-history":[{"count":0,"href":"https:\/\/minutocerord.com\/index.php?rest_route=\/wp\/v2\/posts\/15958\/revisions"}],"wp:featuredmedia":[{"embeddable":true,"href":"https:\/\/minutocerord.com\/index.php?rest_route=\/wp\/v2\/media\/15959"}],"wp:attachment":[{"href":"https:\/\/minutocerord.com\/index.php?rest_route=%2Fwp%2Fv2%2Fmedia&parent=15958"}],"wp:term":[{"taxonomy":"category","embeddable":true,"href":"https:\/\/minutocerord.com\/index.php?rest_route=%2Fwp%2Fv2%2Fcategories&post=15958"},{"taxonomy":"post_tag","embeddable":true,"href":"https:\/\/minutocerord.com\/index.php?rest_route=%2Fwp%2Fv2%2Ftags&post=15958"}],"curies":[{"name":"wp","href":"https:\/\/api.w.org\/{rel}","templated":true}]}}