{"id":15961,"date":"2023-11-02T10:48:14","date_gmt":"2023-11-02T14:48:14","guid":{"rendered":"https:\/\/minutocerord.com\/?p=15961"},"modified":"2023-11-02T10:48:14","modified_gmt":"2023-11-02T14:48:14","slug":"el-clima-ambiente-soleado-y-de-escasas-lluvias-para-este-jueves-en-la-rd","status":"publish","type":"post","link":"https:\/\/minutocerord.com\/?p=15961","title":{"rendered":"EL CLIMA | Ambiente soleado y de escasas lluvias para este jueves en la RD"},"content":{"rendered":"\n<p class=\"\"><strong>SANTO DOMINGO.-<\/strong> La Oficina Nacional de Meteorolog\u00eda (Onamet) pronostic\u00f3 para este jueves un ambiente soleado y de escasas lluvias, aunque con chubascos y aisladas tronadas en algunos lugares del pa\u00eds.<\/p>\n\n\n\n<p class=\"\">Dijo que para este jueves se espera el ingreso de una masa de aire de menor contenido de humedad, que limitar\u00e1 la ocurrencia de lluvias importantes sobre el pa\u00eds.<\/p>\n\n\n\n<p class=\"\">No obstante, una vaguada sobre el canal del Viento y los efectos locales de calentamiento diurno inducir\u00e1n algunos desarrollos nubosos desde horas matutinas acompa\u00f1ados de aguaceros aislados y aisladas tronadas sobre el litoral costero caribe\u00f1o, la cordillera Central y la zona fronteriza, especialmente en Barahona, Peravia, Azua, San Juan, Pedernales, La Romana y La Altagracia.<\/p>\n\n\n\n<p class=\"\">La Onamet inform\u00f3 que da seguimiento a la evoluci\u00f3n y desarrollo de una zona de aguaceros y tormentas el\u00e9ctricas, asociada a una zona de baja presi\u00f3n, ubicada sobre el Caribe Central con un 20 % de probabilidad para convertirse en cicl\u00f3n tropical en las pr\u00f3ximas 48 horas.<\/p>\n","protected":false},"excerpt":{"rendered":"<p>SANTO DOMINGO.- La Oficina Nacional de Meteorolog\u00eda (Onamet) pronostic\u00f3 para este jueves un ambiente soleado y de escasas lluvias, aunque con chubascos y aisladas tronadas en algunos lugares del pa\u00eds. Dijo que para este jueves se espera el ingreso de una masa de aire de menor contenido de humedad, que limitar\u00e1 la ocurrencia de lluvias [&hellip;]<\/p>\n","protected":false},"author":1,"featured_media":15962,"comment_status":"open","ping_status":"open","sticky":false,"template":"","format":"standard","meta":{"nf_dc_page":"","jetpack_post_was_ever_published":false,"_jetpack_newsletter_access":"","_jetpack_dont_email_post_to_subs":false,"_jetpack_newsletter_tier_id":0,"_jetpack_memberships_contains_paywalled_content":false,"_jetpack_memberships_contains_paid_content":false,"footnotes":"","jetpack_publicize_message":"","jetpack_publicize_feature_enabled":true,"jetpack_social_post_already_shared":false,"jetpack_social_options":{"image_generator_settings":{"template":"highway","default_image_id":0,"font":"","enabled":false},"version":2}},"categories":[87],"tags":[],"class_list":["post-15961","post","type-post","status-publish","format-standard","has-post-thumbnail","hentry","category-el-clima"],"yoast_head":"<!-- This site is optimized with the Yoast SEO plugin v27.4 - https:\/\/yoast.com\/product\/yoast-seo-wordpress\/ -->\n<title>EL CLIMA | Ambiente soleado y de escasas lluvias para este jueves en la RD - Minuto Cero RD<\/title>\n<meta name=\"robots\" content=\"index, follow, max-snippet:-1, max-image-preview:large, max-video-preview:-1\" \/>\n<link rel=\"canonical\" href=\"http:\/\/minutocerord.com\/?p=15961\" \/>\n<meta property=\"og:locale\" content=\"es_ES\" \/>\n<meta property=\"og:type\" content=\"article\" \/>\n<meta property=\"og:title\" content=\"EL CLIMA | Ambiente soleado y de escasas lluvias para este jueves en la RD - Minuto Cero RD\" \/>\n<meta property=\"og:description\" content=\"SANTO DOMINGO.- La Oficina Nacional de Meteorolog\u00eda (Onamet) pronostic\u00f3 para este jueves un ambiente soleado y de escasas lluvias, aunque con chubascos y aisladas tronadas en algunos lugares del pa\u00eds. Dijo que para este jueves se espera el ingreso de una masa de aire de menor contenido de humedad, que limitar\u00e1 la ocurrencia de lluvias [&hellip;]\" \/>\n<meta property=\"og:url\" content=\"http:\/\/minutocerord.com\/?p=15961\" \/>\n<meta property=\"og:site_name\" content=\"Minuto Cero RD\" \/>\n<meta property=\"article:publisher\" content=\"https:\/\/www.facebook.com\/Genofnotes\" \/>\n<meta property=\"article:author\" content=\"https:\/\/www.facebook.com\/Genofnotes\" \/>\n<meta property=\"article:published_time\" content=\"2023-11-02T14:48:14+00:00\" \/>\n<meta name=\"author\" content=\"Genof\u00f3ntes Urb\u00e1ez\" \/>\n<meta name=\"twitter:card\" content=\"summary_large_image\" \/>\n<meta name=\"twitter:label1\" content=\"Written by\" \/>\n\t<meta name=\"twitter:data1\" content=\"Genof\u00f3ntes Urb\u00e1ez\" \/>\n\t<meta name=\"twitter:label2\" content=\"Est. reading time\" \/>\n\t<meta name=\"twitter:data2\" content=\"1 minuto\" \/>\n<script type=\"application\/ld+json\" class=\"yoast-schema-graph\">{\"@context\":\"https:\\\/\\\/schema.org\",\"@graph\":[{\"@type\":\"Article\",\"@id\":\"http:\\\/\\\/minutocerord.com\\\/?p=15961#article\",\"isPartOf\":{\"@id\":\"http:\\\/\\\/minutocerord.com\\\/?p=15961\"},\"author\":{\"name\":\"Genof\u00f3ntes Urb\u00e1ez\",\"@id\":\"https:\\\/\\\/minutocerord.com\\\/#\\\/schema\\\/person\\\/60b5372d60aaa0a5171fb6488be9aee6\"},\"headline\":\"EL CLIMA | Ambiente soleado y de escasas lluvias para este jueves en la RD\",\"datePublished\":\"2023-11-02T14:48:14+00:00\",\"mainEntityOfPage\":{\"@id\":\"http:\\\/\\\/minutocerord.com\\\/?p=15961\"},\"wordCount\":184,\"commentCount\":0,\"publisher\":{\"@id\":\"https:\\\/\\\/minutocerord.com\\\/#\\\/schema\\\/person\\\/60b5372d60aaa0a5171fb6488be9aee6\"},\"image\":{\"@id\":\"http:\\\/\\\/minutocerord.com\\\/?p=15961#primaryimage\"},\"thumbnailUrl\":\"\",\"articleSection\":[\"El clima\"],\"inLanguage\":\"es-DO\",\"potentialAction\":[{\"@type\":\"CommentAction\",\"name\":\"Comment\",\"target\":[\"http:\\\/\\\/minutocerord.com\\\/?p=15961#respond\"]}]},{\"@type\":\"WebPage\",\"@id\":\"http:\\\/\\\/minutocerord.com\\\/?p=15961\",\"url\":\"http:\\\/\\\/minutocerord.com\\\/?p=15961\",\"name\":\"EL CLIMA | Ambiente soleado y de escasas lluvias para este jueves en la RD - Minuto Cero RD\",\"isPartOf\":{\"@id\":\"https:\\\/\\\/minutocerord.com\\\/#website\"},\"primaryImageOfPage\":{\"@id\":\"http:\\\/\\\/minutocerord.com\\\/?p=15961#primaryimage\"},\"image\":{\"@id\":\"http:\\\/\\\/minutocerord.com\\\/?p=15961#primaryimage\"},\"thumbnailUrl\":\"\",\"datePublished\":\"2023-11-02T14:48:14+00:00\",\"breadcrumb\":{\"@id\":\"http:\\\/\\\/minutocerord.com\\\/?p=15961#breadcrumb\"},\"inLanguage\":\"es-DO\",\"potentialAction\":[{\"@type\":\"ReadAction\",\"target\":[\"http:\\\/\\\/minutocerord.com\\\/?p=15961\"]}]},{\"@type\":\"ImageObject\",\"inLanguage\":\"es-DO\",\"@id\":\"http:\\\/\\\/minutocerord.com\\\/?p=15961#primaryimage\",\"url\":\"\",\"contentUrl\":\"\"},{\"@type\":\"BreadcrumbList\",\"@id\":\"http:\\\/\\\/minutocerord.com\\\/?p=15961#breadcrumb\",\"itemListElement\":[{\"@type\":\"ListItem\",\"position\":1,\"name\":\"Home\",\"item\":\"https:\\\/\\\/minutocerord.com\\\/\"},{\"@type\":\"ListItem\",\"position\":2,\"name\":\"EL CLIMA | Ambiente soleado y de escasas lluvias para este jueves en la RD\"}]},{\"@type\":\"WebSite\",\"@id\":\"https:\\\/\\\/minutocerord.com\\\/#website\",\"url\":\"https:\\\/\\\/minutocerord.com\\\/\",\"name\":\"Minuto Cero RD\",\"description\":\"Periodismo serio y veraz\",\"publisher\":{\"@id\":\"https:\\\/\\\/minutocerord.com\\\/#\\\/schema\\\/person\\\/60b5372d60aaa0a5171fb6488be9aee6\"},\"potentialAction\":[{\"@type\":\"SearchAction\",\"target\":{\"@type\":\"EntryPoint\",\"urlTemplate\":\"https:\\\/\\\/minutocerord.com\\\/?s={search_term_string}\"},\"query-input\":{\"@type\":\"PropertyValueSpecification\",\"valueRequired\":true,\"valueName\":\"search_term_string\"}}],\"inLanguage\":\"es-DO\"},{\"@type\":[\"Person\",\"Organization\"],\"@id\":\"https:\\\/\\\/minutocerord.com\\\/#\\\/schema\\\/person\\\/60b5372d60aaa0a5171fb6488be9aee6\",\"name\":\"Genof\u00f3ntes Urb\u00e1ez\",\"image\":{\"@type\":\"ImageObject\",\"inLanguage\":\"es-DO\",\"@id\":\"https:\\\/\\\/secure.gravatar.com\\\/avatar\\\/a49ef3186a692098ac3e8a1612261e3ad70cf9e44553dff2929e67939a0ecb9d?s=96&d=identicon&r=g\",\"url\":\"https:\\\/\\\/secure.gravatar.com\\\/avatar\\\/a49ef3186a692098ac3e8a1612261e3ad70cf9e44553dff2929e67939a0ecb9d?s=96&d=identicon&r=g\",\"contentUrl\":\"https:\\\/\\\/secure.gravatar.com\\\/avatar\\\/a49ef3186a692098ac3e8a1612261e3ad70cf9e44553dff2929e67939a0ecb9d?s=96&d=identicon&r=g\",\"caption\":\"Genof\u00f3ntes Urb\u00e1ez\"},\"logo\":{\"@id\":\"https:\\\/\\\/secure.gravatar.com\\\/avatar\\\/a49ef3186a692098ac3e8a1612261e3ad70cf9e44553dff2929e67939a0ecb9d?s=96&d=identicon&r=g\"},\"description\":\"Periodista \\\/ Locutor\",\"sameAs\":[\"https:\\\/\\\/www.facebook.com\\\/Genofnotes\",\"https:\\\/\\\/www.instagram.com\\\/genofnotes\\\/\"]}]}<\/script>\n<!-- \/ Yoast SEO plugin. -->","yoast_head_json":{"title":"EL CLIMA | Ambiente soleado y de escasas lluvias para este jueves en la RD - Minuto Cero RD","robots":{"index":"index","follow":"follow","max-snippet":"max-snippet:-1","max-image-preview":"max-image-preview:large","max-video-preview":"max-video-preview:-1"},"canonical":"http:\/\/minutocerord.com\/?p=15961","og_locale":"es_ES","og_type":"article","og_title":"EL CLIMA | Ambiente soleado y de escasas lluvias para este jueves en la RD - Minuto Cero RD","og_description":"SANTO DOMINGO.- La Oficina Nacional de Meteorolog\u00eda (Onamet) pronostic\u00f3 para este jueves un ambiente soleado y de escasas lluvias, aunque con chubascos y aisladas tronadas en algunos lugares del pa\u00eds. Dijo que para este jueves se espera el ingreso de una masa de aire de menor contenido de humedad, que limitar\u00e1 la ocurrencia de lluvias [&hellip;]","og_url":"http:\/\/minutocerord.com\/?p=15961","og_site_name":"Minuto Cero RD","article_publisher":"https:\/\/www.facebook.com\/Genofnotes","article_author":"https:\/\/www.facebook.com\/Genofnotes","article_published_time":"2023-11-02T14:48:14+00:00","author":"Genof\u00f3ntes Urb\u00e1ez","twitter_card":"summary_large_image","twitter_misc":{"Written by":"Genof\u00f3ntes Urb\u00e1ez","Est. reading time":"1 minuto"},"schema":{"@context":"https:\/\/schema.org","@graph":[{"@type":"Article","@id":"http:\/\/minutocerord.com\/?p=15961#article","isPartOf":{"@id":"http:\/\/minutocerord.com\/?p=15961"},"author":{"name":"Genof\u00f3ntes Urb\u00e1ez","@id":"https:\/\/minutocerord.com\/#\/schema\/person\/60b5372d60aaa0a5171fb6488be9aee6"},"headline":"EL CLIMA | Ambiente soleado y de escasas lluvias para este jueves en la RD","datePublished":"2023-11-02T14:48:14+00:00","mainEntityOfPage":{"@id":"http:\/\/minutocerord.com\/?p=15961"},"wordCount":184,"commentCount":0,"publisher":{"@id":"https:\/\/minutocerord.com\/#\/schema\/person\/60b5372d60aaa0a5171fb6488be9aee6"},"image":{"@id":"http:\/\/minutocerord.com\/?p=15961#primaryimage"},"thumbnailUrl":"","articleSection":["El clima"],"inLanguage":"es-DO","potentialAction":[{"@type":"CommentAction","name":"Comment","target":["http:\/\/minutocerord.com\/?p=15961#respond"]}]},{"@type":"WebPage","@id":"http:\/\/minutocerord.com\/?p=15961","url":"http:\/\/minutocerord.com\/?p=15961","name":"EL CLIMA | Ambiente soleado y de escasas lluvias para este jueves en la RD - Minuto Cero RD","isPartOf":{"@id":"https:\/\/minutocerord.com\/#website"},"primaryImageOfPage":{"@id":"http:\/\/minutocerord.com\/?p=15961#primaryimage"},"image":{"@id":"http:\/\/minutocerord.com\/?p=15961#primaryimage"},"thumbnailUrl":"","datePublished":"2023-11-02T14:48:14+00:00","breadcrumb":{"@id":"http:\/\/minutocerord.com\/?p=15961#breadcrumb"},"inLanguage":"es-DO","potentialAction":[{"@type":"ReadAction","target":["http:\/\/minutocerord.com\/?p=15961"]}]},{"@type":"ImageObject","inLanguage":"es-DO","@id":"http:\/\/minutocerord.com\/?p=15961#primaryimage","url":"","contentUrl":""},{"@type":"BreadcrumbList","@id":"http:\/\/minutocerord.com\/?p=15961#breadcrumb","itemListElement":[{"@type":"ListItem","position":1,"name":"Home","item":"https:\/\/minutocerord.com\/"},{"@type":"ListItem","position":2,"name":"EL CLIMA | Ambiente soleado y de escasas lluvias para este jueves en la RD"}]},{"@type":"WebSite","@id":"https:\/\/minutocerord.com\/#website","url":"https:\/\/minutocerord.com\/","name":"Minuto Cero RD","description":"Periodismo serio y veraz","publisher":{"@id":"https:\/\/minutocerord.com\/#\/schema\/person\/60b5372d60aaa0a5171fb6488be9aee6"},"potentialAction":[{"@type":"SearchAction","target":{"@type":"EntryPoint","urlTemplate":"https:\/\/minutocerord.com\/?s={search_term_string}"},"query-input":{"@type":"PropertyValueSpecification","valueRequired":true,"valueName":"search_term_string"}}],"inLanguage":"es-DO"},{"@type":["Person","Organization"],"@id":"https:\/\/minutocerord.com\/#\/schema\/person\/60b5372d60aaa0a5171fb6488be9aee6","name":"Genof\u00f3ntes Urb\u00e1ez","image":{"@type":"ImageObject","inLanguage":"es-DO","@id":"https:\/\/secure.gravatar.com\/avatar\/a49ef3186a692098ac3e8a1612261e3ad70cf9e44553dff2929e67939a0ecb9d?s=96&d=identicon&r=g","url":"https:\/\/secure.gravatar.com\/avatar\/a49ef3186a692098ac3e8a1612261e3ad70cf9e44553dff2929e67939a0ecb9d?s=96&d=identicon&r=g","contentUrl":"https:\/\/secure.gravatar.com\/avatar\/a49ef3186a692098ac3e8a1612261e3ad70cf9e44553dff2929e67939a0ecb9d?s=96&d=identicon&r=g","caption":"Genof\u00f3ntes Urb\u00e1ez"},"logo":{"@id":"https:\/\/secure.gravatar.com\/avatar\/a49ef3186a692098ac3e8a1612261e3ad70cf9e44553dff2929e67939a0ecb9d?s=96&d=identicon&r=g"},"description":"Periodista \/ Locutor","sameAs":["https:\/\/www.facebook.com\/Genofnotes","https:\/\/www.instagram.com\/genofnotes\/"]}]}},"jetpack_publicize_connections":[],"jetpack_featured_media_url":"","jetpack-related-posts":[],"jetpack_sharing_enabled":true,"_links":{"self":[{"href":"https:\/\/minutocerord.com\/index.php?rest_route=\/wp\/v2\/posts\/15961","targetHints":{"allow":["GET"]}}],"collection":[{"href":"https:\/\/minutocerord.com\/index.php?rest_route=\/wp\/v2\/posts"}],"about":[{"href":"https:\/\/minutocerord.com\/index.php?rest_route=\/wp\/v2\/types\/post"}],"author":[{"embeddable":true,"href":"https:\/\/minutocerord.com\/index.php?rest_route=\/wp\/v2\/users\/1"}],"replies":[{"embeddable":true,"href":"https:\/\/minutocerord.com\/index.php?rest_route=%2Fwp%2Fv2%2Fcomments&post=15961"}],"version-history":[{"count":0,"href":"https:\/\/minutocerord.com\/index.php?rest_route=\/wp\/v2\/posts\/15961\/revisions"}],"wp:featuredmedia":[{"embeddable":true,"href":"https:\/\/minutocerord.com\/index.php?rest_route=\/"}],"wp:attachment":[{"href":"https:\/\/minutocerord.com\/index.php?rest_route=%2Fwp%2Fv2%2Fmedia&parent=15961"}],"wp:term":[{"taxonomy":"category","embeddable":true,"href":"https:\/\/minutocerord.com\/index.php?rest_route=%2Fwp%2Fv2%2Fcategories&post=15961"},{"taxonomy":"post_tag","embeddable":true,"href":"https:\/\/minutocerord.com\/index.php?rest_route=%2Fwp%2Fv2%2Ftags&post=15961"}],"curies":[{"name":"wp","href":"https:\/\/api.w.org\/{rel}","templated":true}]}}