{"id":16175,"date":"2023-11-11T12:43:05","date_gmt":"2023-11-11T16:43:05","guid":{"rendered":"https:\/\/minutocerord.com\/?p=16175"},"modified":"2023-11-11T12:43:05","modified_gmt":"2023-11-11T16:43:05","slug":"la-altagracia-mas-sobre-accidente-en-punta-cana-una-turista-fallecida","status":"publish","type":"post","link":"https:\/\/minutocerord.com\/?p=16175","title":{"rendered":"LA ALTAGRACIA | M\u00e1s sobre accidente en Punta Cana: una turista fallecida"},"content":{"rendered":"\n<p class=\"\">La Altagracia. &#8211; | Una persona fallecida y otras tres heridas fue el resulta de un accidente de tr\u00e1nsito registrado la ma\u00f1ana de este s\u00e1bado entre un minib\u00fas y una patana, en un hecho ocurrido en la Autopista del Coral, a su paso por el sector Cabeza de Toro, provincia La Altagracia.<\/p>\n\n\n\n<p class=\"\">La v\u00edctima mortal es de sexo femenino, la cual no fue identificada por las autoridades que se presentaron al lugar del hecho.<\/p>\n\n\n\n<p class=\"\">Mediante un comunicado de prensa, el Servicio Nacional de Atenci\u00f3n a Emergencias y Seguridad 9-1-1 inform\u00f3 que envi\u00f3 la asistencia de dos ambulancias de la Regional Este de la Direcci\u00f3n de Servicios de Atenci\u00f3n a Emergencias<\/p>\n\n\n\n<p class=\"\">Extrahospitalarias (DAEH); una unidad de bomberos del municipio Hig\u00fcey; una de Direcci\u00f3n General de Seguridad de Tr\u00e1nsito y Transporte Terrestre (DIGESETT) y otra del Ministerio de Obras P\u00fablicas y Comunicaciones (MOPC).<\/p>\n\n\n\n<p class=\"\">A\u00f1adi\u00f3 que el personal en la escena inform\u00f3 sobre cuatro personas afectadas, de las cuales una result\u00f3 fallecida, por lo que fue notificado el INACIF.<\/p>\n\n\n\n<p class=\"\">En tanto que, solo dos de las restantes personas afectadas requirieron ser trasladadas a centros de salud cercanos.<\/p>\n\n\n\n<p class=\"\">El 9-1-1 dijo que lamenta el deceso de la ciudadana y expresa sus condolencias a los familiares.<\/p>\n\n\n\n<p class=\"\">Hasta el momento se desconoce la identidad de los turistas, que se transportaban en un minib\u00fas de la compa\u00f1\u00eda Alltana SRL.<\/p>\n","protected":false},"excerpt":{"rendered":"<p>La Altagracia. &#8211; | Una persona fallecida y otras tres heridas fue el resulta de un accidente de tr\u00e1nsito registrado la ma\u00f1ana de este s\u00e1bado entre un minib\u00fas y una patana, en un hecho ocurrido en la Autopista del Coral, a su paso por el sector Cabeza de Toro, provincia La Altagracia. La v\u00edctima mortal [&hellip;]<\/p>\n","protected":false},"author":1,"featured_media":16176,"comment_status":"open","ping_status":"open","sticky":false,"template":"","format":"standard","meta":{"nf_dc_page":"","jetpack_post_was_ever_published":false,"_jetpack_newsletter_access":"","_jetpack_dont_email_post_to_subs":false,"_jetpack_newsletter_tier_id":0,"_jetpack_memberships_contains_paywalled_content":false,"_jetpack_memberships_contains_paid_content":false,"footnotes":"","jetpack_publicize_message":"","jetpack_publicize_feature_enabled":true,"jetpack_social_post_already_shared":false,"jetpack_social_options":{"image_generator_settings":{"template":"highway","default_image_id":0,"font":"","enabled":false},"version":2}},"categories":[65],"tags":[],"class_list":["post-16175","post","type-post","status-publish","format-standard","has-post-thumbnail","hentry","category-nacionales"],"yoast_head":"<!-- This site is optimized with the Yoast SEO plugin v27.4 - https:\/\/yoast.com\/product\/yoast-seo-wordpress\/ -->\n<title>LA ALTAGRACIA | M\u00e1s sobre accidente en Punta Cana: una turista fallecida - Minuto Cero RD<\/title>\n<meta name=\"robots\" content=\"index, follow, max-snippet:-1, max-image-preview:large, max-video-preview:-1\" \/>\n<link rel=\"canonical\" href=\"https:\/\/minutocerord.com\/?p=16175\" \/>\n<meta property=\"og:locale\" content=\"es_ES\" \/>\n<meta property=\"og:type\" content=\"article\" \/>\n<meta property=\"og:title\" content=\"LA ALTAGRACIA | M\u00e1s sobre accidente en Punta Cana: una turista fallecida - Minuto Cero RD\" \/>\n<meta property=\"og:description\" content=\"La Altagracia. &#8211; | Una persona fallecida y otras tres heridas fue el resulta de un accidente de tr\u00e1nsito registrado la ma\u00f1ana de este s\u00e1bado entre un minib\u00fas y una patana, en un hecho ocurrido en la Autopista del Coral, a su paso por el sector Cabeza de Toro, provincia La Altagracia. La v\u00edctima mortal [&hellip;]\" \/>\n<meta property=\"og:url\" content=\"https:\/\/minutocerord.com\/?p=16175\" \/>\n<meta property=\"og:site_name\" content=\"Minuto Cero RD\" \/>\n<meta property=\"article:publisher\" content=\"https:\/\/www.facebook.com\/Genofnotes\" \/>\n<meta property=\"article:author\" content=\"https:\/\/www.facebook.com\/Genofnotes\" \/>\n<meta property=\"article:published_time\" content=\"2023-11-11T16:43:05+00:00\" \/>\n<meta property=\"og:image\" content=\"https:\/\/i0.wp.com\/minutocerord.com\/wp-content\/uploads\/2023\/11\/n_AsCkJ3ikbdCQnWk5_dT_iZiUlC6ZzOa2K7GLSCEBmMVHea6K59TksXzKQ6yy6tUtpAVt6M-eFKFKdotvDQBmy2TOHNOKMnJFXyR1ks0.jpg?fit=1024%2C640&ssl=1\" \/>\n\t<meta property=\"og:image:width\" content=\"1024\" \/>\n\t<meta property=\"og:image:height\" content=\"640\" \/>\n\t<meta property=\"og:image:type\" content=\"image\/jpeg\" \/>\n<meta name=\"author\" content=\"Genof\u00f3ntes Urb\u00e1ez\" \/>\n<meta name=\"twitter:card\" content=\"summary_large_image\" \/>\n<meta name=\"twitter:label1\" content=\"Written by\" \/>\n\t<meta name=\"twitter:data1\" content=\"Genof\u00f3ntes Urb\u00e1ez\" \/>\n\t<meta name=\"twitter:label2\" content=\"Est. reading time\" \/>\n\t<meta name=\"twitter:data2\" content=\"2 minutos\" \/>\n<script type=\"application\/ld+json\" class=\"yoast-schema-graph\">{\"@context\":\"https:\\\/\\\/schema.org\",\"@graph\":[{\"@type\":\"Article\",\"@id\":\"https:\\\/\\\/minutocerord.com\\\/?p=16175#article\",\"isPartOf\":{\"@id\":\"https:\\\/\\\/minutocerord.com\\\/?p=16175\"},\"author\":{\"name\":\"Genof\u00f3ntes Urb\u00e1ez\",\"@id\":\"https:\\\/\\\/minutocerord.com\\\/#\\\/schema\\\/person\\\/60b5372d60aaa0a5171fb6488be9aee6\"},\"headline\":\"LA ALTAGRACIA | M\u00e1s sobre accidente en Punta Cana: una turista fallecida\",\"datePublished\":\"2023-11-11T16:43:05+00:00\",\"mainEntityOfPage\":{\"@id\":\"https:\\\/\\\/minutocerord.com\\\/?p=16175\"},\"wordCount\":250,\"commentCount\":0,\"publisher\":{\"@id\":\"https:\\\/\\\/minutocerord.com\\\/#\\\/schema\\\/person\\\/60b5372d60aaa0a5171fb6488be9aee6\"},\"image\":{\"@id\":\"https:\\\/\\\/minutocerord.com\\\/?p=16175#primaryimage\"},\"thumbnailUrl\":\"https:\\\/\\\/i0.wp.com\\\/minutocerord.com\\\/wp-content\\\/uploads\\\/2023\\\/11\\\/n_AsCkJ3ikbdCQnWk5_dT_iZiUlC6ZzOa2K7GLSCEBmMVHea6K59TksXzKQ6yy6tUtpAVt6M-eFKFKdotvDQBmy2TOHNOKMnJFXyR1ks0.jpg?fit=1024%2C640&ssl=1\",\"articleSection\":[\"Nacionales\"],\"inLanguage\":\"es-DO\",\"potentialAction\":[{\"@type\":\"CommentAction\",\"name\":\"Comment\",\"target\":[\"https:\\\/\\\/minutocerord.com\\\/?p=16175#respond\"]}]},{\"@type\":\"WebPage\",\"@id\":\"https:\\\/\\\/minutocerord.com\\\/?p=16175\",\"url\":\"https:\\\/\\\/minutocerord.com\\\/?p=16175\",\"name\":\"LA ALTAGRACIA | M\u00e1s sobre accidente en Punta Cana: una turista fallecida - Minuto Cero RD\",\"isPartOf\":{\"@id\":\"https:\\\/\\\/minutocerord.com\\\/#website\"},\"primaryImageOfPage\":{\"@id\":\"https:\\\/\\\/minutocerord.com\\\/?p=16175#primaryimage\"},\"image\":{\"@id\":\"https:\\\/\\\/minutocerord.com\\\/?p=16175#primaryimage\"},\"thumbnailUrl\":\"https:\\\/\\\/i0.wp.com\\\/minutocerord.com\\\/wp-content\\\/uploads\\\/2023\\\/11\\\/n_AsCkJ3ikbdCQnWk5_dT_iZiUlC6ZzOa2K7GLSCEBmMVHea6K59TksXzKQ6yy6tUtpAVt6M-eFKFKdotvDQBmy2TOHNOKMnJFXyR1ks0.jpg?fit=1024%2C640&ssl=1\",\"datePublished\":\"2023-11-11T16:43:05+00:00\",\"breadcrumb\":{\"@id\":\"https:\\\/\\\/minutocerord.com\\\/?p=16175#breadcrumb\"},\"inLanguage\":\"es-DO\",\"potentialAction\":[{\"@type\":\"ReadAction\",\"target\":[\"https:\\\/\\\/minutocerord.com\\\/?p=16175\"]}]},{\"@type\":\"ImageObject\",\"inLanguage\":\"es-DO\",\"@id\":\"https:\\\/\\\/minutocerord.com\\\/?p=16175#primaryimage\",\"url\":\"https:\\\/\\\/i0.wp.com\\\/minutocerord.com\\\/wp-content\\\/uploads\\\/2023\\\/11\\\/n_AsCkJ3ikbdCQnWk5_dT_iZiUlC6ZzOa2K7GLSCEBmMVHea6K59TksXzKQ6yy6tUtpAVt6M-eFKFKdotvDQBmy2TOHNOKMnJFXyR1ks0.jpg?fit=1024%2C640&ssl=1\",\"contentUrl\":\"https:\\\/\\\/i0.wp.com\\\/minutocerord.com\\\/wp-content\\\/uploads\\\/2023\\\/11\\\/n_AsCkJ3ikbdCQnWk5_dT_iZiUlC6ZzOa2K7GLSCEBmMVHea6K59TksXzKQ6yy6tUtpAVt6M-eFKFKdotvDQBmy2TOHNOKMnJFXyR1ks0.jpg?fit=1024%2C640&ssl=1\",\"width\":1024,\"height\":640},{\"@type\":\"BreadcrumbList\",\"@id\":\"https:\\\/\\\/minutocerord.com\\\/?p=16175#breadcrumb\",\"itemListElement\":[{\"@type\":\"ListItem\",\"position\":1,\"name\":\"Home\",\"item\":\"https:\\\/\\\/minutocerord.com\\\/\"},{\"@type\":\"ListItem\",\"position\":2,\"name\":\"LA ALTAGRACIA | M\u00e1s sobre accidente en Punta Cana: una turista fallecida\"}]},{\"@type\":\"WebSite\",\"@id\":\"https:\\\/\\\/minutocerord.com\\\/#website\",\"url\":\"https:\\\/\\\/minutocerord.com\\\/\",\"name\":\"Minuto Cero RD\",\"description\":\"Periodismo serio y veraz\",\"publisher\":{\"@id\":\"https:\\\/\\\/minutocerord.com\\\/#\\\/schema\\\/person\\\/60b5372d60aaa0a5171fb6488be9aee6\"},\"potentialAction\":[{\"@type\":\"SearchAction\",\"target\":{\"@type\":\"EntryPoint\",\"urlTemplate\":\"https:\\\/\\\/minutocerord.com\\\/?s={search_term_string}\"},\"query-input\":{\"@type\":\"PropertyValueSpecification\",\"valueRequired\":true,\"valueName\":\"search_term_string\"}}],\"inLanguage\":\"es-DO\"},{\"@type\":[\"Person\",\"Organization\"],\"@id\":\"https:\\\/\\\/minutocerord.com\\\/#\\\/schema\\\/person\\\/60b5372d60aaa0a5171fb6488be9aee6\",\"name\":\"Genof\u00f3ntes Urb\u00e1ez\",\"image\":{\"@type\":\"ImageObject\",\"inLanguage\":\"es-DO\",\"@id\":\"https:\\\/\\\/secure.gravatar.com\\\/avatar\\\/a49ef3186a692098ac3e8a1612261e3ad70cf9e44553dff2929e67939a0ecb9d?s=96&d=identicon&r=g\",\"url\":\"https:\\\/\\\/secure.gravatar.com\\\/avatar\\\/a49ef3186a692098ac3e8a1612261e3ad70cf9e44553dff2929e67939a0ecb9d?s=96&d=identicon&r=g\",\"contentUrl\":\"https:\\\/\\\/secure.gravatar.com\\\/avatar\\\/a49ef3186a692098ac3e8a1612261e3ad70cf9e44553dff2929e67939a0ecb9d?s=96&d=identicon&r=g\",\"caption\":\"Genof\u00f3ntes Urb\u00e1ez\"},\"logo\":{\"@id\":\"https:\\\/\\\/secure.gravatar.com\\\/avatar\\\/a49ef3186a692098ac3e8a1612261e3ad70cf9e44553dff2929e67939a0ecb9d?s=96&d=identicon&r=g\"},\"description\":\"Periodista \\\/ Locutor\",\"sameAs\":[\"https:\\\/\\\/www.facebook.com\\\/Genofnotes\",\"https:\\\/\\\/www.instagram.com\\\/genofnotes\\\/\"]}]}<\/script>\n<!-- \/ Yoast SEO plugin. -->","yoast_head_json":{"title":"LA ALTAGRACIA | M\u00e1s sobre accidente en Punta Cana: una turista fallecida - Minuto Cero RD","robots":{"index":"index","follow":"follow","max-snippet":"max-snippet:-1","max-image-preview":"max-image-preview:large","max-video-preview":"max-video-preview:-1"},"canonical":"https:\/\/minutocerord.com\/?p=16175","og_locale":"es_ES","og_type":"article","og_title":"LA ALTAGRACIA | M\u00e1s sobre accidente en Punta Cana: una turista fallecida - Minuto Cero RD","og_description":"La Altagracia. &#8211; | Una persona fallecida y otras tres heridas fue el resulta de un accidente de tr\u00e1nsito registrado la ma\u00f1ana de este s\u00e1bado entre un minib\u00fas y una patana, en un hecho ocurrido en la Autopista del Coral, a su paso por el sector Cabeza de Toro, provincia La Altagracia. La v\u00edctima mortal [&hellip;]","og_url":"https:\/\/minutocerord.com\/?p=16175","og_site_name":"Minuto Cero RD","article_publisher":"https:\/\/www.facebook.com\/Genofnotes","article_author":"https:\/\/www.facebook.com\/Genofnotes","article_published_time":"2023-11-11T16:43:05+00:00","og_image":[{"width":1024,"height":640,"url":"https:\/\/i0.wp.com\/minutocerord.com\/wp-content\/uploads\/2023\/11\/n_AsCkJ3ikbdCQnWk5_dT_iZiUlC6ZzOa2K7GLSCEBmMVHea6K59TksXzKQ6yy6tUtpAVt6M-eFKFKdotvDQBmy2TOHNOKMnJFXyR1ks0.jpg?fit=1024%2C640&ssl=1","type":"image\/jpeg"}],"author":"Genof\u00f3ntes Urb\u00e1ez","twitter_card":"summary_large_image","twitter_misc":{"Written by":"Genof\u00f3ntes Urb\u00e1ez","Est. reading time":"2 minutos"},"schema":{"@context":"https:\/\/schema.org","@graph":[{"@type":"Article","@id":"https:\/\/minutocerord.com\/?p=16175#article","isPartOf":{"@id":"https:\/\/minutocerord.com\/?p=16175"},"author":{"name":"Genof\u00f3ntes Urb\u00e1ez","@id":"https:\/\/minutocerord.com\/#\/schema\/person\/60b5372d60aaa0a5171fb6488be9aee6"},"headline":"LA ALTAGRACIA | M\u00e1s sobre accidente en Punta Cana: una turista fallecida","datePublished":"2023-11-11T16:43:05+00:00","mainEntityOfPage":{"@id":"https:\/\/minutocerord.com\/?p=16175"},"wordCount":250,"commentCount":0,"publisher":{"@id":"https:\/\/minutocerord.com\/#\/schema\/person\/60b5372d60aaa0a5171fb6488be9aee6"},"image":{"@id":"https:\/\/minutocerord.com\/?p=16175#primaryimage"},"thumbnailUrl":"https:\/\/i0.wp.com\/minutocerord.com\/wp-content\/uploads\/2023\/11\/n_AsCkJ3ikbdCQnWk5_dT_iZiUlC6ZzOa2K7GLSCEBmMVHea6K59TksXzKQ6yy6tUtpAVt6M-eFKFKdotvDQBmy2TOHNOKMnJFXyR1ks0.jpg?fit=1024%2C640&ssl=1","articleSection":["Nacionales"],"inLanguage":"es-DO","potentialAction":[{"@type":"CommentAction","name":"Comment","target":["https:\/\/minutocerord.com\/?p=16175#respond"]}]},{"@type":"WebPage","@id":"https:\/\/minutocerord.com\/?p=16175","url":"https:\/\/minutocerord.com\/?p=16175","name":"LA ALTAGRACIA | M\u00e1s sobre accidente en Punta Cana: una turista fallecida - Minuto Cero RD","isPartOf":{"@id":"https:\/\/minutocerord.com\/#website"},"primaryImageOfPage":{"@id":"https:\/\/minutocerord.com\/?p=16175#primaryimage"},"image":{"@id":"https:\/\/minutocerord.com\/?p=16175#primaryimage"},"thumbnailUrl":"https:\/\/i0.wp.com\/minutocerord.com\/wp-content\/uploads\/2023\/11\/n_AsCkJ3ikbdCQnWk5_dT_iZiUlC6ZzOa2K7GLSCEBmMVHea6K59TksXzKQ6yy6tUtpAVt6M-eFKFKdotvDQBmy2TOHNOKMnJFXyR1ks0.jpg?fit=1024%2C640&ssl=1","datePublished":"2023-11-11T16:43:05+00:00","breadcrumb":{"@id":"https:\/\/minutocerord.com\/?p=16175#breadcrumb"},"inLanguage":"es-DO","potentialAction":[{"@type":"ReadAction","target":["https:\/\/minutocerord.com\/?p=16175"]}]},{"@type":"ImageObject","inLanguage":"es-DO","@id":"https:\/\/minutocerord.com\/?p=16175#primaryimage","url":"https:\/\/i0.wp.com\/minutocerord.com\/wp-content\/uploads\/2023\/11\/n_AsCkJ3ikbdCQnWk5_dT_iZiUlC6ZzOa2K7GLSCEBmMVHea6K59TksXzKQ6yy6tUtpAVt6M-eFKFKdotvDQBmy2TOHNOKMnJFXyR1ks0.jpg?fit=1024%2C640&ssl=1","contentUrl":"https:\/\/i0.wp.com\/minutocerord.com\/wp-content\/uploads\/2023\/11\/n_AsCkJ3ikbdCQnWk5_dT_iZiUlC6ZzOa2K7GLSCEBmMVHea6K59TksXzKQ6yy6tUtpAVt6M-eFKFKdotvDQBmy2TOHNOKMnJFXyR1ks0.jpg?fit=1024%2C640&ssl=1","width":1024,"height":640},{"@type":"BreadcrumbList","@id":"https:\/\/minutocerord.com\/?p=16175#breadcrumb","itemListElement":[{"@type":"ListItem","position":1,"name":"Home","item":"https:\/\/minutocerord.com\/"},{"@type":"ListItem","position":2,"name":"LA ALTAGRACIA | M\u00e1s sobre accidente en Punta Cana: una turista fallecida"}]},{"@type":"WebSite","@id":"https:\/\/minutocerord.com\/#website","url":"https:\/\/minutocerord.com\/","name":"Minuto Cero RD","description":"Periodismo serio y veraz","publisher":{"@id":"https:\/\/minutocerord.com\/#\/schema\/person\/60b5372d60aaa0a5171fb6488be9aee6"},"potentialAction":[{"@type":"SearchAction","target":{"@type":"EntryPoint","urlTemplate":"https:\/\/minutocerord.com\/?s={search_term_string}"},"query-input":{"@type":"PropertyValueSpecification","valueRequired":true,"valueName":"search_term_string"}}],"inLanguage":"es-DO"},{"@type":["Person","Organization"],"@id":"https:\/\/minutocerord.com\/#\/schema\/person\/60b5372d60aaa0a5171fb6488be9aee6","name":"Genof\u00f3ntes Urb\u00e1ez","image":{"@type":"ImageObject","inLanguage":"es-DO","@id":"https:\/\/secure.gravatar.com\/avatar\/a49ef3186a692098ac3e8a1612261e3ad70cf9e44553dff2929e67939a0ecb9d?s=96&d=identicon&r=g","url":"https:\/\/secure.gravatar.com\/avatar\/a49ef3186a692098ac3e8a1612261e3ad70cf9e44553dff2929e67939a0ecb9d?s=96&d=identicon&r=g","contentUrl":"https:\/\/secure.gravatar.com\/avatar\/a49ef3186a692098ac3e8a1612261e3ad70cf9e44553dff2929e67939a0ecb9d?s=96&d=identicon&r=g","caption":"Genof\u00f3ntes Urb\u00e1ez"},"logo":{"@id":"https:\/\/secure.gravatar.com\/avatar\/a49ef3186a692098ac3e8a1612261e3ad70cf9e44553dff2929e67939a0ecb9d?s=96&d=identicon&r=g"},"description":"Periodista \/ Locutor","sameAs":["https:\/\/www.facebook.com\/Genofnotes","https:\/\/www.instagram.com\/genofnotes\/"]}]}},"jetpack_publicize_connections":[],"jetpack_featured_media_url":"https:\/\/i0.wp.com\/minutocerord.com\/wp-content\/uploads\/2023\/11\/n_AsCkJ3ikbdCQnWk5_dT_iZiUlC6ZzOa2K7GLSCEBmMVHea6K59TksXzKQ6yy6tUtpAVt6M-eFKFKdotvDQBmy2TOHNOKMnJFXyR1ks0.jpg?fit=1024%2C640&ssl=1","jetpack-related-posts":[],"jetpack_sharing_enabled":true,"_links":{"self":[{"href":"https:\/\/minutocerord.com\/index.php?rest_route=\/wp\/v2\/posts\/16175","targetHints":{"allow":["GET"]}}],"collection":[{"href":"https:\/\/minutocerord.com\/index.php?rest_route=\/wp\/v2\/posts"}],"about":[{"href":"https:\/\/minutocerord.com\/index.php?rest_route=\/wp\/v2\/types\/post"}],"author":[{"embeddable":true,"href":"https:\/\/minutocerord.com\/index.php?rest_route=\/wp\/v2\/users\/1"}],"replies":[{"embeddable":true,"href":"https:\/\/minutocerord.com\/index.php?rest_route=%2Fwp%2Fv2%2Fcomments&post=16175"}],"version-history":[{"count":0,"href":"https:\/\/minutocerord.com\/index.php?rest_route=\/wp\/v2\/posts\/16175\/revisions"}],"wp:featuredmedia":[{"embeddable":true,"href":"https:\/\/minutocerord.com\/index.php?rest_route=\/wp\/v2\/media\/16176"}],"wp:attachment":[{"href":"https:\/\/minutocerord.com\/index.php?rest_route=%2Fwp%2Fv2%2Fmedia&parent=16175"}],"wp:term":[{"taxonomy":"category","embeddable":true,"href":"https:\/\/minutocerord.com\/index.php?rest_route=%2Fwp%2Fv2%2Fcategories&post=16175"},{"taxonomy":"post_tag","embeddable":true,"href":"https:\/\/minutocerord.com\/index.php?rest_route=%2Fwp%2Fv2%2Ftags&post=16175"}],"curies":[{"name":"wp","href":"https:\/\/api.w.org\/{rel}","templated":true}]}}