{"id":16186,"date":"2023-11-12T17:06:16","date_gmt":"2023-11-12T21:06:16","guid":{"rendered":"https:\/\/minutocerord.com\/?p=16186"},"modified":"2023-11-12T17:06:16","modified_gmt":"2023-11-12T21:06:16","slug":"tragedia-hoy-se-cumplen-22-anos-del-accidente-del-vuelo-587","status":"publish","type":"post","link":"https:\/\/minutocerord.com\/?p=16186","title":{"rendered":"TRAGEDIA | Hoy se cumplen 22 a\u00f1os del accidente del vuelo 587"},"content":{"rendered":"\n<p class=\"\"><strong>Santo Domingo.- <\/strong>Hoy se cumplen 22 a\u00f1os del accidente a\u00e9reo que cobr\u00f3 la vida de m\u00e1s de 260 personas, entre ellas 176 dominicanos, una tragedia sin precedentes en el pa\u00eds.<\/p>\n\n\n<div class=\"wp-block-image\">\n<figure class=\"alignright is-resized\"><a href=\"https:\/\/i0.wp.com\/blogger.googleusercontent.com\/img\/b\/R29vZ2xl\/AVvXsEidTE_yP0RzKYQZBTtOZv8Y2JNyT_S-ruYR-EW-l59qoG1zP_53vsQfHDoK7HeHIkIwWiuBOpIWT-l74yEe1jQMbo1TsJ5eA3-WQMBnlDPJ1D6mXAlHGWbB_AOsTlpjG9C2S-lDY94MmMHuK59-mOyvb3ZPqzjE5XeZCt2_IET8OMeJ6Bl0CNHZ9Yxt8Us\/s682\/vuelo-587-1.jpg?ssl=1\"><img data-recalc-dims=\"1\" decoding=\"async\" loading=\"lazy\" src=\"https:\/\/i0.wp.com\/blogger.googleusercontent.com\/img\/b\/R29vZ2xl\/AVvXsEidTE_yP0RzKYQZBTtOZv8Y2JNyT_S-ruYR-EW-l59qoG1zP_53vsQfHDoK7HeHIkIwWiuBOpIWT-l74yEe1jQMbo1TsJ5eA3-WQMBnlDPJ1D6mXAlHGWbB_AOsTlpjG9C2S-lDY94MmMHuK59-mOyvb3ZPqzjE5XeZCt2_IET8OMeJ6Bl0CNHZ9Yxt8Us\/w400-h256\/vuelo-587-1.jpg?w=640&#038;ssl=1\" alt=\"\" style=\"width:308px;height:auto\"\/><\/a><\/figure>\n<\/div>\n\n\n<p class=\"\">Dos meses despu\u00e9s del atentado a las Torres Gemelas, el 12 de noviembre del 2001 la Rep\u00fablica Dominicana se visti\u00f3 de luto tras la muerte de los dominicanos que se dirig\u00edan a Santo Domingo en un vuelo proveniente de los Estados Unidos.<\/p>\n\n\n\n<p class=\"\">El vuelo 587 despeg\u00f3 del Aeropuerto Internacional John F. Kennedy de Nueva York con destino al Aeropuerto Internacional de las Am\u00e9ricas, y a solo un minuto de elevarse se estrell\u00f3 en un \u00e1rea residencial de Queens, Nueva York.<\/p>\n\n\n\n<p class=\"\">Adem\u00e1s de los que iban a bordo, tambi\u00e9n fallecieron cinco personas que permanec\u00edan en tierra.<\/p>\n\n\n\n<p class=\"\">Est\u00e1 tragedia tras 22 a\u00f1os de ocurrida sigue presente en los corazones y pensamientos de los dominicanos.<\/p>\n\n\n\n<p class=\"\">Fueron decenas de banilejos que perdieron la vida en este accidente a\u00e9reo entre ellas miembros de las familias Guzm\u00e1n, Guerrero, Abreu, Hern\u00e1ndez, Jim\u00e9nez, Mart\u00ednez, entre otras.<\/p>\n\n\n\n<p class=\"\">Hace varios a\u00f1os se instalaron varias tarjas en honor a los fallecidos, las que en la actualidad se encuentran en avanzado deterioro, por lo que la cuestionarte es quien ser\u00eda la instituci\u00f3n o patronato que se encargar\u00eda de remozarla.<\/p>\n","protected":false},"excerpt":{"rendered":"<p>Santo Domingo.- Hoy se cumplen 22 a\u00f1os del accidente a\u00e9reo que cobr\u00f3 la vida de m\u00e1s de 260 personas, entre ellas 176 dominicanos, una tragedia sin precedentes en el pa\u00eds. Dos meses despu\u00e9s del atentado a las Torres Gemelas, el 12 de noviembre del 2001 la Rep\u00fablica Dominicana se visti\u00f3 de luto tras la muerte [&hellip;]<\/p>\n","protected":false},"author":1,"featured_media":16187,"comment_status":"open","ping_status":"open","sticky":false,"template":"","format":"standard","meta":{"nf_dc_page":"","jetpack_post_was_ever_published":false,"_jetpack_newsletter_access":"","_jetpack_dont_email_post_to_subs":false,"_jetpack_newsletter_tier_id":0,"_jetpack_memberships_contains_paywalled_content":false,"_jetpack_memberships_contains_paid_content":false,"footnotes":"","jetpack_publicize_message":"","jetpack_publicize_feature_enabled":true,"jetpack_social_post_already_shared":false,"jetpack_social_options":{"image_generator_settings":{"template":"highway","default_image_id":0,"font":"","enabled":false},"version":2}},"categories":[65],"tags":[],"class_list":["post-16186","post","type-post","status-publish","format-standard","has-post-thumbnail","hentry","category-nacionales"],"yoast_head":"<!-- This site is optimized with the Yoast SEO plugin v27.4 - https:\/\/yoast.com\/product\/yoast-seo-wordpress\/ -->\n<title>TRAGEDIA | Hoy se cumplen 22 a\u00f1os del accidente del vuelo 587 - Minuto Cero RD<\/title>\n<meta name=\"robots\" content=\"index, follow, max-snippet:-1, max-image-preview:large, max-video-preview:-1\" \/>\n<link rel=\"canonical\" href=\"http:\/\/minutocerord.com\/?p=16186\" \/>\n<meta property=\"og:locale\" content=\"es_ES\" \/>\n<meta property=\"og:type\" content=\"article\" \/>\n<meta property=\"og:title\" content=\"TRAGEDIA | Hoy se cumplen 22 a\u00f1os del accidente del vuelo 587 - Minuto Cero RD\" \/>\n<meta property=\"og:description\" content=\"Santo Domingo.- Hoy se cumplen 22 a\u00f1os del accidente a\u00e9reo que cobr\u00f3 la vida de m\u00e1s de 260 personas, entre ellas 176 dominicanos, una tragedia sin precedentes en el pa\u00eds. Dos meses despu\u00e9s del atentado a las Torres Gemelas, el 12 de noviembre del 2001 la Rep\u00fablica Dominicana se visti\u00f3 de luto tras la muerte [&hellip;]\" \/>\n<meta property=\"og:url\" content=\"http:\/\/minutocerord.com\/?p=16186\" \/>\n<meta property=\"og:site_name\" content=\"Minuto Cero RD\" \/>\n<meta property=\"article:publisher\" content=\"https:\/\/www.facebook.com\/Genofnotes\" \/>\n<meta property=\"article:author\" content=\"https:\/\/www.facebook.com\/Genofnotes\" \/>\n<meta property=\"article:published_time\" content=\"2023-11-12T21:06:16+00:00\" \/>\n<meta property=\"og:image\" content=\"https:\/\/i0.wp.com\/minutocerord.com\/wp-content\/uploads\/2023\/11\/maxresdefault-1.jpg?fit=1280%2C720\" \/>\n\t<meta property=\"og:image:width\" content=\"1280\" \/>\n\t<meta property=\"og:image:height\" content=\"720\" \/>\n\t<meta property=\"og:image:type\" content=\"image\/jpeg\" \/>\n<meta name=\"author\" content=\"Genof\u00f3ntes Urb\u00e1ez\" \/>\n<meta name=\"twitter:card\" content=\"summary_large_image\" \/>\n<meta name=\"twitter:label1\" content=\"Written by\" \/>\n\t<meta name=\"twitter:data1\" content=\"Genof\u00f3ntes Urb\u00e1ez\" \/>\n\t<meta name=\"twitter:label2\" content=\"Est. reading time\" \/>\n\t<meta name=\"twitter:data2\" content=\"2 minutos\" \/>\n<script type=\"application\/ld+json\" class=\"yoast-schema-graph\">{\"@context\":\"https:\\\/\\\/schema.org\",\"@graph\":[{\"@type\":\"Article\",\"@id\":\"http:\\\/\\\/minutocerord.com\\\/?p=16186#article\",\"isPartOf\":{\"@id\":\"http:\\\/\\\/minutocerord.com\\\/?p=16186\"},\"author\":{\"name\":\"Genof\u00f3ntes Urb\u00e1ez\",\"@id\":\"https:\\\/\\\/minutocerord.com\\\/#\\\/schema\\\/person\\\/60b5372d60aaa0a5171fb6488be9aee6\"},\"headline\":\"TRAGEDIA | Hoy se cumplen 22 a\u00f1os del accidente del vuelo 587\",\"datePublished\":\"2023-11-12T21:06:16+00:00\",\"mainEntityOfPage\":{\"@id\":\"http:\\\/\\\/minutocerord.com\\\/?p=16186\"},\"wordCount\":232,\"commentCount\":0,\"publisher\":{\"@id\":\"https:\\\/\\\/minutocerord.com\\\/#\\\/schema\\\/person\\\/60b5372d60aaa0a5171fb6488be9aee6\"},\"image\":{\"@id\":\"http:\\\/\\\/minutocerord.com\\\/?p=16186#primaryimage\"},\"thumbnailUrl\":\"https:\\\/\\\/i0.wp.com\\\/minutocerord.com\\\/wp-content\\\/uploads\\\/2023\\\/11\\\/maxresdefault-1.jpg?fit=1280%2C720&ssl=1\",\"articleSection\":[\"Nacionales\"],\"inLanguage\":\"es-DO\",\"potentialAction\":[{\"@type\":\"CommentAction\",\"name\":\"Comment\",\"target\":[\"http:\\\/\\\/minutocerord.com\\\/?p=16186#respond\"]}]},{\"@type\":\"WebPage\",\"@id\":\"http:\\\/\\\/minutocerord.com\\\/?p=16186\",\"url\":\"http:\\\/\\\/minutocerord.com\\\/?p=16186\",\"name\":\"TRAGEDIA | Hoy se cumplen 22 a\u00f1os del accidente del vuelo 587 - Minuto Cero RD\",\"isPartOf\":{\"@id\":\"https:\\\/\\\/minutocerord.com\\\/#website\"},\"primaryImageOfPage\":{\"@id\":\"http:\\\/\\\/minutocerord.com\\\/?p=16186#primaryimage\"},\"image\":{\"@id\":\"http:\\\/\\\/minutocerord.com\\\/?p=16186#primaryimage\"},\"thumbnailUrl\":\"https:\\\/\\\/i0.wp.com\\\/minutocerord.com\\\/wp-content\\\/uploads\\\/2023\\\/11\\\/maxresdefault-1.jpg?fit=1280%2C720&ssl=1\",\"datePublished\":\"2023-11-12T21:06:16+00:00\",\"breadcrumb\":{\"@id\":\"http:\\\/\\\/minutocerord.com\\\/?p=16186#breadcrumb\"},\"inLanguage\":\"es-DO\",\"potentialAction\":[{\"@type\":\"ReadAction\",\"target\":[\"http:\\\/\\\/minutocerord.com\\\/?p=16186\"]}]},{\"@type\":\"ImageObject\",\"inLanguage\":\"es-DO\",\"@id\":\"http:\\\/\\\/minutocerord.com\\\/?p=16186#primaryimage\",\"url\":\"https:\\\/\\\/i0.wp.com\\\/minutocerord.com\\\/wp-content\\\/uploads\\\/2023\\\/11\\\/maxresdefault-1.jpg?fit=1280%2C720&ssl=1\",\"contentUrl\":\"https:\\\/\\\/i0.wp.com\\\/minutocerord.com\\\/wp-content\\\/uploads\\\/2023\\\/11\\\/maxresdefault-1.jpg?fit=1280%2C720&ssl=1\",\"width\":1280,\"height\":720},{\"@type\":\"BreadcrumbList\",\"@id\":\"http:\\\/\\\/minutocerord.com\\\/?p=16186#breadcrumb\",\"itemListElement\":[{\"@type\":\"ListItem\",\"position\":1,\"name\":\"Home\",\"item\":\"https:\\\/\\\/minutocerord.com\\\/\"},{\"@type\":\"ListItem\",\"position\":2,\"name\":\"TRAGEDIA | Hoy se cumplen 22 a\u00f1os del accidente del vuelo 587\"}]},{\"@type\":\"WebSite\",\"@id\":\"https:\\\/\\\/minutocerord.com\\\/#website\",\"url\":\"https:\\\/\\\/minutocerord.com\\\/\",\"name\":\"Minuto Cero RD\",\"description\":\"Periodismo serio y veraz\",\"publisher\":{\"@id\":\"https:\\\/\\\/minutocerord.com\\\/#\\\/schema\\\/person\\\/60b5372d60aaa0a5171fb6488be9aee6\"},\"potentialAction\":[{\"@type\":\"SearchAction\",\"target\":{\"@type\":\"EntryPoint\",\"urlTemplate\":\"https:\\\/\\\/minutocerord.com\\\/?s={search_term_string}\"},\"query-input\":{\"@type\":\"PropertyValueSpecification\",\"valueRequired\":true,\"valueName\":\"search_term_string\"}}],\"inLanguage\":\"es-DO\"},{\"@type\":[\"Person\",\"Organization\"],\"@id\":\"https:\\\/\\\/minutocerord.com\\\/#\\\/schema\\\/person\\\/60b5372d60aaa0a5171fb6488be9aee6\",\"name\":\"Genof\u00f3ntes Urb\u00e1ez\",\"image\":{\"@type\":\"ImageObject\",\"inLanguage\":\"es-DO\",\"@id\":\"https:\\\/\\\/secure.gravatar.com\\\/avatar\\\/a49ef3186a692098ac3e8a1612261e3ad70cf9e44553dff2929e67939a0ecb9d?s=96&d=identicon&r=g\",\"url\":\"https:\\\/\\\/secure.gravatar.com\\\/avatar\\\/a49ef3186a692098ac3e8a1612261e3ad70cf9e44553dff2929e67939a0ecb9d?s=96&d=identicon&r=g\",\"contentUrl\":\"https:\\\/\\\/secure.gravatar.com\\\/avatar\\\/a49ef3186a692098ac3e8a1612261e3ad70cf9e44553dff2929e67939a0ecb9d?s=96&d=identicon&r=g\",\"caption\":\"Genof\u00f3ntes Urb\u00e1ez\"},\"logo\":{\"@id\":\"https:\\\/\\\/secure.gravatar.com\\\/avatar\\\/a49ef3186a692098ac3e8a1612261e3ad70cf9e44553dff2929e67939a0ecb9d?s=96&d=identicon&r=g\"},\"description\":\"Periodista \\\/ Locutor\",\"sameAs\":[\"https:\\\/\\\/www.facebook.com\\\/Genofnotes\",\"https:\\\/\\\/www.instagram.com\\\/genofnotes\\\/\"]}]}<\/script>\n<!-- \/ Yoast SEO plugin. -->","yoast_head_json":{"title":"TRAGEDIA | Hoy se cumplen 22 a\u00f1os del accidente del vuelo 587 - Minuto Cero RD","robots":{"index":"index","follow":"follow","max-snippet":"max-snippet:-1","max-image-preview":"max-image-preview:large","max-video-preview":"max-video-preview:-1"},"canonical":"http:\/\/minutocerord.com\/?p=16186","og_locale":"es_ES","og_type":"article","og_title":"TRAGEDIA | Hoy se cumplen 22 a\u00f1os del accidente del vuelo 587 - Minuto Cero RD","og_description":"Santo Domingo.- Hoy se cumplen 22 a\u00f1os del accidente a\u00e9reo que cobr\u00f3 la vida de m\u00e1s de 260 personas, entre ellas 176 dominicanos, una tragedia sin precedentes en el pa\u00eds. Dos meses despu\u00e9s del atentado a las Torres Gemelas, el 12 de noviembre del 2001 la Rep\u00fablica Dominicana se visti\u00f3 de luto tras la muerte [&hellip;]","og_url":"http:\/\/minutocerord.com\/?p=16186","og_site_name":"Minuto Cero RD","article_publisher":"https:\/\/www.facebook.com\/Genofnotes","article_author":"https:\/\/www.facebook.com\/Genofnotes","article_published_time":"2023-11-12T21:06:16+00:00","og_image":[{"width":1280,"height":720,"url":"https:\/\/i0.wp.com\/minutocerord.com\/wp-content\/uploads\/2023\/11\/maxresdefault-1.jpg?fit=1280%2C720","type":"image\/jpeg"}],"author":"Genof\u00f3ntes Urb\u00e1ez","twitter_card":"summary_large_image","twitter_misc":{"Written by":"Genof\u00f3ntes Urb\u00e1ez","Est. reading time":"2 minutos"},"schema":{"@context":"https:\/\/schema.org","@graph":[{"@type":"Article","@id":"http:\/\/minutocerord.com\/?p=16186#article","isPartOf":{"@id":"http:\/\/minutocerord.com\/?p=16186"},"author":{"name":"Genof\u00f3ntes Urb\u00e1ez","@id":"https:\/\/minutocerord.com\/#\/schema\/person\/60b5372d60aaa0a5171fb6488be9aee6"},"headline":"TRAGEDIA | Hoy se cumplen 22 a\u00f1os del accidente del vuelo 587","datePublished":"2023-11-12T21:06:16+00:00","mainEntityOfPage":{"@id":"http:\/\/minutocerord.com\/?p=16186"},"wordCount":232,"commentCount":0,"publisher":{"@id":"https:\/\/minutocerord.com\/#\/schema\/person\/60b5372d60aaa0a5171fb6488be9aee6"},"image":{"@id":"http:\/\/minutocerord.com\/?p=16186#primaryimage"},"thumbnailUrl":"https:\/\/i0.wp.com\/minutocerord.com\/wp-content\/uploads\/2023\/11\/maxresdefault-1.jpg?fit=1280%2C720&ssl=1","articleSection":["Nacionales"],"inLanguage":"es-DO","potentialAction":[{"@type":"CommentAction","name":"Comment","target":["http:\/\/minutocerord.com\/?p=16186#respond"]}]},{"@type":"WebPage","@id":"http:\/\/minutocerord.com\/?p=16186","url":"http:\/\/minutocerord.com\/?p=16186","name":"TRAGEDIA | Hoy se cumplen 22 a\u00f1os del accidente del vuelo 587 - Minuto Cero RD","isPartOf":{"@id":"https:\/\/minutocerord.com\/#website"},"primaryImageOfPage":{"@id":"http:\/\/minutocerord.com\/?p=16186#primaryimage"},"image":{"@id":"http:\/\/minutocerord.com\/?p=16186#primaryimage"},"thumbnailUrl":"https:\/\/i0.wp.com\/minutocerord.com\/wp-content\/uploads\/2023\/11\/maxresdefault-1.jpg?fit=1280%2C720&ssl=1","datePublished":"2023-11-12T21:06:16+00:00","breadcrumb":{"@id":"http:\/\/minutocerord.com\/?p=16186#breadcrumb"},"inLanguage":"es-DO","potentialAction":[{"@type":"ReadAction","target":["http:\/\/minutocerord.com\/?p=16186"]}]},{"@type":"ImageObject","inLanguage":"es-DO","@id":"http:\/\/minutocerord.com\/?p=16186#primaryimage","url":"https:\/\/i0.wp.com\/minutocerord.com\/wp-content\/uploads\/2023\/11\/maxresdefault-1.jpg?fit=1280%2C720&ssl=1","contentUrl":"https:\/\/i0.wp.com\/minutocerord.com\/wp-content\/uploads\/2023\/11\/maxresdefault-1.jpg?fit=1280%2C720&ssl=1","width":1280,"height":720},{"@type":"BreadcrumbList","@id":"http:\/\/minutocerord.com\/?p=16186#breadcrumb","itemListElement":[{"@type":"ListItem","position":1,"name":"Home","item":"https:\/\/minutocerord.com\/"},{"@type":"ListItem","position":2,"name":"TRAGEDIA | Hoy se cumplen 22 a\u00f1os del accidente del vuelo 587"}]},{"@type":"WebSite","@id":"https:\/\/minutocerord.com\/#website","url":"https:\/\/minutocerord.com\/","name":"Minuto Cero RD","description":"Periodismo serio y veraz","publisher":{"@id":"https:\/\/minutocerord.com\/#\/schema\/person\/60b5372d60aaa0a5171fb6488be9aee6"},"potentialAction":[{"@type":"SearchAction","target":{"@type":"EntryPoint","urlTemplate":"https:\/\/minutocerord.com\/?s={search_term_string}"},"query-input":{"@type":"PropertyValueSpecification","valueRequired":true,"valueName":"search_term_string"}}],"inLanguage":"es-DO"},{"@type":["Person","Organization"],"@id":"https:\/\/minutocerord.com\/#\/schema\/person\/60b5372d60aaa0a5171fb6488be9aee6","name":"Genof\u00f3ntes Urb\u00e1ez","image":{"@type":"ImageObject","inLanguage":"es-DO","@id":"https:\/\/secure.gravatar.com\/avatar\/a49ef3186a692098ac3e8a1612261e3ad70cf9e44553dff2929e67939a0ecb9d?s=96&d=identicon&r=g","url":"https:\/\/secure.gravatar.com\/avatar\/a49ef3186a692098ac3e8a1612261e3ad70cf9e44553dff2929e67939a0ecb9d?s=96&d=identicon&r=g","contentUrl":"https:\/\/secure.gravatar.com\/avatar\/a49ef3186a692098ac3e8a1612261e3ad70cf9e44553dff2929e67939a0ecb9d?s=96&d=identicon&r=g","caption":"Genof\u00f3ntes Urb\u00e1ez"},"logo":{"@id":"https:\/\/secure.gravatar.com\/avatar\/a49ef3186a692098ac3e8a1612261e3ad70cf9e44553dff2929e67939a0ecb9d?s=96&d=identicon&r=g"},"description":"Periodista \/ Locutor","sameAs":["https:\/\/www.facebook.com\/Genofnotes","https:\/\/www.instagram.com\/genofnotes\/"]}]}},"jetpack_publicize_connections":[],"jetpack_featured_media_url":"https:\/\/i0.wp.com\/minutocerord.com\/wp-content\/uploads\/2023\/11\/maxresdefault-1.jpg?fit=1280%2C720&ssl=1","jetpack-related-posts":[],"jetpack_sharing_enabled":true,"_links":{"self":[{"href":"https:\/\/minutocerord.com\/index.php?rest_route=\/wp\/v2\/posts\/16186","targetHints":{"allow":["GET"]}}],"collection":[{"href":"https:\/\/minutocerord.com\/index.php?rest_route=\/wp\/v2\/posts"}],"about":[{"href":"https:\/\/minutocerord.com\/index.php?rest_route=\/wp\/v2\/types\/post"}],"author":[{"embeddable":true,"href":"https:\/\/minutocerord.com\/index.php?rest_route=\/wp\/v2\/users\/1"}],"replies":[{"embeddable":true,"href":"https:\/\/minutocerord.com\/index.php?rest_route=%2Fwp%2Fv2%2Fcomments&post=16186"}],"version-history":[{"count":0,"href":"https:\/\/minutocerord.com\/index.php?rest_route=\/wp\/v2\/posts\/16186\/revisions"}],"wp:featuredmedia":[{"embeddable":true,"href":"https:\/\/minutocerord.com\/index.php?rest_route=\/wp\/v2\/media\/16187"}],"wp:attachment":[{"href":"https:\/\/minutocerord.com\/index.php?rest_route=%2Fwp%2Fv2%2Fmedia&parent=16186"}],"wp:term":[{"taxonomy":"category","embeddable":true,"href":"https:\/\/minutocerord.com\/index.php?rest_route=%2Fwp%2Fv2%2Fcategories&post=16186"},{"taxonomy":"post_tag","embeddable":true,"href":"https:\/\/minutocerord.com\/index.php?rest_route=%2Fwp%2Fv2%2Ftags&post=16186"}],"curies":[{"name":"wp","href":"https:\/\/api.w.org\/{rel}","templated":true}]}}