{"id":16804,"date":"2024-03-26T10:04:30","date_gmt":"2024-03-26T14:04:30","guid":{"rendered":"https:\/\/minutocerord.com\/?p=16804"},"modified":"2024-03-26T10:04:30","modified_gmt":"2024-03-26T14:04:30","slug":"advertencia-video-comunicador-argentino-dice-que-rd-podria-desaparecer-en-10-anos","status":"publish","type":"post","link":"https:\/\/minutocerord.com\/?p=16804","title":{"rendered":"Advertencia | Video: Comunicador argentino dice que RD podr\u00eda \u201cdesaparecer en 10 a\u00f1os\u201d"},"content":{"rendered":"\n<figure class=\"wp-embed-aspect-16-9 wp-has-aspect-ratio wp-block-embed is-type-video is-provider-youtube wp-block-embed-youtube\"><div class=\"wp-block-embed__wrapper\">\n<iframe loading=\"lazy\" title=\"El pai\u0301s que puede desaparecer en 10 an\u0303os\" width=\"640\" height=\"360\" src=\"https:\/\/www.youtube.com\/embed\/etE3IUCEME8?start=6&#038;feature=oembed\" frameborder=\"0\" allow=\"accelerometer; autoplay; clipboard-write; encrypted-media; gyroscope; picture-in-picture; web-share\" referrerpolicy=\"strict-origin-when-cross-origin\" allowfullscreen><\/iframe>\n<\/div><\/figure>\n\n\n\n<p class=\"\"><a href=\"https:\/\/almomento.net\/wp-content\/uploads\/2024\/03\/Haitianos-cruzando-a-la-Republica-Dominicana-a-abastecerse.jpg\"><\/a><strong>Santo Domingo. &#8211; <\/strong>Un comunicador argentino hace la dram\u00e1tica advertencia de que Rep\u00fablica Dominicana podr\u00eda desaparecer como pa\u00eds en 10 a\u00f1os, si contin\u00faa permitiendo la acelerada inmigraci\u00f3n de haitianos.<\/p>\n\n\n\n<p class=\"\">Lo hace en un video que subi\u00f3 a redes sociales, el cual es considerado por algunos como \u201cabiertamente racista\u201d y por otros \u201ctotalmente ajustado a la realidad\u201d.<\/p>\n","protected":false},"excerpt":{"rendered":"<p>Santo Domingo. &#8211; Un comunicador argentino hace la dram\u00e1tica advertencia de que Rep\u00fablica Dominicana podr\u00eda desaparecer como pa\u00eds en 10 a\u00f1os, si contin\u00faa permitiendo la acelerada inmigraci\u00f3n de haitianos. Lo hace en un video que subi\u00f3 a redes sociales, el cual es considerado por algunos como \u201cabiertamente racista\u201d y por otros \u201ctotalmente ajustado a la [&hellip;]<\/p>\n","protected":false},"author":1,"featured_media":16806,"comment_status":"open","ping_status":"open","sticky":false,"template":"","format":"standard","meta":{"nf_dc_page":"","jetpack_post_was_ever_published":false,"_jetpack_newsletter_access":"","_jetpack_dont_email_post_to_subs":false,"_jetpack_newsletter_tier_id":0,"_jetpack_memberships_contains_paywalled_content":false,"_jetpack_memberships_contains_paid_content":false,"footnotes":"","jetpack_publicize_message":"","jetpack_publicize_feature_enabled":true,"jetpack_social_post_already_shared":false,"jetpack_social_options":{"image_generator_settings":{"template":"highway","default_image_id":0,"font":"","enabled":false},"version":2}},"categories":[65],"tags":[],"class_list":["post-16804","post","type-post","status-publish","format-standard","has-post-thumbnail","hentry","category-nacionales"],"yoast_head":"<!-- This site is optimized with the Yoast SEO plugin v27.4 - https:\/\/yoast.com\/product\/yoast-seo-wordpress\/ -->\n<title>Advertencia | Video: Comunicador argentino dice que RD podr\u00eda \u201cdesaparecer en 10 a\u00f1os\u201d - Minuto Cero RD<\/title>\n<meta name=\"robots\" content=\"index, follow, max-snippet:-1, max-image-preview:large, max-video-preview:-1\" \/>\n<link rel=\"canonical\" href=\"http:\/\/minutocerord.com\/?p=16804\" \/>\n<meta property=\"og:locale\" content=\"es_ES\" \/>\n<meta property=\"og:type\" content=\"article\" \/>\n<meta property=\"og:title\" content=\"Advertencia | Video: Comunicador argentino dice que RD podr\u00eda \u201cdesaparecer en 10 a\u00f1os\u201d - Minuto Cero RD\" \/>\n<meta property=\"og:description\" content=\"Santo Domingo. &#8211; Un comunicador argentino hace la dram\u00e1tica advertencia de que Rep\u00fablica Dominicana podr\u00eda desaparecer como pa\u00eds en 10 a\u00f1os, si contin\u00faa permitiendo la acelerada inmigraci\u00f3n de haitianos. Lo hace en un video que subi\u00f3 a redes sociales, el cual es considerado por algunos como \u201cabiertamente racista\u201d y por otros \u201ctotalmente ajustado a la [&hellip;]\" \/>\n<meta property=\"og:url\" content=\"http:\/\/minutocerord.com\/?p=16804\" \/>\n<meta property=\"og:site_name\" content=\"Minuto Cero RD\" \/>\n<meta property=\"article:publisher\" content=\"https:\/\/www.facebook.com\/Genofnotes\" \/>\n<meta property=\"article:author\" content=\"https:\/\/www.facebook.com\/Genofnotes\" \/>\n<meta property=\"article:published_time\" content=\"2024-03-26T14:04:30+00:00\" \/>\n<meta property=\"og:image\" content=\"https:\/\/i0.wp.com\/minutocerord.com\/wp-content\/uploads\/2024\/03\/Haitianos-cruzando-a-la-Republica-Dominicana-a-abastecerse-1.jpg?fit=761%2C458\" \/>\n\t<meta property=\"og:image:width\" content=\"761\" \/>\n\t<meta property=\"og:image:height\" content=\"458\" \/>\n\t<meta property=\"og:image:type\" content=\"image\/jpeg\" \/>\n<meta name=\"author\" content=\"Genof\u00f3ntes Urb\u00e1ez\" \/>\n<meta name=\"twitter:card\" content=\"summary_large_image\" \/>\n<meta name=\"twitter:label1\" content=\"Written by\" \/>\n\t<meta name=\"twitter:data1\" content=\"Genof\u00f3ntes Urb\u00e1ez\" \/>\n<script type=\"application\/ld+json\" class=\"yoast-schema-graph\">{\"@context\":\"https:\\\/\\\/schema.org\",\"@graph\":[{\"@type\":\"Article\",\"@id\":\"http:\\\/\\\/minutocerord.com\\\/?p=16804#article\",\"isPartOf\":{\"@id\":\"http:\\\/\\\/minutocerord.com\\\/?p=16804\"},\"author\":{\"name\":\"Genof\u00f3ntes Urb\u00e1ez\",\"@id\":\"https:\\\/\\\/minutocerord.com\\\/#\\\/schema\\\/person\\\/60b5372d60aaa0a5171fb6488be9aee6\"},\"headline\":\"Advertencia | Video: Comunicador argentino dice que RD podr\u00eda \u201cdesaparecer en 10 a\u00f1os\u201d\",\"datePublished\":\"2024-03-26T14:04:30+00:00\",\"mainEntityOfPage\":{\"@id\":\"http:\\\/\\\/minutocerord.com\\\/?p=16804\"},\"wordCount\":81,\"commentCount\":0,\"publisher\":{\"@id\":\"https:\\\/\\\/minutocerord.com\\\/#\\\/schema\\\/person\\\/60b5372d60aaa0a5171fb6488be9aee6\"},\"image\":{\"@id\":\"http:\\\/\\\/minutocerord.com\\\/?p=16804#primaryimage\"},\"thumbnailUrl\":\"https:\\\/\\\/i0.wp.com\\\/minutocerord.com\\\/wp-content\\\/uploads\\\/2024\\\/03\\\/Haitianos-cruzando-a-la-Republica-Dominicana-a-abastecerse-1.jpg?fit=761%2C458&ssl=1\",\"articleSection\":[\"Nacionales\"],\"inLanguage\":\"es-DO\",\"potentialAction\":[{\"@type\":\"CommentAction\",\"name\":\"Comment\",\"target\":[\"http:\\\/\\\/minutocerord.com\\\/?p=16804#respond\"]}]},{\"@type\":\"WebPage\",\"@id\":\"http:\\\/\\\/minutocerord.com\\\/?p=16804\",\"url\":\"http:\\\/\\\/minutocerord.com\\\/?p=16804\",\"name\":\"Advertencia | Video: Comunicador argentino dice que RD podr\u00eda \u201cdesaparecer en 10 a\u00f1os\u201d - Minuto Cero RD\",\"isPartOf\":{\"@id\":\"https:\\\/\\\/minutocerord.com\\\/#website\"},\"primaryImageOfPage\":{\"@id\":\"http:\\\/\\\/minutocerord.com\\\/?p=16804#primaryimage\"},\"image\":{\"@id\":\"http:\\\/\\\/minutocerord.com\\\/?p=16804#primaryimage\"},\"thumbnailUrl\":\"https:\\\/\\\/i0.wp.com\\\/minutocerord.com\\\/wp-content\\\/uploads\\\/2024\\\/03\\\/Haitianos-cruzando-a-la-Republica-Dominicana-a-abastecerse-1.jpg?fit=761%2C458&ssl=1\",\"datePublished\":\"2024-03-26T14:04:30+00:00\",\"breadcrumb\":{\"@id\":\"http:\\\/\\\/minutocerord.com\\\/?p=16804#breadcrumb\"},\"inLanguage\":\"es-DO\",\"potentialAction\":[{\"@type\":\"ReadAction\",\"target\":[\"http:\\\/\\\/minutocerord.com\\\/?p=16804\"]}]},{\"@type\":\"ImageObject\",\"inLanguage\":\"es-DO\",\"@id\":\"http:\\\/\\\/minutocerord.com\\\/?p=16804#primaryimage\",\"url\":\"https:\\\/\\\/i0.wp.com\\\/minutocerord.com\\\/wp-content\\\/uploads\\\/2024\\\/03\\\/Haitianos-cruzando-a-la-Republica-Dominicana-a-abastecerse-1.jpg?fit=761%2C458&ssl=1\",\"contentUrl\":\"https:\\\/\\\/i0.wp.com\\\/minutocerord.com\\\/wp-content\\\/uploads\\\/2024\\\/03\\\/Haitianos-cruzando-a-la-Republica-Dominicana-a-abastecerse-1.jpg?fit=761%2C458&ssl=1\",\"width\":761,\"height\":458},{\"@type\":\"BreadcrumbList\",\"@id\":\"http:\\\/\\\/minutocerord.com\\\/?p=16804#breadcrumb\",\"itemListElement\":[{\"@type\":\"ListItem\",\"position\":1,\"name\":\"Home\",\"item\":\"https:\\\/\\\/minutocerord.com\\\/\"},{\"@type\":\"ListItem\",\"position\":2,\"name\":\"Advertencia | Video: Comunicador argentino dice que RD podr\u00eda \u201cdesaparecer en 10 a\u00f1os\u201d\"}]},{\"@type\":\"WebSite\",\"@id\":\"https:\\\/\\\/minutocerord.com\\\/#website\",\"url\":\"https:\\\/\\\/minutocerord.com\\\/\",\"name\":\"Minuto Cero RD\",\"description\":\"Periodismo serio y veraz\",\"publisher\":{\"@id\":\"https:\\\/\\\/minutocerord.com\\\/#\\\/schema\\\/person\\\/60b5372d60aaa0a5171fb6488be9aee6\"},\"potentialAction\":[{\"@type\":\"SearchAction\",\"target\":{\"@type\":\"EntryPoint\",\"urlTemplate\":\"https:\\\/\\\/minutocerord.com\\\/?s={search_term_string}\"},\"query-input\":{\"@type\":\"PropertyValueSpecification\",\"valueRequired\":true,\"valueName\":\"search_term_string\"}}],\"inLanguage\":\"es-DO\"},{\"@type\":[\"Person\",\"Organization\"],\"@id\":\"https:\\\/\\\/minutocerord.com\\\/#\\\/schema\\\/person\\\/60b5372d60aaa0a5171fb6488be9aee6\",\"name\":\"Genof\u00f3ntes Urb\u00e1ez\",\"image\":{\"@type\":\"ImageObject\",\"inLanguage\":\"es-DO\",\"@id\":\"https:\\\/\\\/secure.gravatar.com\\\/avatar\\\/a49ef3186a692098ac3e8a1612261e3ad70cf9e44553dff2929e67939a0ecb9d?s=96&d=identicon&r=g\",\"url\":\"https:\\\/\\\/secure.gravatar.com\\\/avatar\\\/a49ef3186a692098ac3e8a1612261e3ad70cf9e44553dff2929e67939a0ecb9d?s=96&d=identicon&r=g\",\"contentUrl\":\"https:\\\/\\\/secure.gravatar.com\\\/avatar\\\/a49ef3186a692098ac3e8a1612261e3ad70cf9e44553dff2929e67939a0ecb9d?s=96&d=identicon&r=g\",\"caption\":\"Genof\u00f3ntes Urb\u00e1ez\"},\"logo\":{\"@id\":\"https:\\\/\\\/secure.gravatar.com\\\/avatar\\\/a49ef3186a692098ac3e8a1612261e3ad70cf9e44553dff2929e67939a0ecb9d?s=96&d=identicon&r=g\"},\"description\":\"Periodista \\\/ Locutor\",\"sameAs\":[\"https:\\\/\\\/www.facebook.com\\\/Genofnotes\",\"https:\\\/\\\/www.instagram.com\\\/genofnotes\\\/\"]}]}<\/script>\n<!-- \/ Yoast SEO plugin. -->","yoast_head_json":{"title":"Advertencia | Video: Comunicador argentino dice que RD podr\u00eda \u201cdesaparecer en 10 a\u00f1os\u201d - Minuto Cero RD","robots":{"index":"index","follow":"follow","max-snippet":"max-snippet:-1","max-image-preview":"max-image-preview:large","max-video-preview":"max-video-preview:-1"},"canonical":"http:\/\/minutocerord.com\/?p=16804","og_locale":"es_ES","og_type":"article","og_title":"Advertencia | Video: Comunicador argentino dice que RD podr\u00eda \u201cdesaparecer en 10 a\u00f1os\u201d - Minuto Cero RD","og_description":"Santo Domingo. &#8211; Un comunicador argentino hace la dram\u00e1tica advertencia de que Rep\u00fablica Dominicana podr\u00eda desaparecer como pa\u00eds en 10 a\u00f1os, si contin\u00faa permitiendo la acelerada inmigraci\u00f3n de haitianos. Lo hace en un video que subi\u00f3 a redes sociales, el cual es considerado por algunos como \u201cabiertamente racista\u201d y por otros \u201ctotalmente ajustado a la [&hellip;]","og_url":"http:\/\/minutocerord.com\/?p=16804","og_site_name":"Minuto Cero RD","article_publisher":"https:\/\/www.facebook.com\/Genofnotes","article_author":"https:\/\/www.facebook.com\/Genofnotes","article_published_time":"2024-03-26T14:04:30+00:00","og_image":[{"width":761,"height":458,"url":"https:\/\/i0.wp.com\/minutocerord.com\/wp-content\/uploads\/2024\/03\/Haitianos-cruzando-a-la-Republica-Dominicana-a-abastecerse-1.jpg?fit=761%2C458","type":"image\/jpeg"}],"author":"Genof\u00f3ntes Urb\u00e1ez","twitter_card":"summary_large_image","twitter_misc":{"Written by":"Genof\u00f3ntes Urb\u00e1ez"},"schema":{"@context":"https:\/\/schema.org","@graph":[{"@type":"Article","@id":"http:\/\/minutocerord.com\/?p=16804#article","isPartOf":{"@id":"http:\/\/minutocerord.com\/?p=16804"},"author":{"name":"Genof\u00f3ntes Urb\u00e1ez","@id":"https:\/\/minutocerord.com\/#\/schema\/person\/60b5372d60aaa0a5171fb6488be9aee6"},"headline":"Advertencia | Video: Comunicador argentino dice que RD podr\u00eda \u201cdesaparecer en 10 a\u00f1os\u201d","datePublished":"2024-03-26T14:04:30+00:00","mainEntityOfPage":{"@id":"http:\/\/minutocerord.com\/?p=16804"},"wordCount":81,"commentCount":0,"publisher":{"@id":"https:\/\/minutocerord.com\/#\/schema\/person\/60b5372d60aaa0a5171fb6488be9aee6"},"image":{"@id":"http:\/\/minutocerord.com\/?p=16804#primaryimage"},"thumbnailUrl":"https:\/\/i0.wp.com\/minutocerord.com\/wp-content\/uploads\/2024\/03\/Haitianos-cruzando-a-la-Republica-Dominicana-a-abastecerse-1.jpg?fit=761%2C458&ssl=1","articleSection":["Nacionales"],"inLanguage":"es-DO","potentialAction":[{"@type":"CommentAction","name":"Comment","target":["http:\/\/minutocerord.com\/?p=16804#respond"]}]},{"@type":"WebPage","@id":"http:\/\/minutocerord.com\/?p=16804","url":"http:\/\/minutocerord.com\/?p=16804","name":"Advertencia | Video: Comunicador argentino dice que RD podr\u00eda \u201cdesaparecer en 10 a\u00f1os\u201d - Minuto Cero RD","isPartOf":{"@id":"https:\/\/minutocerord.com\/#website"},"primaryImageOfPage":{"@id":"http:\/\/minutocerord.com\/?p=16804#primaryimage"},"image":{"@id":"http:\/\/minutocerord.com\/?p=16804#primaryimage"},"thumbnailUrl":"https:\/\/i0.wp.com\/minutocerord.com\/wp-content\/uploads\/2024\/03\/Haitianos-cruzando-a-la-Republica-Dominicana-a-abastecerse-1.jpg?fit=761%2C458&ssl=1","datePublished":"2024-03-26T14:04:30+00:00","breadcrumb":{"@id":"http:\/\/minutocerord.com\/?p=16804#breadcrumb"},"inLanguage":"es-DO","potentialAction":[{"@type":"ReadAction","target":["http:\/\/minutocerord.com\/?p=16804"]}]},{"@type":"ImageObject","inLanguage":"es-DO","@id":"http:\/\/minutocerord.com\/?p=16804#primaryimage","url":"https:\/\/i0.wp.com\/minutocerord.com\/wp-content\/uploads\/2024\/03\/Haitianos-cruzando-a-la-Republica-Dominicana-a-abastecerse-1.jpg?fit=761%2C458&ssl=1","contentUrl":"https:\/\/i0.wp.com\/minutocerord.com\/wp-content\/uploads\/2024\/03\/Haitianos-cruzando-a-la-Republica-Dominicana-a-abastecerse-1.jpg?fit=761%2C458&ssl=1","width":761,"height":458},{"@type":"BreadcrumbList","@id":"http:\/\/minutocerord.com\/?p=16804#breadcrumb","itemListElement":[{"@type":"ListItem","position":1,"name":"Home","item":"https:\/\/minutocerord.com\/"},{"@type":"ListItem","position":2,"name":"Advertencia | Video: Comunicador argentino dice que RD podr\u00eda \u201cdesaparecer en 10 a\u00f1os\u201d"}]},{"@type":"WebSite","@id":"https:\/\/minutocerord.com\/#website","url":"https:\/\/minutocerord.com\/","name":"Minuto Cero RD","description":"Periodismo serio y veraz","publisher":{"@id":"https:\/\/minutocerord.com\/#\/schema\/person\/60b5372d60aaa0a5171fb6488be9aee6"},"potentialAction":[{"@type":"SearchAction","target":{"@type":"EntryPoint","urlTemplate":"https:\/\/minutocerord.com\/?s={search_term_string}"},"query-input":{"@type":"PropertyValueSpecification","valueRequired":true,"valueName":"search_term_string"}}],"inLanguage":"es-DO"},{"@type":["Person","Organization"],"@id":"https:\/\/minutocerord.com\/#\/schema\/person\/60b5372d60aaa0a5171fb6488be9aee6","name":"Genof\u00f3ntes Urb\u00e1ez","image":{"@type":"ImageObject","inLanguage":"es-DO","@id":"https:\/\/secure.gravatar.com\/avatar\/a49ef3186a692098ac3e8a1612261e3ad70cf9e44553dff2929e67939a0ecb9d?s=96&d=identicon&r=g","url":"https:\/\/secure.gravatar.com\/avatar\/a49ef3186a692098ac3e8a1612261e3ad70cf9e44553dff2929e67939a0ecb9d?s=96&d=identicon&r=g","contentUrl":"https:\/\/secure.gravatar.com\/avatar\/a49ef3186a692098ac3e8a1612261e3ad70cf9e44553dff2929e67939a0ecb9d?s=96&d=identicon&r=g","caption":"Genof\u00f3ntes Urb\u00e1ez"},"logo":{"@id":"https:\/\/secure.gravatar.com\/avatar\/a49ef3186a692098ac3e8a1612261e3ad70cf9e44553dff2929e67939a0ecb9d?s=96&d=identicon&r=g"},"description":"Periodista \/ Locutor","sameAs":["https:\/\/www.facebook.com\/Genofnotes","https:\/\/www.instagram.com\/genofnotes\/"]}]}},"jetpack_publicize_connections":[],"jetpack_featured_media_url":"https:\/\/i0.wp.com\/minutocerord.com\/wp-content\/uploads\/2024\/03\/Haitianos-cruzando-a-la-Republica-Dominicana-a-abastecerse-1.jpg?fit=761%2C458&ssl=1","jetpack-related-posts":[],"jetpack_sharing_enabled":true,"_links":{"self":[{"href":"https:\/\/minutocerord.com\/index.php?rest_route=\/wp\/v2\/posts\/16804","targetHints":{"allow":["GET"]}}],"collection":[{"href":"https:\/\/minutocerord.com\/index.php?rest_route=\/wp\/v2\/posts"}],"about":[{"href":"https:\/\/minutocerord.com\/index.php?rest_route=\/wp\/v2\/types\/post"}],"author":[{"embeddable":true,"href":"https:\/\/minutocerord.com\/index.php?rest_route=\/wp\/v2\/users\/1"}],"replies":[{"embeddable":true,"href":"https:\/\/minutocerord.com\/index.php?rest_route=%2Fwp%2Fv2%2Fcomments&post=16804"}],"version-history":[{"count":0,"href":"https:\/\/minutocerord.com\/index.php?rest_route=\/wp\/v2\/posts\/16804\/revisions"}],"wp:featuredmedia":[{"embeddable":true,"href":"https:\/\/minutocerord.com\/index.php?rest_route=\/wp\/v2\/media\/16806"}],"wp:attachment":[{"href":"https:\/\/minutocerord.com\/index.php?rest_route=%2Fwp%2Fv2%2Fmedia&parent=16804"}],"wp:term":[{"taxonomy":"category","embeddable":true,"href":"https:\/\/minutocerord.com\/index.php?rest_route=%2Fwp%2Fv2%2Fcategories&post=16804"},{"taxonomy":"post_tag","embeddable":true,"href":"https:\/\/minutocerord.com\/index.php?rest_route=%2Fwp%2Fv2%2Ftags&post=16804"}],"curies":[{"name":"wp","href":"https:\/\/api.w.org\/{rel}","templated":true}]}}