{"id":16818,"date":"2024-04-02T11:56:46","date_gmt":"2024-04-02T15:56:46","guid":{"rendered":"https:\/\/minutocerord.com\/?p=16818"},"modified":"2024-04-02T11:56:46","modified_gmt":"2024-04-02T15:56:46","slug":"monte-plata-apresan-hombre-que-robo-en-iglesia-me-secuestraron-y-me-obligaron-a-robar","status":"publish","type":"post","link":"https:\/\/minutocerord.com\/?p=16818","title":{"rendered":"Monte Plata | Apresan hombre que rob\u00f3 en iglesia: \u201cMe secuestraron y me obligaron a robar\u201d"},"content":{"rendered":"\n<p class=\"\"><strong>Monte Plata, RD-<\/strong> Fue arrestado por agentes de la Direcci\u00f3n Central de Investigaci\u00f3n (DICRIM), Adonis Infante Garc\u00eda alias Cenizo, quien confes\u00f3 sustraer varios art\u00edculos religiosos de la Capilla del Hogar de Ni\u0144as de las Hermanas Misioneras Coraz\u00f3n de Jes\u00fas en el municipio Sabana Grande de Boy\u00e1, provincia de Monte Plata.<\/p>\n\n\n\n<p class=\"\">Cenizo penetr\u00f3 a la capilla por una ventana de cristal el pasado 20 de marzo, lo que, al momento del arresto, se recuper\u00f3 una Custodia grande dorada la cual conten\u00eda las Hostias consagradas, dos custodia peque\u00f1as, un bilin, un c\u00e1liz y una patena plateada, un cop\u00f3n plateado y un televisor pantalla plana de 32 pulgadas.<\/p>\n\n\n\n<p class=\"\">Cenizo expres\u00f3 que fue obligado a cometer el robo tras ser secuestrado por un hombre solo conocido como Ni\u0144o y otra persona desconocida.<\/p>\n","protected":false},"excerpt":{"rendered":"<p>Monte Plata, RD- Fue arrestado por agentes de la Direcci\u00f3n Central de Investigaci\u00f3n (DICRIM), Adonis Infante Garc\u00eda alias Cenizo, quien confes\u00f3 sustraer varios art\u00edculos religiosos de la Capilla del Hogar de Ni\u0144as de las Hermanas Misioneras Coraz\u00f3n de Jes\u00fas en el municipio Sabana Grande de Boy\u00e1, provincia de Monte Plata. Cenizo penetr\u00f3 a la capilla [&hellip;]<\/p>\n","protected":false},"author":1,"featured_media":16819,"comment_status":"open","ping_status":"open","sticky":false,"template":"","format":"standard","meta":{"nf_dc_page":"","jetpack_post_was_ever_published":false,"_jetpack_newsletter_access":"","_jetpack_dont_email_post_to_subs":false,"_jetpack_newsletter_tier_id":0,"_jetpack_memberships_contains_paywalled_content":false,"_jetpack_memberships_contains_paid_content":false,"footnotes":"","jetpack_publicize_message":"","jetpack_publicize_feature_enabled":true,"jetpack_social_post_already_shared":false,"jetpack_social_options":{"image_generator_settings":{"template":"highway","default_image_id":0,"font":"","enabled":false},"version":2}},"categories":[65],"tags":[],"class_list":["post-16818","post","type-post","status-publish","format-standard","has-post-thumbnail","hentry","category-nacionales"],"yoast_head":"<!-- This site is optimized with the Yoast SEO plugin v27.4 - https:\/\/yoast.com\/product\/yoast-seo-wordpress\/ -->\n<title>Monte Plata | Apresan hombre que rob\u00f3 en iglesia: \u201cMe secuestraron y me obligaron a robar\u201d - Minuto Cero RD<\/title>\n<meta name=\"robots\" content=\"index, follow, max-snippet:-1, max-image-preview:large, max-video-preview:-1\" \/>\n<link rel=\"canonical\" href=\"https:\/\/minutocerord.com\/?p=16818\" \/>\n<meta property=\"og:locale\" content=\"es_ES\" \/>\n<meta property=\"og:type\" content=\"article\" \/>\n<meta property=\"og:title\" content=\"Monte Plata | Apresan hombre que rob\u00f3 en iglesia: \u201cMe secuestraron y me obligaron a robar\u201d - Minuto Cero RD\" \/>\n<meta property=\"og:description\" content=\"Monte Plata, RD- Fue arrestado por agentes de la Direcci\u00f3n Central de Investigaci\u00f3n (DICRIM), Adonis Infante Garc\u00eda alias Cenizo, quien confes\u00f3 sustraer varios art\u00edculos religiosos de la Capilla del Hogar de Ni\u0144as de las Hermanas Misioneras Coraz\u00f3n de Jes\u00fas en el municipio Sabana Grande de Boy\u00e1, provincia de Monte Plata. Cenizo penetr\u00f3 a la capilla [&hellip;]\" \/>\n<meta property=\"og:url\" content=\"https:\/\/minutocerord.com\/?p=16818\" \/>\n<meta property=\"og:site_name\" content=\"Minuto Cero RD\" \/>\n<meta property=\"article:publisher\" content=\"https:\/\/www.facebook.com\/Genofnotes\" \/>\n<meta property=\"article:author\" content=\"https:\/\/www.facebook.com\/Genofnotes\" \/>\n<meta property=\"article:published_time\" content=\"2024-04-02T15:56:46+00:00\" \/>\n<meta property=\"og:image\" content=\"https:\/\/i0.wp.com\/minutocerord.com\/wp-content\/uploads\/2024\/04\/Copia-de-Portada-Pagina-WEB-9-750x375-1.jpg?fit=750%2C375&ssl=1\" \/>\n\t<meta property=\"og:image:width\" content=\"750\" \/>\n\t<meta property=\"og:image:height\" content=\"375\" \/>\n\t<meta property=\"og:image:type\" content=\"image\/jpeg\" \/>\n<meta name=\"author\" content=\"Genof\u00f3ntes Urb\u00e1ez\" \/>\n<meta name=\"twitter:card\" content=\"summary_large_image\" \/>\n<meta name=\"twitter:label1\" content=\"Written by\" \/>\n\t<meta name=\"twitter:data1\" content=\"Genof\u00f3ntes Urb\u00e1ez\" \/>\n\t<meta name=\"twitter:label2\" content=\"Est. reading time\" \/>\n\t<meta name=\"twitter:data2\" content=\"1 minuto\" \/>\n<script type=\"application\/ld+json\" class=\"yoast-schema-graph\">{\"@context\":\"https:\\\/\\\/schema.org\",\"@graph\":[{\"@type\":\"Article\",\"@id\":\"https:\\\/\\\/minutocerord.com\\\/?p=16818#article\",\"isPartOf\":{\"@id\":\"https:\\\/\\\/minutocerord.com\\\/?p=16818\"},\"author\":{\"name\":\"Genof\u00f3ntes Urb\u00e1ez\",\"@id\":\"https:\\\/\\\/minutocerord.com\\\/#\\\/schema\\\/person\\\/60b5372d60aaa0a5171fb6488be9aee6\"},\"headline\":\"Monte Plata | Apresan hombre que rob\u00f3 en iglesia: \u201cMe secuestraron y me obligaron a robar\u201d\",\"datePublished\":\"2024-04-02T15:56:46+00:00\",\"mainEntityOfPage\":{\"@id\":\"https:\\\/\\\/minutocerord.com\\\/?p=16818\"},\"wordCount\":153,\"commentCount\":0,\"publisher\":{\"@id\":\"https:\\\/\\\/minutocerord.com\\\/#\\\/schema\\\/person\\\/60b5372d60aaa0a5171fb6488be9aee6\"},\"image\":{\"@id\":\"https:\\\/\\\/minutocerord.com\\\/?p=16818#primaryimage\"},\"thumbnailUrl\":\"https:\\\/\\\/i0.wp.com\\\/minutocerord.com\\\/wp-content\\\/uploads\\\/2024\\\/04\\\/Copia-de-Portada-Pagina-WEB-9-750x375-1.jpg?fit=750%2C375&ssl=1\",\"articleSection\":[\"Nacionales\"],\"inLanguage\":\"es-DO\",\"potentialAction\":[{\"@type\":\"CommentAction\",\"name\":\"Comment\",\"target\":[\"https:\\\/\\\/minutocerord.com\\\/?p=16818#respond\"]}]},{\"@type\":\"WebPage\",\"@id\":\"https:\\\/\\\/minutocerord.com\\\/?p=16818\",\"url\":\"https:\\\/\\\/minutocerord.com\\\/?p=16818\",\"name\":\"Monte Plata | Apresan hombre que rob\u00f3 en iglesia: \u201cMe secuestraron y me obligaron a robar\u201d - Minuto Cero RD\",\"isPartOf\":{\"@id\":\"https:\\\/\\\/minutocerord.com\\\/#website\"},\"primaryImageOfPage\":{\"@id\":\"https:\\\/\\\/minutocerord.com\\\/?p=16818#primaryimage\"},\"image\":{\"@id\":\"https:\\\/\\\/minutocerord.com\\\/?p=16818#primaryimage\"},\"thumbnailUrl\":\"https:\\\/\\\/i0.wp.com\\\/minutocerord.com\\\/wp-content\\\/uploads\\\/2024\\\/04\\\/Copia-de-Portada-Pagina-WEB-9-750x375-1.jpg?fit=750%2C375&ssl=1\",\"datePublished\":\"2024-04-02T15:56:46+00:00\",\"breadcrumb\":{\"@id\":\"https:\\\/\\\/minutocerord.com\\\/?p=16818#breadcrumb\"},\"inLanguage\":\"es-DO\",\"potentialAction\":[{\"@type\":\"ReadAction\",\"target\":[\"https:\\\/\\\/minutocerord.com\\\/?p=16818\"]}]},{\"@type\":\"ImageObject\",\"inLanguage\":\"es-DO\",\"@id\":\"https:\\\/\\\/minutocerord.com\\\/?p=16818#primaryimage\",\"url\":\"https:\\\/\\\/i0.wp.com\\\/minutocerord.com\\\/wp-content\\\/uploads\\\/2024\\\/04\\\/Copia-de-Portada-Pagina-WEB-9-750x375-1.jpg?fit=750%2C375&ssl=1\",\"contentUrl\":\"https:\\\/\\\/i0.wp.com\\\/minutocerord.com\\\/wp-content\\\/uploads\\\/2024\\\/04\\\/Copia-de-Portada-Pagina-WEB-9-750x375-1.jpg?fit=750%2C375&ssl=1\",\"width\":750,\"height\":375},{\"@type\":\"BreadcrumbList\",\"@id\":\"https:\\\/\\\/minutocerord.com\\\/?p=16818#breadcrumb\",\"itemListElement\":[{\"@type\":\"ListItem\",\"position\":1,\"name\":\"Home\",\"item\":\"https:\\\/\\\/minutocerord.com\\\/\"},{\"@type\":\"ListItem\",\"position\":2,\"name\":\"Monte Plata | Apresan hombre que rob\u00f3 en iglesia: \u201cMe secuestraron y me obligaron a robar\u201d\"}]},{\"@type\":\"WebSite\",\"@id\":\"https:\\\/\\\/minutocerord.com\\\/#website\",\"url\":\"https:\\\/\\\/minutocerord.com\\\/\",\"name\":\"Minuto Cero RD\",\"description\":\"Periodismo serio y veraz\",\"publisher\":{\"@id\":\"https:\\\/\\\/minutocerord.com\\\/#\\\/schema\\\/person\\\/60b5372d60aaa0a5171fb6488be9aee6\"},\"potentialAction\":[{\"@type\":\"SearchAction\",\"target\":{\"@type\":\"EntryPoint\",\"urlTemplate\":\"https:\\\/\\\/minutocerord.com\\\/?s={search_term_string}\"},\"query-input\":{\"@type\":\"PropertyValueSpecification\",\"valueRequired\":true,\"valueName\":\"search_term_string\"}}],\"inLanguage\":\"es-DO\"},{\"@type\":[\"Person\",\"Organization\"],\"@id\":\"https:\\\/\\\/minutocerord.com\\\/#\\\/schema\\\/person\\\/60b5372d60aaa0a5171fb6488be9aee6\",\"name\":\"Genof\u00f3ntes Urb\u00e1ez\",\"image\":{\"@type\":\"ImageObject\",\"inLanguage\":\"es-DO\",\"@id\":\"https:\\\/\\\/secure.gravatar.com\\\/avatar\\\/a49ef3186a692098ac3e8a1612261e3ad70cf9e44553dff2929e67939a0ecb9d?s=96&d=identicon&r=g\",\"url\":\"https:\\\/\\\/secure.gravatar.com\\\/avatar\\\/a49ef3186a692098ac3e8a1612261e3ad70cf9e44553dff2929e67939a0ecb9d?s=96&d=identicon&r=g\",\"contentUrl\":\"https:\\\/\\\/secure.gravatar.com\\\/avatar\\\/a49ef3186a692098ac3e8a1612261e3ad70cf9e44553dff2929e67939a0ecb9d?s=96&d=identicon&r=g\",\"caption\":\"Genof\u00f3ntes Urb\u00e1ez\"},\"logo\":{\"@id\":\"https:\\\/\\\/secure.gravatar.com\\\/avatar\\\/a49ef3186a692098ac3e8a1612261e3ad70cf9e44553dff2929e67939a0ecb9d?s=96&d=identicon&r=g\"},\"description\":\"Periodista \\\/ Locutor\",\"sameAs\":[\"https:\\\/\\\/www.facebook.com\\\/Genofnotes\",\"https:\\\/\\\/www.instagram.com\\\/genofnotes\\\/\"]}]}<\/script>\n<!-- \/ Yoast SEO plugin. -->","yoast_head_json":{"title":"Monte Plata | Apresan hombre que rob\u00f3 en iglesia: \u201cMe secuestraron y me obligaron a robar\u201d - Minuto Cero RD","robots":{"index":"index","follow":"follow","max-snippet":"max-snippet:-1","max-image-preview":"max-image-preview:large","max-video-preview":"max-video-preview:-1"},"canonical":"https:\/\/minutocerord.com\/?p=16818","og_locale":"es_ES","og_type":"article","og_title":"Monte Plata | Apresan hombre que rob\u00f3 en iglesia: \u201cMe secuestraron y me obligaron a robar\u201d - Minuto Cero RD","og_description":"Monte Plata, RD- Fue arrestado por agentes de la Direcci\u00f3n Central de Investigaci\u00f3n (DICRIM), Adonis Infante Garc\u00eda alias Cenizo, quien confes\u00f3 sustraer varios art\u00edculos religiosos de la Capilla del Hogar de Ni\u0144as de las Hermanas Misioneras Coraz\u00f3n de Jes\u00fas en el municipio Sabana Grande de Boy\u00e1, provincia de Monte Plata. Cenizo penetr\u00f3 a la capilla [&hellip;]","og_url":"https:\/\/minutocerord.com\/?p=16818","og_site_name":"Minuto Cero RD","article_publisher":"https:\/\/www.facebook.com\/Genofnotes","article_author":"https:\/\/www.facebook.com\/Genofnotes","article_published_time":"2024-04-02T15:56:46+00:00","og_image":[{"width":750,"height":375,"url":"https:\/\/i0.wp.com\/minutocerord.com\/wp-content\/uploads\/2024\/04\/Copia-de-Portada-Pagina-WEB-9-750x375-1.jpg?fit=750%2C375&ssl=1","type":"image\/jpeg"}],"author":"Genof\u00f3ntes Urb\u00e1ez","twitter_card":"summary_large_image","twitter_misc":{"Written by":"Genof\u00f3ntes Urb\u00e1ez","Est. reading time":"1 minuto"},"schema":{"@context":"https:\/\/schema.org","@graph":[{"@type":"Article","@id":"https:\/\/minutocerord.com\/?p=16818#article","isPartOf":{"@id":"https:\/\/minutocerord.com\/?p=16818"},"author":{"name":"Genof\u00f3ntes Urb\u00e1ez","@id":"https:\/\/minutocerord.com\/#\/schema\/person\/60b5372d60aaa0a5171fb6488be9aee6"},"headline":"Monte Plata | Apresan hombre que rob\u00f3 en iglesia: \u201cMe secuestraron y me obligaron a robar\u201d","datePublished":"2024-04-02T15:56:46+00:00","mainEntityOfPage":{"@id":"https:\/\/minutocerord.com\/?p=16818"},"wordCount":153,"commentCount":0,"publisher":{"@id":"https:\/\/minutocerord.com\/#\/schema\/person\/60b5372d60aaa0a5171fb6488be9aee6"},"image":{"@id":"https:\/\/minutocerord.com\/?p=16818#primaryimage"},"thumbnailUrl":"https:\/\/i0.wp.com\/minutocerord.com\/wp-content\/uploads\/2024\/04\/Copia-de-Portada-Pagina-WEB-9-750x375-1.jpg?fit=750%2C375&ssl=1","articleSection":["Nacionales"],"inLanguage":"es-DO","potentialAction":[{"@type":"CommentAction","name":"Comment","target":["https:\/\/minutocerord.com\/?p=16818#respond"]}]},{"@type":"WebPage","@id":"https:\/\/minutocerord.com\/?p=16818","url":"https:\/\/minutocerord.com\/?p=16818","name":"Monte Plata | Apresan hombre que rob\u00f3 en iglesia: \u201cMe secuestraron y me obligaron a robar\u201d - Minuto Cero RD","isPartOf":{"@id":"https:\/\/minutocerord.com\/#website"},"primaryImageOfPage":{"@id":"https:\/\/minutocerord.com\/?p=16818#primaryimage"},"image":{"@id":"https:\/\/minutocerord.com\/?p=16818#primaryimage"},"thumbnailUrl":"https:\/\/i0.wp.com\/minutocerord.com\/wp-content\/uploads\/2024\/04\/Copia-de-Portada-Pagina-WEB-9-750x375-1.jpg?fit=750%2C375&ssl=1","datePublished":"2024-04-02T15:56:46+00:00","breadcrumb":{"@id":"https:\/\/minutocerord.com\/?p=16818#breadcrumb"},"inLanguage":"es-DO","potentialAction":[{"@type":"ReadAction","target":["https:\/\/minutocerord.com\/?p=16818"]}]},{"@type":"ImageObject","inLanguage":"es-DO","@id":"https:\/\/minutocerord.com\/?p=16818#primaryimage","url":"https:\/\/i0.wp.com\/minutocerord.com\/wp-content\/uploads\/2024\/04\/Copia-de-Portada-Pagina-WEB-9-750x375-1.jpg?fit=750%2C375&ssl=1","contentUrl":"https:\/\/i0.wp.com\/minutocerord.com\/wp-content\/uploads\/2024\/04\/Copia-de-Portada-Pagina-WEB-9-750x375-1.jpg?fit=750%2C375&ssl=1","width":750,"height":375},{"@type":"BreadcrumbList","@id":"https:\/\/minutocerord.com\/?p=16818#breadcrumb","itemListElement":[{"@type":"ListItem","position":1,"name":"Home","item":"https:\/\/minutocerord.com\/"},{"@type":"ListItem","position":2,"name":"Monte Plata | Apresan hombre que rob\u00f3 en iglesia: \u201cMe secuestraron y me obligaron a robar\u201d"}]},{"@type":"WebSite","@id":"https:\/\/minutocerord.com\/#website","url":"https:\/\/minutocerord.com\/","name":"Minuto Cero RD","description":"Periodismo serio y veraz","publisher":{"@id":"https:\/\/minutocerord.com\/#\/schema\/person\/60b5372d60aaa0a5171fb6488be9aee6"},"potentialAction":[{"@type":"SearchAction","target":{"@type":"EntryPoint","urlTemplate":"https:\/\/minutocerord.com\/?s={search_term_string}"},"query-input":{"@type":"PropertyValueSpecification","valueRequired":true,"valueName":"search_term_string"}}],"inLanguage":"es-DO"},{"@type":["Person","Organization"],"@id":"https:\/\/minutocerord.com\/#\/schema\/person\/60b5372d60aaa0a5171fb6488be9aee6","name":"Genof\u00f3ntes Urb\u00e1ez","image":{"@type":"ImageObject","inLanguage":"es-DO","@id":"https:\/\/secure.gravatar.com\/avatar\/a49ef3186a692098ac3e8a1612261e3ad70cf9e44553dff2929e67939a0ecb9d?s=96&d=identicon&r=g","url":"https:\/\/secure.gravatar.com\/avatar\/a49ef3186a692098ac3e8a1612261e3ad70cf9e44553dff2929e67939a0ecb9d?s=96&d=identicon&r=g","contentUrl":"https:\/\/secure.gravatar.com\/avatar\/a49ef3186a692098ac3e8a1612261e3ad70cf9e44553dff2929e67939a0ecb9d?s=96&d=identicon&r=g","caption":"Genof\u00f3ntes Urb\u00e1ez"},"logo":{"@id":"https:\/\/secure.gravatar.com\/avatar\/a49ef3186a692098ac3e8a1612261e3ad70cf9e44553dff2929e67939a0ecb9d?s=96&d=identicon&r=g"},"description":"Periodista \/ Locutor","sameAs":["https:\/\/www.facebook.com\/Genofnotes","https:\/\/www.instagram.com\/genofnotes\/"]}]}},"jetpack_publicize_connections":[],"jetpack_featured_media_url":"https:\/\/i0.wp.com\/minutocerord.com\/wp-content\/uploads\/2024\/04\/Copia-de-Portada-Pagina-WEB-9-750x375-1.jpg?fit=750%2C375&ssl=1","jetpack-related-posts":[],"jetpack_sharing_enabled":true,"_links":{"self":[{"href":"https:\/\/minutocerord.com\/index.php?rest_route=\/wp\/v2\/posts\/16818","targetHints":{"allow":["GET"]}}],"collection":[{"href":"https:\/\/minutocerord.com\/index.php?rest_route=\/wp\/v2\/posts"}],"about":[{"href":"https:\/\/minutocerord.com\/index.php?rest_route=\/wp\/v2\/types\/post"}],"author":[{"embeddable":true,"href":"https:\/\/minutocerord.com\/index.php?rest_route=\/wp\/v2\/users\/1"}],"replies":[{"embeddable":true,"href":"https:\/\/minutocerord.com\/index.php?rest_route=%2Fwp%2Fv2%2Fcomments&post=16818"}],"version-history":[{"count":0,"href":"https:\/\/minutocerord.com\/index.php?rest_route=\/wp\/v2\/posts\/16818\/revisions"}],"wp:featuredmedia":[{"embeddable":true,"href":"https:\/\/minutocerord.com\/index.php?rest_route=\/wp\/v2\/media\/16819"}],"wp:attachment":[{"href":"https:\/\/minutocerord.com\/index.php?rest_route=%2Fwp%2Fv2%2Fmedia&parent=16818"}],"wp:term":[{"taxonomy":"category","embeddable":true,"href":"https:\/\/minutocerord.com\/index.php?rest_route=%2Fwp%2Fv2%2Fcategories&post=16818"},{"taxonomy":"post_tag","embeddable":true,"href":"https:\/\/minutocerord.com\/index.php?rest_route=%2Fwp%2Fv2%2Ftags&post=16818"}],"curies":[{"name":"wp","href":"https:\/\/api.w.org\/{rel}","templated":true}]}}