{"id":16821,"date":"2024-04-02T12:07:48","date_gmt":"2024-04-02T16:07:48","guid":{"rendered":"https:\/\/minutocerord.com\/?p=16821"},"modified":"2024-04-02T12:07:48","modified_gmt":"2024-04-02T16:07:48","slug":"justicia-dictan-coercion-a-viceconsul-en-haiti-acusado-de-abuso-sexual","status":"publish","type":"post","link":"https:\/\/minutocerord.com\/?p=16821","title":{"rendered":"Justicia | Dictan coerci\u00f3n a vicec\u00f3nsul en Hait\u00ed acusado de abuso sexual"},"content":{"rendered":"\n<p class=\"\"><a href=\"https:\/\/almomento.net\/wp-content\/uploads\/2024\/04\/Rafy-Joel-Peralta.-444.jpg\"><\/a><strong>Santo Domingo. &#8211; <\/strong>La Oficina Judicial de Servicios de Atenci\u00f3n Permanente de la provincia Duarte impuso este lunes medidas de coerci\u00f3n al vicec\u00f3nsul de Rep\u00fablica Dominicana en Hait\u00ed, Rafy Joel Peralta, detenido la semana pasada tras una denuncia sobre un supuesto abuso sexual a un menor de 16 a\u00f1os.<\/p>\n\n\n\n<p class=\"\">Las medidas consisten en una garant\u00eda econ\u00f3mica de un mill\u00f3n de pesos y presentaci\u00f3n peri\u00f3dica.<\/p>\n\n\n\n<p class=\"\">Peralta, de 31 a\u00f1os, fue detenido el pasado mi\u00e9rcoles en atenci\u00f3n a la orden de arresto emitida, tras presentarse de manera voluntaria ante la Subdirecci\u00f3n Regional de Investigaci\u00f3n de San Francisco de Macor\u00eds.<\/p>\n\n\n\n<p class=\"\">La denuncia en su contra fue presentada hace aproximadamente un mes en la comunidad de Mata Larga, en San Francisco de Macor\u00eds.<\/p>\n\n\n\n<p class=\"\">Horas antes de su detenci\u00f3n, el Ministerio de Relaciones Exteriores inform\u00f3 de su suspensi\u00f3n del cargo.<\/p>\n\n\n\n<p class=\"\">En un comunicado, la Canciller\u00eda indic\u00f3 que el Ministerio P\u00fablico realizaba una investigaci\u00f3n sobre el caso, por lo que Exteriores \u00abprocedi\u00f3 a suspenderlo de sus funciones\u00bb hasta que concluyera la misma. EFE<\/p>\n","protected":false},"excerpt":{"rendered":"<p>Santo Domingo. &#8211; La Oficina Judicial de Servicios de Atenci\u00f3n Permanente de la provincia Duarte impuso este lunes medidas de coerci\u00f3n al vicec\u00f3nsul de Rep\u00fablica Dominicana en Hait\u00ed, Rafy Joel Peralta, detenido la semana pasada tras una denuncia sobre un supuesto abuso sexual a un menor de 16 a\u00f1os. Las medidas consisten en una garant\u00eda [&hellip;]<\/p>\n","protected":false},"author":1,"featured_media":16822,"comment_status":"open","ping_status":"open","sticky":false,"template":"","format":"standard","meta":{"nf_dc_page":"","jetpack_post_was_ever_published":false,"_jetpack_newsletter_access":"","_jetpack_dont_email_post_to_subs":false,"_jetpack_newsletter_tier_id":0,"_jetpack_memberships_contains_paywalled_content":false,"_jetpack_memberships_contains_paid_content":false,"footnotes":"","jetpack_publicize_message":"","jetpack_publicize_feature_enabled":true,"jetpack_social_post_already_shared":false,"jetpack_social_options":{"image_generator_settings":{"template":"highway","default_image_id":0,"font":"","enabled":false},"version":2}},"categories":[93],"tags":[],"class_list":["post-16821","post","type-post","status-publish","format-standard","has-post-thumbnail","hentry","category-justicia"],"yoast_head":"<!-- This site is optimized with the Yoast SEO plugin v27.4 - https:\/\/yoast.com\/product\/yoast-seo-wordpress\/ -->\n<title>Justicia | Dictan coerci\u00f3n a vicec\u00f3nsul en Hait\u00ed acusado de abuso sexual - Minuto Cero RD<\/title>\n<meta name=\"robots\" content=\"index, follow, max-snippet:-1, max-image-preview:large, max-video-preview:-1\" \/>\n<link rel=\"canonical\" href=\"https:\/\/minutocerord.com\/?p=16821\" \/>\n<meta property=\"og:locale\" content=\"es_ES\" \/>\n<meta property=\"og:type\" content=\"article\" \/>\n<meta property=\"og:title\" content=\"Justicia | Dictan coerci\u00f3n a vicec\u00f3nsul en Hait\u00ed acusado de abuso sexual - Minuto Cero RD\" \/>\n<meta property=\"og:description\" content=\"Santo Domingo. &#8211; La Oficina Judicial de Servicios de Atenci\u00f3n Permanente de la provincia Duarte impuso este lunes medidas de coerci\u00f3n al vicec\u00f3nsul de Rep\u00fablica Dominicana en Hait\u00ed, Rafy Joel Peralta, detenido la semana pasada tras una denuncia sobre un supuesto abuso sexual a un menor de 16 a\u00f1os. Las medidas consisten en una garant\u00eda [&hellip;]\" \/>\n<meta property=\"og:url\" content=\"https:\/\/minutocerord.com\/?p=16821\" \/>\n<meta property=\"og:site_name\" content=\"Minuto Cero RD\" \/>\n<meta property=\"article:publisher\" content=\"https:\/\/www.facebook.com\/Genofnotes\" \/>\n<meta property=\"article:author\" content=\"https:\/\/www.facebook.com\/Genofnotes\" \/>\n<meta property=\"article:published_time\" content=\"2024-04-02T16:07:48+00:00\" \/>\n<meta property=\"og:image\" content=\"https:\/\/i0.wp.com\/minutocerord.com\/wp-content\/uploads\/2024\/04\/Rafy-Joel-Peralta.-444-1.jpg?fit=375%2C240&ssl=1\" \/>\n\t<meta property=\"og:image:width\" content=\"375\" \/>\n\t<meta property=\"og:image:height\" content=\"240\" \/>\n\t<meta property=\"og:image:type\" content=\"image\/jpeg\" \/>\n<meta name=\"author\" content=\"Genof\u00f3ntes Urb\u00e1ez\" \/>\n<meta name=\"twitter:card\" content=\"summary_large_image\" \/>\n<meta name=\"twitter:label1\" content=\"Written by\" \/>\n\t<meta name=\"twitter:data1\" content=\"Genof\u00f3ntes Urb\u00e1ez\" \/>\n\t<meta name=\"twitter:label2\" content=\"Est. reading time\" \/>\n\t<meta name=\"twitter:data2\" content=\"1 minuto\" \/>\n<script type=\"application\/ld+json\" class=\"yoast-schema-graph\">{\"@context\":\"https:\\\/\\\/schema.org\",\"@graph\":[{\"@type\":\"Article\",\"@id\":\"https:\\\/\\\/minutocerord.com\\\/?p=16821#article\",\"isPartOf\":{\"@id\":\"https:\\\/\\\/minutocerord.com\\\/?p=16821\"},\"author\":{\"name\":\"Genof\u00f3ntes Urb\u00e1ez\",\"@id\":\"https:\\\/\\\/minutocerord.com\\\/#\\\/schema\\\/person\\\/60b5372d60aaa0a5171fb6488be9aee6\"},\"headline\":\"Justicia | Dictan coerci\u00f3n a vicec\u00f3nsul en Hait\u00ed acusado de abuso sexual\",\"datePublished\":\"2024-04-02T16:07:48+00:00\",\"mainEntityOfPage\":{\"@id\":\"https:\\\/\\\/minutocerord.com\\\/?p=16821\"},\"wordCount\":200,\"commentCount\":0,\"publisher\":{\"@id\":\"https:\\\/\\\/minutocerord.com\\\/#\\\/schema\\\/person\\\/60b5372d60aaa0a5171fb6488be9aee6\"},\"image\":{\"@id\":\"https:\\\/\\\/minutocerord.com\\\/?p=16821#primaryimage\"},\"thumbnailUrl\":\"https:\\\/\\\/i0.wp.com\\\/minutocerord.com\\\/wp-content\\\/uploads\\\/2024\\\/04\\\/Rafy-Joel-Peralta.-444-1.jpg?fit=375%2C240&ssl=1\",\"articleSection\":[\"Justicia\"],\"inLanguage\":\"es-DO\",\"potentialAction\":[{\"@type\":\"CommentAction\",\"name\":\"Comment\",\"target\":[\"https:\\\/\\\/minutocerord.com\\\/?p=16821#respond\"]}]},{\"@type\":\"WebPage\",\"@id\":\"https:\\\/\\\/minutocerord.com\\\/?p=16821\",\"url\":\"https:\\\/\\\/minutocerord.com\\\/?p=16821\",\"name\":\"Justicia | Dictan coerci\u00f3n a vicec\u00f3nsul en Hait\u00ed acusado de abuso sexual - Minuto Cero RD\",\"isPartOf\":{\"@id\":\"https:\\\/\\\/minutocerord.com\\\/#website\"},\"primaryImageOfPage\":{\"@id\":\"https:\\\/\\\/minutocerord.com\\\/?p=16821#primaryimage\"},\"image\":{\"@id\":\"https:\\\/\\\/minutocerord.com\\\/?p=16821#primaryimage\"},\"thumbnailUrl\":\"https:\\\/\\\/i0.wp.com\\\/minutocerord.com\\\/wp-content\\\/uploads\\\/2024\\\/04\\\/Rafy-Joel-Peralta.-444-1.jpg?fit=375%2C240&ssl=1\",\"datePublished\":\"2024-04-02T16:07:48+00:00\",\"breadcrumb\":{\"@id\":\"https:\\\/\\\/minutocerord.com\\\/?p=16821#breadcrumb\"},\"inLanguage\":\"es-DO\",\"potentialAction\":[{\"@type\":\"ReadAction\",\"target\":[\"https:\\\/\\\/minutocerord.com\\\/?p=16821\"]}]},{\"@type\":\"ImageObject\",\"inLanguage\":\"es-DO\",\"@id\":\"https:\\\/\\\/minutocerord.com\\\/?p=16821#primaryimage\",\"url\":\"https:\\\/\\\/i0.wp.com\\\/minutocerord.com\\\/wp-content\\\/uploads\\\/2024\\\/04\\\/Rafy-Joel-Peralta.-444-1.jpg?fit=375%2C240&ssl=1\",\"contentUrl\":\"https:\\\/\\\/i0.wp.com\\\/minutocerord.com\\\/wp-content\\\/uploads\\\/2024\\\/04\\\/Rafy-Joel-Peralta.-444-1.jpg?fit=375%2C240&ssl=1\",\"width\":375,\"height\":240},{\"@type\":\"BreadcrumbList\",\"@id\":\"https:\\\/\\\/minutocerord.com\\\/?p=16821#breadcrumb\",\"itemListElement\":[{\"@type\":\"ListItem\",\"position\":1,\"name\":\"Home\",\"item\":\"https:\\\/\\\/minutocerord.com\\\/\"},{\"@type\":\"ListItem\",\"position\":2,\"name\":\"Justicia | Dictan coerci\u00f3n a vicec\u00f3nsul en Hait\u00ed acusado de abuso sexual\"}]},{\"@type\":\"WebSite\",\"@id\":\"https:\\\/\\\/minutocerord.com\\\/#website\",\"url\":\"https:\\\/\\\/minutocerord.com\\\/\",\"name\":\"Minuto Cero RD\",\"description\":\"Periodismo serio y veraz\",\"publisher\":{\"@id\":\"https:\\\/\\\/minutocerord.com\\\/#\\\/schema\\\/person\\\/60b5372d60aaa0a5171fb6488be9aee6\"},\"potentialAction\":[{\"@type\":\"SearchAction\",\"target\":{\"@type\":\"EntryPoint\",\"urlTemplate\":\"https:\\\/\\\/minutocerord.com\\\/?s={search_term_string}\"},\"query-input\":{\"@type\":\"PropertyValueSpecification\",\"valueRequired\":true,\"valueName\":\"search_term_string\"}}],\"inLanguage\":\"es-DO\"},{\"@type\":[\"Person\",\"Organization\"],\"@id\":\"https:\\\/\\\/minutocerord.com\\\/#\\\/schema\\\/person\\\/60b5372d60aaa0a5171fb6488be9aee6\",\"name\":\"Genof\u00f3ntes Urb\u00e1ez\",\"image\":{\"@type\":\"ImageObject\",\"inLanguage\":\"es-DO\",\"@id\":\"https:\\\/\\\/secure.gravatar.com\\\/avatar\\\/a49ef3186a692098ac3e8a1612261e3ad70cf9e44553dff2929e67939a0ecb9d?s=96&d=identicon&r=g\",\"url\":\"https:\\\/\\\/secure.gravatar.com\\\/avatar\\\/a49ef3186a692098ac3e8a1612261e3ad70cf9e44553dff2929e67939a0ecb9d?s=96&d=identicon&r=g\",\"contentUrl\":\"https:\\\/\\\/secure.gravatar.com\\\/avatar\\\/a49ef3186a692098ac3e8a1612261e3ad70cf9e44553dff2929e67939a0ecb9d?s=96&d=identicon&r=g\",\"caption\":\"Genof\u00f3ntes Urb\u00e1ez\"},\"logo\":{\"@id\":\"https:\\\/\\\/secure.gravatar.com\\\/avatar\\\/a49ef3186a692098ac3e8a1612261e3ad70cf9e44553dff2929e67939a0ecb9d?s=96&d=identicon&r=g\"},\"description\":\"Periodista \\\/ Locutor\",\"sameAs\":[\"https:\\\/\\\/www.facebook.com\\\/Genofnotes\",\"https:\\\/\\\/www.instagram.com\\\/genofnotes\\\/\"]}]}<\/script>\n<!-- \/ Yoast SEO plugin. -->","yoast_head_json":{"title":"Justicia | Dictan coerci\u00f3n a vicec\u00f3nsul en Hait\u00ed acusado de abuso sexual - Minuto Cero RD","robots":{"index":"index","follow":"follow","max-snippet":"max-snippet:-1","max-image-preview":"max-image-preview:large","max-video-preview":"max-video-preview:-1"},"canonical":"https:\/\/minutocerord.com\/?p=16821","og_locale":"es_ES","og_type":"article","og_title":"Justicia | Dictan coerci\u00f3n a vicec\u00f3nsul en Hait\u00ed acusado de abuso sexual - Minuto Cero RD","og_description":"Santo Domingo. &#8211; La Oficina Judicial de Servicios de Atenci\u00f3n Permanente de la provincia Duarte impuso este lunes medidas de coerci\u00f3n al vicec\u00f3nsul de Rep\u00fablica Dominicana en Hait\u00ed, Rafy Joel Peralta, detenido la semana pasada tras una denuncia sobre un supuesto abuso sexual a un menor de 16 a\u00f1os. Las medidas consisten en una garant\u00eda [&hellip;]","og_url":"https:\/\/minutocerord.com\/?p=16821","og_site_name":"Minuto Cero RD","article_publisher":"https:\/\/www.facebook.com\/Genofnotes","article_author":"https:\/\/www.facebook.com\/Genofnotes","article_published_time":"2024-04-02T16:07:48+00:00","og_image":[{"width":375,"height":240,"url":"https:\/\/i0.wp.com\/minutocerord.com\/wp-content\/uploads\/2024\/04\/Rafy-Joel-Peralta.-444-1.jpg?fit=375%2C240&ssl=1","type":"image\/jpeg"}],"author":"Genof\u00f3ntes Urb\u00e1ez","twitter_card":"summary_large_image","twitter_misc":{"Written by":"Genof\u00f3ntes Urb\u00e1ez","Est. reading time":"1 minuto"},"schema":{"@context":"https:\/\/schema.org","@graph":[{"@type":"Article","@id":"https:\/\/minutocerord.com\/?p=16821#article","isPartOf":{"@id":"https:\/\/minutocerord.com\/?p=16821"},"author":{"name":"Genof\u00f3ntes Urb\u00e1ez","@id":"https:\/\/minutocerord.com\/#\/schema\/person\/60b5372d60aaa0a5171fb6488be9aee6"},"headline":"Justicia | Dictan coerci\u00f3n a vicec\u00f3nsul en Hait\u00ed acusado de abuso sexual","datePublished":"2024-04-02T16:07:48+00:00","mainEntityOfPage":{"@id":"https:\/\/minutocerord.com\/?p=16821"},"wordCount":200,"commentCount":0,"publisher":{"@id":"https:\/\/minutocerord.com\/#\/schema\/person\/60b5372d60aaa0a5171fb6488be9aee6"},"image":{"@id":"https:\/\/minutocerord.com\/?p=16821#primaryimage"},"thumbnailUrl":"https:\/\/i0.wp.com\/minutocerord.com\/wp-content\/uploads\/2024\/04\/Rafy-Joel-Peralta.-444-1.jpg?fit=375%2C240&ssl=1","articleSection":["Justicia"],"inLanguage":"es-DO","potentialAction":[{"@type":"CommentAction","name":"Comment","target":["https:\/\/minutocerord.com\/?p=16821#respond"]}]},{"@type":"WebPage","@id":"https:\/\/minutocerord.com\/?p=16821","url":"https:\/\/minutocerord.com\/?p=16821","name":"Justicia | Dictan coerci\u00f3n a vicec\u00f3nsul en Hait\u00ed acusado de abuso sexual - Minuto Cero RD","isPartOf":{"@id":"https:\/\/minutocerord.com\/#website"},"primaryImageOfPage":{"@id":"https:\/\/minutocerord.com\/?p=16821#primaryimage"},"image":{"@id":"https:\/\/minutocerord.com\/?p=16821#primaryimage"},"thumbnailUrl":"https:\/\/i0.wp.com\/minutocerord.com\/wp-content\/uploads\/2024\/04\/Rafy-Joel-Peralta.-444-1.jpg?fit=375%2C240&ssl=1","datePublished":"2024-04-02T16:07:48+00:00","breadcrumb":{"@id":"https:\/\/minutocerord.com\/?p=16821#breadcrumb"},"inLanguage":"es-DO","potentialAction":[{"@type":"ReadAction","target":["https:\/\/minutocerord.com\/?p=16821"]}]},{"@type":"ImageObject","inLanguage":"es-DO","@id":"https:\/\/minutocerord.com\/?p=16821#primaryimage","url":"https:\/\/i0.wp.com\/minutocerord.com\/wp-content\/uploads\/2024\/04\/Rafy-Joel-Peralta.-444-1.jpg?fit=375%2C240&ssl=1","contentUrl":"https:\/\/i0.wp.com\/minutocerord.com\/wp-content\/uploads\/2024\/04\/Rafy-Joel-Peralta.-444-1.jpg?fit=375%2C240&ssl=1","width":375,"height":240},{"@type":"BreadcrumbList","@id":"https:\/\/minutocerord.com\/?p=16821#breadcrumb","itemListElement":[{"@type":"ListItem","position":1,"name":"Home","item":"https:\/\/minutocerord.com\/"},{"@type":"ListItem","position":2,"name":"Justicia | Dictan coerci\u00f3n a vicec\u00f3nsul en Hait\u00ed acusado de abuso sexual"}]},{"@type":"WebSite","@id":"https:\/\/minutocerord.com\/#website","url":"https:\/\/minutocerord.com\/","name":"Minuto Cero RD","description":"Periodismo serio y veraz","publisher":{"@id":"https:\/\/minutocerord.com\/#\/schema\/person\/60b5372d60aaa0a5171fb6488be9aee6"},"potentialAction":[{"@type":"SearchAction","target":{"@type":"EntryPoint","urlTemplate":"https:\/\/minutocerord.com\/?s={search_term_string}"},"query-input":{"@type":"PropertyValueSpecification","valueRequired":true,"valueName":"search_term_string"}}],"inLanguage":"es-DO"},{"@type":["Person","Organization"],"@id":"https:\/\/minutocerord.com\/#\/schema\/person\/60b5372d60aaa0a5171fb6488be9aee6","name":"Genof\u00f3ntes Urb\u00e1ez","image":{"@type":"ImageObject","inLanguage":"es-DO","@id":"https:\/\/secure.gravatar.com\/avatar\/a49ef3186a692098ac3e8a1612261e3ad70cf9e44553dff2929e67939a0ecb9d?s=96&d=identicon&r=g","url":"https:\/\/secure.gravatar.com\/avatar\/a49ef3186a692098ac3e8a1612261e3ad70cf9e44553dff2929e67939a0ecb9d?s=96&d=identicon&r=g","contentUrl":"https:\/\/secure.gravatar.com\/avatar\/a49ef3186a692098ac3e8a1612261e3ad70cf9e44553dff2929e67939a0ecb9d?s=96&d=identicon&r=g","caption":"Genof\u00f3ntes Urb\u00e1ez"},"logo":{"@id":"https:\/\/secure.gravatar.com\/avatar\/a49ef3186a692098ac3e8a1612261e3ad70cf9e44553dff2929e67939a0ecb9d?s=96&d=identicon&r=g"},"description":"Periodista \/ Locutor","sameAs":["https:\/\/www.facebook.com\/Genofnotes","https:\/\/www.instagram.com\/genofnotes\/"]}]}},"jetpack_publicize_connections":[],"jetpack_featured_media_url":"https:\/\/i0.wp.com\/minutocerord.com\/wp-content\/uploads\/2024\/04\/Rafy-Joel-Peralta.-444-1.jpg?fit=375%2C240&ssl=1","jetpack-related-posts":[],"jetpack_sharing_enabled":true,"_links":{"self":[{"href":"https:\/\/minutocerord.com\/index.php?rest_route=\/wp\/v2\/posts\/16821","targetHints":{"allow":["GET"]}}],"collection":[{"href":"https:\/\/minutocerord.com\/index.php?rest_route=\/wp\/v2\/posts"}],"about":[{"href":"https:\/\/minutocerord.com\/index.php?rest_route=\/wp\/v2\/types\/post"}],"author":[{"embeddable":true,"href":"https:\/\/minutocerord.com\/index.php?rest_route=\/wp\/v2\/users\/1"}],"replies":[{"embeddable":true,"href":"https:\/\/minutocerord.com\/index.php?rest_route=%2Fwp%2Fv2%2Fcomments&post=16821"}],"version-history":[{"count":0,"href":"https:\/\/minutocerord.com\/index.php?rest_route=\/wp\/v2\/posts\/16821\/revisions"}],"wp:featuredmedia":[{"embeddable":true,"href":"https:\/\/minutocerord.com\/index.php?rest_route=\/wp\/v2\/media\/16822"}],"wp:attachment":[{"href":"https:\/\/minutocerord.com\/index.php?rest_route=%2Fwp%2Fv2%2Fmedia&parent=16821"}],"wp:term":[{"taxonomy":"category","embeddable":true,"href":"https:\/\/minutocerord.com\/index.php?rest_route=%2Fwp%2Fv2%2Fcategories&post=16821"},{"taxonomy":"post_tag","embeddable":true,"href":"https:\/\/minutocerord.com\/index.php?rest_route=%2Fwp%2Fv2%2Ftags&post=16821"}],"curies":[{"name":"wp","href":"https:\/\/api.w.org\/{rel}","templated":true}]}}