{"id":16824,"date":"2024-04-02T12:12:33","date_gmt":"2024-04-02T16:12:33","guid":{"rendered":"https:\/\/minutocerord.com\/?p=16824"},"modified":"2024-04-02T12:12:33","modified_gmt":"2024-04-02T16:12:33","slug":"cotui-allanan-residencia-de-ammy-hiraldo-acusada-de-asesinar-a-yennely-hilario-sosa","status":"publish","type":"post","link":"https:\/\/minutocerord.com\/?p=16824","title":{"rendered":"Cotu\u00ed | Allanan residencia de Ammy Hiraldo, acusada de asesinar a Yennely Hilario Sosa"},"content":{"rendered":"\n<p class=\"\"><strong>Cotu\u00ed, RD.-<\/strong> Miembros del Ministerio P\u00fablico y la Polic\u00eda Nacional allanaron la noche de este lunes la vivienda de los padres de Ammy Hiraldo Pe\u00f1a, de 21 a\u00f1os de edad, quien de acuerdo a las autoridades es la principal responsable del asesinato de la joven de 18 a\u00f1os Yennely Andreina Hilario Sosa, el Jueves Santo en Cotu\u00ed, provincia S\u00e1nchez Ram\u00edrez.<\/p>\n\n\n\n<p class=\"\">De acuerdo a informaciones obtenidas, la requisa es parte de la investigaci\u00f3n para determinar el lugar exacto donde ocurrieron los hechos, ya que no se descarta que el crimen tuviera lugar en otro escenario. Adem\u00e1s de buscar evidencias que posteriormente sean aportadas en un juicio de fondo.<\/p>\n\n\n\n<p class=\"\">La residencia est\u00e1 ubicada en el sector Los Multis de Cotu\u00ed, y en la requisa participaron los magistrados Ruth Mar\u00eda Castillo y Rolando V\u00e1squez, quienes encabezan la investigaci\u00f3n; as\u00ed como el teniente coronel Joel Bernad, miembro de la Direcci\u00f3n de Investigaciones Criminales (Dicrim) de Cotu\u00ed.<\/p>\n\n\n\n<p class=\"\">Las autoridades han profundizado las investigaciones a ra\u00edz de la denuncia de los familiares de la v\u00edctima que plantean que, &#8220;hay m\u00e1s personas involucradas en el crimen&#8221;.<\/p>\n","protected":false},"excerpt":{"rendered":"<p>Cotu\u00ed, RD.- Miembros del Ministerio P\u00fablico y la Polic\u00eda Nacional allanaron la noche de este lunes la vivienda de los padres de Ammy Hiraldo Pe\u00f1a, de 21 a\u00f1os de edad, quien de acuerdo a las autoridades es la principal responsable del asesinato de la joven de 18 a\u00f1os Yennely Andreina Hilario Sosa, el Jueves Santo [&hellip;]<\/p>\n","protected":false},"author":1,"featured_media":16825,"comment_status":"open","ping_status":"open","sticky":false,"template":"","format":"standard","meta":{"nf_dc_page":"","jetpack_post_was_ever_published":false,"_jetpack_newsletter_access":"","_jetpack_dont_email_post_to_subs":false,"_jetpack_newsletter_tier_id":0,"_jetpack_memberships_contains_paywalled_content":false,"_jetpack_memberships_contains_paid_content":false,"footnotes":"","jetpack_publicize_message":"","jetpack_publicize_feature_enabled":true,"jetpack_social_post_already_shared":false,"jetpack_social_options":{"image_generator_settings":{"template":"highway","default_image_id":0,"font":"","enabled":false},"version":2}},"categories":[65],"tags":[],"class_list":["post-16824","post","type-post","status-publish","format-standard","has-post-thumbnail","hentry","category-nacionales"],"yoast_head":"<!-- This site is optimized with the Yoast SEO plugin v27.4 - https:\/\/yoast.com\/product\/yoast-seo-wordpress\/ -->\n<title>Cotu\u00ed | Allanan residencia de Ammy Hiraldo, acusada de asesinar a Yennely Hilario Sosa - Minuto Cero RD<\/title>\n<meta name=\"robots\" content=\"index, follow, max-snippet:-1, max-image-preview:large, max-video-preview:-1\" \/>\n<link rel=\"canonical\" href=\"https:\/\/minutocerord.com\/?p=16824\" \/>\n<meta property=\"og:locale\" content=\"es_ES\" \/>\n<meta property=\"og:type\" content=\"article\" \/>\n<meta property=\"og:title\" content=\"Cotu\u00ed | Allanan residencia de Ammy Hiraldo, acusada de asesinar a Yennely Hilario Sosa - Minuto Cero RD\" \/>\n<meta property=\"og:description\" content=\"Cotu\u00ed, RD.- Miembros del Ministerio P\u00fablico y la Polic\u00eda Nacional allanaron la noche de este lunes la vivienda de los padres de Ammy Hiraldo Pe\u00f1a, de 21 a\u00f1os de edad, quien de acuerdo a las autoridades es la principal responsable del asesinato de la joven de 18 a\u00f1os Yennely Andreina Hilario Sosa, el Jueves Santo [&hellip;]\" \/>\n<meta property=\"og:url\" content=\"https:\/\/minutocerord.com\/?p=16824\" \/>\n<meta property=\"og:site_name\" content=\"Minuto Cero RD\" \/>\n<meta property=\"article:publisher\" content=\"https:\/\/www.facebook.com\/Genofnotes\" \/>\n<meta property=\"article:author\" content=\"https:\/\/www.facebook.com\/Genofnotes\" \/>\n<meta property=\"article:published_time\" content=\"2024-04-02T16:12:33+00:00\" \/>\n<meta property=\"og:image\" content=\"https:\/\/i0.wp.com\/minutocerord.com\/wp-content\/uploads\/2024\/04\/432873725_777948360970691_455538975235730424_n-1.jpg?fit=720%2C540&ssl=1\" \/>\n\t<meta property=\"og:image:width\" content=\"720\" \/>\n\t<meta property=\"og:image:height\" content=\"540\" \/>\n\t<meta property=\"og:image:type\" content=\"image\/jpeg\" \/>\n<meta name=\"author\" content=\"Genof\u00f3ntes Urb\u00e1ez\" \/>\n<meta name=\"twitter:card\" content=\"summary_large_image\" \/>\n<meta name=\"twitter:label1\" content=\"Written by\" \/>\n\t<meta name=\"twitter:data1\" content=\"Genof\u00f3ntes Urb\u00e1ez\" \/>\n\t<meta name=\"twitter:label2\" content=\"Est. reading time\" \/>\n\t<meta name=\"twitter:data2\" content=\"1 minuto\" \/>\n<script type=\"application\/ld+json\" class=\"yoast-schema-graph\">{\"@context\":\"https:\\\/\\\/schema.org\",\"@graph\":[{\"@type\":\"Article\",\"@id\":\"https:\\\/\\\/minutocerord.com\\\/?p=16824#article\",\"isPartOf\":{\"@id\":\"https:\\\/\\\/minutocerord.com\\\/?p=16824\"},\"author\":{\"name\":\"Genof\u00f3ntes Urb\u00e1ez\",\"@id\":\"https:\\\/\\\/minutocerord.com\\\/#\\\/schema\\\/person\\\/60b5372d60aaa0a5171fb6488be9aee6\"},\"headline\":\"Cotu\u00ed | Allanan residencia de Ammy Hiraldo, acusada de asesinar a Yennely Hilario Sosa\",\"datePublished\":\"2024-04-02T16:12:33+00:00\",\"mainEntityOfPage\":{\"@id\":\"https:\\\/\\\/minutocerord.com\\\/?p=16824\"},\"wordCount\":207,\"commentCount\":0,\"publisher\":{\"@id\":\"https:\\\/\\\/minutocerord.com\\\/#\\\/schema\\\/person\\\/60b5372d60aaa0a5171fb6488be9aee6\"},\"image\":{\"@id\":\"https:\\\/\\\/minutocerord.com\\\/?p=16824#primaryimage\"},\"thumbnailUrl\":\"https:\\\/\\\/i0.wp.com\\\/minutocerord.com\\\/wp-content\\\/uploads\\\/2024\\\/04\\\/432873725_777948360970691_455538975235730424_n-1.jpg?fit=720%2C540&ssl=1\",\"articleSection\":[\"Nacionales\"],\"inLanguage\":\"es-DO\",\"potentialAction\":[{\"@type\":\"CommentAction\",\"name\":\"Comment\",\"target\":[\"https:\\\/\\\/minutocerord.com\\\/?p=16824#respond\"]}]},{\"@type\":\"WebPage\",\"@id\":\"https:\\\/\\\/minutocerord.com\\\/?p=16824\",\"url\":\"https:\\\/\\\/minutocerord.com\\\/?p=16824\",\"name\":\"Cotu\u00ed | Allanan residencia de Ammy Hiraldo, acusada de asesinar a Yennely Hilario Sosa - Minuto Cero RD\",\"isPartOf\":{\"@id\":\"https:\\\/\\\/minutocerord.com\\\/#website\"},\"primaryImageOfPage\":{\"@id\":\"https:\\\/\\\/minutocerord.com\\\/?p=16824#primaryimage\"},\"image\":{\"@id\":\"https:\\\/\\\/minutocerord.com\\\/?p=16824#primaryimage\"},\"thumbnailUrl\":\"https:\\\/\\\/i0.wp.com\\\/minutocerord.com\\\/wp-content\\\/uploads\\\/2024\\\/04\\\/432873725_777948360970691_455538975235730424_n-1.jpg?fit=720%2C540&ssl=1\",\"datePublished\":\"2024-04-02T16:12:33+00:00\",\"breadcrumb\":{\"@id\":\"https:\\\/\\\/minutocerord.com\\\/?p=16824#breadcrumb\"},\"inLanguage\":\"es-DO\",\"potentialAction\":[{\"@type\":\"ReadAction\",\"target\":[\"https:\\\/\\\/minutocerord.com\\\/?p=16824\"]}]},{\"@type\":\"ImageObject\",\"inLanguage\":\"es-DO\",\"@id\":\"https:\\\/\\\/minutocerord.com\\\/?p=16824#primaryimage\",\"url\":\"https:\\\/\\\/i0.wp.com\\\/minutocerord.com\\\/wp-content\\\/uploads\\\/2024\\\/04\\\/432873725_777948360970691_455538975235730424_n-1.jpg?fit=720%2C540&ssl=1\",\"contentUrl\":\"https:\\\/\\\/i0.wp.com\\\/minutocerord.com\\\/wp-content\\\/uploads\\\/2024\\\/04\\\/432873725_777948360970691_455538975235730424_n-1.jpg?fit=720%2C540&ssl=1\",\"width\":720,\"height\":540},{\"@type\":\"BreadcrumbList\",\"@id\":\"https:\\\/\\\/minutocerord.com\\\/?p=16824#breadcrumb\",\"itemListElement\":[{\"@type\":\"ListItem\",\"position\":1,\"name\":\"Home\",\"item\":\"https:\\\/\\\/minutocerord.com\\\/\"},{\"@type\":\"ListItem\",\"position\":2,\"name\":\"Cotu\u00ed | Allanan residencia de Ammy Hiraldo, acusada de asesinar a Yennely Hilario Sosa\"}]},{\"@type\":\"WebSite\",\"@id\":\"https:\\\/\\\/minutocerord.com\\\/#website\",\"url\":\"https:\\\/\\\/minutocerord.com\\\/\",\"name\":\"Minuto Cero RD\",\"description\":\"Periodismo serio y veraz\",\"publisher\":{\"@id\":\"https:\\\/\\\/minutocerord.com\\\/#\\\/schema\\\/person\\\/60b5372d60aaa0a5171fb6488be9aee6\"},\"potentialAction\":[{\"@type\":\"SearchAction\",\"target\":{\"@type\":\"EntryPoint\",\"urlTemplate\":\"https:\\\/\\\/minutocerord.com\\\/?s={search_term_string}\"},\"query-input\":{\"@type\":\"PropertyValueSpecification\",\"valueRequired\":true,\"valueName\":\"search_term_string\"}}],\"inLanguage\":\"es-DO\"},{\"@type\":[\"Person\",\"Organization\"],\"@id\":\"https:\\\/\\\/minutocerord.com\\\/#\\\/schema\\\/person\\\/60b5372d60aaa0a5171fb6488be9aee6\",\"name\":\"Genof\u00f3ntes Urb\u00e1ez\",\"image\":{\"@type\":\"ImageObject\",\"inLanguage\":\"es-DO\",\"@id\":\"https:\\\/\\\/secure.gravatar.com\\\/avatar\\\/a49ef3186a692098ac3e8a1612261e3ad70cf9e44553dff2929e67939a0ecb9d?s=96&d=identicon&r=g\",\"url\":\"https:\\\/\\\/secure.gravatar.com\\\/avatar\\\/a49ef3186a692098ac3e8a1612261e3ad70cf9e44553dff2929e67939a0ecb9d?s=96&d=identicon&r=g\",\"contentUrl\":\"https:\\\/\\\/secure.gravatar.com\\\/avatar\\\/a49ef3186a692098ac3e8a1612261e3ad70cf9e44553dff2929e67939a0ecb9d?s=96&d=identicon&r=g\",\"caption\":\"Genof\u00f3ntes Urb\u00e1ez\"},\"logo\":{\"@id\":\"https:\\\/\\\/secure.gravatar.com\\\/avatar\\\/a49ef3186a692098ac3e8a1612261e3ad70cf9e44553dff2929e67939a0ecb9d?s=96&d=identicon&r=g\"},\"description\":\"Periodista \\\/ Locutor\",\"sameAs\":[\"https:\\\/\\\/www.facebook.com\\\/Genofnotes\",\"https:\\\/\\\/www.instagram.com\\\/genofnotes\\\/\"]}]}<\/script>\n<!-- \/ Yoast SEO plugin. -->","yoast_head_json":{"title":"Cotu\u00ed | Allanan residencia de Ammy Hiraldo, acusada de asesinar a Yennely Hilario Sosa - Minuto Cero RD","robots":{"index":"index","follow":"follow","max-snippet":"max-snippet:-1","max-image-preview":"max-image-preview:large","max-video-preview":"max-video-preview:-1"},"canonical":"https:\/\/minutocerord.com\/?p=16824","og_locale":"es_ES","og_type":"article","og_title":"Cotu\u00ed | Allanan residencia de Ammy Hiraldo, acusada de asesinar a Yennely Hilario Sosa - Minuto Cero RD","og_description":"Cotu\u00ed, RD.- Miembros del Ministerio P\u00fablico y la Polic\u00eda Nacional allanaron la noche de este lunes la vivienda de los padres de Ammy Hiraldo Pe\u00f1a, de 21 a\u00f1os de edad, quien de acuerdo a las autoridades es la principal responsable del asesinato de la joven de 18 a\u00f1os Yennely Andreina Hilario Sosa, el Jueves Santo [&hellip;]","og_url":"https:\/\/minutocerord.com\/?p=16824","og_site_name":"Minuto Cero RD","article_publisher":"https:\/\/www.facebook.com\/Genofnotes","article_author":"https:\/\/www.facebook.com\/Genofnotes","article_published_time":"2024-04-02T16:12:33+00:00","og_image":[{"width":720,"height":540,"url":"https:\/\/i0.wp.com\/minutocerord.com\/wp-content\/uploads\/2024\/04\/432873725_777948360970691_455538975235730424_n-1.jpg?fit=720%2C540&ssl=1","type":"image\/jpeg"}],"author":"Genof\u00f3ntes Urb\u00e1ez","twitter_card":"summary_large_image","twitter_misc":{"Written by":"Genof\u00f3ntes Urb\u00e1ez","Est. reading time":"1 minuto"},"schema":{"@context":"https:\/\/schema.org","@graph":[{"@type":"Article","@id":"https:\/\/minutocerord.com\/?p=16824#article","isPartOf":{"@id":"https:\/\/minutocerord.com\/?p=16824"},"author":{"name":"Genof\u00f3ntes Urb\u00e1ez","@id":"https:\/\/minutocerord.com\/#\/schema\/person\/60b5372d60aaa0a5171fb6488be9aee6"},"headline":"Cotu\u00ed | Allanan residencia de Ammy Hiraldo, acusada de asesinar a Yennely Hilario Sosa","datePublished":"2024-04-02T16:12:33+00:00","mainEntityOfPage":{"@id":"https:\/\/minutocerord.com\/?p=16824"},"wordCount":207,"commentCount":0,"publisher":{"@id":"https:\/\/minutocerord.com\/#\/schema\/person\/60b5372d60aaa0a5171fb6488be9aee6"},"image":{"@id":"https:\/\/minutocerord.com\/?p=16824#primaryimage"},"thumbnailUrl":"https:\/\/i0.wp.com\/minutocerord.com\/wp-content\/uploads\/2024\/04\/432873725_777948360970691_455538975235730424_n-1.jpg?fit=720%2C540&ssl=1","articleSection":["Nacionales"],"inLanguage":"es-DO","potentialAction":[{"@type":"CommentAction","name":"Comment","target":["https:\/\/minutocerord.com\/?p=16824#respond"]}]},{"@type":"WebPage","@id":"https:\/\/minutocerord.com\/?p=16824","url":"https:\/\/minutocerord.com\/?p=16824","name":"Cotu\u00ed | Allanan residencia de Ammy Hiraldo, acusada de asesinar a Yennely Hilario Sosa - Minuto Cero RD","isPartOf":{"@id":"https:\/\/minutocerord.com\/#website"},"primaryImageOfPage":{"@id":"https:\/\/minutocerord.com\/?p=16824#primaryimage"},"image":{"@id":"https:\/\/minutocerord.com\/?p=16824#primaryimage"},"thumbnailUrl":"https:\/\/i0.wp.com\/minutocerord.com\/wp-content\/uploads\/2024\/04\/432873725_777948360970691_455538975235730424_n-1.jpg?fit=720%2C540&ssl=1","datePublished":"2024-04-02T16:12:33+00:00","breadcrumb":{"@id":"https:\/\/minutocerord.com\/?p=16824#breadcrumb"},"inLanguage":"es-DO","potentialAction":[{"@type":"ReadAction","target":["https:\/\/minutocerord.com\/?p=16824"]}]},{"@type":"ImageObject","inLanguage":"es-DO","@id":"https:\/\/minutocerord.com\/?p=16824#primaryimage","url":"https:\/\/i0.wp.com\/minutocerord.com\/wp-content\/uploads\/2024\/04\/432873725_777948360970691_455538975235730424_n-1.jpg?fit=720%2C540&ssl=1","contentUrl":"https:\/\/i0.wp.com\/minutocerord.com\/wp-content\/uploads\/2024\/04\/432873725_777948360970691_455538975235730424_n-1.jpg?fit=720%2C540&ssl=1","width":720,"height":540},{"@type":"BreadcrumbList","@id":"https:\/\/minutocerord.com\/?p=16824#breadcrumb","itemListElement":[{"@type":"ListItem","position":1,"name":"Home","item":"https:\/\/minutocerord.com\/"},{"@type":"ListItem","position":2,"name":"Cotu\u00ed | Allanan residencia de Ammy Hiraldo, acusada de asesinar a Yennely Hilario Sosa"}]},{"@type":"WebSite","@id":"https:\/\/minutocerord.com\/#website","url":"https:\/\/minutocerord.com\/","name":"Minuto Cero RD","description":"Periodismo serio y veraz","publisher":{"@id":"https:\/\/minutocerord.com\/#\/schema\/person\/60b5372d60aaa0a5171fb6488be9aee6"},"potentialAction":[{"@type":"SearchAction","target":{"@type":"EntryPoint","urlTemplate":"https:\/\/minutocerord.com\/?s={search_term_string}"},"query-input":{"@type":"PropertyValueSpecification","valueRequired":true,"valueName":"search_term_string"}}],"inLanguage":"es-DO"},{"@type":["Person","Organization"],"@id":"https:\/\/minutocerord.com\/#\/schema\/person\/60b5372d60aaa0a5171fb6488be9aee6","name":"Genof\u00f3ntes Urb\u00e1ez","image":{"@type":"ImageObject","inLanguage":"es-DO","@id":"https:\/\/secure.gravatar.com\/avatar\/a49ef3186a692098ac3e8a1612261e3ad70cf9e44553dff2929e67939a0ecb9d?s=96&d=identicon&r=g","url":"https:\/\/secure.gravatar.com\/avatar\/a49ef3186a692098ac3e8a1612261e3ad70cf9e44553dff2929e67939a0ecb9d?s=96&d=identicon&r=g","contentUrl":"https:\/\/secure.gravatar.com\/avatar\/a49ef3186a692098ac3e8a1612261e3ad70cf9e44553dff2929e67939a0ecb9d?s=96&d=identicon&r=g","caption":"Genof\u00f3ntes Urb\u00e1ez"},"logo":{"@id":"https:\/\/secure.gravatar.com\/avatar\/a49ef3186a692098ac3e8a1612261e3ad70cf9e44553dff2929e67939a0ecb9d?s=96&d=identicon&r=g"},"description":"Periodista \/ Locutor","sameAs":["https:\/\/www.facebook.com\/Genofnotes","https:\/\/www.instagram.com\/genofnotes\/"]}]}},"jetpack_publicize_connections":[],"jetpack_featured_media_url":"https:\/\/i0.wp.com\/minutocerord.com\/wp-content\/uploads\/2024\/04\/432873725_777948360970691_455538975235730424_n-1.jpg?fit=720%2C540&ssl=1","jetpack-related-posts":[],"jetpack_sharing_enabled":true,"_links":{"self":[{"href":"https:\/\/minutocerord.com\/index.php?rest_route=\/wp\/v2\/posts\/16824","targetHints":{"allow":["GET"]}}],"collection":[{"href":"https:\/\/minutocerord.com\/index.php?rest_route=\/wp\/v2\/posts"}],"about":[{"href":"https:\/\/minutocerord.com\/index.php?rest_route=\/wp\/v2\/types\/post"}],"author":[{"embeddable":true,"href":"https:\/\/minutocerord.com\/index.php?rest_route=\/wp\/v2\/users\/1"}],"replies":[{"embeddable":true,"href":"https:\/\/minutocerord.com\/index.php?rest_route=%2Fwp%2Fv2%2Fcomments&post=16824"}],"version-history":[{"count":0,"href":"https:\/\/minutocerord.com\/index.php?rest_route=\/wp\/v2\/posts\/16824\/revisions"}],"wp:featuredmedia":[{"embeddable":true,"href":"https:\/\/minutocerord.com\/index.php?rest_route=\/wp\/v2\/media\/16825"}],"wp:attachment":[{"href":"https:\/\/minutocerord.com\/index.php?rest_route=%2Fwp%2Fv2%2Fmedia&parent=16824"}],"wp:term":[{"taxonomy":"category","embeddable":true,"href":"https:\/\/minutocerord.com\/index.php?rest_route=%2Fwp%2Fv2%2Fcategories&post=16824"},{"taxonomy":"post_tag","embeddable":true,"href":"https:\/\/minutocerord.com\/index.php?rest_route=%2Fwp%2Fv2%2Ftags&post=16824"}],"curies":[{"name":"wp","href":"https:\/\/api.w.org\/{rel}","templated":true}]}}