{"id":17086,"date":"2024-05-21T17:35:50","date_gmt":"2024-05-21T21:35:50","guid":{"rendered":"https:\/\/minutocerord.com\/?p=17086"},"modified":"2024-05-21T17:36:51","modified_gmt":"2024-05-21T21:36:51","slug":"politika-dirigentes-se-pronuncian-por-baja-votacion-alcanzada-por-pld","status":"publish","type":"post","link":"https:\/\/minutocerord.com\/?p=17086","title":{"rendered":"Pol\u00edtica | Dirigentes se pronuncian por baja votaci\u00f3n alcanzada por PLD"},"content":{"rendered":"\n<p class=\"\"><a href=\"https:\/\/almomento.net\/wp-content\/uploads\/2024\/05\/Jose-Tomas-Perez-Francisco-Dominguez-Brito-y-Jose-Tomas-Perez.jpg\"><\/a><strong>SANTO DOMINGO.- <\/strong>Han comenzado los cuestionamientos p\u00fablicos a lo interno del otrora poderoso Partido de la Liberaci\u00f3n Dominicana (PLD), motivados por el escaso apoyo que esta entidad pol\u00edtica logr\u00f3 en las dos \u00faltimas elecciones municipales y en las presidenciales y congresuales.<\/p>\n\n\n\n<p class=\"\">Este martes dirigentes de alto nivel hicieron en\u00e9rgicos pronunciamientos mediante los cuales analizan la situaci\u00f3n y perspectivas de este partido.<\/p>\n\n\n\n<p class=\"\"><strong>JOS\u00c9 TOM\u00c1S PEREZ<\/strong><\/p>\n\n\n\n<p class=\"\">El m\u00e1s reciente de ellos ha provenido del&nbsp;<strong>ex secretario general de esta organizaci\u00f3n Jos\u00e9 Tom\u00e1s P\u00e9rez,<\/strong>&nbsp;quien ha dicho a trav\u00e9s de la red social X que est\u00e1 muy apenado por el declive de esta organizaci\u00f3n pol\u00edtica.<\/p>\n\n\n\n<p class=\"\">\u201cMuy apenado ver como el PLD, el constructor de la moderna Rep\u00fablica Dominicana, pasa a convertirse en partido minoritario, entrando en la peligrosa curva de la anunciada extinci\u00f3n\u201d, indic\u00f3.<\/p>\n\n\n\n<p class=\"\">P\u00e9rez es un educador, pol\u00edtico y escritor miembro del Comit\u00e9 Central y precandidato presidencial del PLD, embajador de la Rep\u00fablica Dominicana en Washington y funcionario de distintas instituciones p\u00fablicas entre ellas la Corporaci\u00f3n de Fomento Industrial (CFI, actualmente PROINDUSTRIA) en el per\u00edodo 1996-2000, Secretario de Estado y Director del Instituto Dominicano de Aviaci\u00f3n Civil (IDAC).<\/p>\n\n\n\n<p class=\"\"><strong>FRANCISCO DOM\u00cdNGUEZ BRITO<\/strong><\/p>\n\n\n\n<p class=\"\"><strong>Francisco Dom\u00ednguez Brito, miembro del Comit\u00e9 Pol\u00edtico del PLD,&nbsp;<\/strong>dijo sin embargo que &nbsp;los resultados obtenidos por este partido no significan su desaparici\u00f3n.<\/p>\n\n\n\n<p class=\"\">\u201cLo vivido no significa la muerte de la instituci\u00f3n\u201d, escribi\u00f3 en X, antigua twitter, donde agreg\u00f3 que en momentos como los actuales&nbsp; es que \u201cdebemos llenarnos de coraje y valor, obteniendo en muchos de ellos los mejores resultados y haciendo grandes transformaciones\u201d.<\/p>\n\n\n\n<p class=\"\">Subray\u00f3 que el PLD est\u00e1 compuesto por grandes mujeres y hombres honestos y capaces de hacer importantes aportes al Partido y al pa\u00eds.<\/p>\n\n\n\n<p class=\"\">Asegur\u00f3 que el partido morado y la estrella amarilla se reencontrar\u00e1 con el pueblo y que en ese sentido sus miembros trabajar\u00e1n, previo a un an\u00e1lisis profundo.<\/p>\n\n\n\n<p class=\"\"><strong>MARGARITA CEDE\u00d1O&nbsp;<\/strong><\/p>\n\n\n\n<p class=\"\"><strong>La ex vicepresidenta de la Rep\u00fablica, Margarita Cede\u00f1o<\/strong>,&nbsp; puso \u00e9nfasis en un art\u00edculo period\u00edstico en lo relativo a la abstenci\u00f3n electoral, la cual estuvo en cerca de un 50%.<\/p>\n\n\n\n<p class=\"\">A su juicio, este fen\u00f3meno&nbsp; &nbsp;ha dejado una brecha abierta para la entrada al escenario pol\u00edtico de los llamados \u00aboutsiders\u00bb o personas de posiciones extremistas, como&nbsp; ha ocurrido en pa\u00edses de la regi\u00f3n.<\/p>\n\n\n\n<p class=\"\">A su juicio, se debe abrir una amplia discusi\u00f3n sobre las medidas a tomar para fomentar el inter\u00e9s y la implicaci\u00f3n de los ciudadanos en la vida pol\u00edtica, comenzando con la educaci\u00f3n c\u00edvica para ense\u00f1ar a los j\u00f3venes la importancia de su voto y c\u00f3mo funciona el sistema democr\u00e1tico.<\/p>\n\n\n\n<p class=\"\">Dijo que la abstenci\u00f3n no solo reduce la legitimidad de los resultados electorales, sino tambi\u00e9n puede indicar un problema m\u00e1s profundo de desconexi\u00f3n entre los ciudadanos y sus representantes.<\/p>\n\n\n\n<p class=\"\">En su art\u00edculo Margarita Cede\u00f1o cita la desinformaci\u00f3n como uno de los peligros de la democracia,&nbsp; pues \u201clas noticias falsas y la manipulaci\u00f3n de la informaci\u00f3n pueden influir en la opini\u00f3n p\u00fablica y en las decisiones de los votantes, socavando la integridad de los procesos electorales\u00bb.<\/p>\n\n\n\n<p class=\"\">Y sobre el financiamiento de las campa\u00f1as electorales la integrante del Comit\u00e9 Pol\u00edtico del PLD considera necesario resolver las brechas estructurales que se han ido profundizando y consolidando a trav\u00e9s del tiempo y los diferentes procesos.<\/p>\n","protected":false},"excerpt":{"rendered":"<p>SANTO DOMINGO.- Han comenzado los cuestionamientos p\u00fablicos a lo interno del otrora poderoso Partido de la Liberaci\u00f3n Dominicana (PLD), motivados por el escaso apoyo que esta entidad pol\u00edtica logr\u00f3 en las dos \u00faltimas elecciones municipales y en las presidenciales y congresuales. Este martes dirigentes de alto nivel hicieron en\u00e9rgicos pronunciamientos mediante los cuales analizan la [&hellip;]<\/p>\n","protected":false},"author":1,"featured_media":17087,"comment_status":"open","ping_status":"open","sticky":false,"template":"","format":"standard","meta":{"nf_dc_page":"","jetpack_post_was_ever_published":false,"_jetpack_newsletter_access":"","_jetpack_dont_email_post_to_subs":false,"_jetpack_newsletter_tier_id":0,"_jetpack_memberships_contains_paywalled_content":false,"_jetpack_memberships_contains_paid_content":false,"footnotes":"","jetpack_publicize_message":"","jetpack_publicize_feature_enabled":true,"jetpack_social_post_already_shared":true,"jetpack_social_options":{"image_generator_settings":{"template":"highway","default_image_id":0,"font":"","enabled":false},"version":2}},"categories":[70],"tags":[],"class_list":["post-17086","post","type-post","status-publish","format-standard","has-post-thumbnail","hentry","category-politica"],"yoast_head":"<!-- This site is optimized with the Yoast SEO plugin v27.4 - https:\/\/yoast.com\/product\/yoast-seo-wordpress\/ -->\n<title>Pol\u00edtica | Dirigentes se pronuncian por baja votaci\u00f3n alcanzada por PLD - Minuto Cero RD<\/title>\n<meta name=\"robots\" content=\"index, follow, max-snippet:-1, max-image-preview:large, max-video-preview:-1\" \/>\n<link rel=\"canonical\" href=\"https:\/\/minutocerord.com\/?p=17086\" \/>\n<meta property=\"og:locale\" content=\"es_ES\" \/>\n<meta property=\"og:type\" content=\"article\" \/>\n<meta property=\"og:title\" content=\"Pol\u00edtica | Dirigentes se pronuncian por baja votaci\u00f3n alcanzada por PLD - Minuto Cero RD\" \/>\n<meta property=\"og:description\" content=\"SANTO DOMINGO.- Han comenzado los cuestionamientos p\u00fablicos a lo interno del otrora poderoso Partido de la Liberaci\u00f3n Dominicana (PLD), motivados por el escaso apoyo que esta entidad pol\u00edtica logr\u00f3 en las dos \u00faltimas elecciones municipales y en las presidenciales y congresuales. Este martes dirigentes de alto nivel hicieron en\u00e9rgicos pronunciamientos mediante los cuales analizan la [&hellip;]\" \/>\n<meta property=\"og:url\" content=\"https:\/\/minutocerord.com\/?p=17086\" \/>\n<meta property=\"og:site_name\" content=\"Minuto Cero RD\" \/>\n<meta property=\"article:publisher\" content=\"https:\/\/www.facebook.com\/Genofnotes\" \/>\n<meta property=\"article:author\" content=\"https:\/\/www.facebook.com\/Genofnotes\" \/>\n<meta property=\"article:published_time\" content=\"2024-05-21T21:35:50+00:00\" \/>\n<meta property=\"article:modified_time\" content=\"2024-05-21T21:36:51+00:00\" \/>\n<meta property=\"og:image\" content=\"https:\/\/i0.wp.com\/minutocerord.com\/wp-content\/uploads\/2024\/05\/Jose-Tomas-Perez-Francisco-Dominguez-Brito-y-Jose-Tomas-Perez-1.jpg?fit=692%2C359&ssl=1\" \/>\n\t<meta property=\"og:image:width\" content=\"692\" \/>\n\t<meta property=\"og:image:height\" content=\"359\" \/>\n\t<meta property=\"og:image:type\" content=\"image\/jpeg\" \/>\n<meta name=\"author\" content=\"Genof\u00f3ntes Urb\u00e1ez\" \/>\n<meta name=\"twitter:card\" content=\"summary_large_image\" \/>\n<meta name=\"twitter:label1\" content=\"Written by\" \/>\n\t<meta name=\"twitter:data1\" content=\"Genof\u00f3ntes Urb\u00e1ez\" \/>\n\t<meta name=\"twitter:label2\" content=\"Est. reading time\" \/>\n\t<meta name=\"twitter:data2\" content=\"3 minutos\" \/>\n<script type=\"application\/ld+json\" class=\"yoast-schema-graph\">{\"@context\":\"https:\\\/\\\/schema.org\",\"@graph\":[{\"@type\":\"Article\",\"@id\":\"https:\\\/\\\/minutocerord.com\\\/?p=17086#article\",\"isPartOf\":{\"@id\":\"https:\\\/\\\/minutocerord.com\\\/?p=17086\"},\"author\":{\"name\":\"Genof\u00f3ntes Urb\u00e1ez\",\"@id\":\"https:\\\/\\\/minutocerord.com\\\/#\\\/schema\\\/person\\\/60b5372d60aaa0a5171fb6488be9aee6\"},\"headline\":\"Pol\u00edtica | Dirigentes se pronuncian por baja votaci\u00f3n alcanzada por PLD\",\"datePublished\":\"2024-05-21T21:35:50+00:00\",\"dateModified\":\"2024-05-21T21:36:51+00:00\",\"mainEntityOfPage\":{\"@id\":\"https:\\\/\\\/minutocerord.com\\\/?p=17086\"},\"wordCount\":615,\"commentCount\":0,\"publisher\":{\"@id\":\"https:\\\/\\\/minutocerord.com\\\/#\\\/schema\\\/person\\\/60b5372d60aaa0a5171fb6488be9aee6\"},\"image\":{\"@id\":\"https:\\\/\\\/minutocerord.com\\\/?p=17086#primaryimage\"},\"thumbnailUrl\":\"https:\\\/\\\/i0.wp.com\\\/minutocerord.com\\\/wp-content\\\/uploads\\\/2024\\\/05\\\/Jose-Tomas-Perez-Francisco-Dominguez-Brito-y-Jose-Tomas-Perez-1.jpg?fit=692%2C359&ssl=1\",\"articleSection\":[\"Pol\u00edtica\"],\"inLanguage\":\"es-DO\",\"potentialAction\":[{\"@type\":\"CommentAction\",\"name\":\"Comment\",\"target\":[\"https:\\\/\\\/minutocerord.com\\\/?p=17086#respond\"]}]},{\"@type\":\"WebPage\",\"@id\":\"https:\\\/\\\/minutocerord.com\\\/?p=17086\",\"url\":\"https:\\\/\\\/minutocerord.com\\\/?p=17086\",\"name\":\"Pol\u00edtica | Dirigentes se pronuncian por baja votaci\u00f3n alcanzada por PLD - Minuto Cero RD\",\"isPartOf\":{\"@id\":\"https:\\\/\\\/minutocerord.com\\\/#website\"},\"primaryImageOfPage\":{\"@id\":\"https:\\\/\\\/minutocerord.com\\\/?p=17086#primaryimage\"},\"image\":{\"@id\":\"https:\\\/\\\/minutocerord.com\\\/?p=17086#primaryimage\"},\"thumbnailUrl\":\"https:\\\/\\\/i0.wp.com\\\/minutocerord.com\\\/wp-content\\\/uploads\\\/2024\\\/05\\\/Jose-Tomas-Perez-Francisco-Dominguez-Brito-y-Jose-Tomas-Perez-1.jpg?fit=692%2C359&ssl=1\",\"datePublished\":\"2024-05-21T21:35:50+00:00\",\"dateModified\":\"2024-05-21T21:36:51+00:00\",\"breadcrumb\":{\"@id\":\"https:\\\/\\\/minutocerord.com\\\/?p=17086#breadcrumb\"},\"inLanguage\":\"es-DO\",\"potentialAction\":[{\"@type\":\"ReadAction\",\"target\":[\"https:\\\/\\\/minutocerord.com\\\/?p=17086\"]}]},{\"@type\":\"ImageObject\",\"inLanguage\":\"es-DO\",\"@id\":\"https:\\\/\\\/minutocerord.com\\\/?p=17086#primaryimage\",\"url\":\"https:\\\/\\\/i0.wp.com\\\/minutocerord.com\\\/wp-content\\\/uploads\\\/2024\\\/05\\\/Jose-Tomas-Perez-Francisco-Dominguez-Brito-y-Jose-Tomas-Perez-1.jpg?fit=692%2C359&ssl=1\",\"contentUrl\":\"https:\\\/\\\/i0.wp.com\\\/minutocerord.com\\\/wp-content\\\/uploads\\\/2024\\\/05\\\/Jose-Tomas-Perez-Francisco-Dominguez-Brito-y-Jose-Tomas-Perez-1.jpg?fit=692%2C359&ssl=1\",\"width\":692,\"height\":359},{\"@type\":\"BreadcrumbList\",\"@id\":\"https:\\\/\\\/minutocerord.com\\\/?p=17086#breadcrumb\",\"itemListElement\":[{\"@type\":\"ListItem\",\"position\":1,\"name\":\"Home\",\"item\":\"https:\\\/\\\/minutocerord.com\\\/\"},{\"@type\":\"ListItem\",\"position\":2,\"name\":\"Pol\u00edtica | Dirigentes se pronuncian por baja votaci\u00f3n alcanzada por PLD\"}]},{\"@type\":\"WebSite\",\"@id\":\"https:\\\/\\\/minutocerord.com\\\/#website\",\"url\":\"https:\\\/\\\/minutocerord.com\\\/\",\"name\":\"Minuto Cero RD\",\"description\":\"Periodismo serio y veraz\",\"publisher\":{\"@id\":\"https:\\\/\\\/minutocerord.com\\\/#\\\/schema\\\/person\\\/60b5372d60aaa0a5171fb6488be9aee6\"},\"potentialAction\":[{\"@type\":\"SearchAction\",\"target\":{\"@type\":\"EntryPoint\",\"urlTemplate\":\"https:\\\/\\\/minutocerord.com\\\/?s={search_term_string}\"},\"query-input\":{\"@type\":\"PropertyValueSpecification\",\"valueRequired\":true,\"valueName\":\"search_term_string\"}}],\"inLanguage\":\"es-DO\"},{\"@type\":[\"Person\",\"Organization\"],\"@id\":\"https:\\\/\\\/minutocerord.com\\\/#\\\/schema\\\/person\\\/60b5372d60aaa0a5171fb6488be9aee6\",\"name\":\"Genof\u00f3ntes Urb\u00e1ez\",\"image\":{\"@type\":\"ImageObject\",\"inLanguage\":\"es-DO\",\"@id\":\"https:\\\/\\\/secure.gravatar.com\\\/avatar\\\/a49ef3186a692098ac3e8a1612261e3ad70cf9e44553dff2929e67939a0ecb9d?s=96&d=identicon&r=g\",\"url\":\"https:\\\/\\\/secure.gravatar.com\\\/avatar\\\/a49ef3186a692098ac3e8a1612261e3ad70cf9e44553dff2929e67939a0ecb9d?s=96&d=identicon&r=g\",\"contentUrl\":\"https:\\\/\\\/secure.gravatar.com\\\/avatar\\\/a49ef3186a692098ac3e8a1612261e3ad70cf9e44553dff2929e67939a0ecb9d?s=96&d=identicon&r=g\",\"caption\":\"Genof\u00f3ntes Urb\u00e1ez\"},\"logo\":{\"@id\":\"https:\\\/\\\/secure.gravatar.com\\\/avatar\\\/a49ef3186a692098ac3e8a1612261e3ad70cf9e44553dff2929e67939a0ecb9d?s=96&d=identicon&r=g\"},\"description\":\"Periodista \\\/ Locutor\",\"sameAs\":[\"https:\\\/\\\/www.facebook.com\\\/Genofnotes\",\"https:\\\/\\\/www.instagram.com\\\/genofnotes\\\/\"]}]}<\/script>\n<!-- \/ Yoast SEO plugin. -->","yoast_head_json":{"title":"Pol\u00edtica | Dirigentes se pronuncian por baja votaci\u00f3n alcanzada por PLD - Minuto Cero RD","robots":{"index":"index","follow":"follow","max-snippet":"max-snippet:-1","max-image-preview":"max-image-preview:large","max-video-preview":"max-video-preview:-1"},"canonical":"https:\/\/minutocerord.com\/?p=17086","og_locale":"es_ES","og_type":"article","og_title":"Pol\u00edtica | Dirigentes se pronuncian por baja votaci\u00f3n alcanzada por PLD - Minuto Cero RD","og_description":"SANTO DOMINGO.- Han comenzado los cuestionamientos p\u00fablicos a lo interno del otrora poderoso Partido de la Liberaci\u00f3n Dominicana (PLD), motivados por el escaso apoyo que esta entidad pol\u00edtica logr\u00f3 en las dos \u00faltimas elecciones municipales y en las presidenciales y congresuales. Este martes dirigentes de alto nivel hicieron en\u00e9rgicos pronunciamientos mediante los cuales analizan la [&hellip;]","og_url":"https:\/\/minutocerord.com\/?p=17086","og_site_name":"Minuto Cero RD","article_publisher":"https:\/\/www.facebook.com\/Genofnotes","article_author":"https:\/\/www.facebook.com\/Genofnotes","article_published_time":"2024-05-21T21:35:50+00:00","article_modified_time":"2024-05-21T21:36:51+00:00","og_image":[{"width":692,"height":359,"url":"https:\/\/i0.wp.com\/minutocerord.com\/wp-content\/uploads\/2024\/05\/Jose-Tomas-Perez-Francisco-Dominguez-Brito-y-Jose-Tomas-Perez-1.jpg?fit=692%2C359&ssl=1","type":"image\/jpeg"}],"author":"Genof\u00f3ntes Urb\u00e1ez","twitter_card":"summary_large_image","twitter_misc":{"Written by":"Genof\u00f3ntes Urb\u00e1ez","Est. reading time":"3 minutos"},"schema":{"@context":"https:\/\/schema.org","@graph":[{"@type":"Article","@id":"https:\/\/minutocerord.com\/?p=17086#article","isPartOf":{"@id":"https:\/\/minutocerord.com\/?p=17086"},"author":{"name":"Genof\u00f3ntes Urb\u00e1ez","@id":"https:\/\/minutocerord.com\/#\/schema\/person\/60b5372d60aaa0a5171fb6488be9aee6"},"headline":"Pol\u00edtica | Dirigentes se pronuncian por baja votaci\u00f3n alcanzada por PLD","datePublished":"2024-05-21T21:35:50+00:00","dateModified":"2024-05-21T21:36:51+00:00","mainEntityOfPage":{"@id":"https:\/\/minutocerord.com\/?p=17086"},"wordCount":615,"commentCount":0,"publisher":{"@id":"https:\/\/minutocerord.com\/#\/schema\/person\/60b5372d60aaa0a5171fb6488be9aee6"},"image":{"@id":"https:\/\/minutocerord.com\/?p=17086#primaryimage"},"thumbnailUrl":"https:\/\/i0.wp.com\/minutocerord.com\/wp-content\/uploads\/2024\/05\/Jose-Tomas-Perez-Francisco-Dominguez-Brito-y-Jose-Tomas-Perez-1.jpg?fit=692%2C359&ssl=1","articleSection":["Pol\u00edtica"],"inLanguage":"es-DO","potentialAction":[{"@type":"CommentAction","name":"Comment","target":["https:\/\/minutocerord.com\/?p=17086#respond"]}]},{"@type":"WebPage","@id":"https:\/\/minutocerord.com\/?p=17086","url":"https:\/\/minutocerord.com\/?p=17086","name":"Pol\u00edtica | Dirigentes se pronuncian por baja votaci\u00f3n alcanzada por PLD - Minuto Cero RD","isPartOf":{"@id":"https:\/\/minutocerord.com\/#website"},"primaryImageOfPage":{"@id":"https:\/\/minutocerord.com\/?p=17086#primaryimage"},"image":{"@id":"https:\/\/minutocerord.com\/?p=17086#primaryimage"},"thumbnailUrl":"https:\/\/i0.wp.com\/minutocerord.com\/wp-content\/uploads\/2024\/05\/Jose-Tomas-Perez-Francisco-Dominguez-Brito-y-Jose-Tomas-Perez-1.jpg?fit=692%2C359&ssl=1","datePublished":"2024-05-21T21:35:50+00:00","dateModified":"2024-05-21T21:36:51+00:00","breadcrumb":{"@id":"https:\/\/minutocerord.com\/?p=17086#breadcrumb"},"inLanguage":"es-DO","potentialAction":[{"@type":"ReadAction","target":["https:\/\/minutocerord.com\/?p=17086"]}]},{"@type":"ImageObject","inLanguage":"es-DO","@id":"https:\/\/minutocerord.com\/?p=17086#primaryimage","url":"https:\/\/i0.wp.com\/minutocerord.com\/wp-content\/uploads\/2024\/05\/Jose-Tomas-Perez-Francisco-Dominguez-Brito-y-Jose-Tomas-Perez-1.jpg?fit=692%2C359&ssl=1","contentUrl":"https:\/\/i0.wp.com\/minutocerord.com\/wp-content\/uploads\/2024\/05\/Jose-Tomas-Perez-Francisco-Dominguez-Brito-y-Jose-Tomas-Perez-1.jpg?fit=692%2C359&ssl=1","width":692,"height":359},{"@type":"BreadcrumbList","@id":"https:\/\/minutocerord.com\/?p=17086#breadcrumb","itemListElement":[{"@type":"ListItem","position":1,"name":"Home","item":"https:\/\/minutocerord.com\/"},{"@type":"ListItem","position":2,"name":"Pol\u00edtica | Dirigentes se pronuncian por baja votaci\u00f3n alcanzada por PLD"}]},{"@type":"WebSite","@id":"https:\/\/minutocerord.com\/#website","url":"https:\/\/minutocerord.com\/","name":"Minuto Cero RD","description":"Periodismo serio y veraz","publisher":{"@id":"https:\/\/minutocerord.com\/#\/schema\/person\/60b5372d60aaa0a5171fb6488be9aee6"},"potentialAction":[{"@type":"SearchAction","target":{"@type":"EntryPoint","urlTemplate":"https:\/\/minutocerord.com\/?s={search_term_string}"},"query-input":{"@type":"PropertyValueSpecification","valueRequired":true,"valueName":"search_term_string"}}],"inLanguage":"es-DO"},{"@type":["Person","Organization"],"@id":"https:\/\/minutocerord.com\/#\/schema\/person\/60b5372d60aaa0a5171fb6488be9aee6","name":"Genof\u00f3ntes Urb\u00e1ez","image":{"@type":"ImageObject","inLanguage":"es-DO","@id":"https:\/\/secure.gravatar.com\/avatar\/a49ef3186a692098ac3e8a1612261e3ad70cf9e44553dff2929e67939a0ecb9d?s=96&d=identicon&r=g","url":"https:\/\/secure.gravatar.com\/avatar\/a49ef3186a692098ac3e8a1612261e3ad70cf9e44553dff2929e67939a0ecb9d?s=96&d=identicon&r=g","contentUrl":"https:\/\/secure.gravatar.com\/avatar\/a49ef3186a692098ac3e8a1612261e3ad70cf9e44553dff2929e67939a0ecb9d?s=96&d=identicon&r=g","caption":"Genof\u00f3ntes Urb\u00e1ez"},"logo":{"@id":"https:\/\/secure.gravatar.com\/avatar\/a49ef3186a692098ac3e8a1612261e3ad70cf9e44553dff2929e67939a0ecb9d?s=96&d=identicon&r=g"},"description":"Periodista \/ Locutor","sameAs":["https:\/\/www.facebook.com\/Genofnotes","https:\/\/www.instagram.com\/genofnotes\/"]}]}},"jetpack_publicize_connections":[],"jetpack_featured_media_url":"https:\/\/i0.wp.com\/minutocerord.com\/wp-content\/uploads\/2024\/05\/Jose-Tomas-Perez-Francisco-Dominguez-Brito-y-Jose-Tomas-Perez-1.jpg?fit=692%2C359&ssl=1","jetpack-related-posts":[],"jetpack_sharing_enabled":true,"_links":{"self":[{"href":"https:\/\/minutocerord.com\/index.php?rest_route=\/wp\/v2\/posts\/17086","targetHints":{"allow":["GET"]}}],"collection":[{"href":"https:\/\/minutocerord.com\/index.php?rest_route=\/wp\/v2\/posts"}],"about":[{"href":"https:\/\/minutocerord.com\/index.php?rest_route=\/wp\/v2\/types\/post"}],"author":[{"embeddable":true,"href":"https:\/\/minutocerord.com\/index.php?rest_route=\/wp\/v2\/users\/1"}],"replies":[{"embeddable":true,"href":"https:\/\/minutocerord.com\/index.php?rest_route=%2Fwp%2Fv2%2Fcomments&post=17086"}],"version-history":[{"count":2,"href":"https:\/\/minutocerord.com\/index.php?rest_route=\/wp\/v2\/posts\/17086\/revisions"}],"predecessor-version":[{"id":17089,"href":"https:\/\/minutocerord.com\/index.php?rest_route=\/wp\/v2\/posts\/17086\/revisions\/17089"}],"wp:featuredmedia":[{"embeddable":true,"href":"https:\/\/minutocerord.com\/index.php?rest_route=\/wp\/v2\/media\/17087"}],"wp:attachment":[{"href":"https:\/\/minutocerord.com\/index.php?rest_route=%2Fwp%2Fv2%2Fmedia&parent=17086"}],"wp:term":[{"taxonomy":"category","embeddable":true,"href":"https:\/\/minutocerord.com\/index.php?rest_route=%2Fwp%2Fv2%2Fcategories&post=17086"},{"taxonomy":"post_tag","embeddable":true,"href":"https:\/\/minutocerord.com\/index.php?rest_route=%2Fwp%2Fv2%2Ftags&post=17086"}],"curies":[{"name":"wp","href":"https:\/\/api.w.org\/{rel}","templated":true}]}}