{"id":17103,"date":"2024-05-21T23:20:06","date_gmt":"2024-05-22T03:20:06","guid":{"rendered":"https:\/\/minutocerord.com\/?p=17103"},"modified":"2024-05-21T23:20:08","modified_gmt":"2024-05-22T03:20:08","slug":"scj-suprema-vuelve-a-fallar-contra-aeropuerto-internacional-bavaro","status":"publish","type":"post","link":"https:\/\/minutocerord.com\/?p=17103","title":{"rendered":"SCJ | Suprema vuelve a fallar contra Aeropuerto Internacional B\u00e1varo"},"content":{"rendered":"\n<p class=\"\"><a href=\"https:\/\/almomento.net\/wp-content\/uploads\/2021\/01\/AEROPUERTO-DE-BAVARO.jpg\"><\/a><strong>Santo Domingo.- <\/strong>La Suprema Corte de Justicia (SCJ) rechaz\u00f3 el recurso de casaci\u00f3n interpuesto por la sociedad Aeropuerto Internacional de B\u00e1varo AIB y declar\u00f3 inadmisibles otros tres recursos similares interpuestos por esa empresa y el Grupo Abrisa, promotores de la construcci\u00f3n de un aeropuerto en B\u00e1varo, provincia de La Altagracia.<\/p>\n\n\n\n<p class=\"\">La Tercera Sala de la SCJ, actuando como corte de casaci\u00f3n, dio ganancia de causa al Poder Ejecutivo que, por v\u00eda del Instituto Dominicano de Aviaci\u00f3n Civil (IDAC), declar\u00f3 lesivo el proyecto por incumplir las normativas aeron\u00e1uticas y carecer de los permisos necesarios para operar.<\/p>\n\n\n\n<p class=\"\">La decisi\u00f3n fue tomada por el 30 de abril pasado a trav\u00e9s de la sentencia SCJ-TS-24-0479.<\/p>\n\n\n\n<p class=\"\"><strong>DESAUTIRIZA CONTRATO ENTRE L ESTADO Y AIB<\/strong><\/p>\n\n\n\n<p class=\"\">La Tercera Sala de la Suprema desautoriza el contrato suscrito entre el Estado dominicano y el AIB, ya que el decreto en que se ampara, dictado por el expresidente Danilo Medina el 21 de julio de 2020, \u00abes una actuaci\u00f3n que no responde a la letra de la norma\u00bb.<\/p>\n\n\n\n<p class=\"\">De acuerdo al dispositivo, \u00absi bien impon\u00eda una aprobaci\u00f3n por parte del Poder Ejecutivo, esto es, un pronunciamiento que no es m\u00e1s que un visto bueno de que el establecimiento del aer\u00f3dromo conviene al inter\u00e9s general, lo cierto es que dicha aprobaci\u00f3n se produjo en circunstancias an\u00f3malas\u00bb.<\/p>\n\n\n\n<p class=\"\">A esto, a\u00f1ade la sentencia, que la aprobaci\u00f3n por parte del Gobierno de entonces conllev\u00f3 realizar una \u00abdesignaci\u00f3n directa de la entidad beneficiaria para la construcci\u00f3n y operaci\u00f3n de un aeropuerto, sin antes encontrarse precedida de la correspondiente solicitud de establecimiento de aeropuertos cuya tramitaci\u00f3n debi\u00f3 realizarse ante el Instituto Dominicano de Aviaci\u00f3n Civil (IDAC)\u00bb.<\/p>\n\n\n\n<p class=\"\"><strong>VALID\u00d3 VARIAS SENTENCIAS DEL TSA SOBRE EL CASO<\/strong><\/p>\n\n\n\n<p class=\"\">La Tercera Sala de la Suprema Corte de Justicia dio como buenas y v\u00e1lidas varias sentencias emitidas sobre el particular por el Tribunal Superior Administrativo (TSA), contra las cuales interpuesto los recursos de casaci\u00f3n la Aeropuerto Internacional de B\u00e1varo AIB y el Grupo Abrisa.<\/p>\n\n\n\n<p class=\"\">Tres de los jueces tomaron esa decisi\u00f3n a favor del IDAC, mientras que el magistrado Mois\u00e9s A. Ferrer Landr\u00f3n emiti\u00f3 un voto disidente en inconformidad con la decisi\u00f3n argumentado, entre otros puntos, que \u00abel acto administrativo que se impugna tiene efectos perjudiciales directos e inmediatos frente a los intereses del beneficiario del acto\u00bb.<\/p>\n\n\n\n<p class=\"\">Ferrer Ladr\u00f3n estableci\u00f3 que, \u00abal declarar lesivo de manera arbitraria su propia actuaci\u00f3n sin establecer un razonamiento justificativo de dicha decisi\u00f3n, la administraci\u00f3n actu\u00f3 de manera incongruente, pretendiendo con ello desconocer un derecho adquirido en base a la actuaci\u00f3n que hoy pretende ella misma desconocer\u00bb.<\/p>\n\n\n\n<p class=\"\">Los jueces que votaron en contra lo recursos de casaci\u00f3n de Aeropuerto Internacional de B\u00e1varo y del Grupo Abrisa fueron Manuel Alexis Read Ortiz, Manuel Herrera Carbuccia y Anselmo Alejandro Bello.EFE<\/p>\n","protected":false},"excerpt":{"rendered":"<p>Santo Domingo.- La Suprema Corte de Justicia (SCJ) rechaz\u00f3 el recurso de casaci\u00f3n interpuesto por la sociedad Aeropuerto Internacional de B\u00e1varo AIB y declar\u00f3 inadmisibles otros tres recursos similares interpuestos por esa empresa y el Grupo Abrisa, promotores de la construcci\u00f3n de un aeropuerto en B\u00e1varo, provincia de La Altagracia. La Tercera Sala de la [&hellip;]<\/p>\n","protected":false},"author":1,"featured_media":17104,"comment_status":"open","ping_status":"open","sticky":false,"template":"","format":"standard","meta":{"nf_dc_page":"","jetpack_post_was_ever_published":false,"_jetpack_newsletter_access":"","_jetpack_dont_email_post_to_subs":false,"_jetpack_newsletter_tier_id":0,"_jetpack_memberships_contains_paywalled_content":false,"_jetpack_memberships_contains_paid_content":false,"footnotes":"","jetpack_publicize_message":"","jetpack_publicize_feature_enabled":true,"jetpack_social_post_already_shared":true,"jetpack_social_options":{"image_generator_settings":{"template":"highway","default_image_id":0,"font":"","enabled":false},"version":2}},"categories":[65],"tags":[],"class_list":["post-17103","post","type-post","status-publish","format-standard","has-post-thumbnail","hentry","category-nacionales"],"yoast_head":"<!-- This site is optimized with the Yoast SEO plugin v27.4 - https:\/\/yoast.com\/product\/yoast-seo-wordpress\/ -->\n<title>SCJ | Suprema vuelve a fallar contra Aeropuerto Internacional B\u00e1varo - Minuto Cero RD<\/title>\n<meta name=\"robots\" content=\"index, follow, max-snippet:-1, max-image-preview:large, max-video-preview:-1\" \/>\n<link rel=\"canonical\" href=\"http:\/\/minutocerord.com\/?p=17103\" \/>\n<meta property=\"og:locale\" content=\"es_ES\" \/>\n<meta property=\"og:type\" content=\"article\" \/>\n<meta property=\"og:title\" content=\"SCJ | Suprema vuelve a fallar contra Aeropuerto Internacional B\u00e1varo - Minuto Cero RD\" \/>\n<meta property=\"og:description\" content=\"Santo Domingo.- La Suprema Corte de Justicia (SCJ) rechaz\u00f3 el recurso de casaci\u00f3n interpuesto por la sociedad Aeropuerto Internacional de B\u00e1varo AIB y declar\u00f3 inadmisibles otros tres recursos similares interpuestos por esa empresa y el Grupo Abrisa, promotores de la construcci\u00f3n de un aeropuerto en B\u00e1varo, provincia de La Altagracia. La Tercera Sala de la [&hellip;]\" \/>\n<meta property=\"og:url\" content=\"http:\/\/minutocerord.com\/?p=17103\" \/>\n<meta property=\"og:site_name\" content=\"Minuto Cero RD\" \/>\n<meta property=\"article:publisher\" content=\"https:\/\/www.facebook.com\/Genofnotes\" \/>\n<meta property=\"article:author\" content=\"https:\/\/www.facebook.com\/Genofnotes\" \/>\n<meta property=\"article:published_time\" content=\"2024-05-22T03:20:06+00:00\" \/>\n<meta property=\"article:modified_time\" content=\"2024-05-22T03:20:08+00:00\" \/>\n<meta property=\"og:image\" content=\"https:\/\/i0.wp.com\/minutocerord.com\/wp-content\/uploads\/2024\/05\/AEROPUERTO-DE-BAVARO-1.jpg?fit=600%2C300\" \/>\n\t<meta property=\"og:image:width\" content=\"600\" \/>\n\t<meta property=\"og:image:height\" content=\"300\" \/>\n\t<meta property=\"og:image:type\" content=\"image\/jpeg\" \/>\n<meta name=\"author\" content=\"Genof\u00f3ntes Urb\u00e1ez\" \/>\n<meta name=\"twitter:card\" content=\"summary_large_image\" \/>\n<meta name=\"twitter:label1\" content=\"Written by\" \/>\n\t<meta name=\"twitter:data1\" content=\"Genof\u00f3ntes Urb\u00e1ez\" \/>\n\t<meta name=\"twitter:label2\" content=\"Est. reading time\" \/>\n\t<meta name=\"twitter:data2\" content=\"3 minutos\" \/>\n<script type=\"application\/ld+json\" class=\"yoast-schema-graph\">{\"@context\":\"https:\\\/\\\/schema.org\",\"@graph\":[{\"@type\":\"Article\",\"@id\":\"http:\\\/\\\/minutocerord.com\\\/?p=17103#article\",\"isPartOf\":{\"@id\":\"http:\\\/\\\/minutocerord.com\\\/?p=17103\"},\"author\":{\"name\":\"Genof\u00f3ntes Urb\u00e1ez\",\"@id\":\"https:\\\/\\\/minutocerord.com\\\/#\\\/schema\\\/person\\\/60b5372d60aaa0a5171fb6488be9aee6\"},\"headline\":\"SCJ | Suprema vuelve a fallar contra Aeropuerto Internacional B\u00e1varo\",\"datePublished\":\"2024-05-22T03:20:06+00:00\",\"dateModified\":\"2024-05-22T03:20:08+00:00\",\"mainEntityOfPage\":{\"@id\":\"http:\\\/\\\/minutocerord.com\\\/?p=17103\"},\"wordCount\":499,\"commentCount\":0,\"publisher\":{\"@id\":\"https:\\\/\\\/minutocerord.com\\\/#\\\/schema\\\/person\\\/60b5372d60aaa0a5171fb6488be9aee6\"},\"image\":{\"@id\":\"http:\\\/\\\/minutocerord.com\\\/?p=17103#primaryimage\"},\"thumbnailUrl\":\"https:\\\/\\\/i0.wp.com\\\/minutocerord.com\\\/wp-content\\\/uploads\\\/2024\\\/05\\\/AEROPUERTO-DE-BAVARO-1.jpg?fit=600%2C300&ssl=1\",\"articleSection\":[\"Nacionales\"],\"inLanguage\":\"es-DO\",\"potentialAction\":[{\"@type\":\"CommentAction\",\"name\":\"Comment\",\"target\":[\"http:\\\/\\\/minutocerord.com\\\/?p=17103#respond\"]}]},{\"@type\":\"WebPage\",\"@id\":\"http:\\\/\\\/minutocerord.com\\\/?p=17103\",\"url\":\"http:\\\/\\\/minutocerord.com\\\/?p=17103\",\"name\":\"SCJ | Suprema vuelve a fallar contra Aeropuerto Internacional B\u00e1varo - Minuto Cero RD\",\"isPartOf\":{\"@id\":\"https:\\\/\\\/minutocerord.com\\\/#website\"},\"primaryImageOfPage\":{\"@id\":\"http:\\\/\\\/minutocerord.com\\\/?p=17103#primaryimage\"},\"image\":{\"@id\":\"http:\\\/\\\/minutocerord.com\\\/?p=17103#primaryimage\"},\"thumbnailUrl\":\"https:\\\/\\\/i0.wp.com\\\/minutocerord.com\\\/wp-content\\\/uploads\\\/2024\\\/05\\\/AEROPUERTO-DE-BAVARO-1.jpg?fit=600%2C300&ssl=1\",\"datePublished\":\"2024-05-22T03:20:06+00:00\",\"dateModified\":\"2024-05-22T03:20:08+00:00\",\"breadcrumb\":{\"@id\":\"http:\\\/\\\/minutocerord.com\\\/?p=17103#breadcrumb\"},\"inLanguage\":\"es-DO\",\"potentialAction\":[{\"@type\":\"ReadAction\",\"target\":[\"http:\\\/\\\/minutocerord.com\\\/?p=17103\"]}]},{\"@type\":\"ImageObject\",\"inLanguage\":\"es-DO\",\"@id\":\"http:\\\/\\\/minutocerord.com\\\/?p=17103#primaryimage\",\"url\":\"https:\\\/\\\/i0.wp.com\\\/minutocerord.com\\\/wp-content\\\/uploads\\\/2024\\\/05\\\/AEROPUERTO-DE-BAVARO-1.jpg?fit=600%2C300&ssl=1\",\"contentUrl\":\"https:\\\/\\\/i0.wp.com\\\/minutocerord.com\\\/wp-content\\\/uploads\\\/2024\\\/05\\\/AEROPUERTO-DE-BAVARO-1.jpg?fit=600%2C300&ssl=1\",\"width\":600,\"height\":300},{\"@type\":\"BreadcrumbList\",\"@id\":\"http:\\\/\\\/minutocerord.com\\\/?p=17103#breadcrumb\",\"itemListElement\":[{\"@type\":\"ListItem\",\"position\":1,\"name\":\"Home\",\"item\":\"https:\\\/\\\/minutocerord.com\\\/\"},{\"@type\":\"ListItem\",\"position\":2,\"name\":\"SCJ | Suprema vuelve a fallar contra Aeropuerto Internacional B\u00e1varo\"}]},{\"@type\":\"WebSite\",\"@id\":\"https:\\\/\\\/minutocerord.com\\\/#website\",\"url\":\"https:\\\/\\\/minutocerord.com\\\/\",\"name\":\"Minuto Cero RD\",\"description\":\"Periodismo serio y veraz\",\"publisher\":{\"@id\":\"https:\\\/\\\/minutocerord.com\\\/#\\\/schema\\\/person\\\/60b5372d60aaa0a5171fb6488be9aee6\"},\"potentialAction\":[{\"@type\":\"SearchAction\",\"target\":{\"@type\":\"EntryPoint\",\"urlTemplate\":\"https:\\\/\\\/minutocerord.com\\\/?s={search_term_string}\"},\"query-input\":{\"@type\":\"PropertyValueSpecification\",\"valueRequired\":true,\"valueName\":\"search_term_string\"}}],\"inLanguage\":\"es-DO\"},{\"@type\":[\"Person\",\"Organization\"],\"@id\":\"https:\\\/\\\/minutocerord.com\\\/#\\\/schema\\\/person\\\/60b5372d60aaa0a5171fb6488be9aee6\",\"name\":\"Genof\u00f3ntes Urb\u00e1ez\",\"image\":{\"@type\":\"ImageObject\",\"inLanguage\":\"es-DO\",\"@id\":\"https:\\\/\\\/secure.gravatar.com\\\/avatar\\\/a49ef3186a692098ac3e8a1612261e3ad70cf9e44553dff2929e67939a0ecb9d?s=96&d=identicon&r=g\",\"url\":\"https:\\\/\\\/secure.gravatar.com\\\/avatar\\\/a49ef3186a692098ac3e8a1612261e3ad70cf9e44553dff2929e67939a0ecb9d?s=96&d=identicon&r=g\",\"contentUrl\":\"https:\\\/\\\/secure.gravatar.com\\\/avatar\\\/a49ef3186a692098ac3e8a1612261e3ad70cf9e44553dff2929e67939a0ecb9d?s=96&d=identicon&r=g\",\"caption\":\"Genof\u00f3ntes Urb\u00e1ez\"},\"logo\":{\"@id\":\"https:\\\/\\\/secure.gravatar.com\\\/avatar\\\/a49ef3186a692098ac3e8a1612261e3ad70cf9e44553dff2929e67939a0ecb9d?s=96&d=identicon&r=g\"},\"description\":\"Periodista \\\/ Locutor\",\"sameAs\":[\"https:\\\/\\\/www.facebook.com\\\/Genofnotes\",\"https:\\\/\\\/www.instagram.com\\\/genofnotes\\\/\"]}]}<\/script>\n<!-- \/ Yoast SEO plugin. -->","yoast_head_json":{"title":"SCJ | Suprema vuelve a fallar contra Aeropuerto Internacional B\u00e1varo - Minuto Cero RD","robots":{"index":"index","follow":"follow","max-snippet":"max-snippet:-1","max-image-preview":"max-image-preview:large","max-video-preview":"max-video-preview:-1"},"canonical":"http:\/\/minutocerord.com\/?p=17103","og_locale":"es_ES","og_type":"article","og_title":"SCJ | Suprema vuelve a fallar contra Aeropuerto Internacional B\u00e1varo - Minuto Cero RD","og_description":"Santo Domingo.- La Suprema Corte de Justicia (SCJ) rechaz\u00f3 el recurso de casaci\u00f3n interpuesto por la sociedad Aeropuerto Internacional de B\u00e1varo AIB y declar\u00f3 inadmisibles otros tres recursos similares interpuestos por esa empresa y el Grupo Abrisa, promotores de la construcci\u00f3n de un aeropuerto en B\u00e1varo, provincia de La Altagracia. La Tercera Sala de la [&hellip;]","og_url":"http:\/\/minutocerord.com\/?p=17103","og_site_name":"Minuto Cero RD","article_publisher":"https:\/\/www.facebook.com\/Genofnotes","article_author":"https:\/\/www.facebook.com\/Genofnotes","article_published_time":"2024-05-22T03:20:06+00:00","article_modified_time":"2024-05-22T03:20:08+00:00","og_image":[{"width":600,"height":300,"url":"https:\/\/i0.wp.com\/minutocerord.com\/wp-content\/uploads\/2024\/05\/AEROPUERTO-DE-BAVARO-1.jpg?fit=600%2C300","type":"image\/jpeg"}],"author":"Genof\u00f3ntes Urb\u00e1ez","twitter_card":"summary_large_image","twitter_misc":{"Written by":"Genof\u00f3ntes Urb\u00e1ez","Est. reading time":"3 minutos"},"schema":{"@context":"https:\/\/schema.org","@graph":[{"@type":"Article","@id":"http:\/\/minutocerord.com\/?p=17103#article","isPartOf":{"@id":"http:\/\/minutocerord.com\/?p=17103"},"author":{"name":"Genof\u00f3ntes Urb\u00e1ez","@id":"https:\/\/minutocerord.com\/#\/schema\/person\/60b5372d60aaa0a5171fb6488be9aee6"},"headline":"SCJ | Suprema vuelve a fallar contra Aeropuerto Internacional B\u00e1varo","datePublished":"2024-05-22T03:20:06+00:00","dateModified":"2024-05-22T03:20:08+00:00","mainEntityOfPage":{"@id":"http:\/\/minutocerord.com\/?p=17103"},"wordCount":499,"commentCount":0,"publisher":{"@id":"https:\/\/minutocerord.com\/#\/schema\/person\/60b5372d60aaa0a5171fb6488be9aee6"},"image":{"@id":"http:\/\/minutocerord.com\/?p=17103#primaryimage"},"thumbnailUrl":"https:\/\/i0.wp.com\/minutocerord.com\/wp-content\/uploads\/2024\/05\/AEROPUERTO-DE-BAVARO-1.jpg?fit=600%2C300&ssl=1","articleSection":["Nacionales"],"inLanguage":"es-DO","potentialAction":[{"@type":"CommentAction","name":"Comment","target":["http:\/\/minutocerord.com\/?p=17103#respond"]}]},{"@type":"WebPage","@id":"http:\/\/minutocerord.com\/?p=17103","url":"http:\/\/minutocerord.com\/?p=17103","name":"SCJ | Suprema vuelve a fallar contra Aeropuerto Internacional B\u00e1varo - Minuto Cero RD","isPartOf":{"@id":"https:\/\/minutocerord.com\/#website"},"primaryImageOfPage":{"@id":"http:\/\/minutocerord.com\/?p=17103#primaryimage"},"image":{"@id":"http:\/\/minutocerord.com\/?p=17103#primaryimage"},"thumbnailUrl":"https:\/\/i0.wp.com\/minutocerord.com\/wp-content\/uploads\/2024\/05\/AEROPUERTO-DE-BAVARO-1.jpg?fit=600%2C300&ssl=1","datePublished":"2024-05-22T03:20:06+00:00","dateModified":"2024-05-22T03:20:08+00:00","breadcrumb":{"@id":"http:\/\/minutocerord.com\/?p=17103#breadcrumb"},"inLanguage":"es-DO","potentialAction":[{"@type":"ReadAction","target":["http:\/\/minutocerord.com\/?p=17103"]}]},{"@type":"ImageObject","inLanguage":"es-DO","@id":"http:\/\/minutocerord.com\/?p=17103#primaryimage","url":"https:\/\/i0.wp.com\/minutocerord.com\/wp-content\/uploads\/2024\/05\/AEROPUERTO-DE-BAVARO-1.jpg?fit=600%2C300&ssl=1","contentUrl":"https:\/\/i0.wp.com\/minutocerord.com\/wp-content\/uploads\/2024\/05\/AEROPUERTO-DE-BAVARO-1.jpg?fit=600%2C300&ssl=1","width":600,"height":300},{"@type":"BreadcrumbList","@id":"http:\/\/minutocerord.com\/?p=17103#breadcrumb","itemListElement":[{"@type":"ListItem","position":1,"name":"Home","item":"https:\/\/minutocerord.com\/"},{"@type":"ListItem","position":2,"name":"SCJ | Suprema vuelve a fallar contra Aeropuerto Internacional B\u00e1varo"}]},{"@type":"WebSite","@id":"https:\/\/minutocerord.com\/#website","url":"https:\/\/minutocerord.com\/","name":"Minuto Cero RD","description":"Periodismo serio y veraz","publisher":{"@id":"https:\/\/minutocerord.com\/#\/schema\/person\/60b5372d60aaa0a5171fb6488be9aee6"},"potentialAction":[{"@type":"SearchAction","target":{"@type":"EntryPoint","urlTemplate":"https:\/\/minutocerord.com\/?s={search_term_string}"},"query-input":{"@type":"PropertyValueSpecification","valueRequired":true,"valueName":"search_term_string"}}],"inLanguage":"es-DO"},{"@type":["Person","Organization"],"@id":"https:\/\/minutocerord.com\/#\/schema\/person\/60b5372d60aaa0a5171fb6488be9aee6","name":"Genof\u00f3ntes Urb\u00e1ez","image":{"@type":"ImageObject","inLanguage":"es-DO","@id":"https:\/\/secure.gravatar.com\/avatar\/a49ef3186a692098ac3e8a1612261e3ad70cf9e44553dff2929e67939a0ecb9d?s=96&d=identicon&r=g","url":"https:\/\/secure.gravatar.com\/avatar\/a49ef3186a692098ac3e8a1612261e3ad70cf9e44553dff2929e67939a0ecb9d?s=96&d=identicon&r=g","contentUrl":"https:\/\/secure.gravatar.com\/avatar\/a49ef3186a692098ac3e8a1612261e3ad70cf9e44553dff2929e67939a0ecb9d?s=96&d=identicon&r=g","caption":"Genof\u00f3ntes Urb\u00e1ez"},"logo":{"@id":"https:\/\/secure.gravatar.com\/avatar\/a49ef3186a692098ac3e8a1612261e3ad70cf9e44553dff2929e67939a0ecb9d?s=96&d=identicon&r=g"},"description":"Periodista \/ Locutor","sameAs":["https:\/\/www.facebook.com\/Genofnotes","https:\/\/www.instagram.com\/genofnotes\/"]}]}},"jetpack_publicize_connections":[],"jetpack_featured_media_url":"https:\/\/i0.wp.com\/minutocerord.com\/wp-content\/uploads\/2024\/05\/AEROPUERTO-DE-BAVARO-1.jpg?fit=600%2C300&ssl=1","jetpack-related-posts":[],"jetpack_sharing_enabled":true,"_links":{"self":[{"href":"https:\/\/minutocerord.com\/index.php?rest_route=\/wp\/v2\/posts\/17103","targetHints":{"allow":["GET"]}}],"collection":[{"href":"https:\/\/minutocerord.com\/index.php?rest_route=\/wp\/v2\/posts"}],"about":[{"href":"https:\/\/minutocerord.com\/index.php?rest_route=\/wp\/v2\/types\/post"}],"author":[{"embeddable":true,"href":"https:\/\/minutocerord.com\/index.php?rest_route=\/wp\/v2\/users\/1"}],"replies":[{"embeddable":true,"href":"https:\/\/minutocerord.com\/index.php?rest_route=%2Fwp%2Fv2%2Fcomments&post=17103"}],"version-history":[{"count":1,"href":"https:\/\/minutocerord.com\/index.php?rest_route=\/wp\/v2\/posts\/17103\/revisions"}],"predecessor-version":[{"id":17105,"href":"https:\/\/minutocerord.com\/index.php?rest_route=\/wp\/v2\/posts\/17103\/revisions\/17105"}],"wp:featuredmedia":[{"embeddable":true,"href":"https:\/\/minutocerord.com\/index.php?rest_route=\/wp\/v2\/media\/17104"}],"wp:attachment":[{"href":"https:\/\/minutocerord.com\/index.php?rest_route=%2Fwp%2Fv2%2Fmedia&parent=17103"}],"wp:term":[{"taxonomy":"category","embeddable":true,"href":"https:\/\/minutocerord.com\/index.php?rest_route=%2Fwp%2Fv2%2Fcategories&post=17103"},{"taxonomy":"post_tag","embeddable":true,"href":"https:\/\/minutocerord.com\/index.php?rest_route=%2Fwp%2Fv2%2Ftags&post=17103"}],"curies":[{"name":"wp","href":"https:\/\/api.w.org\/{rel}","templated":true}]}}