{"id":17109,"date":"2024-05-21T23:31:05","date_gmt":"2024-05-22T03:31:05","guid":{"rendered":"https:\/\/minutocerord.com\/?p=17109"},"modified":"2024-05-21T23:35:12","modified_gmt":"2024-05-22T03:35:12","slug":"opinion-nueva-novela-de-garcia-marquez","status":"publish","type":"post","link":"https:\/\/minutocerord.com\/?p=17109","title":{"rendered":"Opini\u00f3n | Nueva novela de Garc\u00eda M\u00e1rquez\u00a0"},"content":{"rendered":"\n<p class=\"\"><a href=\"https:\/\/almomento.net\/wp-content\/uploads\/2024\/05\/gabo.jpg\"><\/a><strong>Santo Domingo.-<\/strong> Ha llegado a la Rep\u00fablica Dominicana la novela&nbsp;<em>\u201cEn agosto nos vemos\u201d<\/em>, escrita y desestimada por Gabriel Garc\u00eda M\u00e1rquez.&nbsp; Ha salido flanqueada por una&nbsp; super promoci\u00f3n, en todos los \u00e1mbitos de habla hispana. Contra la voluntad del autor, la editaron&nbsp; sus hijos, Rodrigo y Gonzalo Garc\u00eda, quienes vieron en la obra lo que Garc\u00eda M\u00e1rquez no vio.<\/p>\n\n\n\n<p class=\"\">Algunos trucos editoriales, con notas, pr\u00f3logos y ap\u00e9ndices, tratan de solventar la brevedad del texto, compuesto de seis narraciones con t\u00e9cnica de cuento que guardan unidad entre&nbsp; s\u00ed porque su personaje casi \u00fanico, Ana Magdalena Bach, protagoniza cada historia, las cuales guardan un hilo com\u00fan. Esto le da categor\u00eda de novela.<\/p>\n\n\n\n<p class=\"\">La publicaci\u00f3n arrastra ligerezas. Necesito comentar la m\u00e1s simple de ellas, contenida en los datos biogr\u00e1ficos de GGM. Lo primero que asombra es que se le mencione como novelista, cuentista, ensayista y cr\u00edtico de cine, pero se ignore que fuera periodista, que lo fue y muy bueno. Fue su modo de ganarse la vida.<\/p>\n\n\n<div class=\"wp-block-image\">\n<figure class=\"alignright is-resized\"><a href=\"https:\/\/i0.wp.com\/almomento.net\/wp-content\/uploads\/2024\/05\/eng.jpg?ssl=1\"><img data-recalc-dims=\"1\" decoding=\"async\" loading=\"lazy\" src=\"https:\/\/i0.wp.com\/almomento.net\/wp-content\/uploads\/2024\/05\/eng.jpg?w=640&#038;ssl=1\" alt=\"\" class=\"wp-image-954982\" style=\"width:320px;height:auto\"\/><\/a><\/figure>\n<\/div>\n\n\n<p class=\"\">\u00bfDe d\u00f3nde sacan los editores que GGM fuera ensayista? Le quitan una cosa y le dan otra. Me viene al recuerdo una idea aprendida de mi padre:&nbsp;<em>\u201cCuando&nbsp; se le quiere dar a uno&nbsp; es como&nbsp; cuando&nbsp; se le quiere quitar\u201d.<\/em>&nbsp;Los humanos solemos exaltar a unos y reducir a otros.&nbsp; Incluso, a una persona se le reconoce un m\u00e9rito y se le restan otros.<\/p>\n\n\n\n<p class=\"\">Las biograf\u00edas, como auxiliares de la historia, han de ser objetivas, pero los autores se permiten juicios y apreciaciones. En el caso de Garc\u00eda M\u00e1rquez han escrito que \u201cEntre sus novelas m\u00e1s importantes figuran\u2026\u201d y mencionan hasta&nbsp;<em>\u201cRelato de un n\u00e1ufrago\u2026\u201d<\/em>, que es una serie de reportajes period\u00edsticos y no mencionan&nbsp;<em>\u201cEl Oto\u00f1o del Patriarca\u201d.<\/em><\/p>\n\n\n\n<p class=\"\">El&nbsp;<em>\u201cOto\u00f1o del Patriarca\u201d<\/em>&nbsp;no es obra para el gusto popular, como&nbsp;<em>\u201cEl amor en los tiempos del c\u00f3lera\u201d,<\/em>&nbsp;pero s\u00ed cuenta con alta valoraci\u00f3n de cr\u00edticos y especialistas. Es una obra compleja, con la que el&nbsp; autor colombiano&nbsp; quiso superar a<em>&nbsp;Cien a\u00f1os de soledad<\/em>. Me pregunto, \u00bftiene el bi\u00f3grafo derecho a mostrar sus preferencias como verdades aceptadas?<\/p>\n\n\n\n<p class=\"\">M\u00e1s importante no es lo mismo&nbsp; que m\u00e1s vendida o conocida. Si a gusto fu\u00e9ramos, yo no incluir\u00eda a&nbsp;<em>\u201cEl general en su laberinto\u201d&nbsp;<\/em>entre las novelas&nbsp; m\u00e1s importantes de GGM, pues al leerla me luci\u00f3 aburrida y de composici\u00f3n forzada. Se trata de la vida del general Bol\u00edvar. El apego a la realidad objetiva resta vuelo creativo al novelista. Eso se nota.<\/p>\n\n\n\n<p class=\"\">La obra est\u00e1 escrita en estilo relajado y alegre, a cualquier lector interesar\u00e1 conocer de las aventuras sexuales de Ana Magdalena cuando viaja cada 16 de agosto&nbsp; a una isla adyacente a la ciudad donde vive para llevar flores a la tumba de su madre. Est\u00e1 presente el estilo GGM hasta en el uso del muy suyo adjetivo enorme:&nbsp;<em>enorme cama, desgano enorme<\/em>. Se vender\u00e1, eso s\u00ed, porque mucha gente quiere a Gabriel Garc\u00eda M\u00e1rquez.<\/p>\n\n\n\n<p class=\"\"><\/p>\n\n\n<div class=\"wp-block-image\">\n<figure class=\"alignleft is-resized\" id=\"attachment_697114\"><a href=\"https:\/\/i0.wp.com\/almomento.net\/wp-content\/uploads\/2021\/04\/Rafael-Peralta-Romero-.jpg?ssl=1\"><img data-recalc-dims=\"1\" decoding=\"async\" loading=\"lazy\" src=\"https:\/\/i0.wp.com\/almomento.net\/wp-content\/uploads\/2021\/04\/Rafael-Peralta-Romero-.jpg?w=640&#038;ssl=1\" alt=\"\" class=\"wp-image-697114\" style=\"width:382px;height:auto\"\/><\/a><figcaption class=\"wp-element-caption\">EL AUTOR es periodista y escritor. Reside en Santo Domingo.<\/figcaption><\/figure>\n<\/div>\n\n\n<p class=\"\"><strong>NOTA DE REDACCION:<\/strong><\/p>\n\n\n\n<p class=\"\"><em>En agosto nos vemos&nbsp;<\/em>se encontraba entre los papeles depositados en el Harry Ransom Centre hasta que, con la idea de conmemorar los diez a\u00f1os del fallecimiento del Nobel colombiano y tras releer la obra, la familia concluy\u00f3 que tiene \u00abmuch\u00edsimos y muy disfrutables m\u00e9ritos y nada que impida gozar de lo m\u00e1s sobresaliente de la obra de Gabo: su capacidad de invenci\u00f3n, la poes\u00eda del lenguaje, la narrativa cautivadora, su entendimiento del ser humano y su cari\u00f1o por sus vivencias y sus desventuras, sobre todo en el amor\u00bb, como dicen los hijos en el pr\u00f3logo. La novela ha sido publicada en todos los pa\u00edses de lengua espa\u00f1ola, salvo M\u00e9xico, por el sello Random House.&nbsp;P\u00e1ginas: 144<\/p>\n\n\n\n<p class=\"\"><em><a href=\"mailto:rafaelperaltar@gmail.gmail.com\" target=\"_blank\" rel=\"noreferrer noopener\">rafaelperaltar@gmail.gmail.com<\/a><\/em><\/p>\n","protected":false},"excerpt":{"rendered":"<p>Santo Domingo.- Ha llegado a la Rep\u00fablica Dominicana la novela&nbsp;\u201cEn agosto nos vemos\u201d, escrita y desestimada por Gabriel Garc\u00eda M\u00e1rquez.&nbsp; Ha salido flanqueada por una&nbsp; super promoci\u00f3n, en todos los \u00e1mbitos de habla hispana. Contra la voluntad del autor, la editaron&nbsp; sus hijos, Rodrigo y Gonzalo Garc\u00eda, quienes vieron en la obra lo que Garc\u00eda [&hellip;]<\/p>\n","protected":false},"author":1,"featured_media":17113,"comment_status":"open","ping_status":"open","sticky":false,"template":"","format":"standard","meta":{"nf_dc_page":"","jetpack_post_was_ever_published":false,"_jetpack_newsletter_access":"","_jetpack_dont_email_post_to_subs":false,"_jetpack_newsletter_tier_id":0,"_jetpack_memberships_contains_paywalled_content":false,"_jetpack_memberships_contains_paid_content":false,"footnotes":"","jetpack_publicize_message":"","jetpack_publicize_feature_enabled":true,"jetpack_social_post_already_shared":true,"jetpack_social_options":{"image_generator_settings":{"template":"highway","default_image_id":0,"font":"","enabled":false},"version":2}},"categories":[69],"tags":[],"class_list":["post-17109","post","type-post","status-publish","format-standard","has-post-thumbnail","hentry","category-opinion"],"yoast_head":"<!-- This site is optimized with the Yoast SEO plugin v27.4 - https:\/\/yoast.com\/product\/yoast-seo-wordpress\/ -->\n<title>Opini\u00f3n | Nueva novela de Garc\u00eda M\u00e1rquez\u00a0 - Minuto Cero RD<\/title>\n<meta name=\"robots\" content=\"index, follow, max-snippet:-1, max-image-preview:large, max-video-preview:-1\" \/>\n<link rel=\"canonical\" href=\"http:\/\/minutocerord.com\/?p=17109\" \/>\n<meta property=\"og:locale\" content=\"es_ES\" \/>\n<meta property=\"og:type\" content=\"article\" \/>\n<meta property=\"og:title\" content=\"Opini\u00f3n | Nueva novela de Garc\u00eda M\u00e1rquez\u00a0 - Minuto Cero RD\" \/>\n<meta property=\"og:description\" content=\"Santo Domingo.- Ha llegado a la Rep\u00fablica Dominicana la novela&nbsp;\u201cEn agosto nos vemos\u201d, escrita y desestimada por Gabriel Garc\u00eda M\u00e1rquez.&nbsp; Ha salido flanqueada por una&nbsp; super promoci\u00f3n, en todos los \u00e1mbitos de habla hispana. Contra la voluntad del autor, la editaron&nbsp; sus hijos, Rodrigo y Gonzalo Garc\u00eda, quienes vieron en la obra lo que Garc\u00eda [&hellip;]\" \/>\n<meta property=\"og:url\" content=\"http:\/\/minutocerord.com\/?p=17109\" \/>\n<meta property=\"og:site_name\" content=\"Minuto Cero RD\" \/>\n<meta property=\"article:publisher\" content=\"https:\/\/www.facebook.com\/Genofnotes\" \/>\n<meta property=\"article:author\" content=\"https:\/\/www.facebook.com\/Genofnotes\" \/>\n<meta property=\"article:published_time\" content=\"2024-05-22T03:31:05+00:00\" \/>\n<meta property=\"article:modified_time\" content=\"2024-05-22T03:35:12+00:00\" \/>\n<meta property=\"og:image\" content=\"https:\/\/i0.wp.com\/minutocerord.com\/wp-content\/uploads\/2024\/05\/gabo-1.jpg?fit=1600%2C1280\" \/>\n\t<meta property=\"og:image:width\" content=\"1600\" \/>\n\t<meta property=\"og:image:height\" content=\"1280\" \/>\n\t<meta property=\"og:image:type\" content=\"image\/jpeg\" \/>\n<meta name=\"author\" content=\"Genof\u00f3ntes Urb\u00e1ez\" \/>\n<meta name=\"twitter:card\" content=\"summary_large_image\" \/>\n<meta name=\"twitter:label1\" content=\"Written by\" \/>\n\t<meta name=\"twitter:data1\" content=\"Genof\u00f3ntes Urb\u00e1ez\" \/>\n\t<meta name=\"twitter:label2\" content=\"Est. reading time\" \/>\n\t<meta name=\"twitter:data2\" content=\"4 minutos\" \/>\n<script type=\"application\/ld+json\" class=\"yoast-schema-graph\">{\"@context\":\"https:\\\/\\\/schema.org\",\"@graph\":[{\"@type\":\"Article\",\"@id\":\"http:\\\/\\\/minutocerord.com\\\/?p=17109#article\",\"isPartOf\":{\"@id\":\"http:\\\/\\\/minutocerord.com\\\/?p=17109\"},\"author\":{\"name\":\"Genof\u00f3ntes Urb\u00e1ez\",\"@id\":\"https:\\\/\\\/minutocerord.com\\\/#\\\/schema\\\/person\\\/60b5372d60aaa0a5171fb6488be9aee6\"},\"headline\":\"Opini\u00f3n | Nueva novela de Garc\u00eda M\u00e1rquez\u00a0\",\"datePublished\":\"2024-05-22T03:31:05+00:00\",\"dateModified\":\"2024-05-22T03:35:12+00:00\",\"mainEntityOfPage\":{\"@id\":\"http:\\\/\\\/minutocerord.com\\\/?p=17109\"},\"wordCount\":704,\"commentCount\":0,\"publisher\":{\"@id\":\"https:\\\/\\\/minutocerord.com\\\/#\\\/schema\\\/person\\\/60b5372d60aaa0a5171fb6488be9aee6\"},\"image\":{\"@id\":\"http:\\\/\\\/minutocerord.com\\\/?p=17109#primaryimage\"},\"thumbnailUrl\":\"https:\\\/\\\/i0.wp.com\\\/minutocerord.com\\\/wp-content\\\/uploads\\\/2024\\\/05\\\/gabo-1.jpg?fit=1600%2C1280&ssl=1\",\"articleSection\":[\"Opini\u00f3n\"],\"inLanguage\":\"es-DO\",\"potentialAction\":[{\"@type\":\"CommentAction\",\"name\":\"Comment\",\"target\":[\"http:\\\/\\\/minutocerord.com\\\/?p=17109#respond\"]}]},{\"@type\":\"WebPage\",\"@id\":\"http:\\\/\\\/minutocerord.com\\\/?p=17109\",\"url\":\"http:\\\/\\\/minutocerord.com\\\/?p=17109\",\"name\":\"Opini\u00f3n | Nueva novela de Garc\u00eda M\u00e1rquez\u00a0 - Minuto Cero RD\",\"isPartOf\":{\"@id\":\"https:\\\/\\\/minutocerord.com\\\/#website\"},\"primaryImageOfPage\":{\"@id\":\"http:\\\/\\\/minutocerord.com\\\/?p=17109#primaryimage\"},\"image\":{\"@id\":\"http:\\\/\\\/minutocerord.com\\\/?p=17109#primaryimage\"},\"thumbnailUrl\":\"https:\\\/\\\/i0.wp.com\\\/minutocerord.com\\\/wp-content\\\/uploads\\\/2024\\\/05\\\/gabo-1.jpg?fit=1600%2C1280&ssl=1\",\"datePublished\":\"2024-05-22T03:31:05+00:00\",\"dateModified\":\"2024-05-22T03:35:12+00:00\",\"breadcrumb\":{\"@id\":\"http:\\\/\\\/minutocerord.com\\\/?p=17109#breadcrumb\"},\"inLanguage\":\"es-DO\",\"potentialAction\":[{\"@type\":\"ReadAction\",\"target\":[\"http:\\\/\\\/minutocerord.com\\\/?p=17109\"]}]},{\"@type\":\"ImageObject\",\"inLanguage\":\"es-DO\",\"@id\":\"http:\\\/\\\/minutocerord.com\\\/?p=17109#primaryimage\",\"url\":\"https:\\\/\\\/i0.wp.com\\\/minutocerord.com\\\/wp-content\\\/uploads\\\/2024\\\/05\\\/gabo-1.jpg?fit=1600%2C1280&ssl=1\",\"contentUrl\":\"https:\\\/\\\/i0.wp.com\\\/minutocerord.com\\\/wp-content\\\/uploads\\\/2024\\\/05\\\/gabo-1.jpg?fit=1600%2C1280&ssl=1\",\"width\":1600,\"height\":1280},{\"@type\":\"BreadcrumbList\",\"@id\":\"http:\\\/\\\/minutocerord.com\\\/?p=17109#breadcrumb\",\"itemListElement\":[{\"@type\":\"ListItem\",\"position\":1,\"name\":\"Home\",\"item\":\"https:\\\/\\\/minutocerord.com\\\/\"},{\"@type\":\"ListItem\",\"position\":2,\"name\":\"Opini\u00f3n | Nueva novela de Garc\u00eda M\u00e1rquez\u00a0\"}]},{\"@type\":\"WebSite\",\"@id\":\"https:\\\/\\\/minutocerord.com\\\/#website\",\"url\":\"https:\\\/\\\/minutocerord.com\\\/\",\"name\":\"Minuto Cero RD\",\"description\":\"Periodismo serio y veraz\",\"publisher\":{\"@id\":\"https:\\\/\\\/minutocerord.com\\\/#\\\/schema\\\/person\\\/60b5372d60aaa0a5171fb6488be9aee6\"},\"potentialAction\":[{\"@type\":\"SearchAction\",\"target\":{\"@type\":\"EntryPoint\",\"urlTemplate\":\"https:\\\/\\\/minutocerord.com\\\/?s={search_term_string}\"},\"query-input\":{\"@type\":\"PropertyValueSpecification\",\"valueRequired\":true,\"valueName\":\"search_term_string\"}}],\"inLanguage\":\"es-DO\"},{\"@type\":[\"Person\",\"Organization\"],\"@id\":\"https:\\\/\\\/minutocerord.com\\\/#\\\/schema\\\/person\\\/60b5372d60aaa0a5171fb6488be9aee6\",\"name\":\"Genof\u00f3ntes Urb\u00e1ez\",\"image\":{\"@type\":\"ImageObject\",\"inLanguage\":\"es-DO\",\"@id\":\"https:\\\/\\\/secure.gravatar.com\\\/avatar\\\/a49ef3186a692098ac3e8a1612261e3ad70cf9e44553dff2929e67939a0ecb9d?s=96&d=identicon&r=g\",\"url\":\"https:\\\/\\\/secure.gravatar.com\\\/avatar\\\/a49ef3186a692098ac3e8a1612261e3ad70cf9e44553dff2929e67939a0ecb9d?s=96&d=identicon&r=g\",\"contentUrl\":\"https:\\\/\\\/secure.gravatar.com\\\/avatar\\\/a49ef3186a692098ac3e8a1612261e3ad70cf9e44553dff2929e67939a0ecb9d?s=96&d=identicon&r=g\",\"caption\":\"Genof\u00f3ntes Urb\u00e1ez\"},\"logo\":{\"@id\":\"https:\\\/\\\/secure.gravatar.com\\\/avatar\\\/a49ef3186a692098ac3e8a1612261e3ad70cf9e44553dff2929e67939a0ecb9d?s=96&d=identicon&r=g\"},\"description\":\"Periodista \\\/ Locutor\",\"sameAs\":[\"https:\\\/\\\/www.facebook.com\\\/Genofnotes\",\"https:\\\/\\\/www.instagram.com\\\/genofnotes\\\/\"]}]}<\/script>\n<!-- \/ Yoast SEO plugin. -->","yoast_head_json":{"title":"Opini\u00f3n | Nueva novela de Garc\u00eda M\u00e1rquez\u00a0 - Minuto Cero RD","robots":{"index":"index","follow":"follow","max-snippet":"max-snippet:-1","max-image-preview":"max-image-preview:large","max-video-preview":"max-video-preview:-1"},"canonical":"http:\/\/minutocerord.com\/?p=17109","og_locale":"es_ES","og_type":"article","og_title":"Opini\u00f3n | Nueva novela de Garc\u00eda M\u00e1rquez\u00a0 - Minuto Cero RD","og_description":"Santo Domingo.- Ha llegado a la Rep\u00fablica Dominicana la novela&nbsp;\u201cEn agosto nos vemos\u201d, escrita y desestimada por Gabriel Garc\u00eda M\u00e1rquez.&nbsp; Ha salido flanqueada por una&nbsp; super promoci\u00f3n, en todos los \u00e1mbitos de habla hispana. Contra la voluntad del autor, la editaron&nbsp; sus hijos, Rodrigo y Gonzalo Garc\u00eda, quienes vieron en la obra lo que Garc\u00eda [&hellip;]","og_url":"http:\/\/minutocerord.com\/?p=17109","og_site_name":"Minuto Cero RD","article_publisher":"https:\/\/www.facebook.com\/Genofnotes","article_author":"https:\/\/www.facebook.com\/Genofnotes","article_published_time":"2024-05-22T03:31:05+00:00","article_modified_time":"2024-05-22T03:35:12+00:00","og_image":[{"width":1600,"height":1280,"url":"https:\/\/i0.wp.com\/minutocerord.com\/wp-content\/uploads\/2024\/05\/gabo-1.jpg?fit=1600%2C1280","type":"image\/jpeg"}],"author":"Genof\u00f3ntes Urb\u00e1ez","twitter_card":"summary_large_image","twitter_misc":{"Written by":"Genof\u00f3ntes Urb\u00e1ez","Est. reading time":"4 minutos"},"schema":{"@context":"https:\/\/schema.org","@graph":[{"@type":"Article","@id":"http:\/\/minutocerord.com\/?p=17109#article","isPartOf":{"@id":"http:\/\/minutocerord.com\/?p=17109"},"author":{"name":"Genof\u00f3ntes Urb\u00e1ez","@id":"https:\/\/minutocerord.com\/#\/schema\/person\/60b5372d60aaa0a5171fb6488be9aee6"},"headline":"Opini\u00f3n | Nueva novela de Garc\u00eda M\u00e1rquez\u00a0","datePublished":"2024-05-22T03:31:05+00:00","dateModified":"2024-05-22T03:35:12+00:00","mainEntityOfPage":{"@id":"http:\/\/minutocerord.com\/?p=17109"},"wordCount":704,"commentCount":0,"publisher":{"@id":"https:\/\/minutocerord.com\/#\/schema\/person\/60b5372d60aaa0a5171fb6488be9aee6"},"image":{"@id":"http:\/\/minutocerord.com\/?p=17109#primaryimage"},"thumbnailUrl":"https:\/\/i0.wp.com\/minutocerord.com\/wp-content\/uploads\/2024\/05\/gabo-1.jpg?fit=1600%2C1280&ssl=1","articleSection":["Opini\u00f3n"],"inLanguage":"es-DO","potentialAction":[{"@type":"CommentAction","name":"Comment","target":["http:\/\/minutocerord.com\/?p=17109#respond"]}]},{"@type":"WebPage","@id":"http:\/\/minutocerord.com\/?p=17109","url":"http:\/\/minutocerord.com\/?p=17109","name":"Opini\u00f3n | Nueva novela de Garc\u00eda M\u00e1rquez\u00a0 - Minuto Cero RD","isPartOf":{"@id":"https:\/\/minutocerord.com\/#website"},"primaryImageOfPage":{"@id":"http:\/\/minutocerord.com\/?p=17109#primaryimage"},"image":{"@id":"http:\/\/minutocerord.com\/?p=17109#primaryimage"},"thumbnailUrl":"https:\/\/i0.wp.com\/minutocerord.com\/wp-content\/uploads\/2024\/05\/gabo-1.jpg?fit=1600%2C1280&ssl=1","datePublished":"2024-05-22T03:31:05+00:00","dateModified":"2024-05-22T03:35:12+00:00","breadcrumb":{"@id":"http:\/\/minutocerord.com\/?p=17109#breadcrumb"},"inLanguage":"es-DO","potentialAction":[{"@type":"ReadAction","target":["http:\/\/minutocerord.com\/?p=17109"]}]},{"@type":"ImageObject","inLanguage":"es-DO","@id":"http:\/\/minutocerord.com\/?p=17109#primaryimage","url":"https:\/\/i0.wp.com\/minutocerord.com\/wp-content\/uploads\/2024\/05\/gabo-1.jpg?fit=1600%2C1280&ssl=1","contentUrl":"https:\/\/i0.wp.com\/minutocerord.com\/wp-content\/uploads\/2024\/05\/gabo-1.jpg?fit=1600%2C1280&ssl=1","width":1600,"height":1280},{"@type":"BreadcrumbList","@id":"http:\/\/minutocerord.com\/?p=17109#breadcrumb","itemListElement":[{"@type":"ListItem","position":1,"name":"Home","item":"https:\/\/minutocerord.com\/"},{"@type":"ListItem","position":2,"name":"Opini\u00f3n | Nueva novela de Garc\u00eda M\u00e1rquez\u00a0"}]},{"@type":"WebSite","@id":"https:\/\/minutocerord.com\/#website","url":"https:\/\/minutocerord.com\/","name":"Minuto Cero RD","description":"Periodismo serio y veraz","publisher":{"@id":"https:\/\/minutocerord.com\/#\/schema\/person\/60b5372d60aaa0a5171fb6488be9aee6"},"potentialAction":[{"@type":"SearchAction","target":{"@type":"EntryPoint","urlTemplate":"https:\/\/minutocerord.com\/?s={search_term_string}"},"query-input":{"@type":"PropertyValueSpecification","valueRequired":true,"valueName":"search_term_string"}}],"inLanguage":"es-DO"},{"@type":["Person","Organization"],"@id":"https:\/\/minutocerord.com\/#\/schema\/person\/60b5372d60aaa0a5171fb6488be9aee6","name":"Genof\u00f3ntes Urb\u00e1ez","image":{"@type":"ImageObject","inLanguage":"es-DO","@id":"https:\/\/secure.gravatar.com\/avatar\/a49ef3186a692098ac3e8a1612261e3ad70cf9e44553dff2929e67939a0ecb9d?s=96&d=identicon&r=g","url":"https:\/\/secure.gravatar.com\/avatar\/a49ef3186a692098ac3e8a1612261e3ad70cf9e44553dff2929e67939a0ecb9d?s=96&d=identicon&r=g","contentUrl":"https:\/\/secure.gravatar.com\/avatar\/a49ef3186a692098ac3e8a1612261e3ad70cf9e44553dff2929e67939a0ecb9d?s=96&d=identicon&r=g","caption":"Genof\u00f3ntes Urb\u00e1ez"},"logo":{"@id":"https:\/\/secure.gravatar.com\/avatar\/a49ef3186a692098ac3e8a1612261e3ad70cf9e44553dff2929e67939a0ecb9d?s=96&d=identicon&r=g"},"description":"Periodista \/ Locutor","sameAs":["https:\/\/www.facebook.com\/Genofnotes","https:\/\/www.instagram.com\/genofnotes\/"]}]}},"jetpack_publicize_connections":[],"jetpack_featured_media_url":"https:\/\/i0.wp.com\/minutocerord.com\/wp-content\/uploads\/2024\/05\/gabo-1.jpg?fit=1600%2C1280&ssl=1","jetpack-related-posts":[],"jetpack_sharing_enabled":true,"_links":{"self":[{"href":"https:\/\/minutocerord.com\/index.php?rest_route=\/wp\/v2\/posts\/17109","targetHints":{"allow":["GET"]}}],"collection":[{"href":"https:\/\/minutocerord.com\/index.php?rest_route=\/wp\/v2\/posts"}],"about":[{"href":"https:\/\/minutocerord.com\/index.php?rest_route=\/wp\/v2\/types\/post"}],"author":[{"embeddable":true,"href":"https:\/\/minutocerord.com\/index.php?rest_route=\/wp\/v2\/users\/1"}],"replies":[{"embeddable":true,"href":"https:\/\/minutocerord.com\/index.php?rest_route=%2Fwp%2Fv2%2Fcomments&post=17109"}],"version-history":[{"count":3,"href":"https:\/\/minutocerord.com\/index.php?rest_route=\/wp\/v2\/posts\/17109\/revisions"}],"predecessor-version":[{"id":17112,"href":"https:\/\/minutocerord.com\/index.php?rest_route=\/wp\/v2\/posts\/17109\/revisions\/17112"}],"wp:featuredmedia":[{"embeddable":true,"href":"https:\/\/minutocerord.com\/index.php?rest_route=\/wp\/v2\/media\/17113"}],"wp:attachment":[{"href":"https:\/\/minutocerord.com\/index.php?rest_route=%2Fwp%2Fv2%2Fmedia&parent=17109"}],"wp:term":[{"taxonomy":"category","embeddable":true,"href":"https:\/\/minutocerord.com\/index.php?rest_route=%2Fwp%2Fv2%2Fcategories&post=17109"},{"taxonomy":"post_tag","embeddable":true,"href":"https:\/\/minutocerord.com\/index.php?rest_route=%2Fwp%2Fv2%2Ftags&post=17109"}],"curies":[{"name":"wp","href":"https:\/\/api.w.org\/{rel}","templated":true}]}}