{"id":17123,"date":"2024-05-23T10:30:05","date_gmt":"2024-05-23T14:30:05","guid":{"rendered":"https:\/\/minutocerord.com\/?p=17123"},"modified":"2024-05-23T10:31:12","modified_gmt":"2024-05-23T14:31:12","slug":"politica-pacheco-aboga-por-reduccion-de-numero-de-diputados-de-la-rd","status":"publish","type":"post","link":"https:\/\/minutocerord.com\/?p=17123","title":{"rendered":"POL\u00cdTICA | Pacheco aboga por reducci\u00f3n de n\u00famero de diputados de la RD"},"content":{"rendered":"\n<ul id=\"sidebar\" class=\"wp-block-list\"><\/ul>\n\n\n\n<p class=\"\"><a href=\"https:\/\/almomento.net\/wp-content\/uploads\/2024\/04\/nhezavc4.png\"><\/a><strong>Santo Domingo<\/strong>.- El presidente de la C\u00e1mara de Diputados, Alfredo Pacheco, se mostr\u00f3 partidario este mi\u00e9rcoles de que se reduzca el n\u00famero de legisladores que conforman el \u00f3rgano que dirige puesto que 190 esca\u00f1os, a su entender, \u00abson demasiados\u00bb, opin\u00f3 en declaraciones a la prensa.<\/p>\n\n\n\n<p class=\"\">\u00abEstoy de acuerdo con la reducci\u00f3n del n\u00famero de la matr\u00edcula de la C\u00e1mara de Diputados. Es demasiado grande. Ojal\u00e1 que podamos abordar este tema y podamos reducir significativamente\u00bb su tama\u00f1o, aunque matiz\u00f3 que esa ser\u00eda una medida con vistas a una futura conformaci\u00f3n, puesto que esta \u00abya est\u00e1 elegida\u00bb en las elecciones del domingo pasado.<\/p>\n\n\n\n<p class=\"\">En cualquier caso, se\u00f1al\u00f3 que esa cuesti\u00f3n debe ser abordada y debatida \u00abcon los facultos, los constitucionalistas. Pero la C\u00e1mara de Disputados de Rep\u00fablica DOminicana es demasiado grande, es inmanejable\u00bb.<\/p>\n\n\n\n<p class=\"\">Como presidente del hemiciclo, Pacheco afirm\u00f3 que \u00abel trabajo es demasiado arduo. Debe haber una c\u00e1mara m\u00e1s peque\u00f1a\u00bb acorde con el tama\u00f1o del pa\u00eds, opin\u00f3.<\/p>\n\n\n\n<p class=\"\">Aunque Pacheco no es el primero en plantear una reducci\u00f3n de la matr\u00edcula congresual, hasta el momento no se ha dado un debate en profundidad para redimensionar la c\u00e1mara baja.EFE<\/p>\n","protected":false},"excerpt":{"rendered":"<p>Santo Domingo.- El presidente de la C\u00e1mara de Diputados, Alfredo Pacheco, se mostr\u00f3 partidario este mi\u00e9rcoles de que se reduzca el n\u00famero de legisladores que conforman el \u00f3rgano que dirige puesto que 190 esca\u00f1os, a su entender, \u00abson demasiados\u00bb, opin\u00f3 en declaraciones a la prensa. \u00abEstoy de acuerdo con la reducci\u00f3n del n\u00famero de la [&hellip;]<\/p>\n","protected":false},"author":1,"featured_media":17124,"comment_status":"open","ping_status":"open","sticky":false,"template":"","format":"standard","meta":{"nf_dc_page":"","jetpack_post_was_ever_published":false,"_jetpack_newsletter_access":"","_jetpack_dont_email_post_to_subs":false,"_jetpack_newsletter_tier_id":0,"_jetpack_memberships_contains_paywalled_content":false,"_jetpack_memberships_contains_paid_content":false,"footnotes":"","jetpack_publicize_message":"","jetpack_publicize_feature_enabled":true,"jetpack_social_post_already_shared":true,"jetpack_social_options":{"image_generator_settings":{"template":"highway","default_image_id":0,"font":"","enabled":false},"version":2}},"categories":[70],"tags":[],"class_list":["post-17123","post","type-post","status-publish","format-standard","has-post-thumbnail","hentry","category-politica"],"yoast_head":"<!-- This site is optimized with the Yoast SEO plugin v27.4 - https:\/\/yoast.com\/product\/yoast-seo-wordpress\/ -->\n<title>POL\u00cdTICA | Pacheco aboga por reducci\u00f3n de n\u00famero de diputados de la RD - Minuto Cero RD<\/title>\n<meta name=\"robots\" content=\"index, follow, max-snippet:-1, max-image-preview:large, max-video-preview:-1\" \/>\n<link rel=\"canonical\" href=\"http:\/\/minutocerord.com\/?p=17123\" \/>\n<meta property=\"og:locale\" content=\"es_ES\" \/>\n<meta property=\"og:type\" content=\"article\" \/>\n<meta property=\"og:title\" content=\"POL\u00cdTICA | Pacheco aboga por reducci\u00f3n de n\u00famero de diputados de la RD - Minuto Cero RD\" \/>\n<meta property=\"og:description\" content=\"Santo Domingo.- El presidente de la C\u00e1mara de Diputados, Alfredo Pacheco, se mostr\u00f3 partidario este mi\u00e9rcoles de que se reduzca el n\u00famero de legisladores que conforman el \u00f3rgano que dirige puesto que 190 esca\u00f1os, a su entender, \u00abson demasiados\u00bb, opin\u00f3 en declaraciones a la prensa. \u00abEstoy de acuerdo con la reducci\u00f3n del n\u00famero de la [&hellip;]\" \/>\n<meta property=\"og:url\" content=\"http:\/\/minutocerord.com\/?p=17123\" \/>\n<meta property=\"og:site_name\" content=\"Minuto Cero RD\" \/>\n<meta property=\"article:publisher\" content=\"https:\/\/www.facebook.com\/Genofnotes\" \/>\n<meta property=\"article:author\" content=\"https:\/\/www.facebook.com\/Genofnotes\" \/>\n<meta property=\"article:published_time\" content=\"2024-05-23T14:30:05+00:00\" \/>\n<meta property=\"article:modified_time\" content=\"2024-05-23T14:31:12+00:00\" \/>\n<meta property=\"og:image\" content=\"https:\/\/i0.wp.com\/minutocerord.com\/wp-content\/uploads\/2024\/05\/nhezavc4.jpg?fit=689%2C460\" \/>\n\t<meta property=\"og:image:width\" content=\"689\" \/>\n\t<meta property=\"og:image:height\" content=\"460\" \/>\n\t<meta property=\"og:image:type\" content=\"image\/jpeg\" \/>\n<meta name=\"author\" content=\"Genof\u00f3ntes Urb\u00e1ez\" \/>\n<meta name=\"twitter:card\" content=\"summary_large_image\" \/>\n<meta name=\"twitter:label1\" content=\"Written by\" \/>\n\t<meta name=\"twitter:data1\" content=\"Genof\u00f3ntes Urb\u00e1ez\" \/>\n\t<meta name=\"twitter:label2\" content=\"Est. reading time\" \/>\n\t<meta name=\"twitter:data2\" content=\"2 minutos\" \/>\n<script type=\"application\/ld+json\" class=\"yoast-schema-graph\">{\"@context\":\"https:\\\/\\\/schema.org\",\"@graph\":[{\"@type\":\"Article\",\"@id\":\"http:\\\/\\\/minutocerord.com\\\/?p=17123#article\",\"isPartOf\":{\"@id\":\"http:\\\/\\\/minutocerord.com\\\/?p=17123\"},\"author\":{\"name\":\"Genof\u00f3ntes Urb\u00e1ez\",\"@id\":\"https:\\\/\\\/minutocerord.com\\\/#\\\/schema\\\/person\\\/60b5372d60aaa0a5171fb6488be9aee6\"},\"headline\":\"POL\u00cdTICA | Pacheco aboga por reducci\u00f3n de n\u00famero de diputados de la RD\",\"datePublished\":\"2024-05-23T14:30:05+00:00\",\"dateModified\":\"2024-05-23T14:31:12+00:00\",\"mainEntityOfPage\":{\"@id\":\"http:\\\/\\\/minutocerord.com\\\/?p=17123\"},\"wordCount\":225,\"commentCount\":0,\"publisher\":{\"@id\":\"https:\\\/\\\/minutocerord.com\\\/#\\\/schema\\\/person\\\/60b5372d60aaa0a5171fb6488be9aee6\"},\"image\":{\"@id\":\"http:\\\/\\\/minutocerord.com\\\/?p=17123#primaryimage\"},\"thumbnailUrl\":\"https:\\\/\\\/i0.wp.com\\\/minutocerord.com\\\/wp-content\\\/uploads\\\/2024\\\/05\\\/nhezavc4.jpg?fit=689%2C460&ssl=1\",\"articleSection\":[\"Pol\u00edtica\"],\"inLanguage\":\"es-DO\",\"potentialAction\":[{\"@type\":\"CommentAction\",\"name\":\"Comment\",\"target\":[\"http:\\\/\\\/minutocerord.com\\\/?p=17123#respond\"]}]},{\"@type\":\"WebPage\",\"@id\":\"http:\\\/\\\/minutocerord.com\\\/?p=17123\",\"url\":\"http:\\\/\\\/minutocerord.com\\\/?p=17123\",\"name\":\"POL\u00cdTICA | Pacheco aboga por reducci\u00f3n de n\u00famero de diputados de la RD - Minuto Cero RD\",\"isPartOf\":{\"@id\":\"https:\\\/\\\/minutocerord.com\\\/#website\"},\"primaryImageOfPage\":{\"@id\":\"http:\\\/\\\/minutocerord.com\\\/?p=17123#primaryimage\"},\"image\":{\"@id\":\"http:\\\/\\\/minutocerord.com\\\/?p=17123#primaryimage\"},\"thumbnailUrl\":\"https:\\\/\\\/i0.wp.com\\\/minutocerord.com\\\/wp-content\\\/uploads\\\/2024\\\/05\\\/nhezavc4.jpg?fit=689%2C460&ssl=1\",\"datePublished\":\"2024-05-23T14:30:05+00:00\",\"dateModified\":\"2024-05-23T14:31:12+00:00\",\"breadcrumb\":{\"@id\":\"http:\\\/\\\/minutocerord.com\\\/?p=17123#breadcrumb\"},\"inLanguage\":\"es-DO\",\"potentialAction\":[{\"@type\":\"ReadAction\",\"target\":[\"http:\\\/\\\/minutocerord.com\\\/?p=17123\"]}]},{\"@type\":\"ImageObject\",\"inLanguage\":\"es-DO\",\"@id\":\"http:\\\/\\\/minutocerord.com\\\/?p=17123#primaryimage\",\"url\":\"https:\\\/\\\/i0.wp.com\\\/minutocerord.com\\\/wp-content\\\/uploads\\\/2024\\\/05\\\/nhezavc4.jpg?fit=689%2C460&ssl=1\",\"contentUrl\":\"https:\\\/\\\/i0.wp.com\\\/minutocerord.com\\\/wp-content\\\/uploads\\\/2024\\\/05\\\/nhezavc4.jpg?fit=689%2C460&ssl=1\",\"width\":689,\"height\":460},{\"@type\":\"BreadcrumbList\",\"@id\":\"http:\\\/\\\/minutocerord.com\\\/?p=17123#breadcrumb\",\"itemListElement\":[{\"@type\":\"ListItem\",\"position\":1,\"name\":\"Home\",\"item\":\"https:\\\/\\\/minutocerord.com\\\/\"},{\"@type\":\"ListItem\",\"position\":2,\"name\":\"POL\u00cdTICA | Pacheco aboga por reducci\u00f3n de n\u00famero de diputados de la RD\"}]},{\"@type\":\"WebSite\",\"@id\":\"https:\\\/\\\/minutocerord.com\\\/#website\",\"url\":\"https:\\\/\\\/minutocerord.com\\\/\",\"name\":\"Minuto Cero RD\",\"description\":\"Periodismo serio y veraz\",\"publisher\":{\"@id\":\"https:\\\/\\\/minutocerord.com\\\/#\\\/schema\\\/person\\\/60b5372d60aaa0a5171fb6488be9aee6\"},\"potentialAction\":[{\"@type\":\"SearchAction\",\"target\":{\"@type\":\"EntryPoint\",\"urlTemplate\":\"https:\\\/\\\/minutocerord.com\\\/?s={search_term_string}\"},\"query-input\":{\"@type\":\"PropertyValueSpecification\",\"valueRequired\":true,\"valueName\":\"search_term_string\"}}],\"inLanguage\":\"es-DO\"},{\"@type\":[\"Person\",\"Organization\"],\"@id\":\"https:\\\/\\\/minutocerord.com\\\/#\\\/schema\\\/person\\\/60b5372d60aaa0a5171fb6488be9aee6\",\"name\":\"Genof\u00f3ntes Urb\u00e1ez\",\"image\":{\"@type\":\"ImageObject\",\"inLanguage\":\"es-DO\",\"@id\":\"https:\\\/\\\/secure.gravatar.com\\\/avatar\\\/a49ef3186a692098ac3e8a1612261e3ad70cf9e44553dff2929e67939a0ecb9d?s=96&d=identicon&r=g\",\"url\":\"https:\\\/\\\/secure.gravatar.com\\\/avatar\\\/a49ef3186a692098ac3e8a1612261e3ad70cf9e44553dff2929e67939a0ecb9d?s=96&d=identicon&r=g\",\"contentUrl\":\"https:\\\/\\\/secure.gravatar.com\\\/avatar\\\/a49ef3186a692098ac3e8a1612261e3ad70cf9e44553dff2929e67939a0ecb9d?s=96&d=identicon&r=g\",\"caption\":\"Genof\u00f3ntes Urb\u00e1ez\"},\"logo\":{\"@id\":\"https:\\\/\\\/secure.gravatar.com\\\/avatar\\\/a49ef3186a692098ac3e8a1612261e3ad70cf9e44553dff2929e67939a0ecb9d?s=96&d=identicon&r=g\"},\"description\":\"Periodista \\\/ Locutor\",\"sameAs\":[\"https:\\\/\\\/www.facebook.com\\\/Genofnotes\",\"https:\\\/\\\/www.instagram.com\\\/genofnotes\\\/\"]}]}<\/script>\n<!-- \/ Yoast SEO plugin. -->","yoast_head_json":{"title":"POL\u00cdTICA | Pacheco aboga por reducci\u00f3n de n\u00famero de diputados de la RD - Minuto Cero RD","robots":{"index":"index","follow":"follow","max-snippet":"max-snippet:-1","max-image-preview":"max-image-preview:large","max-video-preview":"max-video-preview:-1"},"canonical":"http:\/\/minutocerord.com\/?p=17123","og_locale":"es_ES","og_type":"article","og_title":"POL\u00cdTICA | Pacheco aboga por reducci\u00f3n de n\u00famero de diputados de la RD - Minuto Cero RD","og_description":"Santo Domingo.- El presidente de la C\u00e1mara de Diputados, Alfredo Pacheco, se mostr\u00f3 partidario este mi\u00e9rcoles de que se reduzca el n\u00famero de legisladores que conforman el \u00f3rgano que dirige puesto que 190 esca\u00f1os, a su entender, \u00abson demasiados\u00bb, opin\u00f3 en declaraciones a la prensa. \u00abEstoy de acuerdo con la reducci\u00f3n del n\u00famero de la [&hellip;]","og_url":"http:\/\/minutocerord.com\/?p=17123","og_site_name":"Minuto Cero RD","article_publisher":"https:\/\/www.facebook.com\/Genofnotes","article_author":"https:\/\/www.facebook.com\/Genofnotes","article_published_time":"2024-05-23T14:30:05+00:00","article_modified_time":"2024-05-23T14:31:12+00:00","og_image":[{"width":689,"height":460,"url":"https:\/\/i0.wp.com\/minutocerord.com\/wp-content\/uploads\/2024\/05\/nhezavc4.jpg?fit=689%2C460","type":"image\/jpeg"}],"author":"Genof\u00f3ntes Urb\u00e1ez","twitter_card":"summary_large_image","twitter_misc":{"Written by":"Genof\u00f3ntes Urb\u00e1ez","Est. reading time":"2 minutos"},"schema":{"@context":"https:\/\/schema.org","@graph":[{"@type":"Article","@id":"http:\/\/minutocerord.com\/?p=17123#article","isPartOf":{"@id":"http:\/\/minutocerord.com\/?p=17123"},"author":{"name":"Genof\u00f3ntes Urb\u00e1ez","@id":"https:\/\/minutocerord.com\/#\/schema\/person\/60b5372d60aaa0a5171fb6488be9aee6"},"headline":"POL\u00cdTICA | Pacheco aboga por reducci\u00f3n de n\u00famero de diputados de la RD","datePublished":"2024-05-23T14:30:05+00:00","dateModified":"2024-05-23T14:31:12+00:00","mainEntityOfPage":{"@id":"http:\/\/minutocerord.com\/?p=17123"},"wordCount":225,"commentCount":0,"publisher":{"@id":"https:\/\/minutocerord.com\/#\/schema\/person\/60b5372d60aaa0a5171fb6488be9aee6"},"image":{"@id":"http:\/\/minutocerord.com\/?p=17123#primaryimage"},"thumbnailUrl":"https:\/\/i0.wp.com\/minutocerord.com\/wp-content\/uploads\/2024\/05\/nhezavc4.jpg?fit=689%2C460&ssl=1","articleSection":["Pol\u00edtica"],"inLanguage":"es-DO","potentialAction":[{"@type":"CommentAction","name":"Comment","target":["http:\/\/minutocerord.com\/?p=17123#respond"]}]},{"@type":"WebPage","@id":"http:\/\/minutocerord.com\/?p=17123","url":"http:\/\/minutocerord.com\/?p=17123","name":"POL\u00cdTICA | Pacheco aboga por reducci\u00f3n de n\u00famero de diputados de la RD - Minuto Cero RD","isPartOf":{"@id":"https:\/\/minutocerord.com\/#website"},"primaryImageOfPage":{"@id":"http:\/\/minutocerord.com\/?p=17123#primaryimage"},"image":{"@id":"http:\/\/minutocerord.com\/?p=17123#primaryimage"},"thumbnailUrl":"https:\/\/i0.wp.com\/minutocerord.com\/wp-content\/uploads\/2024\/05\/nhezavc4.jpg?fit=689%2C460&ssl=1","datePublished":"2024-05-23T14:30:05+00:00","dateModified":"2024-05-23T14:31:12+00:00","breadcrumb":{"@id":"http:\/\/minutocerord.com\/?p=17123#breadcrumb"},"inLanguage":"es-DO","potentialAction":[{"@type":"ReadAction","target":["http:\/\/minutocerord.com\/?p=17123"]}]},{"@type":"ImageObject","inLanguage":"es-DO","@id":"http:\/\/minutocerord.com\/?p=17123#primaryimage","url":"https:\/\/i0.wp.com\/minutocerord.com\/wp-content\/uploads\/2024\/05\/nhezavc4.jpg?fit=689%2C460&ssl=1","contentUrl":"https:\/\/i0.wp.com\/minutocerord.com\/wp-content\/uploads\/2024\/05\/nhezavc4.jpg?fit=689%2C460&ssl=1","width":689,"height":460},{"@type":"BreadcrumbList","@id":"http:\/\/minutocerord.com\/?p=17123#breadcrumb","itemListElement":[{"@type":"ListItem","position":1,"name":"Home","item":"https:\/\/minutocerord.com\/"},{"@type":"ListItem","position":2,"name":"POL\u00cdTICA | Pacheco aboga por reducci\u00f3n de n\u00famero de diputados de la RD"}]},{"@type":"WebSite","@id":"https:\/\/minutocerord.com\/#website","url":"https:\/\/minutocerord.com\/","name":"Minuto Cero RD","description":"Periodismo serio y veraz","publisher":{"@id":"https:\/\/minutocerord.com\/#\/schema\/person\/60b5372d60aaa0a5171fb6488be9aee6"},"potentialAction":[{"@type":"SearchAction","target":{"@type":"EntryPoint","urlTemplate":"https:\/\/minutocerord.com\/?s={search_term_string}"},"query-input":{"@type":"PropertyValueSpecification","valueRequired":true,"valueName":"search_term_string"}}],"inLanguage":"es-DO"},{"@type":["Person","Organization"],"@id":"https:\/\/minutocerord.com\/#\/schema\/person\/60b5372d60aaa0a5171fb6488be9aee6","name":"Genof\u00f3ntes Urb\u00e1ez","image":{"@type":"ImageObject","inLanguage":"es-DO","@id":"https:\/\/secure.gravatar.com\/avatar\/a49ef3186a692098ac3e8a1612261e3ad70cf9e44553dff2929e67939a0ecb9d?s=96&d=identicon&r=g","url":"https:\/\/secure.gravatar.com\/avatar\/a49ef3186a692098ac3e8a1612261e3ad70cf9e44553dff2929e67939a0ecb9d?s=96&d=identicon&r=g","contentUrl":"https:\/\/secure.gravatar.com\/avatar\/a49ef3186a692098ac3e8a1612261e3ad70cf9e44553dff2929e67939a0ecb9d?s=96&d=identicon&r=g","caption":"Genof\u00f3ntes Urb\u00e1ez"},"logo":{"@id":"https:\/\/secure.gravatar.com\/avatar\/a49ef3186a692098ac3e8a1612261e3ad70cf9e44553dff2929e67939a0ecb9d?s=96&d=identicon&r=g"},"description":"Periodista \/ Locutor","sameAs":["https:\/\/www.facebook.com\/Genofnotes","https:\/\/www.instagram.com\/genofnotes\/"]}]}},"jetpack_publicize_connections":[],"jetpack_featured_media_url":"https:\/\/i0.wp.com\/minutocerord.com\/wp-content\/uploads\/2024\/05\/nhezavc4.jpg?fit=689%2C460&ssl=1","jetpack-related-posts":[],"jetpack_sharing_enabled":true,"_links":{"self":[{"href":"https:\/\/minutocerord.com\/index.php?rest_route=\/wp\/v2\/posts\/17123","targetHints":{"allow":["GET"]}}],"collection":[{"href":"https:\/\/minutocerord.com\/index.php?rest_route=\/wp\/v2\/posts"}],"about":[{"href":"https:\/\/minutocerord.com\/index.php?rest_route=\/wp\/v2\/types\/post"}],"author":[{"embeddable":true,"href":"https:\/\/minutocerord.com\/index.php?rest_route=\/wp\/v2\/users\/1"}],"replies":[{"embeddable":true,"href":"https:\/\/minutocerord.com\/index.php?rest_route=%2Fwp%2Fv2%2Fcomments&post=17123"}],"version-history":[{"count":2,"href":"https:\/\/minutocerord.com\/index.php?rest_route=\/wp\/v2\/posts\/17123\/revisions"}],"predecessor-version":[{"id":17126,"href":"https:\/\/minutocerord.com\/index.php?rest_route=\/wp\/v2\/posts\/17123\/revisions\/17126"}],"wp:featuredmedia":[{"embeddable":true,"href":"https:\/\/minutocerord.com\/index.php?rest_route=\/wp\/v2\/media\/17124"}],"wp:attachment":[{"href":"https:\/\/minutocerord.com\/index.php?rest_route=%2Fwp%2Fv2%2Fmedia&parent=17123"}],"wp:term":[{"taxonomy":"category","embeddable":true,"href":"https:\/\/minutocerord.com\/index.php?rest_route=%2Fwp%2Fv2%2Fcategories&post=17123"},{"taxonomy":"post_tag","embeddable":true,"href":"https:\/\/minutocerord.com\/index.php?rest_route=%2Fwp%2Fv2%2Ftags&post=17123"}],"curies":[{"name":"wp","href":"https:\/\/api.w.org\/{rel}","templated":true}]}}