{"id":17136,"date":"2024-05-23T10:44:38","date_gmt":"2024-05-23T14:44:38","guid":{"rendered":"https:\/\/minutocerord.com\/?p=17136"},"modified":"2024-05-23T11:02:00","modified_gmt":"2024-05-23T15:02:00","slug":"mexico-9-muertos-y-50-heridos-tras-derrumbe-tarima-acto-campana","status":"publish","type":"post","link":"https:\/\/minutocerord.com\/?p=17136","title":{"rendered":"M\u00c9XICO | Video: 9 muertos y 50 heridos tras derrumbe tarima acto campa\u00f1a"},"content":{"rendered":"\n<figure class=\"wp-embed-aspect-16-9 wp-has-aspect-ratio wp-block-embed is-type-video is-provider-youtube wp-block-embed-youtube\"><div class=\"wp-block-embed__wrapper\">\n<iframe loading=\"lazy\" title=\"M\u00c9XICO: Al menos 9 MUERTOS y 50 HERIDOS tras el COLAPSO del ESCENARIO en un MITIN | RTVE Noticias\" width=\"640\" height=\"360\" src=\"https:\/\/www.youtube.com\/embed\/RnakzewZX5k?feature=oembed\" frameborder=\"0\" allow=\"accelerometer; autoplay; clipboard-write; encrypted-media; gyroscope; picture-in-picture; web-share\" referrerpolicy=\"strict-origin-when-cross-origin\" allowfullscreen><\/iframe>\n<\/div><\/figure>\n\n\n\n<p class=\"\"><strong>MEXICO.-<\/strong> Al menos nueve muertos y 50 heridos dej\u00f3 el colapso de un escenario en la noche del mi\u00e9rcoles durante un mitin en el que participaba el candidato a la presidencia de M\u00e9xico Jorge \u00c1lvarez M\u00e1ynez en el norte del pa\u00eds, informaron las autoridades.<\/p>\n\n\n\n<p class=\"\">Un balance inicial hab\u00eda dado cuenta de cuatro fallecidos y 15 lesionados, cifra que fue aumentando con el paso de las horas. Im\u00e1genes difundidas en redes sociales muestran el momento en que las torres que sosten\u00edan el templete se desploman a causa de un vendaval y una pantalla gigante cae sobre la tarima donde estaban \u00c1lvarez M\u00e1ynez y otros aspirantes de Movimiento Ciudadano (centro).<\/p>\n\n\n\n<p class=\"\">\u00c1lvarez M\u00e1ynez, de 38 a\u00f1os y tercero en la intenci\u00f3n de voto de cara a las elecciones del 2 de junio, y sus acompa\u00f1antes lograron ponerse a salvo tras correr velozmente.<\/p>\n\n\n\n<p class=\"\">El accidente ocurri\u00f3 en la localidad de San Pedro Garza, parte de la zona metropolitana de la ciudad industrial de Monterrey, en el estado de Nuevo Le\u00f3n. El evento era el cierre de campa\u00f1a de la candidata de Movimiento Ciudadano a la alcald\u00eda de San Pedro, Lorenia Canavati, quien estaba acompa\u00f1ada por \u00c1lvarez M\u00e1ynez. Tambi\u00e9n participaban candidatos a senadur\u00edas y diputaciones por el mismo partido.<\/p>\n\n\n\n<p class=\"\">Porque t\u00fa tambi\u00e9n puedes ser l\u00edder de opini\u00f3n. En IDEAL creemos en el poder de tus ideas y la influencia que ejerces en tu comunidad. Al suscribirte, no solo tendr\u00e1s acceso a contenido exclusivo y de calidad, tambi\u00e9n estar\u00e1s respaldando un medio que valora tu voz. Juntos marcamos la diferencia.<\/p>\n\n\n\n<p class=\"\">\u00abAcabo de visitar la Cl\u00ednica 7 y lamento informar que hasta el momento el n\u00famero de personas fallecidas por el accidente asciende a ocho adultos y un menor\u00bb, dijo el gobernador de Nuevo Le\u00f3n, Samuel Garc\u00eda, en la red social X.<\/p>\n\n\n\n<p class=\"\">Garc\u00eda explic\u00f3 previamente que fuertes vientos tumbaron el escenario y pidi\u00f3 a la gente resguardarse porque en la zona se registran tormentas el\u00e9ctricas y lluvia intensa.<\/p>\n\n\n\n<p class=\"\">\u00abEstoy bien y en comunicaci\u00f3n con autoridades estatales para dar seguimiento a lo acontecido. Lo \u00fanico importante en estos momentos es atender a las v\u00edctimas\u00bb, escribi\u00f3 por su parte \u00c1lvarez M\u00e1ynez en la red social X.<\/p>\n\n\n\n<p class=\"\">El candidato a\u00f1adi\u00f3 que los integrantes de su equipo que resultaron lesionados est\u00e1n siendo atendidos en un hospital. Su partido dijo en un comunicado que suspender\u00eda todos sus actos de campa\u00f1a \u00aben solidaridad con los afectados\u00bb.<\/p>\n\n\n\n<p class=\"\">El diputado de Movimiento Ciudadano, Javier Gonz\u00e1lez Alc\u00e1ntara, dijo a la cadena Televisa que rescatistas evacuaron a los lesionados que estaban bajo el templete, en medio de un amplio operativo. \u00abYa se pudo sacar a toda la gente que estaba debajo del escenario y se llev\u00f3 a los lesionados a los hospitales\u00bb, indic\u00f3.<\/p>\n\n\n\n<p class=\"\">Jos\u00e9 Juan, uno de los asistentes al evento pol\u00edtico, narr\u00f3 c\u00f3mo de forma sorpresiva la estructura se desplom\u00f3 sobre los candidatos y el p\u00fablico. \u00abDe repente se vino abajo, me golpe\u00f3 en la cabeza y me desmay\u00e9, lo dem\u00e1s fue pura histeria, puro p\u00e1nico\u00bb, declar\u00f3 a Televisa.<\/p>\n\n\n\n<p class=\"\">El propio \u00c1lvarez M\u00e1ynez anunci\u00f3 que permanecer\u00eda en el lugar hasta que la \u00faltima persona lesionada fuera trasladada al hospital.<\/p>\n\n\n\n<p class=\"\">Las otras candidatas a la presidencia de M\u00e9xico expresaron sus condolencias por el incidente.<\/p>\n\n\n\n<p class=\"\">\u00abDeseo est\u00e9 todo bien con las y los candidatos asistentes al evento de Movimiento Ciudadano en Nuevo Le\u00f3n\u00bb, escribi\u00f3 en X Claudia Sheinbaum, candidata del oficialismo de izquierda y amplia favorita para ganar la presidencia.<\/p>\n\n\n\n<p class=\"\">\u00abDe todo coraz\u00f3n deseo que no haya heridos de gravedad por lo ocurrido en el evento de Movimiento Ciudadano en Nuevo Le\u00f3n\u00bb, manifest\u00f3 por su parte la aspirante opositora de centroderecha X\u00f3chitl G\u00e1lvez en la misma plataforma.<\/p>\n","protected":false},"excerpt":{"rendered":"<p>MEXICO.- Al menos nueve muertos y 50 heridos dej\u00f3 el colapso de un escenario en la noche del mi\u00e9rcoles durante un mitin en el que participaba el candidato a la presidencia de M\u00e9xico Jorge \u00c1lvarez M\u00e1ynez en el norte del pa\u00eds, informaron las autoridades. Un balance inicial hab\u00eda dado cuenta de cuatro fallecidos y 15 [&hellip;]<\/p>\n","protected":false},"author":1,"featured_media":17138,"comment_status":"open","ping_status":"open","sticky":false,"template":"","format":"standard","meta":{"nf_dc_page":"","jetpack_post_was_ever_published":false,"_jetpack_newsletter_access":"","_jetpack_dont_email_post_to_subs":false,"_jetpack_newsletter_tier_id":0,"_jetpack_memberships_contains_paywalled_content":false,"_jetpack_memberships_contains_paid_content":false,"footnotes":"","jetpack_publicize_message":"","jetpack_publicize_feature_enabled":true,"jetpack_social_post_already_shared":true,"jetpack_social_options":{"image_generator_settings":{"template":"highway","default_image_id":0,"font":"","enabled":false},"version":2}},"categories":[90],"tags":[],"class_list":["post-17136","post","type-post","status-publish","format-standard","has-post-thumbnail","hentry","category-mexico"],"yoast_head":"<!-- This site is optimized with the Yoast SEO plugin v27.4 - https:\/\/yoast.com\/product\/yoast-seo-wordpress\/ -->\n<title>M\u00c9XICO | Video: 9 muertos y 50 heridos tras derrumbe tarima acto campa\u00f1a - Minuto Cero RD<\/title>\n<meta name=\"robots\" content=\"index, follow, max-snippet:-1, max-image-preview:large, max-video-preview:-1\" \/>\n<link rel=\"canonical\" href=\"https:\/\/minutocerord.com\/?p=17136\" \/>\n<meta property=\"og:locale\" content=\"es_ES\" \/>\n<meta property=\"og:type\" content=\"article\" \/>\n<meta property=\"og:title\" content=\"M\u00c9XICO | Video: 9 muertos y 50 heridos tras derrumbe tarima acto campa\u00f1a - Minuto Cero RD\" \/>\n<meta property=\"og:description\" content=\"MEXICO.- Al menos nueve muertos y 50 heridos dej\u00f3 el colapso de un escenario en la noche del mi\u00e9rcoles durante un mitin en el que participaba el candidato a la presidencia de M\u00e9xico Jorge \u00c1lvarez M\u00e1ynez en el norte del pa\u00eds, informaron las autoridades. Un balance inicial hab\u00eda dado cuenta de cuatro fallecidos y 15 [&hellip;]\" \/>\n<meta property=\"og:url\" content=\"https:\/\/minutocerord.com\/?p=17136\" \/>\n<meta property=\"og:site_name\" content=\"Minuto Cero RD\" \/>\n<meta property=\"article:publisher\" content=\"https:\/\/www.facebook.com\/Genofnotes\" \/>\n<meta property=\"article:author\" content=\"https:\/\/www.facebook.com\/Genofnotes\" \/>\n<meta property=\"article:published_time\" content=\"2024-05-23T14:44:38+00:00\" \/>\n<meta property=\"article:modified_time\" content=\"2024-05-23T15:02:00+00:00\" \/>\n<meta property=\"og:image\" content=\"https:\/\/i0.wp.com\/minutocerord.com\/wp-content\/uploads\/2024\/05\/mexico-2-kDXF-U220230530290GGH-1200x840%40Ideal-1.jpg?fit=1200%2C840&ssl=1\" \/>\n\t<meta property=\"og:image:width\" content=\"1200\" \/>\n\t<meta property=\"og:image:height\" content=\"840\" \/>\n\t<meta property=\"og:image:type\" content=\"image\/jpeg\" \/>\n<meta name=\"author\" content=\"Genof\u00f3ntes Urb\u00e1ez\" \/>\n<meta name=\"twitter:card\" content=\"summary_large_image\" \/>\n<meta name=\"twitter:label1\" content=\"Written by\" \/>\n\t<meta name=\"twitter:data1\" content=\"Genof\u00f3ntes Urb\u00e1ez\" \/>\n\t<meta name=\"twitter:label2\" content=\"Est. reading time\" \/>\n\t<meta name=\"twitter:data2\" content=\"3 minutos\" \/>\n<script type=\"application\/ld+json\" class=\"yoast-schema-graph\">{\"@context\":\"https:\\\/\\\/schema.org\",\"@graph\":[{\"@type\":\"Article\",\"@id\":\"https:\\\/\\\/minutocerord.com\\\/?p=17136#article\",\"isPartOf\":{\"@id\":\"https:\\\/\\\/minutocerord.com\\\/?p=17136\"},\"author\":{\"name\":\"Genof\u00f3ntes Urb\u00e1ez\",\"@id\":\"https:\\\/\\\/minutocerord.com\\\/#\\\/schema\\\/person\\\/60b5372d60aaa0a5171fb6488be9aee6\"},\"headline\":\"M\u00c9XICO | Video: 9 muertos y 50 heridos tras derrumbe tarima acto campa\u00f1a\",\"datePublished\":\"2024-05-23T14:44:38+00:00\",\"dateModified\":\"2024-05-23T15:02:00+00:00\",\"mainEntityOfPage\":{\"@id\":\"https:\\\/\\\/minutocerord.com\\\/?p=17136\"},\"wordCount\":665,\"commentCount\":0,\"publisher\":{\"@id\":\"https:\\\/\\\/minutocerord.com\\\/#\\\/schema\\\/person\\\/60b5372d60aaa0a5171fb6488be9aee6\"},\"image\":{\"@id\":\"https:\\\/\\\/minutocerord.com\\\/?p=17136#primaryimage\"},\"thumbnailUrl\":\"https:\\\/\\\/i0.wp.com\\\/minutocerord.com\\\/wp-content\\\/uploads\\\/2024\\\/05\\\/mexico-2-kDXF-U220230530290GGH-1200x840%40Ideal-1.jpg?fit=1200%2C840&ssl=1\",\"articleSection\":[\"M\u00e9xico\"],\"inLanguage\":\"es-DO\",\"potentialAction\":[{\"@type\":\"CommentAction\",\"name\":\"Comment\",\"target\":[\"https:\\\/\\\/minutocerord.com\\\/?p=17136#respond\"]}]},{\"@type\":\"WebPage\",\"@id\":\"https:\\\/\\\/minutocerord.com\\\/?p=17136\",\"url\":\"https:\\\/\\\/minutocerord.com\\\/?p=17136\",\"name\":\"M\u00c9XICO | Video: 9 muertos y 50 heridos tras derrumbe tarima acto campa\u00f1a - Minuto Cero RD\",\"isPartOf\":{\"@id\":\"https:\\\/\\\/minutocerord.com\\\/#website\"},\"primaryImageOfPage\":{\"@id\":\"https:\\\/\\\/minutocerord.com\\\/?p=17136#primaryimage\"},\"image\":{\"@id\":\"https:\\\/\\\/minutocerord.com\\\/?p=17136#primaryimage\"},\"thumbnailUrl\":\"https:\\\/\\\/i0.wp.com\\\/minutocerord.com\\\/wp-content\\\/uploads\\\/2024\\\/05\\\/mexico-2-kDXF-U220230530290GGH-1200x840%40Ideal-1.jpg?fit=1200%2C840&ssl=1\",\"datePublished\":\"2024-05-23T14:44:38+00:00\",\"dateModified\":\"2024-05-23T15:02:00+00:00\",\"breadcrumb\":{\"@id\":\"https:\\\/\\\/minutocerord.com\\\/?p=17136#breadcrumb\"},\"inLanguage\":\"es-DO\",\"potentialAction\":[{\"@type\":\"ReadAction\",\"target\":[\"https:\\\/\\\/minutocerord.com\\\/?p=17136\"]}]},{\"@type\":\"ImageObject\",\"inLanguage\":\"es-DO\",\"@id\":\"https:\\\/\\\/minutocerord.com\\\/?p=17136#primaryimage\",\"url\":\"https:\\\/\\\/i0.wp.com\\\/minutocerord.com\\\/wp-content\\\/uploads\\\/2024\\\/05\\\/mexico-2-kDXF-U220230530290GGH-1200x840%40Ideal-1.jpg?fit=1200%2C840&ssl=1\",\"contentUrl\":\"https:\\\/\\\/i0.wp.com\\\/minutocerord.com\\\/wp-content\\\/uploads\\\/2024\\\/05\\\/mexico-2-kDXF-U220230530290GGH-1200x840%40Ideal-1.jpg?fit=1200%2C840&ssl=1\",\"width\":1200,\"height\":840},{\"@type\":\"BreadcrumbList\",\"@id\":\"https:\\\/\\\/minutocerord.com\\\/?p=17136#breadcrumb\",\"itemListElement\":[{\"@type\":\"ListItem\",\"position\":1,\"name\":\"Home\",\"item\":\"https:\\\/\\\/minutocerord.com\\\/\"},{\"@type\":\"ListItem\",\"position\":2,\"name\":\"M\u00c9XICO | Video: 9 muertos y 50 heridos tras derrumbe tarima acto campa\u00f1a\"}]},{\"@type\":\"WebSite\",\"@id\":\"https:\\\/\\\/minutocerord.com\\\/#website\",\"url\":\"https:\\\/\\\/minutocerord.com\\\/\",\"name\":\"Minuto Cero RD\",\"description\":\"Periodismo serio y veraz\",\"publisher\":{\"@id\":\"https:\\\/\\\/minutocerord.com\\\/#\\\/schema\\\/person\\\/60b5372d60aaa0a5171fb6488be9aee6\"},\"potentialAction\":[{\"@type\":\"SearchAction\",\"target\":{\"@type\":\"EntryPoint\",\"urlTemplate\":\"https:\\\/\\\/minutocerord.com\\\/?s={search_term_string}\"},\"query-input\":{\"@type\":\"PropertyValueSpecification\",\"valueRequired\":true,\"valueName\":\"search_term_string\"}}],\"inLanguage\":\"es-DO\"},{\"@type\":[\"Person\",\"Organization\"],\"@id\":\"https:\\\/\\\/minutocerord.com\\\/#\\\/schema\\\/person\\\/60b5372d60aaa0a5171fb6488be9aee6\",\"name\":\"Genof\u00f3ntes Urb\u00e1ez\",\"image\":{\"@type\":\"ImageObject\",\"inLanguage\":\"es-DO\",\"@id\":\"https:\\\/\\\/secure.gravatar.com\\\/avatar\\\/a49ef3186a692098ac3e8a1612261e3ad70cf9e44553dff2929e67939a0ecb9d?s=96&d=identicon&r=g\",\"url\":\"https:\\\/\\\/secure.gravatar.com\\\/avatar\\\/a49ef3186a692098ac3e8a1612261e3ad70cf9e44553dff2929e67939a0ecb9d?s=96&d=identicon&r=g\",\"contentUrl\":\"https:\\\/\\\/secure.gravatar.com\\\/avatar\\\/a49ef3186a692098ac3e8a1612261e3ad70cf9e44553dff2929e67939a0ecb9d?s=96&d=identicon&r=g\",\"caption\":\"Genof\u00f3ntes Urb\u00e1ez\"},\"logo\":{\"@id\":\"https:\\\/\\\/secure.gravatar.com\\\/avatar\\\/a49ef3186a692098ac3e8a1612261e3ad70cf9e44553dff2929e67939a0ecb9d?s=96&d=identicon&r=g\"},\"description\":\"Periodista \\\/ Locutor\",\"sameAs\":[\"https:\\\/\\\/www.facebook.com\\\/Genofnotes\",\"https:\\\/\\\/www.instagram.com\\\/genofnotes\\\/\"]}]}<\/script>\n<!-- \/ Yoast SEO plugin. -->","yoast_head_json":{"title":"M\u00c9XICO | Video: 9 muertos y 50 heridos tras derrumbe tarima acto campa\u00f1a - Minuto Cero RD","robots":{"index":"index","follow":"follow","max-snippet":"max-snippet:-1","max-image-preview":"max-image-preview:large","max-video-preview":"max-video-preview:-1"},"canonical":"https:\/\/minutocerord.com\/?p=17136","og_locale":"es_ES","og_type":"article","og_title":"M\u00c9XICO | Video: 9 muertos y 50 heridos tras derrumbe tarima acto campa\u00f1a - Minuto Cero RD","og_description":"MEXICO.- Al menos nueve muertos y 50 heridos dej\u00f3 el colapso de un escenario en la noche del mi\u00e9rcoles durante un mitin en el que participaba el candidato a la presidencia de M\u00e9xico Jorge \u00c1lvarez M\u00e1ynez en el norte del pa\u00eds, informaron las autoridades. Un balance inicial hab\u00eda dado cuenta de cuatro fallecidos y 15 [&hellip;]","og_url":"https:\/\/minutocerord.com\/?p=17136","og_site_name":"Minuto Cero RD","article_publisher":"https:\/\/www.facebook.com\/Genofnotes","article_author":"https:\/\/www.facebook.com\/Genofnotes","article_published_time":"2024-05-23T14:44:38+00:00","article_modified_time":"2024-05-23T15:02:00+00:00","og_image":[{"width":1200,"height":840,"url":"https:\/\/i0.wp.com\/minutocerord.com\/wp-content\/uploads\/2024\/05\/mexico-2-kDXF-U220230530290GGH-1200x840%40Ideal-1.jpg?fit=1200%2C840&ssl=1","type":"image\/jpeg"}],"author":"Genof\u00f3ntes Urb\u00e1ez","twitter_card":"summary_large_image","twitter_misc":{"Written by":"Genof\u00f3ntes Urb\u00e1ez","Est. reading time":"3 minutos"},"schema":{"@context":"https:\/\/schema.org","@graph":[{"@type":"Article","@id":"https:\/\/minutocerord.com\/?p=17136#article","isPartOf":{"@id":"https:\/\/minutocerord.com\/?p=17136"},"author":{"name":"Genof\u00f3ntes Urb\u00e1ez","@id":"https:\/\/minutocerord.com\/#\/schema\/person\/60b5372d60aaa0a5171fb6488be9aee6"},"headline":"M\u00c9XICO | Video: 9 muertos y 50 heridos tras derrumbe tarima acto campa\u00f1a","datePublished":"2024-05-23T14:44:38+00:00","dateModified":"2024-05-23T15:02:00+00:00","mainEntityOfPage":{"@id":"https:\/\/minutocerord.com\/?p=17136"},"wordCount":665,"commentCount":0,"publisher":{"@id":"https:\/\/minutocerord.com\/#\/schema\/person\/60b5372d60aaa0a5171fb6488be9aee6"},"image":{"@id":"https:\/\/minutocerord.com\/?p=17136#primaryimage"},"thumbnailUrl":"https:\/\/i0.wp.com\/minutocerord.com\/wp-content\/uploads\/2024\/05\/mexico-2-kDXF-U220230530290GGH-1200x840%40Ideal-1.jpg?fit=1200%2C840&ssl=1","articleSection":["M\u00e9xico"],"inLanguage":"es-DO","potentialAction":[{"@type":"CommentAction","name":"Comment","target":["https:\/\/minutocerord.com\/?p=17136#respond"]}]},{"@type":"WebPage","@id":"https:\/\/minutocerord.com\/?p=17136","url":"https:\/\/minutocerord.com\/?p=17136","name":"M\u00c9XICO | Video: 9 muertos y 50 heridos tras derrumbe tarima acto campa\u00f1a - Minuto Cero RD","isPartOf":{"@id":"https:\/\/minutocerord.com\/#website"},"primaryImageOfPage":{"@id":"https:\/\/minutocerord.com\/?p=17136#primaryimage"},"image":{"@id":"https:\/\/minutocerord.com\/?p=17136#primaryimage"},"thumbnailUrl":"https:\/\/i0.wp.com\/minutocerord.com\/wp-content\/uploads\/2024\/05\/mexico-2-kDXF-U220230530290GGH-1200x840%40Ideal-1.jpg?fit=1200%2C840&ssl=1","datePublished":"2024-05-23T14:44:38+00:00","dateModified":"2024-05-23T15:02:00+00:00","breadcrumb":{"@id":"https:\/\/minutocerord.com\/?p=17136#breadcrumb"},"inLanguage":"es-DO","potentialAction":[{"@type":"ReadAction","target":["https:\/\/minutocerord.com\/?p=17136"]}]},{"@type":"ImageObject","inLanguage":"es-DO","@id":"https:\/\/minutocerord.com\/?p=17136#primaryimage","url":"https:\/\/i0.wp.com\/minutocerord.com\/wp-content\/uploads\/2024\/05\/mexico-2-kDXF-U220230530290GGH-1200x840%40Ideal-1.jpg?fit=1200%2C840&ssl=1","contentUrl":"https:\/\/i0.wp.com\/minutocerord.com\/wp-content\/uploads\/2024\/05\/mexico-2-kDXF-U220230530290GGH-1200x840%40Ideal-1.jpg?fit=1200%2C840&ssl=1","width":1200,"height":840},{"@type":"BreadcrumbList","@id":"https:\/\/minutocerord.com\/?p=17136#breadcrumb","itemListElement":[{"@type":"ListItem","position":1,"name":"Home","item":"https:\/\/minutocerord.com\/"},{"@type":"ListItem","position":2,"name":"M\u00c9XICO | Video: 9 muertos y 50 heridos tras derrumbe tarima acto campa\u00f1a"}]},{"@type":"WebSite","@id":"https:\/\/minutocerord.com\/#website","url":"https:\/\/minutocerord.com\/","name":"Minuto Cero RD","description":"Periodismo serio y veraz","publisher":{"@id":"https:\/\/minutocerord.com\/#\/schema\/person\/60b5372d60aaa0a5171fb6488be9aee6"},"potentialAction":[{"@type":"SearchAction","target":{"@type":"EntryPoint","urlTemplate":"https:\/\/minutocerord.com\/?s={search_term_string}"},"query-input":{"@type":"PropertyValueSpecification","valueRequired":true,"valueName":"search_term_string"}}],"inLanguage":"es-DO"},{"@type":["Person","Organization"],"@id":"https:\/\/minutocerord.com\/#\/schema\/person\/60b5372d60aaa0a5171fb6488be9aee6","name":"Genof\u00f3ntes Urb\u00e1ez","image":{"@type":"ImageObject","inLanguage":"es-DO","@id":"https:\/\/secure.gravatar.com\/avatar\/a49ef3186a692098ac3e8a1612261e3ad70cf9e44553dff2929e67939a0ecb9d?s=96&d=identicon&r=g","url":"https:\/\/secure.gravatar.com\/avatar\/a49ef3186a692098ac3e8a1612261e3ad70cf9e44553dff2929e67939a0ecb9d?s=96&d=identicon&r=g","contentUrl":"https:\/\/secure.gravatar.com\/avatar\/a49ef3186a692098ac3e8a1612261e3ad70cf9e44553dff2929e67939a0ecb9d?s=96&d=identicon&r=g","caption":"Genof\u00f3ntes Urb\u00e1ez"},"logo":{"@id":"https:\/\/secure.gravatar.com\/avatar\/a49ef3186a692098ac3e8a1612261e3ad70cf9e44553dff2929e67939a0ecb9d?s=96&d=identicon&r=g"},"description":"Periodista \/ Locutor","sameAs":["https:\/\/www.facebook.com\/Genofnotes","https:\/\/www.instagram.com\/genofnotes\/"]}]}},"jetpack_publicize_connections":[],"jetpack_featured_media_url":"https:\/\/i0.wp.com\/minutocerord.com\/wp-content\/uploads\/2024\/05\/mexico-2-kDXF-U220230530290GGH-1200x840%40Ideal-1.jpg?fit=1200%2C840&ssl=1","jetpack-related-posts":[],"jetpack_sharing_enabled":true,"_links":{"self":[{"href":"https:\/\/minutocerord.com\/index.php?rest_route=\/wp\/v2\/posts\/17136","targetHints":{"allow":["GET"]}}],"collection":[{"href":"https:\/\/minutocerord.com\/index.php?rest_route=\/wp\/v2\/posts"}],"about":[{"href":"https:\/\/minutocerord.com\/index.php?rest_route=\/wp\/v2\/types\/post"}],"author":[{"embeddable":true,"href":"https:\/\/minutocerord.com\/index.php?rest_route=\/wp\/v2\/users\/1"}],"replies":[{"embeddable":true,"href":"https:\/\/minutocerord.com\/index.php?rest_route=%2Fwp%2Fv2%2Fcomments&post=17136"}],"version-history":[{"count":3,"href":"https:\/\/minutocerord.com\/index.php?rest_route=\/wp\/v2\/posts\/17136\/revisions"}],"predecessor-version":[{"id":17141,"href":"https:\/\/minutocerord.com\/index.php?rest_route=\/wp\/v2\/posts\/17136\/revisions\/17141"}],"wp:featuredmedia":[{"embeddable":true,"href":"https:\/\/minutocerord.com\/index.php?rest_route=\/wp\/v2\/media\/17138"}],"wp:attachment":[{"href":"https:\/\/minutocerord.com\/index.php?rest_route=%2Fwp%2Fv2%2Fmedia&parent=17136"}],"wp:term":[{"taxonomy":"category","embeddable":true,"href":"https:\/\/minutocerord.com\/index.php?rest_route=%2Fwp%2Fv2%2Fcategories&post=17136"},{"taxonomy":"post_tag","embeddable":true,"href":"https:\/\/minutocerord.com\/index.php?rest_route=%2Fwp%2Fv2%2Ftags&post=17136"}],"curies":[{"name":"wp","href":"https:\/\/api.w.org\/{rel}","templated":true}]}}