{"id":17151,"date":"2024-05-23T11:35:33","date_gmt":"2024-05-23T15:35:33","guid":{"rendered":"https:\/\/minutocerord.com\/?p=17151"},"modified":"2024-05-23T11:36:42","modified_gmt":"2024-05-23T15:36:42","slug":"el-clima-aguaceros-continuaran-este-jueves-y-durante-el-fin-de-semana-por-vaguada","status":"publish","type":"post","link":"https:\/\/minutocerord.com\/?p=17151","title":{"rendered":"EL CLIMA | Aguaceros continuar\u00e1n este jueves y durante el fin de semana por vaguada"},"content":{"rendered":"\n<p class=\"\"><strong>Santo Domingo.- <\/strong>Los aguaceros continuar\u00e1n sobre varias provincias este jueves, el viernes y el fin de semana debido a la incidencia de un sistema de baja presi\u00f3n que se localiza al suroeste del pa\u00eds y a una vaguada.<\/p>\n\n\n\n<p class=\"\">Leonardo Marte, predictor de la Oficina Nacional de Meteorolog\u00eda (Onamet), inform\u00f3 que las lluvias siguen este jueves, pero menos intensas que las ocurridas ayer mi\u00e9rcoles.<\/p>\n\n\n\n<p class=\"\">Dijo que incluso se prev\u00e9 que desde la ma\u00f1ana est\u00e9 lloviendo en algunas provincias, como en el caso de San Pedro de Macor\u00eds.<\/p>\n\n\n\n<p class=\"\">Gran Santo Domingo<\/p>\n\n\n\n<p class=\"\">En el caso del Gran Santo Domingo, el predictor manifest\u00f3 que se espera que contin\u00faen los aguaceros desde el mediod\u00eda de este jueves. Tambi\u00e9n se pronostica que para el viernes y el s\u00e1bado, Santo Domingo estar\u00e1 nublado con aguaceros.<\/p>\n\n\n\n<p class=\"\">Para este jueves, la Onamet prev\u00e9 aguaceros moderados a fuertes en ocasiones, tormentas el\u00e9ctricas y r\u00e1fagas de viento, principalmente sobre la costa sur, la regi\u00f3n suroeste y la Cordillera Central, como son: el Gran Santo Domingo, San Crist\u00f3bal, Peravia, San Jos\u00e9 de Ocoa, Azua, Barahona, Pedernales, Independencia y zonas cercanas.<a><\/a><\/p>\n\n\n\n<p class=\"\">&#8220;Para las horas vespertinas y nocturnas, el tiempo meteorol\u00f3gico seguir\u00e1 muy lluvioso en esas provincias mencionadas, y en otras localidades de las regiones: noreste, norte y la zona fronteriza&#8221;, manifest\u00f3.<\/p>\n\n\n\n<p class=\"\">Viernes<\/p>\n\n\n\n<p class=\"\">Para este viernes, la vaguada provocar\u00e1 desde las horas matutinas la presencia de aguaceros moderados a fuertes principalmente sobre el Gran Santo Domingo, Barahona, Azua, Peravia, San Crist\u00f3bal, Monte Plata, Hato Mayor, San Pedro de Macor\u00eds, Saman\u00e1, Mar\u00eda Trinidad S\u00e1nchez, S\u00e1nchez Ram\u00edrez, Duarte, La Vega, Santiago, Santiago Rodr\u00edguez, Dajab\u00f3n, entre otras cercanas.<\/p>\n","protected":false},"excerpt":{"rendered":"<p>Santo Domingo.- Los aguaceros continuar\u00e1n sobre varias provincias este jueves, el viernes y el fin de semana debido a la incidencia de un sistema de baja presi\u00f3n que se localiza al suroeste del pa\u00eds y a una vaguada. Leonardo Marte, predictor de la Oficina Nacional de Meteorolog\u00eda (Onamet), inform\u00f3 que las lluvias siguen este jueves, [&hellip;]<\/p>\n","protected":false},"author":1,"featured_media":17152,"comment_status":"open","ping_status":"open","sticky":false,"template":"","format":"standard","meta":{"nf_dc_page":"","jetpack_post_was_ever_published":false,"_jetpack_newsletter_access":"","_jetpack_dont_email_post_to_subs":false,"_jetpack_newsletter_tier_id":0,"_jetpack_memberships_contains_paywalled_content":false,"_jetpack_memberships_contains_paid_content":false,"footnotes":"","jetpack_publicize_message":"","jetpack_publicize_feature_enabled":true,"jetpack_social_post_already_shared":true,"jetpack_social_options":{"image_generator_settings":{"template":"highway","default_image_id":0,"font":"","enabled":false},"version":2}},"categories":[87],"tags":[],"class_list":["post-17151","post","type-post","status-publish","format-standard","has-post-thumbnail","hentry","category-el-clima"],"yoast_head":"<!-- This site is optimized with the Yoast SEO plugin v27.4 - https:\/\/yoast.com\/product\/yoast-seo-wordpress\/ -->\n<title>EL CLIMA | Aguaceros continuar\u00e1n este jueves y durante el fin de semana por vaguada - Minuto Cero RD<\/title>\n<meta name=\"robots\" content=\"index, follow, max-snippet:-1, max-image-preview:large, max-video-preview:-1\" \/>\n<link rel=\"canonical\" href=\"http:\/\/minutocerord.com\/?p=17151\" \/>\n<meta property=\"og:locale\" content=\"es_ES\" \/>\n<meta property=\"og:type\" content=\"article\" \/>\n<meta property=\"og:title\" content=\"EL CLIMA | Aguaceros continuar\u00e1n este jueves y durante el fin de semana por vaguada - Minuto Cero RD\" \/>\n<meta property=\"og:description\" content=\"Santo Domingo.- Los aguaceros continuar\u00e1n sobre varias provincias este jueves, el viernes y el fin de semana debido a la incidencia de un sistema de baja presi\u00f3n que se localiza al suroeste del pa\u00eds y a una vaguada. Leonardo Marte, predictor de la Oficina Nacional de Meteorolog\u00eda (Onamet), inform\u00f3 que las lluvias siguen este jueves, [&hellip;]\" \/>\n<meta property=\"og:url\" content=\"http:\/\/minutocerord.com\/?p=17151\" \/>\n<meta property=\"og:site_name\" content=\"Minuto Cero RD\" \/>\n<meta property=\"article:publisher\" content=\"https:\/\/www.facebook.com\/Genofnotes\" \/>\n<meta property=\"article:author\" content=\"https:\/\/www.facebook.com\/Genofnotes\" \/>\n<meta property=\"article:published_time\" content=\"2024-05-23T15:35:33+00:00\" \/>\n<meta property=\"article:modified_time\" content=\"2024-05-23T15:36:42+00:00\" \/>\n<meta property=\"og:image\" content=\"https:\/\/i0.wp.com\/minutocerord.com\/wp-content\/uploads\/2024\/05\/ARMANDO-2-e1711888135677-1.jpg?fit=1080%2C712\" \/>\n\t<meta property=\"og:image:width\" content=\"1080\" \/>\n\t<meta property=\"og:image:height\" content=\"712\" \/>\n\t<meta property=\"og:image:type\" content=\"image\/jpeg\" \/>\n<meta name=\"author\" content=\"Genof\u00f3ntes Urb\u00e1ez\" \/>\n<meta name=\"twitter:card\" content=\"summary_large_image\" \/>\n<meta name=\"twitter:label1\" content=\"Written by\" \/>\n\t<meta name=\"twitter:data1\" content=\"Genof\u00f3ntes Urb\u00e1ez\" \/>\n\t<meta name=\"twitter:label2\" content=\"Est. reading time\" \/>\n\t<meta name=\"twitter:data2\" content=\"2 minutos\" \/>\n<script type=\"application\/ld+json\" class=\"yoast-schema-graph\">{\"@context\":\"https:\\\/\\\/schema.org\",\"@graph\":[{\"@type\":\"Article\",\"@id\":\"http:\\\/\\\/minutocerord.com\\\/?p=17151#article\",\"isPartOf\":{\"@id\":\"http:\\\/\\\/minutocerord.com\\\/?p=17151\"},\"author\":{\"name\":\"Genof\u00f3ntes Urb\u00e1ez\",\"@id\":\"https:\\\/\\\/minutocerord.com\\\/#\\\/schema\\\/person\\\/60b5372d60aaa0a5171fb6488be9aee6\"},\"headline\":\"EL CLIMA | Aguaceros continuar\u00e1n este jueves y durante el fin de semana por vaguada\",\"datePublished\":\"2024-05-23T15:35:33+00:00\",\"dateModified\":\"2024-05-23T15:36:42+00:00\",\"mainEntityOfPage\":{\"@id\":\"http:\\\/\\\/minutocerord.com\\\/?p=17151\"},\"wordCount\":301,\"commentCount\":0,\"publisher\":{\"@id\":\"https:\\\/\\\/minutocerord.com\\\/#\\\/schema\\\/person\\\/60b5372d60aaa0a5171fb6488be9aee6\"},\"image\":{\"@id\":\"http:\\\/\\\/minutocerord.com\\\/?p=17151#primaryimage\"},\"thumbnailUrl\":\"https:\\\/\\\/i0.wp.com\\\/minutocerord.com\\\/wp-content\\\/uploads\\\/2024\\\/05\\\/ARMANDO-2-e1711888135677-1.jpg?fit=1080%2C712&ssl=1\",\"articleSection\":[\"El clima\"],\"inLanguage\":\"es-DO\",\"potentialAction\":[{\"@type\":\"CommentAction\",\"name\":\"Comment\",\"target\":[\"http:\\\/\\\/minutocerord.com\\\/?p=17151#respond\"]}]},{\"@type\":\"WebPage\",\"@id\":\"http:\\\/\\\/minutocerord.com\\\/?p=17151\",\"url\":\"http:\\\/\\\/minutocerord.com\\\/?p=17151\",\"name\":\"EL CLIMA | Aguaceros continuar\u00e1n este jueves y durante el fin de semana por vaguada - Minuto Cero RD\",\"isPartOf\":{\"@id\":\"https:\\\/\\\/minutocerord.com\\\/#website\"},\"primaryImageOfPage\":{\"@id\":\"http:\\\/\\\/minutocerord.com\\\/?p=17151#primaryimage\"},\"image\":{\"@id\":\"http:\\\/\\\/minutocerord.com\\\/?p=17151#primaryimage\"},\"thumbnailUrl\":\"https:\\\/\\\/i0.wp.com\\\/minutocerord.com\\\/wp-content\\\/uploads\\\/2024\\\/05\\\/ARMANDO-2-e1711888135677-1.jpg?fit=1080%2C712&ssl=1\",\"datePublished\":\"2024-05-23T15:35:33+00:00\",\"dateModified\":\"2024-05-23T15:36:42+00:00\",\"breadcrumb\":{\"@id\":\"http:\\\/\\\/minutocerord.com\\\/?p=17151#breadcrumb\"},\"inLanguage\":\"es-DO\",\"potentialAction\":[{\"@type\":\"ReadAction\",\"target\":[\"http:\\\/\\\/minutocerord.com\\\/?p=17151\"]}]},{\"@type\":\"ImageObject\",\"inLanguage\":\"es-DO\",\"@id\":\"http:\\\/\\\/minutocerord.com\\\/?p=17151#primaryimage\",\"url\":\"https:\\\/\\\/i0.wp.com\\\/minutocerord.com\\\/wp-content\\\/uploads\\\/2024\\\/05\\\/ARMANDO-2-e1711888135677-1.jpg?fit=1080%2C712&ssl=1\",\"contentUrl\":\"https:\\\/\\\/i0.wp.com\\\/minutocerord.com\\\/wp-content\\\/uploads\\\/2024\\\/05\\\/ARMANDO-2-e1711888135677-1.jpg?fit=1080%2C712&ssl=1\",\"width\":1080,\"height\":712},{\"@type\":\"BreadcrumbList\",\"@id\":\"http:\\\/\\\/minutocerord.com\\\/?p=17151#breadcrumb\",\"itemListElement\":[{\"@type\":\"ListItem\",\"position\":1,\"name\":\"Home\",\"item\":\"https:\\\/\\\/minutocerord.com\\\/\"},{\"@type\":\"ListItem\",\"position\":2,\"name\":\"EL CLIMA | Aguaceros continuar\u00e1n este jueves y durante el fin de semana por vaguada\"}]},{\"@type\":\"WebSite\",\"@id\":\"https:\\\/\\\/minutocerord.com\\\/#website\",\"url\":\"https:\\\/\\\/minutocerord.com\\\/\",\"name\":\"Minuto Cero RD\",\"description\":\"Periodismo serio y veraz\",\"publisher\":{\"@id\":\"https:\\\/\\\/minutocerord.com\\\/#\\\/schema\\\/person\\\/60b5372d60aaa0a5171fb6488be9aee6\"},\"potentialAction\":[{\"@type\":\"SearchAction\",\"target\":{\"@type\":\"EntryPoint\",\"urlTemplate\":\"https:\\\/\\\/minutocerord.com\\\/?s={search_term_string}\"},\"query-input\":{\"@type\":\"PropertyValueSpecification\",\"valueRequired\":true,\"valueName\":\"search_term_string\"}}],\"inLanguage\":\"es-DO\"},{\"@type\":[\"Person\",\"Organization\"],\"@id\":\"https:\\\/\\\/minutocerord.com\\\/#\\\/schema\\\/person\\\/60b5372d60aaa0a5171fb6488be9aee6\",\"name\":\"Genof\u00f3ntes Urb\u00e1ez\",\"image\":{\"@type\":\"ImageObject\",\"inLanguage\":\"es-DO\",\"@id\":\"https:\\\/\\\/secure.gravatar.com\\\/avatar\\\/a49ef3186a692098ac3e8a1612261e3ad70cf9e44553dff2929e67939a0ecb9d?s=96&d=identicon&r=g\",\"url\":\"https:\\\/\\\/secure.gravatar.com\\\/avatar\\\/a49ef3186a692098ac3e8a1612261e3ad70cf9e44553dff2929e67939a0ecb9d?s=96&d=identicon&r=g\",\"contentUrl\":\"https:\\\/\\\/secure.gravatar.com\\\/avatar\\\/a49ef3186a692098ac3e8a1612261e3ad70cf9e44553dff2929e67939a0ecb9d?s=96&d=identicon&r=g\",\"caption\":\"Genof\u00f3ntes Urb\u00e1ez\"},\"logo\":{\"@id\":\"https:\\\/\\\/secure.gravatar.com\\\/avatar\\\/a49ef3186a692098ac3e8a1612261e3ad70cf9e44553dff2929e67939a0ecb9d?s=96&d=identicon&r=g\"},\"description\":\"Periodista \\\/ Locutor\",\"sameAs\":[\"https:\\\/\\\/www.facebook.com\\\/Genofnotes\",\"https:\\\/\\\/www.instagram.com\\\/genofnotes\\\/\"]}]}<\/script>\n<!-- \/ Yoast SEO plugin. -->","yoast_head_json":{"title":"EL CLIMA | Aguaceros continuar\u00e1n este jueves y durante el fin de semana por vaguada - Minuto Cero RD","robots":{"index":"index","follow":"follow","max-snippet":"max-snippet:-1","max-image-preview":"max-image-preview:large","max-video-preview":"max-video-preview:-1"},"canonical":"http:\/\/minutocerord.com\/?p=17151","og_locale":"es_ES","og_type":"article","og_title":"EL CLIMA | Aguaceros continuar\u00e1n este jueves y durante el fin de semana por vaguada - Minuto Cero RD","og_description":"Santo Domingo.- Los aguaceros continuar\u00e1n sobre varias provincias este jueves, el viernes y el fin de semana debido a la incidencia de un sistema de baja presi\u00f3n que se localiza al suroeste del pa\u00eds y a una vaguada. Leonardo Marte, predictor de la Oficina Nacional de Meteorolog\u00eda (Onamet), inform\u00f3 que las lluvias siguen este jueves, [&hellip;]","og_url":"http:\/\/minutocerord.com\/?p=17151","og_site_name":"Minuto Cero RD","article_publisher":"https:\/\/www.facebook.com\/Genofnotes","article_author":"https:\/\/www.facebook.com\/Genofnotes","article_published_time":"2024-05-23T15:35:33+00:00","article_modified_time":"2024-05-23T15:36:42+00:00","og_image":[{"width":1080,"height":712,"url":"https:\/\/i0.wp.com\/minutocerord.com\/wp-content\/uploads\/2024\/05\/ARMANDO-2-e1711888135677-1.jpg?fit=1080%2C712","type":"image\/jpeg"}],"author":"Genof\u00f3ntes Urb\u00e1ez","twitter_card":"summary_large_image","twitter_misc":{"Written by":"Genof\u00f3ntes Urb\u00e1ez","Est. reading time":"2 minutos"},"schema":{"@context":"https:\/\/schema.org","@graph":[{"@type":"Article","@id":"http:\/\/minutocerord.com\/?p=17151#article","isPartOf":{"@id":"http:\/\/minutocerord.com\/?p=17151"},"author":{"name":"Genof\u00f3ntes Urb\u00e1ez","@id":"https:\/\/minutocerord.com\/#\/schema\/person\/60b5372d60aaa0a5171fb6488be9aee6"},"headline":"EL CLIMA | Aguaceros continuar\u00e1n este jueves y durante el fin de semana por vaguada","datePublished":"2024-05-23T15:35:33+00:00","dateModified":"2024-05-23T15:36:42+00:00","mainEntityOfPage":{"@id":"http:\/\/minutocerord.com\/?p=17151"},"wordCount":301,"commentCount":0,"publisher":{"@id":"https:\/\/minutocerord.com\/#\/schema\/person\/60b5372d60aaa0a5171fb6488be9aee6"},"image":{"@id":"http:\/\/minutocerord.com\/?p=17151#primaryimage"},"thumbnailUrl":"https:\/\/i0.wp.com\/minutocerord.com\/wp-content\/uploads\/2024\/05\/ARMANDO-2-e1711888135677-1.jpg?fit=1080%2C712&ssl=1","articleSection":["El clima"],"inLanguage":"es-DO","potentialAction":[{"@type":"CommentAction","name":"Comment","target":["http:\/\/minutocerord.com\/?p=17151#respond"]}]},{"@type":"WebPage","@id":"http:\/\/minutocerord.com\/?p=17151","url":"http:\/\/minutocerord.com\/?p=17151","name":"EL CLIMA | Aguaceros continuar\u00e1n este jueves y durante el fin de semana por vaguada - Minuto Cero RD","isPartOf":{"@id":"https:\/\/minutocerord.com\/#website"},"primaryImageOfPage":{"@id":"http:\/\/minutocerord.com\/?p=17151#primaryimage"},"image":{"@id":"http:\/\/minutocerord.com\/?p=17151#primaryimage"},"thumbnailUrl":"https:\/\/i0.wp.com\/minutocerord.com\/wp-content\/uploads\/2024\/05\/ARMANDO-2-e1711888135677-1.jpg?fit=1080%2C712&ssl=1","datePublished":"2024-05-23T15:35:33+00:00","dateModified":"2024-05-23T15:36:42+00:00","breadcrumb":{"@id":"http:\/\/minutocerord.com\/?p=17151#breadcrumb"},"inLanguage":"es-DO","potentialAction":[{"@type":"ReadAction","target":["http:\/\/minutocerord.com\/?p=17151"]}]},{"@type":"ImageObject","inLanguage":"es-DO","@id":"http:\/\/minutocerord.com\/?p=17151#primaryimage","url":"https:\/\/i0.wp.com\/minutocerord.com\/wp-content\/uploads\/2024\/05\/ARMANDO-2-e1711888135677-1.jpg?fit=1080%2C712&ssl=1","contentUrl":"https:\/\/i0.wp.com\/minutocerord.com\/wp-content\/uploads\/2024\/05\/ARMANDO-2-e1711888135677-1.jpg?fit=1080%2C712&ssl=1","width":1080,"height":712},{"@type":"BreadcrumbList","@id":"http:\/\/minutocerord.com\/?p=17151#breadcrumb","itemListElement":[{"@type":"ListItem","position":1,"name":"Home","item":"https:\/\/minutocerord.com\/"},{"@type":"ListItem","position":2,"name":"EL CLIMA | Aguaceros continuar\u00e1n este jueves y durante el fin de semana por vaguada"}]},{"@type":"WebSite","@id":"https:\/\/minutocerord.com\/#website","url":"https:\/\/minutocerord.com\/","name":"Minuto Cero RD","description":"Periodismo serio y veraz","publisher":{"@id":"https:\/\/minutocerord.com\/#\/schema\/person\/60b5372d60aaa0a5171fb6488be9aee6"},"potentialAction":[{"@type":"SearchAction","target":{"@type":"EntryPoint","urlTemplate":"https:\/\/minutocerord.com\/?s={search_term_string}"},"query-input":{"@type":"PropertyValueSpecification","valueRequired":true,"valueName":"search_term_string"}}],"inLanguage":"es-DO"},{"@type":["Person","Organization"],"@id":"https:\/\/minutocerord.com\/#\/schema\/person\/60b5372d60aaa0a5171fb6488be9aee6","name":"Genof\u00f3ntes Urb\u00e1ez","image":{"@type":"ImageObject","inLanguage":"es-DO","@id":"https:\/\/secure.gravatar.com\/avatar\/a49ef3186a692098ac3e8a1612261e3ad70cf9e44553dff2929e67939a0ecb9d?s=96&d=identicon&r=g","url":"https:\/\/secure.gravatar.com\/avatar\/a49ef3186a692098ac3e8a1612261e3ad70cf9e44553dff2929e67939a0ecb9d?s=96&d=identicon&r=g","contentUrl":"https:\/\/secure.gravatar.com\/avatar\/a49ef3186a692098ac3e8a1612261e3ad70cf9e44553dff2929e67939a0ecb9d?s=96&d=identicon&r=g","caption":"Genof\u00f3ntes Urb\u00e1ez"},"logo":{"@id":"https:\/\/secure.gravatar.com\/avatar\/a49ef3186a692098ac3e8a1612261e3ad70cf9e44553dff2929e67939a0ecb9d?s=96&d=identicon&r=g"},"description":"Periodista \/ Locutor","sameAs":["https:\/\/www.facebook.com\/Genofnotes","https:\/\/www.instagram.com\/genofnotes\/"]}]}},"jetpack_publicize_connections":[],"jetpack_featured_media_url":"https:\/\/i0.wp.com\/minutocerord.com\/wp-content\/uploads\/2024\/05\/ARMANDO-2-e1711888135677-1.jpg?fit=1080%2C712&ssl=1","jetpack-related-posts":[],"jetpack_sharing_enabled":true,"_links":{"self":[{"href":"https:\/\/minutocerord.com\/index.php?rest_route=\/wp\/v2\/posts\/17151","targetHints":{"allow":["GET"]}}],"collection":[{"href":"https:\/\/minutocerord.com\/index.php?rest_route=\/wp\/v2\/posts"}],"about":[{"href":"https:\/\/minutocerord.com\/index.php?rest_route=\/wp\/v2\/types\/post"}],"author":[{"embeddable":true,"href":"https:\/\/minutocerord.com\/index.php?rest_route=\/wp\/v2\/users\/1"}],"replies":[{"embeddable":true,"href":"https:\/\/minutocerord.com\/index.php?rest_route=%2Fwp%2Fv2%2Fcomments&post=17151"}],"version-history":[{"count":1,"href":"https:\/\/minutocerord.com\/index.php?rest_route=\/wp\/v2\/posts\/17151\/revisions"}],"predecessor-version":[{"id":17153,"href":"https:\/\/minutocerord.com\/index.php?rest_route=\/wp\/v2\/posts\/17151\/revisions\/17153"}],"wp:featuredmedia":[{"embeddable":true,"href":"https:\/\/minutocerord.com\/index.php?rest_route=\/wp\/v2\/media\/17152"}],"wp:attachment":[{"href":"https:\/\/minutocerord.com\/index.php?rest_route=%2Fwp%2Fv2%2Fmedia&parent=17151"}],"wp:term":[{"taxonomy":"category","embeddable":true,"href":"https:\/\/minutocerord.com\/index.php?rest_route=%2Fwp%2Fv2%2Fcategories&post=17151"},{"taxonomy":"post_tag","embeddable":true,"href":"https:\/\/minutocerord.com\/index.php?rest_route=%2Fwp%2Fv2%2Ftags&post=17151"}],"curies":[{"name":"wp","href":"https:\/\/api.w.org\/{rel}","templated":true}]}}