{"id":17166,"date":"2024-05-26T19:30:13","date_gmt":"2024-05-26T23:30:13","guid":{"rendered":"https:\/\/minutocerord.com\/?p=17166"},"modified":"2024-05-26T19:30:33","modified_gmt":"2024-05-26T23:30:33","slug":"entretenimiento-el-cantante-y-senador-dominicano-hector-acosta-revela-tiene-cancer","status":"publish","type":"post","link":"https:\/\/minutocerord.com\/?p=17166","title":{"rendered":"Entretenimiento | Video: El cantante y senador dominicano H\u00e9ctor Acosta revela tiene c\u00e1ncer"},"content":{"rendered":"\n<figure class=\"wp-embed-aspect-16-9 wp-has-aspect-ratio wp-block-embed is-type-video is-provider-youtube wp-block-embed-youtube\"><div class=\"wp-block-embed__wrapper\">\n<iframe loading=\"lazy\" title=\"Momento en el que Hector Acosta &quot; El Torito&quot; anuncia su diagnostico de cancer.\" width=\"640\" height=\"360\" src=\"https:\/\/www.youtube.com\/embed\/ZzXvpxEPQAM?feature=oembed\" frameborder=\"0\" allow=\"accelerometer; autoplay; clipboard-write; encrypted-media; gyroscope; picture-in-picture; web-share\" referrerpolicy=\"strict-origin-when-cross-origin\" allowfullscreen><\/iframe>\n<\/div><\/figure>\n\n\n\n<p class=\"\"><a href=\"https:\/\/almomento.net\/wp-content\/uploads\/2024\/05\/torito.jpg\"><\/a><strong>Santo Domingo. &#8211; <\/strong>El cantante dominicano H\u00e9ctor \u2018El Torito\u2019 Acosta, reci\u00e9n reelegido para ocupar un esca\u00f1o en el Senado, revel\u00f3 que tiene c\u00e1ncer, durante un video de una presentaci\u00f3n art\u00edstica que circula en las redes sociales.<\/p>\n\n\n\n<p class=\"\">\u00abEste artista que ustedes est\u00e1n viendo esta noche aqu\u00ed est\u00e1 cantando siendo diagnosticado con c\u00e1ncer\u00bb, dijo el afamado artista que tambi\u00e9n interpreta bachata.<\/p>\n\n\n\n<p class=\"\">Acosta gan\u00f3 por segunda ocasi\u00f3n consecutiva el esca\u00f1o de su provincia Monse\u00f1or Nouel (a unos 90 kil\u00f3metros al norte de Santo Domingo) en las elecciones presidenciales y congresuales celebradas el domingo pasado en Rep\u00fablica Dominicana.<\/p>\n\n\n\n<p class=\"\">El cantante dio a conocer en diciembre pasado que sus m\u00e9dicos hab\u00edan detectado una alteraci\u00f3n del lado derecho del cuello que result\u00f3 ser un ganglio inflamado, y que luego de varios estudios, los facultativos determinaron que deb\u00eda someterse a una cirug\u00eda de am\u00edgdalas y hacer una biopsia para descartar cualquier anomal\u00eda.<\/p>\n\n\n\n<p class=\"\">\u00abEl ganglio podr\u00eda ser resultado de la inflamaci\u00f3n de las am\u00edgdalas, que est\u00e1n m\u00e1s alteradas de lo normal, aunque no me gusta la idea, la salud es lo m\u00e1s importante para m\u00ed, si el procedimiento quir\u00fargico es la recomendaci\u00f3n m\u00e9dica, as\u00ed ser\u00e1\u00bb, asegur\u00f3 el artista.<\/p>\n\n\n\n<p class=\"\">Las presentaciones del cantante han mermado en los \u00faltimos meses e, incluso, se coment\u00f3 en c\u00edrculos pol\u00edticos de que no se presentar\u00e1 a la reelecci\u00f3n en el Senado.<\/p>\n\n\n\n<p class=\"\">Sin embargo, el artista lanz\u00f3 de nuevo su candidatura y gan\u00f3 c\u00f3modamente su curul en el Senado de la Rep\u00fablica.<\/p>\n","protected":false},"excerpt":{"rendered":"<p>Santo Domingo. &#8211; El cantante dominicano H\u00e9ctor \u2018El Torito\u2019 Acosta, reci\u00e9n reelegido para ocupar un esca\u00f1o en el Senado, revel\u00f3 que tiene c\u00e1ncer, durante un video de una presentaci\u00f3n art\u00edstica que circula en las redes sociales. \u00abEste artista que ustedes est\u00e1n viendo esta noche aqu\u00ed est\u00e1 cantando siendo diagnosticado con c\u00e1ncer\u00bb, dijo el afamado artista [&hellip;]<\/p>\n","protected":false},"author":1,"featured_media":17168,"comment_status":"open","ping_status":"open","sticky":false,"template":"","format":"standard","meta":{"nf_dc_page":"","jetpack_post_was_ever_published":false,"_jetpack_newsletter_access":"","_jetpack_dont_email_post_to_subs":false,"_jetpack_newsletter_tier_id":0,"_jetpack_memberships_contains_paywalled_content":false,"_jetpack_memberships_contains_paid_content":false,"footnotes":"","jetpack_publicize_message":"","jetpack_publicize_feature_enabled":true,"jetpack_social_post_already_shared":true,"jetpack_social_options":{"image_generator_settings":{"template":"highway","default_image_id":0,"font":"","enabled":false},"version":2}},"categories":[68],"tags":[],"class_list":["post-17166","post","type-post","status-publish","format-standard","has-post-thumbnail","hentry","category-entretenimiento"],"yoast_head":"<!-- This site is optimized with the Yoast SEO plugin v27.4 - https:\/\/yoast.com\/product\/yoast-seo-wordpress\/ -->\n<title>Entretenimiento | Video: El cantante y senador dominicano H\u00e9ctor Acosta revela tiene c\u00e1ncer - Minuto Cero RD<\/title>\n<meta name=\"robots\" content=\"index, follow, max-snippet:-1, max-image-preview:large, max-video-preview:-1\" \/>\n<link rel=\"canonical\" href=\"http:\/\/minutocerord.com\/?p=17166\" \/>\n<meta property=\"og:locale\" content=\"es_ES\" \/>\n<meta property=\"og:type\" content=\"article\" \/>\n<meta property=\"og:title\" content=\"Entretenimiento | Video: El cantante y senador dominicano H\u00e9ctor Acosta revela tiene c\u00e1ncer - Minuto Cero RD\" \/>\n<meta property=\"og:description\" content=\"Santo Domingo. &#8211; El cantante dominicano H\u00e9ctor \u2018El Torito\u2019 Acosta, reci\u00e9n reelegido para ocupar un esca\u00f1o en el Senado, revel\u00f3 que tiene c\u00e1ncer, durante un video de una presentaci\u00f3n art\u00edstica que circula en las redes sociales. \u00abEste artista que ustedes est\u00e1n viendo esta noche aqu\u00ed est\u00e1 cantando siendo diagnosticado con c\u00e1ncer\u00bb, dijo el afamado artista [&hellip;]\" \/>\n<meta property=\"og:url\" content=\"http:\/\/minutocerord.com\/?p=17166\" \/>\n<meta property=\"og:site_name\" content=\"Minuto Cero RD\" \/>\n<meta property=\"article:publisher\" content=\"https:\/\/www.facebook.com\/Genofnotes\" \/>\n<meta property=\"article:author\" content=\"https:\/\/www.facebook.com\/Genofnotes\" \/>\n<meta property=\"article:published_time\" content=\"2024-05-26T23:30:13+00:00\" \/>\n<meta property=\"article:modified_time\" content=\"2024-05-26T23:30:33+00:00\" \/>\n<meta property=\"og:image\" content=\"https:\/\/i0.wp.com\/minutocerord.com\/wp-content\/uploads\/2024\/05\/torito-1.jpg?fit=640%2C426\" \/>\n\t<meta property=\"og:image:width\" content=\"640\" \/>\n\t<meta property=\"og:image:height\" content=\"426\" \/>\n\t<meta property=\"og:image:type\" content=\"image\/jpeg\" \/>\n<meta name=\"author\" content=\"Genof\u00f3ntes Urb\u00e1ez\" \/>\n<meta name=\"twitter:card\" content=\"summary_large_image\" \/>\n<meta name=\"twitter:label1\" content=\"Written by\" \/>\n\t<meta name=\"twitter:data1\" content=\"Genof\u00f3ntes Urb\u00e1ez\" \/>\n\t<meta name=\"twitter:label2\" content=\"Est. reading time\" \/>\n\t<meta name=\"twitter:data2\" content=\"2 minutos\" \/>\n<script type=\"application\/ld+json\" class=\"yoast-schema-graph\">{\"@context\":\"https:\\\/\\\/schema.org\",\"@graph\":[{\"@type\":\"Article\",\"@id\":\"http:\\\/\\\/minutocerord.com\\\/?p=17166#article\",\"isPartOf\":{\"@id\":\"http:\\\/\\\/minutocerord.com\\\/?p=17166\"},\"author\":{\"name\":\"Genof\u00f3ntes Urb\u00e1ez\",\"@id\":\"https:\\\/\\\/minutocerord.com\\\/#\\\/schema\\\/person\\\/60b5372d60aaa0a5171fb6488be9aee6\"},\"headline\":\"Entretenimiento | Video: El cantante y senador dominicano H\u00e9ctor Acosta revela tiene c\u00e1ncer\",\"datePublished\":\"2024-05-26T23:30:13+00:00\",\"dateModified\":\"2024-05-26T23:30:33+00:00\",\"mainEntityOfPage\":{\"@id\":\"http:\\\/\\\/minutocerord.com\\\/?p=17166\"},\"wordCount\":290,\"commentCount\":0,\"publisher\":{\"@id\":\"https:\\\/\\\/minutocerord.com\\\/#\\\/schema\\\/person\\\/60b5372d60aaa0a5171fb6488be9aee6\"},\"image\":{\"@id\":\"http:\\\/\\\/minutocerord.com\\\/?p=17166#primaryimage\"},\"thumbnailUrl\":\"https:\\\/\\\/i0.wp.com\\\/minutocerord.com\\\/wp-content\\\/uploads\\\/2024\\\/05\\\/torito-1.jpg?fit=640%2C426&ssl=1\",\"articleSection\":[\"Entretenimiento\"],\"inLanguage\":\"es-DO\",\"potentialAction\":[{\"@type\":\"CommentAction\",\"name\":\"Comment\",\"target\":[\"http:\\\/\\\/minutocerord.com\\\/?p=17166#respond\"]}]},{\"@type\":\"WebPage\",\"@id\":\"http:\\\/\\\/minutocerord.com\\\/?p=17166\",\"url\":\"http:\\\/\\\/minutocerord.com\\\/?p=17166\",\"name\":\"Entretenimiento | Video: El cantante y senador dominicano H\u00e9ctor Acosta revela tiene c\u00e1ncer - Minuto Cero RD\",\"isPartOf\":{\"@id\":\"https:\\\/\\\/minutocerord.com\\\/#website\"},\"primaryImageOfPage\":{\"@id\":\"http:\\\/\\\/minutocerord.com\\\/?p=17166#primaryimage\"},\"image\":{\"@id\":\"http:\\\/\\\/minutocerord.com\\\/?p=17166#primaryimage\"},\"thumbnailUrl\":\"https:\\\/\\\/i0.wp.com\\\/minutocerord.com\\\/wp-content\\\/uploads\\\/2024\\\/05\\\/torito-1.jpg?fit=640%2C426&ssl=1\",\"datePublished\":\"2024-05-26T23:30:13+00:00\",\"dateModified\":\"2024-05-26T23:30:33+00:00\",\"breadcrumb\":{\"@id\":\"http:\\\/\\\/minutocerord.com\\\/?p=17166#breadcrumb\"},\"inLanguage\":\"es-DO\",\"potentialAction\":[{\"@type\":\"ReadAction\",\"target\":[\"http:\\\/\\\/minutocerord.com\\\/?p=17166\"]}]},{\"@type\":\"ImageObject\",\"inLanguage\":\"es-DO\",\"@id\":\"http:\\\/\\\/minutocerord.com\\\/?p=17166#primaryimage\",\"url\":\"https:\\\/\\\/i0.wp.com\\\/minutocerord.com\\\/wp-content\\\/uploads\\\/2024\\\/05\\\/torito-1.jpg?fit=640%2C426&ssl=1\",\"contentUrl\":\"https:\\\/\\\/i0.wp.com\\\/minutocerord.com\\\/wp-content\\\/uploads\\\/2024\\\/05\\\/torito-1.jpg?fit=640%2C426&ssl=1\",\"width\":640,\"height\":426},{\"@type\":\"BreadcrumbList\",\"@id\":\"http:\\\/\\\/minutocerord.com\\\/?p=17166#breadcrumb\",\"itemListElement\":[{\"@type\":\"ListItem\",\"position\":1,\"name\":\"Home\",\"item\":\"https:\\\/\\\/minutocerord.com\\\/\"},{\"@type\":\"ListItem\",\"position\":2,\"name\":\"Entretenimiento | Video: El cantante y senador dominicano H\u00e9ctor Acosta revela tiene c\u00e1ncer\"}]},{\"@type\":\"WebSite\",\"@id\":\"https:\\\/\\\/minutocerord.com\\\/#website\",\"url\":\"https:\\\/\\\/minutocerord.com\\\/\",\"name\":\"Minuto Cero RD\",\"description\":\"Periodismo serio y veraz\",\"publisher\":{\"@id\":\"https:\\\/\\\/minutocerord.com\\\/#\\\/schema\\\/person\\\/60b5372d60aaa0a5171fb6488be9aee6\"},\"potentialAction\":[{\"@type\":\"SearchAction\",\"target\":{\"@type\":\"EntryPoint\",\"urlTemplate\":\"https:\\\/\\\/minutocerord.com\\\/?s={search_term_string}\"},\"query-input\":{\"@type\":\"PropertyValueSpecification\",\"valueRequired\":true,\"valueName\":\"search_term_string\"}}],\"inLanguage\":\"es-DO\"},{\"@type\":[\"Person\",\"Organization\"],\"@id\":\"https:\\\/\\\/minutocerord.com\\\/#\\\/schema\\\/person\\\/60b5372d60aaa0a5171fb6488be9aee6\",\"name\":\"Genof\u00f3ntes Urb\u00e1ez\",\"image\":{\"@type\":\"ImageObject\",\"inLanguage\":\"es-DO\",\"@id\":\"https:\\\/\\\/secure.gravatar.com\\\/avatar\\\/a49ef3186a692098ac3e8a1612261e3ad70cf9e44553dff2929e67939a0ecb9d?s=96&d=identicon&r=g\",\"url\":\"https:\\\/\\\/secure.gravatar.com\\\/avatar\\\/a49ef3186a692098ac3e8a1612261e3ad70cf9e44553dff2929e67939a0ecb9d?s=96&d=identicon&r=g\",\"contentUrl\":\"https:\\\/\\\/secure.gravatar.com\\\/avatar\\\/a49ef3186a692098ac3e8a1612261e3ad70cf9e44553dff2929e67939a0ecb9d?s=96&d=identicon&r=g\",\"caption\":\"Genof\u00f3ntes Urb\u00e1ez\"},\"logo\":{\"@id\":\"https:\\\/\\\/secure.gravatar.com\\\/avatar\\\/a49ef3186a692098ac3e8a1612261e3ad70cf9e44553dff2929e67939a0ecb9d?s=96&d=identicon&r=g\"},\"description\":\"Periodista \\\/ Locutor\",\"sameAs\":[\"https:\\\/\\\/www.facebook.com\\\/Genofnotes\",\"https:\\\/\\\/www.instagram.com\\\/genofnotes\\\/\"]}]}<\/script>\n<!-- \/ Yoast SEO plugin. -->","yoast_head_json":{"title":"Entretenimiento | Video: El cantante y senador dominicano H\u00e9ctor Acosta revela tiene c\u00e1ncer - Minuto Cero RD","robots":{"index":"index","follow":"follow","max-snippet":"max-snippet:-1","max-image-preview":"max-image-preview:large","max-video-preview":"max-video-preview:-1"},"canonical":"http:\/\/minutocerord.com\/?p=17166","og_locale":"es_ES","og_type":"article","og_title":"Entretenimiento | Video: El cantante y senador dominicano H\u00e9ctor Acosta revela tiene c\u00e1ncer - Minuto Cero RD","og_description":"Santo Domingo. &#8211; El cantante dominicano H\u00e9ctor \u2018El Torito\u2019 Acosta, reci\u00e9n reelegido para ocupar un esca\u00f1o en el Senado, revel\u00f3 que tiene c\u00e1ncer, durante un video de una presentaci\u00f3n art\u00edstica que circula en las redes sociales. \u00abEste artista que ustedes est\u00e1n viendo esta noche aqu\u00ed est\u00e1 cantando siendo diagnosticado con c\u00e1ncer\u00bb, dijo el afamado artista [&hellip;]","og_url":"http:\/\/minutocerord.com\/?p=17166","og_site_name":"Minuto Cero RD","article_publisher":"https:\/\/www.facebook.com\/Genofnotes","article_author":"https:\/\/www.facebook.com\/Genofnotes","article_published_time":"2024-05-26T23:30:13+00:00","article_modified_time":"2024-05-26T23:30:33+00:00","og_image":[{"width":640,"height":426,"url":"https:\/\/i0.wp.com\/minutocerord.com\/wp-content\/uploads\/2024\/05\/torito-1.jpg?fit=640%2C426","type":"image\/jpeg"}],"author":"Genof\u00f3ntes Urb\u00e1ez","twitter_card":"summary_large_image","twitter_misc":{"Written by":"Genof\u00f3ntes Urb\u00e1ez","Est. reading time":"2 minutos"},"schema":{"@context":"https:\/\/schema.org","@graph":[{"@type":"Article","@id":"http:\/\/minutocerord.com\/?p=17166#article","isPartOf":{"@id":"http:\/\/minutocerord.com\/?p=17166"},"author":{"name":"Genof\u00f3ntes Urb\u00e1ez","@id":"https:\/\/minutocerord.com\/#\/schema\/person\/60b5372d60aaa0a5171fb6488be9aee6"},"headline":"Entretenimiento | Video: El cantante y senador dominicano H\u00e9ctor Acosta revela tiene c\u00e1ncer","datePublished":"2024-05-26T23:30:13+00:00","dateModified":"2024-05-26T23:30:33+00:00","mainEntityOfPage":{"@id":"http:\/\/minutocerord.com\/?p=17166"},"wordCount":290,"commentCount":0,"publisher":{"@id":"https:\/\/minutocerord.com\/#\/schema\/person\/60b5372d60aaa0a5171fb6488be9aee6"},"image":{"@id":"http:\/\/minutocerord.com\/?p=17166#primaryimage"},"thumbnailUrl":"https:\/\/i0.wp.com\/minutocerord.com\/wp-content\/uploads\/2024\/05\/torito-1.jpg?fit=640%2C426&ssl=1","articleSection":["Entretenimiento"],"inLanguage":"es-DO","potentialAction":[{"@type":"CommentAction","name":"Comment","target":["http:\/\/minutocerord.com\/?p=17166#respond"]}]},{"@type":"WebPage","@id":"http:\/\/minutocerord.com\/?p=17166","url":"http:\/\/minutocerord.com\/?p=17166","name":"Entretenimiento | Video: El cantante y senador dominicano H\u00e9ctor Acosta revela tiene c\u00e1ncer - Minuto Cero RD","isPartOf":{"@id":"https:\/\/minutocerord.com\/#website"},"primaryImageOfPage":{"@id":"http:\/\/minutocerord.com\/?p=17166#primaryimage"},"image":{"@id":"http:\/\/minutocerord.com\/?p=17166#primaryimage"},"thumbnailUrl":"https:\/\/i0.wp.com\/minutocerord.com\/wp-content\/uploads\/2024\/05\/torito-1.jpg?fit=640%2C426&ssl=1","datePublished":"2024-05-26T23:30:13+00:00","dateModified":"2024-05-26T23:30:33+00:00","breadcrumb":{"@id":"http:\/\/minutocerord.com\/?p=17166#breadcrumb"},"inLanguage":"es-DO","potentialAction":[{"@type":"ReadAction","target":["http:\/\/minutocerord.com\/?p=17166"]}]},{"@type":"ImageObject","inLanguage":"es-DO","@id":"http:\/\/minutocerord.com\/?p=17166#primaryimage","url":"https:\/\/i0.wp.com\/minutocerord.com\/wp-content\/uploads\/2024\/05\/torito-1.jpg?fit=640%2C426&ssl=1","contentUrl":"https:\/\/i0.wp.com\/minutocerord.com\/wp-content\/uploads\/2024\/05\/torito-1.jpg?fit=640%2C426&ssl=1","width":640,"height":426},{"@type":"BreadcrumbList","@id":"http:\/\/minutocerord.com\/?p=17166#breadcrumb","itemListElement":[{"@type":"ListItem","position":1,"name":"Home","item":"https:\/\/minutocerord.com\/"},{"@type":"ListItem","position":2,"name":"Entretenimiento | Video: El cantante y senador dominicano H\u00e9ctor Acosta revela tiene c\u00e1ncer"}]},{"@type":"WebSite","@id":"https:\/\/minutocerord.com\/#website","url":"https:\/\/minutocerord.com\/","name":"Minuto Cero RD","description":"Periodismo serio y veraz","publisher":{"@id":"https:\/\/minutocerord.com\/#\/schema\/person\/60b5372d60aaa0a5171fb6488be9aee6"},"potentialAction":[{"@type":"SearchAction","target":{"@type":"EntryPoint","urlTemplate":"https:\/\/minutocerord.com\/?s={search_term_string}"},"query-input":{"@type":"PropertyValueSpecification","valueRequired":true,"valueName":"search_term_string"}}],"inLanguage":"es-DO"},{"@type":["Person","Organization"],"@id":"https:\/\/minutocerord.com\/#\/schema\/person\/60b5372d60aaa0a5171fb6488be9aee6","name":"Genof\u00f3ntes Urb\u00e1ez","image":{"@type":"ImageObject","inLanguage":"es-DO","@id":"https:\/\/secure.gravatar.com\/avatar\/a49ef3186a692098ac3e8a1612261e3ad70cf9e44553dff2929e67939a0ecb9d?s=96&d=identicon&r=g","url":"https:\/\/secure.gravatar.com\/avatar\/a49ef3186a692098ac3e8a1612261e3ad70cf9e44553dff2929e67939a0ecb9d?s=96&d=identicon&r=g","contentUrl":"https:\/\/secure.gravatar.com\/avatar\/a49ef3186a692098ac3e8a1612261e3ad70cf9e44553dff2929e67939a0ecb9d?s=96&d=identicon&r=g","caption":"Genof\u00f3ntes Urb\u00e1ez"},"logo":{"@id":"https:\/\/secure.gravatar.com\/avatar\/a49ef3186a692098ac3e8a1612261e3ad70cf9e44553dff2929e67939a0ecb9d?s=96&d=identicon&r=g"},"description":"Periodista \/ Locutor","sameAs":["https:\/\/www.facebook.com\/Genofnotes","https:\/\/www.instagram.com\/genofnotes\/"]}]}},"jetpack_publicize_connections":[],"jetpack_featured_media_url":"https:\/\/i0.wp.com\/minutocerord.com\/wp-content\/uploads\/2024\/05\/torito-1.jpg?fit=640%2C426&ssl=1","jetpack-related-posts":[],"jetpack_sharing_enabled":true,"_links":{"self":[{"href":"https:\/\/minutocerord.com\/index.php?rest_route=\/wp\/v2\/posts\/17166","targetHints":{"allow":["GET"]}}],"collection":[{"href":"https:\/\/minutocerord.com\/index.php?rest_route=\/wp\/v2\/posts"}],"about":[{"href":"https:\/\/minutocerord.com\/index.php?rest_route=\/wp\/v2\/types\/post"}],"author":[{"embeddable":true,"href":"https:\/\/minutocerord.com\/index.php?rest_route=\/wp\/v2\/users\/1"}],"replies":[{"embeddable":true,"href":"https:\/\/minutocerord.com\/index.php?rest_route=%2Fwp%2Fv2%2Fcomments&post=17166"}],"version-history":[{"count":2,"href":"https:\/\/minutocerord.com\/index.php?rest_route=\/wp\/v2\/posts\/17166\/revisions"}],"predecessor-version":[{"id":17170,"href":"https:\/\/minutocerord.com\/index.php?rest_route=\/wp\/v2\/posts\/17166\/revisions\/17170"}],"wp:featuredmedia":[{"embeddable":true,"href":"https:\/\/minutocerord.com\/index.php?rest_route=\/wp\/v2\/media\/17168"}],"wp:attachment":[{"href":"https:\/\/minutocerord.com\/index.php?rest_route=%2Fwp%2Fv2%2Fmedia&parent=17166"}],"wp:term":[{"taxonomy":"category","embeddable":true,"href":"https:\/\/minutocerord.com\/index.php?rest_route=%2Fwp%2Fv2%2Fcategories&post=17166"},{"taxonomy":"post_tag","embeddable":true,"href":"https:\/\/minutocerord.com\/index.php?rest_route=%2Fwp%2Fv2%2Ftags&post=17166"}],"curies":[{"name":"wp","href":"https:\/\/api.w.org\/{rel}","templated":true}]}}