{"id":17174,"date":"2024-05-26T20:58:23","date_gmt":"2024-05-27T00:58:23","guid":{"rendered":"https:\/\/minutocerord.com\/?p=17174"},"modified":"2024-05-26T20:59:36","modified_gmt":"2024-05-27T00:59:36","slug":"santiago-pn-garantiza-apresamiento-de-asaltantes-banco-de-reservas","status":"publish","type":"post","link":"https:\/\/minutocerord.com\/?p=17174","title":{"rendered":"Santiago | PN garantiza apresamiento de asaltantes Banco de Reservas"},"content":{"rendered":"\n<p class=\"\"><strong>SANTO DOMINGO.-<\/strong>&nbsp;La Polic\u00eda garantiz\u00f3 el apresamiento y sometimiento en las pr\u00f3ximas horas de los autores del asalto del viernes a una sucursal de Santiago de los caballeros del Banco de Reservas.<\/p>\n\n\n\n<p class=\"\">Este s\u00e1bado Diego Pesqueira, vocero de la Uniformada, inform\u00f3 que las pesquisas avanzan de manera positiva; sin embargo, dijo que puede ofrecer mayores datos para no entorpecer el curso de las pesquisas.<\/p>\n\n\n<div class=\"wp-block-image\">\n<figure class=\"alignright is-resized\"><a href=\"https:\/\/i0.wp.com\/almomento.net\/wp-content\/uploads\/2024\/05\/665113893ec6b.jpeg?ssl=1\"><img data-recalc-dims=\"1\" decoding=\"async\" loading=\"lazy\" src=\"https:\/\/i0.wp.com\/almomento.net\/wp-content\/uploads\/2024\/05\/665113893ec6b.jpeg?w=640&#038;ssl=1\" alt=\"\" class=\"wp-image-956822\" style=\"width:370px;height:auto\"\/><\/a><\/figure>\n<\/div>\n\n\n<p class=\"\">Dijo que la Polic\u00eda ha ocupado hasta el momento dos veh\u00edculos de los utilizados por los asaltantes.<\/p>\n\n\n\n<p class=\"\">El asalto habr\u00eda sido cometido por una banda entre cuyos integrantes figuran un colombiano y once haitianos, seg\u00fan fuentes policiales vinculadas a la investigaci\u00f3n de este hecho.<\/p>\n\n\n\n<p class=\"\">El colombiano tiene como nombre&nbsp;<strong>Carlos Armando y&nbsp; es apodado \u201cLa Copa\u201d o \u201cColombia\u201d&nbsp;<\/strong>y se encuentra en Rep\u00fablica Dominicana desde hace un mes, de acuerdo a lo explicado.&nbsp; &nbsp;Otros integrantes del grupo tienen los motes de&nbsp;<strong>\u201cPu\u00f1alito\u201d, \u201cEl Gacha\u201d, \u201cEl Mexicano\u201d, \u201cJoselito\u201d, \u201cBomb\u00f3n\u201d y \u201cEl Federal\u201d.&nbsp;&nbsp;<\/strong><\/p>\n\n\n\n<p class=\"\">Se tiene la presunci\u00f3n de que miembros de la Polic\u00eda Nacional podr\u00edan estar tambi\u00e9n involucrados en el asalto a la sucursal ubicada en el sector de La Barranquita de donde los delincuentes huyeron con una cantidad indeterminada de dinero que tomaron de dos de sus cajeros.<\/p>\n\n\n\n<p class=\"\">La instituci\u00f3n estatal dijo que durante el suceso no hubo derramamiento de sangre.<\/p>\n\n\n\n<p class=\"\">\u00abLos bandidos se marcharon con un poco de dinero tomado de dos de nuestros cajeros, sin poder penetrar a la b\u00f3veda, se marcharon sin producir da\u00f1os mayores\u00bb, dijo el Banco de Reservas en su cuenta de Instagram.<\/p>\n\n\n\n<p class=\"\">Asimismo, inform\u00f3 que la Polic\u00eda Nacional est\u00e1 tras la pista de los desaprensivos, por lo cual la instituci\u00f3n se abstendr\u00e1 de ofrecer mayores datos a la ciudadan\u00eda, con el prop\u00f3sito de no entorpecer las investigaciones.<\/p>\n\n\n\n<p class=\"\">\u00abNing\u00fan cliente ni colaborador de Banreservas ha sufrido da\u00f1o en esta lamentable acci\u00f3n vand\u00e1lica\u00bb, refiri\u00f3 el banco.<\/p>\n","protected":false},"excerpt":{"rendered":"<p>SANTO DOMINGO.-&nbsp;La Polic\u00eda garantiz\u00f3 el apresamiento y sometimiento en las pr\u00f3ximas horas de los autores del asalto del viernes a una sucursal de Santiago de los caballeros del Banco de Reservas. Este s\u00e1bado Diego Pesqueira, vocero de la Uniformada, inform\u00f3 que las pesquisas avanzan de manera positiva; sin embargo, dijo que puede ofrecer mayores datos [&hellip;]<\/p>\n","protected":false},"author":1,"featured_media":17175,"comment_status":"open","ping_status":"open","sticky":false,"template":"","format":"standard","meta":{"nf_dc_page":"","jetpack_post_was_ever_published":false,"_jetpack_newsletter_access":"","_jetpack_dont_email_post_to_subs":false,"_jetpack_newsletter_tier_id":0,"_jetpack_memberships_contains_paywalled_content":false,"_jetpack_memberships_contains_paid_content":false,"footnotes":"","jetpack_publicize_message":"","jetpack_publicize_feature_enabled":true,"jetpack_social_post_already_shared":true,"jetpack_social_options":{"image_generator_settings":{"template":"highway","default_image_id":0,"font":"","enabled":false},"version":2}},"categories":[65],"tags":[],"class_list":["post-17174","post","type-post","status-publish","format-standard","has-post-thumbnail","hentry","category-nacionales"],"yoast_head":"<!-- This site is optimized with the Yoast SEO plugin v27.4 - https:\/\/yoast.com\/product\/yoast-seo-wordpress\/ -->\n<title>Santiago | PN garantiza apresamiento de asaltantes Banco de Reservas - Minuto Cero RD<\/title>\n<meta name=\"robots\" content=\"index, follow, max-snippet:-1, max-image-preview:large, max-video-preview:-1\" \/>\n<link rel=\"canonical\" href=\"http:\/\/minutocerord.com\/?p=17174\" \/>\n<meta property=\"og:locale\" content=\"es_ES\" \/>\n<meta property=\"og:type\" content=\"article\" \/>\n<meta property=\"og:title\" content=\"Santiago | PN garantiza apresamiento de asaltantes Banco de Reservas - Minuto Cero RD\" \/>\n<meta property=\"og:description\" content=\"SANTO DOMINGO.-&nbsp;La Polic\u00eda garantiz\u00f3 el apresamiento y sometimiento en las pr\u00f3ximas horas de los autores del asalto del viernes a una sucursal de Santiago de los caballeros del Banco de Reservas. Este s\u00e1bado Diego Pesqueira, vocero de la Uniformada, inform\u00f3 que las pesquisas avanzan de manera positiva; sin embargo, dijo que puede ofrecer mayores datos [&hellip;]\" \/>\n<meta property=\"og:url\" content=\"http:\/\/minutocerord.com\/?p=17174\" \/>\n<meta property=\"og:site_name\" content=\"Minuto Cero RD\" \/>\n<meta property=\"article:publisher\" content=\"https:\/\/www.facebook.com\/Genofnotes\" \/>\n<meta property=\"article:author\" content=\"https:\/\/www.facebook.com\/Genofnotes\" \/>\n<meta property=\"article:published_time\" content=\"2024-05-27T00:58:23+00:00\" \/>\n<meta property=\"article:modified_time\" content=\"2024-05-27T00:59:36+00:00\" \/>\n<meta property=\"og:image\" content=\"https:\/\/i0.wp.com\/minutocerord.com\/wp-content\/uploads\/2024\/05\/Asalto-Santiago-1.jpg?fit=646%2C390\" \/>\n\t<meta property=\"og:image:width\" content=\"646\" \/>\n\t<meta property=\"og:image:height\" content=\"390\" \/>\n\t<meta property=\"og:image:type\" content=\"image\/jpeg\" \/>\n<meta name=\"author\" content=\"Genof\u00f3ntes Urb\u00e1ez\" \/>\n<meta name=\"twitter:card\" content=\"summary_large_image\" \/>\n<meta name=\"twitter:label1\" content=\"Written by\" \/>\n\t<meta name=\"twitter:data1\" content=\"Genof\u00f3ntes Urb\u00e1ez\" \/>\n\t<meta name=\"twitter:label2\" content=\"Est. reading time\" \/>\n\t<meta name=\"twitter:data2\" content=\"2 minutos\" \/>\n<script type=\"application\/ld+json\" class=\"yoast-schema-graph\">{\"@context\":\"https:\\\/\\\/schema.org\",\"@graph\":[{\"@type\":\"Article\",\"@id\":\"http:\\\/\\\/minutocerord.com\\\/?p=17174#article\",\"isPartOf\":{\"@id\":\"http:\\\/\\\/minutocerord.com\\\/?p=17174\"},\"author\":{\"name\":\"Genof\u00f3ntes Urb\u00e1ez\",\"@id\":\"https:\\\/\\\/minutocerord.com\\\/#\\\/schema\\\/person\\\/60b5372d60aaa0a5171fb6488be9aee6\"},\"headline\":\"Santiago | PN garantiza apresamiento de asaltantes Banco de Reservas\",\"datePublished\":\"2024-05-27T00:58:23+00:00\",\"dateModified\":\"2024-05-27T00:59:36+00:00\",\"mainEntityOfPage\":{\"@id\":\"http:\\\/\\\/minutocerord.com\\\/?p=17174\"},\"wordCount\":348,\"commentCount\":0,\"publisher\":{\"@id\":\"https:\\\/\\\/minutocerord.com\\\/#\\\/schema\\\/person\\\/60b5372d60aaa0a5171fb6488be9aee6\"},\"image\":{\"@id\":\"http:\\\/\\\/minutocerord.com\\\/?p=17174#primaryimage\"},\"thumbnailUrl\":\"https:\\\/\\\/i0.wp.com\\\/minutocerord.com\\\/wp-content\\\/uploads\\\/2024\\\/05\\\/Asalto-Santiago-1.jpg?fit=646%2C390&ssl=1\",\"articleSection\":[\"Nacionales\"],\"inLanguage\":\"es-DO\",\"potentialAction\":[{\"@type\":\"CommentAction\",\"name\":\"Comment\",\"target\":[\"http:\\\/\\\/minutocerord.com\\\/?p=17174#respond\"]}]},{\"@type\":\"WebPage\",\"@id\":\"http:\\\/\\\/minutocerord.com\\\/?p=17174\",\"url\":\"http:\\\/\\\/minutocerord.com\\\/?p=17174\",\"name\":\"Santiago | PN garantiza apresamiento de asaltantes Banco de Reservas - Minuto Cero RD\",\"isPartOf\":{\"@id\":\"https:\\\/\\\/minutocerord.com\\\/#website\"},\"primaryImageOfPage\":{\"@id\":\"http:\\\/\\\/minutocerord.com\\\/?p=17174#primaryimage\"},\"image\":{\"@id\":\"http:\\\/\\\/minutocerord.com\\\/?p=17174#primaryimage\"},\"thumbnailUrl\":\"https:\\\/\\\/i0.wp.com\\\/minutocerord.com\\\/wp-content\\\/uploads\\\/2024\\\/05\\\/Asalto-Santiago-1.jpg?fit=646%2C390&ssl=1\",\"datePublished\":\"2024-05-27T00:58:23+00:00\",\"dateModified\":\"2024-05-27T00:59:36+00:00\",\"breadcrumb\":{\"@id\":\"http:\\\/\\\/minutocerord.com\\\/?p=17174#breadcrumb\"},\"inLanguage\":\"es-DO\",\"potentialAction\":[{\"@type\":\"ReadAction\",\"target\":[\"http:\\\/\\\/minutocerord.com\\\/?p=17174\"]}]},{\"@type\":\"ImageObject\",\"inLanguage\":\"es-DO\",\"@id\":\"http:\\\/\\\/minutocerord.com\\\/?p=17174#primaryimage\",\"url\":\"https:\\\/\\\/i0.wp.com\\\/minutocerord.com\\\/wp-content\\\/uploads\\\/2024\\\/05\\\/Asalto-Santiago-1.jpg?fit=646%2C390&ssl=1\",\"contentUrl\":\"https:\\\/\\\/i0.wp.com\\\/minutocerord.com\\\/wp-content\\\/uploads\\\/2024\\\/05\\\/Asalto-Santiago-1.jpg?fit=646%2C390&ssl=1\",\"width\":646,\"height\":390},{\"@type\":\"BreadcrumbList\",\"@id\":\"http:\\\/\\\/minutocerord.com\\\/?p=17174#breadcrumb\",\"itemListElement\":[{\"@type\":\"ListItem\",\"position\":1,\"name\":\"Home\",\"item\":\"https:\\\/\\\/minutocerord.com\\\/\"},{\"@type\":\"ListItem\",\"position\":2,\"name\":\"Santiago | PN garantiza apresamiento de asaltantes Banco de Reservas\"}]},{\"@type\":\"WebSite\",\"@id\":\"https:\\\/\\\/minutocerord.com\\\/#website\",\"url\":\"https:\\\/\\\/minutocerord.com\\\/\",\"name\":\"Minuto Cero RD\",\"description\":\"Periodismo serio y veraz\",\"publisher\":{\"@id\":\"https:\\\/\\\/minutocerord.com\\\/#\\\/schema\\\/person\\\/60b5372d60aaa0a5171fb6488be9aee6\"},\"potentialAction\":[{\"@type\":\"SearchAction\",\"target\":{\"@type\":\"EntryPoint\",\"urlTemplate\":\"https:\\\/\\\/minutocerord.com\\\/?s={search_term_string}\"},\"query-input\":{\"@type\":\"PropertyValueSpecification\",\"valueRequired\":true,\"valueName\":\"search_term_string\"}}],\"inLanguage\":\"es-DO\"},{\"@type\":[\"Person\",\"Organization\"],\"@id\":\"https:\\\/\\\/minutocerord.com\\\/#\\\/schema\\\/person\\\/60b5372d60aaa0a5171fb6488be9aee6\",\"name\":\"Genof\u00f3ntes Urb\u00e1ez\",\"image\":{\"@type\":\"ImageObject\",\"inLanguage\":\"es-DO\",\"@id\":\"https:\\\/\\\/secure.gravatar.com\\\/avatar\\\/a49ef3186a692098ac3e8a1612261e3ad70cf9e44553dff2929e67939a0ecb9d?s=96&d=identicon&r=g\",\"url\":\"https:\\\/\\\/secure.gravatar.com\\\/avatar\\\/a49ef3186a692098ac3e8a1612261e3ad70cf9e44553dff2929e67939a0ecb9d?s=96&d=identicon&r=g\",\"contentUrl\":\"https:\\\/\\\/secure.gravatar.com\\\/avatar\\\/a49ef3186a692098ac3e8a1612261e3ad70cf9e44553dff2929e67939a0ecb9d?s=96&d=identicon&r=g\",\"caption\":\"Genof\u00f3ntes Urb\u00e1ez\"},\"logo\":{\"@id\":\"https:\\\/\\\/secure.gravatar.com\\\/avatar\\\/a49ef3186a692098ac3e8a1612261e3ad70cf9e44553dff2929e67939a0ecb9d?s=96&d=identicon&r=g\"},\"description\":\"Periodista \\\/ Locutor\",\"sameAs\":[\"https:\\\/\\\/www.facebook.com\\\/Genofnotes\",\"https:\\\/\\\/www.instagram.com\\\/genofnotes\\\/\"]}]}<\/script>\n<!-- \/ Yoast SEO plugin. -->","yoast_head_json":{"title":"Santiago | PN garantiza apresamiento de asaltantes Banco de Reservas - Minuto Cero RD","robots":{"index":"index","follow":"follow","max-snippet":"max-snippet:-1","max-image-preview":"max-image-preview:large","max-video-preview":"max-video-preview:-1"},"canonical":"http:\/\/minutocerord.com\/?p=17174","og_locale":"es_ES","og_type":"article","og_title":"Santiago | PN garantiza apresamiento de asaltantes Banco de Reservas - Minuto Cero RD","og_description":"SANTO DOMINGO.-&nbsp;La Polic\u00eda garantiz\u00f3 el apresamiento y sometimiento en las pr\u00f3ximas horas de los autores del asalto del viernes a una sucursal de Santiago de los caballeros del Banco de Reservas. Este s\u00e1bado Diego Pesqueira, vocero de la Uniformada, inform\u00f3 que las pesquisas avanzan de manera positiva; sin embargo, dijo que puede ofrecer mayores datos [&hellip;]","og_url":"http:\/\/minutocerord.com\/?p=17174","og_site_name":"Minuto Cero RD","article_publisher":"https:\/\/www.facebook.com\/Genofnotes","article_author":"https:\/\/www.facebook.com\/Genofnotes","article_published_time":"2024-05-27T00:58:23+00:00","article_modified_time":"2024-05-27T00:59:36+00:00","og_image":[{"width":646,"height":390,"url":"https:\/\/i0.wp.com\/minutocerord.com\/wp-content\/uploads\/2024\/05\/Asalto-Santiago-1.jpg?fit=646%2C390","type":"image\/jpeg"}],"author":"Genof\u00f3ntes Urb\u00e1ez","twitter_card":"summary_large_image","twitter_misc":{"Written by":"Genof\u00f3ntes Urb\u00e1ez","Est. reading time":"2 minutos"},"schema":{"@context":"https:\/\/schema.org","@graph":[{"@type":"Article","@id":"http:\/\/minutocerord.com\/?p=17174#article","isPartOf":{"@id":"http:\/\/minutocerord.com\/?p=17174"},"author":{"name":"Genof\u00f3ntes Urb\u00e1ez","@id":"https:\/\/minutocerord.com\/#\/schema\/person\/60b5372d60aaa0a5171fb6488be9aee6"},"headline":"Santiago | PN garantiza apresamiento de asaltantes Banco de Reservas","datePublished":"2024-05-27T00:58:23+00:00","dateModified":"2024-05-27T00:59:36+00:00","mainEntityOfPage":{"@id":"http:\/\/minutocerord.com\/?p=17174"},"wordCount":348,"commentCount":0,"publisher":{"@id":"https:\/\/minutocerord.com\/#\/schema\/person\/60b5372d60aaa0a5171fb6488be9aee6"},"image":{"@id":"http:\/\/minutocerord.com\/?p=17174#primaryimage"},"thumbnailUrl":"https:\/\/i0.wp.com\/minutocerord.com\/wp-content\/uploads\/2024\/05\/Asalto-Santiago-1.jpg?fit=646%2C390&ssl=1","articleSection":["Nacionales"],"inLanguage":"es-DO","potentialAction":[{"@type":"CommentAction","name":"Comment","target":["http:\/\/minutocerord.com\/?p=17174#respond"]}]},{"@type":"WebPage","@id":"http:\/\/minutocerord.com\/?p=17174","url":"http:\/\/minutocerord.com\/?p=17174","name":"Santiago | PN garantiza apresamiento de asaltantes Banco de Reservas - Minuto Cero RD","isPartOf":{"@id":"https:\/\/minutocerord.com\/#website"},"primaryImageOfPage":{"@id":"http:\/\/minutocerord.com\/?p=17174#primaryimage"},"image":{"@id":"http:\/\/minutocerord.com\/?p=17174#primaryimage"},"thumbnailUrl":"https:\/\/i0.wp.com\/minutocerord.com\/wp-content\/uploads\/2024\/05\/Asalto-Santiago-1.jpg?fit=646%2C390&ssl=1","datePublished":"2024-05-27T00:58:23+00:00","dateModified":"2024-05-27T00:59:36+00:00","breadcrumb":{"@id":"http:\/\/minutocerord.com\/?p=17174#breadcrumb"},"inLanguage":"es-DO","potentialAction":[{"@type":"ReadAction","target":["http:\/\/minutocerord.com\/?p=17174"]}]},{"@type":"ImageObject","inLanguage":"es-DO","@id":"http:\/\/minutocerord.com\/?p=17174#primaryimage","url":"https:\/\/i0.wp.com\/minutocerord.com\/wp-content\/uploads\/2024\/05\/Asalto-Santiago-1.jpg?fit=646%2C390&ssl=1","contentUrl":"https:\/\/i0.wp.com\/minutocerord.com\/wp-content\/uploads\/2024\/05\/Asalto-Santiago-1.jpg?fit=646%2C390&ssl=1","width":646,"height":390},{"@type":"BreadcrumbList","@id":"http:\/\/minutocerord.com\/?p=17174#breadcrumb","itemListElement":[{"@type":"ListItem","position":1,"name":"Home","item":"https:\/\/minutocerord.com\/"},{"@type":"ListItem","position":2,"name":"Santiago | PN garantiza apresamiento de asaltantes Banco de Reservas"}]},{"@type":"WebSite","@id":"https:\/\/minutocerord.com\/#website","url":"https:\/\/minutocerord.com\/","name":"Minuto Cero RD","description":"Periodismo serio y veraz","publisher":{"@id":"https:\/\/minutocerord.com\/#\/schema\/person\/60b5372d60aaa0a5171fb6488be9aee6"},"potentialAction":[{"@type":"SearchAction","target":{"@type":"EntryPoint","urlTemplate":"https:\/\/minutocerord.com\/?s={search_term_string}"},"query-input":{"@type":"PropertyValueSpecification","valueRequired":true,"valueName":"search_term_string"}}],"inLanguage":"es-DO"},{"@type":["Person","Organization"],"@id":"https:\/\/minutocerord.com\/#\/schema\/person\/60b5372d60aaa0a5171fb6488be9aee6","name":"Genof\u00f3ntes Urb\u00e1ez","image":{"@type":"ImageObject","inLanguage":"es-DO","@id":"https:\/\/secure.gravatar.com\/avatar\/a49ef3186a692098ac3e8a1612261e3ad70cf9e44553dff2929e67939a0ecb9d?s=96&d=identicon&r=g","url":"https:\/\/secure.gravatar.com\/avatar\/a49ef3186a692098ac3e8a1612261e3ad70cf9e44553dff2929e67939a0ecb9d?s=96&d=identicon&r=g","contentUrl":"https:\/\/secure.gravatar.com\/avatar\/a49ef3186a692098ac3e8a1612261e3ad70cf9e44553dff2929e67939a0ecb9d?s=96&d=identicon&r=g","caption":"Genof\u00f3ntes Urb\u00e1ez"},"logo":{"@id":"https:\/\/secure.gravatar.com\/avatar\/a49ef3186a692098ac3e8a1612261e3ad70cf9e44553dff2929e67939a0ecb9d?s=96&d=identicon&r=g"},"description":"Periodista \/ Locutor","sameAs":["https:\/\/www.facebook.com\/Genofnotes","https:\/\/www.instagram.com\/genofnotes\/"]}]}},"jetpack_publicize_connections":[],"jetpack_featured_media_url":"https:\/\/i0.wp.com\/minutocerord.com\/wp-content\/uploads\/2024\/05\/Asalto-Santiago-1.jpg?fit=646%2C390&ssl=1","jetpack-related-posts":[],"jetpack_sharing_enabled":true,"_links":{"self":[{"href":"https:\/\/minutocerord.com\/index.php?rest_route=\/wp\/v2\/posts\/17174","targetHints":{"allow":["GET"]}}],"collection":[{"href":"https:\/\/minutocerord.com\/index.php?rest_route=\/wp\/v2\/posts"}],"about":[{"href":"https:\/\/minutocerord.com\/index.php?rest_route=\/wp\/v2\/types\/post"}],"author":[{"embeddable":true,"href":"https:\/\/minutocerord.com\/index.php?rest_route=\/wp\/v2\/users\/1"}],"replies":[{"embeddable":true,"href":"https:\/\/minutocerord.com\/index.php?rest_route=%2Fwp%2Fv2%2Fcomments&post=17174"}],"version-history":[{"count":2,"href":"https:\/\/minutocerord.com\/index.php?rest_route=\/wp\/v2\/posts\/17174\/revisions"}],"predecessor-version":[{"id":17177,"href":"https:\/\/minutocerord.com\/index.php?rest_route=\/wp\/v2\/posts\/17174\/revisions\/17177"}],"wp:featuredmedia":[{"embeddable":true,"href":"https:\/\/minutocerord.com\/index.php?rest_route=\/wp\/v2\/media\/17175"}],"wp:attachment":[{"href":"https:\/\/minutocerord.com\/index.php?rest_route=%2Fwp%2Fv2%2Fmedia&parent=17174"}],"wp:term":[{"taxonomy":"category","embeddable":true,"href":"https:\/\/minutocerord.com\/index.php?rest_route=%2Fwp%2Fv2%2Fcategories&post=17174"},{"taxonomy":"post_tag","embeddable":true,"href":"https:\/\/minutocerord.com\/index.php?rest_route=%2Fwp%2Fv2%2Ftags&post=17174"}],"curies":[{"name":"wp","href":"https:\/\/api.w.org\/{rel}","templated":true}]}}