{"id":17183,"date":"2024-05-26T21:10:47","date_gmt":"2024-05-27T01:10:47","guid":{"rendered":"https:\/\/minutocerord.com\/?p=17183"},"modified":"2024-05-26T21:10:49","modified_gmt":"2024-05-27T01:10:49","slug":"politica-lila-alburquerque-dice-le-da-gusto-la-derrota-de-guillermo-moreno","status":"publish","type":"post","link":"https:\/\/minutocerord.com\/?p=17183","title":{"rendered":"Pol\u00edtica | Lila Alburquerque dice le da gusto la derrota de Guillermo Moreno"},"content":{"rendered":"\n<p class=\"\"><a href=\"https:\/\/almomento.net\/wp-content\/uploads\/2022\/05\/Lila.jpg\"><\/a><strong>SANTO DOMINGO.-<\/strong> La diputada del Partido Reformista Social Cristiano (PRSC) Rafaela Albuquerque (Lila) manifest\u00f3 que se siente feliz por la victoria de Omar Fern\u00e1ndez frente a Guillermo Moreno en las elecciones por la senadur\u00eda del Distrito Nacional.<\/p>\n\n\n\n<p class=\"\">\u201cOmar Fern\u00e1ndez cuanto me alegro que tu hayas ganado porque la juventud se impuso y eso me gusta. Yo ten\u00eda un desquite viejo con Guillermo Moreno. Que gusto me doy en nombre de Joaqu\u00edn Balaguer\u201d, expres\u00f3 la legisladora.<\/p>\n\n\n\n<p class=\"\">Aunque Alburquerque no entr\u00f3 en detalles, se refiri\u00f3 a la actitud que asumi\u00f3 Moreno siendo procurador fiscal del Distrito Nacional en el periodo 1996-1997 cuando intent\u00f3 iniciar un proceso judicial contra el ex presidente Balaguer&nbsp; en relaci\u00f3n con el asesinato del periodista Orlando Mart\u00ednez.&nbsp; Esta iniciativa no prosper\u00f3 por la firmeza que mostraron el l\u00edder reformista y seguidores,<\/p>\n\n\n\n<p class=\"\">Moreno fue candidato a senador del Distrito Nacional de los&nbsp; partidos Alianza Pa\u00eds y&nbsp; Partido Revolucionario Moderno en las elecciones del 19 de mayo de 2024. Anteriormente fue candidato presidencial en 2012, 2016 y 2020.<\/p>\n\n\n\n<p class=\"\"><strong>FINAL&nbsp; DE SU CARRERA LEGISLATIVA<\/strong><\/p>\n\n\n\n<p class=\"\">Alburquerque acaba de cesar como diputada luego de haber permanecido 38 a\u00f1os ocupando esta posici\u00f3n.<\/p>\n\n\n\n<p class=\"\">Felicit\u00f3 al presidente de la Rep\u00fablica Luis Abinader por su&nbsp; reelecci\u00f3n as\u00ed como a todos los que s que ganaron&nbsp; diputaciones y&nbsp; senadur\u00edas para el pr\u00f3ximo cuatrienio.<\/p>\n","protected":false},"excerpt":{"rendered":"<p>SANTO DOMINGO.- La diputada del Partido Reformista Social Cristiano (PRSC) Rafaela Albuquerque (Lila) manifest\u00f3 que se siente feliz por la victoria de Omar Fern\u00e1ndez frente a Guillermo Moreno en las elecciones por la senadur\u00eda del Distrito Nacional. \u201cOmar Fern\u00e1ndez cuanto me alegro que tu hayas ganado porque la juventud se impuso y eso me gusta. [&hellip;]<\/p>\n","protected":false},"author":1,"featured_media":17184,"comment_status":"open","ping_status":"open","sticky":false,"template":"","format":"standard","meta":{"nf_dc_page":"","jetpack_post_was_ever_published":false,"_jetpack_newsletter_access":"","_jetpack_dont_email_post_to_subs":false,"_jetpack_newsletter_tier_id":0,"_jetpack_memberships_contains_paywalled_content":false,"_jetpack_memberships_contains_paid_content":false,"footnotes":"","jetpack_publicize_message":"","jetpack_publicize_feature_enabled":true,"jetpack_social_post_already_shared":true,"jetpack_social_options":{"image_generator_settings":{"template":"highway","default_image_id":0,"font":"","enabled":false},"version":2}},"categories":[70],"tags":[],"class_list":["post-17183","post","type-post","status-publish","format-standard","has-post-thumbnail","hentry","category-politica"],"yoast_head":"<!-- This site is optimized with the Yoast SEO plugin v27.4 - https:\/\/yoast.com\/product\/yoast-seo-wordpress\/ -->\n<title>Pol\u00edtica | Lila Alburquerque dice le da gusto la derrota de Guillermo Moreno - Minuto Cero RD<\/title>\n<meta name=\"robots\" content=\"index, follow, max-snippet:-1, max-image-preview:large, max-video-preview:-1\" \/>\n<link rel=\"canonical\" href=\"http:\/\/minutocerord.com\/?p=17183\" \/>\n<meta property=\"og:locale\" content=\"es_ES\" \/>\n<meta property=\"og:type\" content=\"article\" \/>\n<meta property=\"og:title\" content=\"Pol\u00edtica | Lila Alburquerque dice le da gusto la derrota de Guillermo Moreno - Minuto Cero RD\" \/>\n<meta property=\"og:description\" content=\"SANTO DOMINGO.- La diputada del Partido Reformista Social Cristiano (PRSC) Rafaela Albuquerque (Lila) manifest\u00f3 que se siente feliz por la victoria de Omar Fern\u00e1ndez frente a Guillermo Moreno en las elecciones por la senadur\u00eda del Distrito Nacional. \u201cOmar Fern\u00e1ndez cuanto me alegro que tu hayas ganado porque la juventud se impuso y eso me gusta. [&hellip;]\" \/>\n<meta property=\"og:url\" content=\"http:\/\/minutocerord.com\/?p=17183\" \/>\n<meta property=\"og:site_name\" content=\"Minuto Cero RD\" \/>\n<meta property=\"article:publisher\" content=\"https:\/\/www.facebook.com\/Genofnotes\" \/>\n<meta property=\"article:author\" content=\"https:\/\/www.facebook.com\/Genofnotes\" \/>\n<meta property=\"article:published_time\" content=\"2024-05-27T01:10:47+00:00\" \/>\n<meta property=\"article:modified_time\" content=\"2024-05-27T01:10:49+00:00\" \/>\n<meta property=\"og:image\" content=\"https:\/\/i0.wp.com\/minutocerord.com\/wp-content\/uploads\/2024\/05\/Lila-1.jpg?fit=568%2C323\" \/>\n\t<meta property=\"og:image:width\" content=\"568\" \/>\n\t<meta property=\"og:image:height\" content=\"323\" \/>\n\t<meta property=\"og:image:type\" content=\"image\/jpeg\" \/>\n<meta name=\"author\" content=\"Genof\u00f3ntes Urb\u00e1ez\" \/>\n<meta name=\"twitter:card\" content=\"summary_large_image\" \/>\n<meta name=\"twitter:label1\" content=\"Written by\" \/>\n\t<meta name=\"twitter:data1\" content=\"Genof\u00f3ntes Urb\u00e1ez\" \/>\n\t<meta name=\"twitter:label2\" content=\"Est. reading time\" \/>\n\t<meta name=\"twitter:data2\" content=\"2 minutos\" \/>\n<script type=\"application\/ld+json\" class=\"yoast-schema-graph\">{\"@context\":\"https:\\\/\\\/schema.org\",\"@graph\":[{\"@type\":\"Article\",\"@id\":\"http:\\\/\\\/minutocerord.com\\\/?p=17183#article\",\"isPartOf\":{\"@id\":\"http:\\\/\\\/minutocerord.com\\\/?p=17183\"},\"author\":{\"name\":\"Genof\u00f3ntes Urb\u00e1ez\",\"@id\":\"https:\\\/\\\/minutocerord.com\\\/#\\\/schema\\\/person\\\/60b5372d60aaa0a5171fb6488be9aee6\"},\"headline\":\"Pol\u00edtica | Lila Alburquerque dice le da gusto la derrota de Guillermo Moreno\",\"datePublished\":\"2024-05-27T01:10:47+00:00\",\"dateModified\":\"2024-05-27T01:10:49+00:00\",\"mainEntityOfPage\":{\"@id\":\"http:\\\/\\\/minutocerord.com\\\/?p=17183\"},\"wordCount\":246,\"commentCount\":0,\"publisher\":{\"@id\":\"https:\\\/\\\/minutocerord.com\\\/#\\\/schema\\\/person\\\/60b5372d60aaa0a5171fb6488be9aee6\"},\"image\":{\"@id\":\"http:\\\/\\\/minutocerord.com\\\/?p=17183#primaryimage\"},\"thumbnailUrl\":\"https:\\\/\\\/i0.wp.com\\\/minutocerord.com\\\/wp-content\\\/uploads\\\/2024\\\/05\\\/Lila-1.jpg?fit=568%2C323&ssl=1\",\"articleSection\":[\"Pol\u00edtica\"],\"inLanguage\":\"es-DO\",\"potentialAction\":[{\"@type\":\"CommentAction\",\"name\":\"Comment\",\"target\":[\"http:\\\/\\\/minutocerord.com\\\/?p=17183#respond\"]}]},{\"@type\":\"WebPage\",\"@id\":\"http:\\\/\\\/minutocerord.com\\\/?p=17183\",\"url\":\"http:\\\/\\\/minutocerord.com\\\/?p=17183\",\"name\":\"Pol\u00edtica | Lila Alburquerque dice le da gusto la derrota de Guillermo Moreno - Minuto Cero RD\",\"isPartOf\":{\"@id\":\"https:\\\/\\\/minutocerord.com\\\/#website\"},\"primaryImageOfPage\":{\"@id\":\"http:\\\/\\\/minutocerord.com\\\/?p=17183#primaryimage\"},\"image\":{\"@id\":\"http:\\\/\\\/minutocerord.com\\\/?p=17183#primaryimage\"},\"thumbnailUrl\":\"https:\\\/\\\/i0.wp.com\\\/minutocerord.com\\\/wp-content\\\/uploads\\\/2024\\\/05\\\/Lila-1.jpg?fit=568%2C323&ssl=1\",\"datePublished\":\"2024-05-27T01:10:47+00:00\",\"dateModified\":\"2024-05-27T01:10:49+00:00\",\"breadcrumb\":{\"@id\":\"http:\\\/\\\/minutocerord.com\\\/?p=17183#breadcrumb\"},\"inLanguage\":\"es-DO\",\"potentialAction\":[{\"@type\":\"ReadAction\",\"target\":[\"http:\\\/\\\/minutocerord.com\\\/?p=17183\"]}]},{\"@type\":\"ImageObject\",\"inLanguage\":\"es-DO\",\"@id\":\"http:\\\/\\\/minutocerord.com\\\/?p=17183#primaryimage\",\"url\":\"https:\\\/\\\/i0.wp.com\\\/minutocerord.com\\\/wp-content\\\/uploads\\\/2024\\\/05\\\/Lila-1.jpg?fit=568%2C323&ssl=1\",\"contentUrl\":\"https:\\\/\\\/i0.wp.com\\\/minutocerord.com\\\/wp-content\\\/uploads\\\/2024\\\/05\\\/Lila-1.jpg?fit=568%2C323&ssl=1\",\"width\":568,\"height\":323},{\"@type\":\"BreadcrumbList\",\"@id\":\"http:\\\/\\\/minutocerord.com\\\/?p=17183#breadcrumb\",\"itemListElement\":[{\"@type\":\"ListItem\",\"position\":1,\"name\":\"Home\",\"item\":\"https:\\\/\\\/minutocerord.com\\\/\"},{\"@type\":\"ListItem\",\"position\":2,\"name\":\"Pol\u00edtica | Lila Alburquerque dice le da gusto la derrota de Guillermo Moreno\"}]},{\"@type\":\"WebSite\",\"@id\":\"https:\\\/\\\/minutocerord.com\\\/#website\",\"url\":\"https:\\\/\\\/minutocerord.com\\\/\",\"name\":\"Minuto Cero RD\",\"description\":\"Periodismo serio y veraz\",\"publisher\":{\"@id\":\"https:\\\/\\\/minutocerord.com\\\/#\\\/schema\\\/person\\\/60b5372d60aaa0a5171fb6488be9aee6\"},\"potentialAction\":[{\"@type\":\"SearchAction\",\"target\":{\"@type\":\"EntryPoint\",\"urlTemplate\":\"https:\\\/\\\/minutocerord.com\\\/?s={search_term_string}\"},\"query-input\":{\"@type\":\"PropertyValueSpecification\",\"valueRequired\":true,\"valueName\":\"search_term_string\"}}],\"inLanguage\":\"es-DO\"},{\"@type\":[\"Person\",\"Organization\"],\"@id\":\"https:\\\/\\\/minutocerord.com\\\/#\\\/schema\\\/person\\\/60b5372d60aaa0a5171fb6488be9aee6\",\"name\":\"Genof\u00f3ntes Urb\u00e1ez\",\"image\":{\"@type\":\"ImageObject\",\"inLanguage\":\"es-DO\",\"@id\":\"https:\\\/\\\/secure.gravatar.com\\\/avatar\\\/a49ef3186a692098ac3e8a1612261e3ad70cf9e44553dff2929e67939a0ecb9d?s=96&d=identicon&r=g\",\"url\":\"https:\\\/\\\/secure.gravatar.com\\\/avatar\\\/a49ef3186a692098ac3e8a1612261e3ad70cf9e44553dff2929e67939a0ecb9d?s=96&d=identicon&r=g\",\"contentUrl\":\"https:\\\/\\\/secure.gravatar.com\\\/avatar\\\/a49ef3186a692098ac3e8a1612261e3ad70cf9e44553dff2929e67939a0ecb9d?s=96&d=identicon&r=g\",\"caption\":\"Genof\u00f3ntes Urb\u00e1ez\"},\"logo\":{\"@id\":\"https:\\\/\\\/secure.gravatar.com\\\/avatar\\\/a49ef3186a692098ac3e8a1612261e3ad70cf9e44553dff2929e67939a0ecb9d?s=96&d=identicon&r=g\"},\"description\":\"Periodista \\\/ Locutor\",\"sameAs\":[\"https:\\\/\\\/www.facebook.com\\\/Genofnotes\",\"https:\\\/\\\/www.instagram.com\\\/genofnotes\\\/\"]}]}<\/script>\n<!-- \/ Yoast SEO plugin. -->","yoast_head_json":{"title":"Pol\u00edtica | Lila Alburquerque dice le da gusto la derrota de Guillermo Moreno - Minuto Cero RD","robots":{"index":"index","follow":"follow","max-snippet":"max-snippet:-1","max-image-preview":"max-image-preview:large","max-video-preview":"max-video-preview:-1"},"canonical":"http:\/\/minutocerord.com\/?p=17183","og_locale":"es_ES","og_type":"article","og_title":"Pol\u00edtica | Lila Alburquerque dice le da gusto la derrota de Guillermo Moreno - Minuto Cero RD","og_description":"SANTO DOMINGO.- La diputada del Partido Reformista Social Cristiano (PRSC) Rafaela Albuquerque (Lila) manifest\u00f3 que se siente feliz por la victoria de Omar Fern\u00e1ndez frente a Guillermo Moreno en las elecciones por la senadur\u00eda del Distrito Nacional. \u201cOmar Fern\u00e1ndez cuanto me alegro que tu hayas ganado porque la juventud se impuso y eso me gusta. [&hellip;]","og_url":"http:\/\/minutocerord.com\/?p=17183","og_site_name":"Minuto Cero RD","article_publisher":"https:\/\/www.facebook.com\/Genofnotes","article_author":"https:\/\/www.facebook.com\/Genofnotes","article_published_time":"2024-05-27T01:10:47+00:00","article_modified_time":"2024-05-27T01:10:49+00:00","og_image":[{"width":568,"height":323,"url":"https:\/\/i0.wp.com\/minutocerord.com\/wp-content\/uploads\/2024\/05\/Lila-1.jpg?fit=568%2C323","type":"image\/jpeg"}],"author":"Genof\u00f3ntes Urb\u00e1ez","twitter_card":"summary_large_image","twitter_misc":{"Written by":"Genof\u00f3ntes Urb\u00e1ez","Est. reading time":"2 minutos"},"schema":{"@context":"https:\/\/schema.org","@graph":[{"@type":"Article","@id":"http:\/\/minutocerord.com\/?p=17183#article","isPartOf":{"@id":"http:\/\/minutocerord.com\/?p=17183"},"author":{"name":"Genof\u00f3ntes Urb\u00e1ez","@id":"https:\/\/minutocerord.com\/#\/schema\/person\/60b5372d60aaa0a5171fb6488be9aee6"},"headline":"Pol\u00edtica | Lila Alburquerque dice le da gusto la derrota de Guillermo Moreno","datePublished":"2024-05-27T01:10:47+00:00","dateModified":"2024-05-27T01:10:49+00:00","mainEntityOfPage":{"@id":"http:\/\/minutocerord.com\/?p=17183"},"wordCount":246,"commentCount":0,"publisher":{"@id":"https:\/\/minutocerord.com\/#\/schema\/person\/60b5372d60aaa0a5171fb6488be9aee6"},"image":{"@id":"http:\/\/minutocerord.com\/?p=17183#primaryimage"},"thumbnailUrl":"https:\/\/i0.wp.com\/minutocerord.com\/wp-content\/uploads\/2024\/05\/Lila-1.jpg?fit=568%2C323&ssl=1","articleSection":["Pol\u00edtica"],"inLanguage":"es-DO","potentialAction":[{"@type":"CommentAction","name":"Comment","target":["http:\/\/minutocerord.com\/?p=17183#respond"]}]},{"@type":"WebPage","@id":"http:\/\/minutocerord.com\/?p=17183","url":"http:\/\/minutocerord.com\/?p=17183","name":"Pol\u00edtica | Lila Alburquerque dice le da gusto la derrota de Guillermo Moreno - Minuto Cero RD","isPartOf":{"@id":"https:\/\/minutocerord.com\/#website"},"primaryImageOfPage":{"@id":"http:\/\/minutocerord.com\/?p=17183#primaryimage"},"image":{"@id":"http:\/\/minutocerord.com\/?p=17183#primaryimage"},"thumbnailUrl":"https:\/\/i0.wp.com\/minutocerord.com\/wp-content\/uploads\/2024\/05\/Lila-1.jpg?fit=568%2C323&ssl=1","datePublished":"2024-05-27T01:10:47+00:00","dateModified":"2024-05-27T01:10:49+00:00","breadcrumb":{"@id":"http:\/\/minutocerord.com\/?p=17183#breadcrumb"},"inLanguage":"es-DO","potentialAction":[{"@type":"ReadAction","target":["http:\/\/minutocerord.com\/?p=17183"]}]},{"@type":"ImageObject","inLanguage":"es-DO","@id":"http:\/\/minutocerord.com\/?p=17183#primaryimage","url":"https:\/\/i0.wp.com\/minutocerord.com\/wp-content\/uploads\/2024\/05\/Lila-1.jpg?fit=568%2C323&ssl=1","contentUrl":"https:\/\/i0.wp.com\/minutocerord.com\/wp-content\/uploads\/2024\/05\/Lila-1.jpg?fit=568%2C323&ssl=1","width":568,"height":323},{"@type":"BreadcrumbList","@id":"http:\/\/minutocerord.com\/?p=17183#breadcrumb","itemListElement":[{"@type":"ListItem","position":1,"name":"Home","item":"https:\/\/minutocerord.com\/"},{"@type":"ListItem","position":2,"name":"Pol\u00edtica | Lila Alburquerque dice le da gusto la derrota de Guillermo Moreno"}]},{"@type":"WebSite","@id":"https:\/\/minutocerord.com\/#website","url":"https:\/\/minutocerord.com\/","name":"Minuto Cero RD","description":"Periodismo serio y veraz","publisher":{"@id":"https:\/\/minutocerord.com\/#\/schema\/person\/60b5372d60aaa0a5171fb6488be9aee6"},"potentialAction":[{"@type":"SearchAction","target":{"@type":"EntryPoint","urlTemplate":"https:\/\/minutocerord.com\/?s={search_term_string}"},"query-input":{"@type":"PropertyValueSpecification","valueRequired":true,"valueName":"search_term_string"}}],"inLanguage":"es-DO"},{"@type":["Person","Organization"],"@id":"https:\/\/minutocerord.com\/#\/schema\/person\/60b5372d60aaa0a5171fb6488be9aee6","name":"Genof\u00f3ntes Urb\u00e1ez","image":{"@type":"ImageObject","inLanguage":"es-DO","@id":"https:\/\/secure.gravatar.com\/avatar\/a49ef3186a692098ac3e8a1612261e3ad70cf9e44553dff2929e67939a0ecb9d?s=96&d=identicon&r=g","url":"https:\/\/secure.gravatar.com\/avatar\/a49ef3186a692098ac3e8a1612261e3ad70cf9e44553dff2929e67939a0ecb9d?s=96&d=identicon&r=g","contentUrl":"https:\/\/secure.gravatar.com\/avatar\/a49ef3186a692098ac3e8a1612261e3ad70cf9e44553dff2929e67939a0ecb9d?s=96&d=identicon&r=g","caption":"Genof\u00f3ntes Urb\u00e1ez"},"logo":{"@id":"https:\/\/secure.gravatar.com\/avatar\/a49ef3186a692098ac3e8a1612261e3ad70cf9e44553dff2929e67939a0ecb9d?s=96&d=identicon&r=g"},"description":"Periodista \/ Locutor","sameAs":["https:\/\/www.facebook.com\/Genofnotes","https:\/\/www.instagram.com\/genofnotes\/"]}]}},"jetpack_publicize_connections":[],"jetpack_featured_media_url":"https:\/\/i0.wp.com\/minutocerord.com\/wp-content\/uploads\/2024\/05\/Lila-1.jpg?fit=568%2C323&ssl=1","jetpack-related-posts":[],"jetpack_sharing_enabled":true,"_links":{"self":[{"href":"https:\/\/minutocerord.com\/index.php?rest_route=\/wp\/v2\/posts\/17183","targetHints":{"allow":["GET"]}}],"collection":[{"href":"https:\/\/minutocerord.com\/index.php?rest_route=\/wp\/v2\/posts"}],"about":[{"href":"https:\/\/minutocerord.com\/index.php?rest_route=\/wp\/v2\/types\/post"}],"author":[{"embeddable":true,"href":"https:\/\/minutocerord.com\/index.php?rest_route=\/wp\/v2\/users\/1"}],"replies":[{"embeddable":true,"href":"https:\/\/minutocerord.com\/index.php?rest_route=%2Fwp%2Fv2%2Fcomments&post=17183"}],"version-history":[{"count":1,"href":"https:\/\/minutocerord.com\/index.php?rest_route=\/wp\/v2\/posts\/17183\/revisions"}],"predecessor-version":[{"id":17185,"href":"https:\/\/minutocerord.com\/index.php?rest_route=\/wp\/v2\/posts\/17183\/revisions\/17185"}],"wp:featuredmedia":[{"embeddable":true,"href":"https:\/\/minutocerord.com\/index.php?rest_route=\/wp\/v2\/media\/17184"}],"wp:attachment":[{"href":"https:\/\/minutocerord.com\/index.php?rest_route=%2Fwp%2Fv2%2Fmedia&parent=17183"}],"wp:term":[{"taxonomy":"category","embeddable":true,"href":"https:\/\/minutocerord.com\/index.php?rest_route=%2Fwp%2Fv2%2Fcategories&post=17183"},{"taxonomy":"post_tag","embeddable":true,"href":"https:\/\/minutocerord.com\/index.php?rest_route=%2Fwp%2Fv2%2Ftags&post=17183"}],"curies":[{"name":"wp","href":"https:\/\/api.w.org\/{rel}","templated":true}]}}