{"id":17186,"date":"2024-05-26T21:17:47","date_gmt":"2024-05-27T01:17:47","guid":{"rendered":"https:\/\/minutocerord.com\/?p=17186"},"modified":"2024-05-26T21:17:49","modified_gmt":"2024-05-27T01:17:49","slug":"colombia-cuatro-muertos-en-combates-entre-facciones-farc","status":"publish","type":"post","link":"https:\/\/minutocerord.com\/?p=17186","title":{"rendered":"COLOMBIA | Cuatro muertos en combates entre facciones FARC"},"content":{"rendered":"\n<p class=\"\"><strong>BOGOTA.-\u00a0<\/strong>Al menos cuatro personas han muerto en combates entre facciones rivales de la guerrilla de las Fuerzas Armadas Revolucionarias de Colombia (FARC) en el departamento de Cauca, en Colombia.<\/p>\n\n\n\n<p class=\"\">La violencia se produjo el viernes en el municipio de Torib\u00edo, cuando presuntos integrantes del Frentes Dagoberto Ramos, del Estado Mayor Central (EMC), y del Frente 57 Yair Berm\u00fadez, de la Segunda Marquetalia, ambas de las FARC, se enfrentaron en una carretera.<\/p>\n\n\n\n<p class=\"\">\u00abA 300 metros del punto de cuidado territorial de la Guardia Ind\u00edgena \u2013 Kiwe Thegnas en el crucero de La Despensa, se dieron fuertes enfrentamientos entre dos estructuras armadas (\u2026). Como medida de prevenci\u00f3n para salvaguardar la vida, las y los comuneros que acompa\u00f1aban el punto de cuidado se retiraron del lugar temporalmente\u00bb, ha explicado el Consejo Regional Ind\u00edgena del Cauca (CRIC).<\/p>\n\n\n\n<p class=\"\">Un testigo ha explicado en declaraciones bajo condici\u00f3n de anonimato que los choques armados \u00abfueron entre ellos, entre los grupos armados, en este caso la disidencia (\u2026), enfrentamientos donde lamentablemente hay hasta cuatro muertos y carros incinerados\u00bb, informa la cadena p\u00fablica RTVC.<\/p>\n\n\n\n<p class=\"\">El CICR ha pedido \u00abatender a las orientaciones de las autoridades y a proteger la vida\u00bb y \u00aba los grupos armados se les exige parar los enfrentamientos y respetar a la poblaci\u00f3n\u00bb.<\/p>\n","protected":false},"excerpt":{"rendered":"<p>BOGOTA.-\u00a0Al menos cuatro personas han muerto en combates entre facciones rivales de la guerrilla de las Fuerzas Armadas Revolucionarias de Colombia (FARC) en el departamento de Cauca, en Colombia. La violencia se produjo el viernes en el municipio de Torib\u00edo, cuando presuntos integrantes del Frentes Dagoberto Ramos, del Estado Mayor Central (EMC), y del Frente [&hellip;]<\/p>\n","protected":false},"author":1,"featured_media":17187,"comment_status":"open","ping_status":"open","sticky":false,"template":"","format":"standard","meta":{"nf_dc_page":"","jetpack_post_was_ever_published":false,"_jetpack_newsletter_access":"","_jetpack_dont_email_post_to_subs":false,"_jetpack_newsletter_tier_id":0,"_jetpack_memberships_contains_paywalled_content":false,"_jetpack_memberships_contains_paid_content":false,"footnotes":"","jetpack_publicize_message":"","jetpack_publicize_feature_enabled":true,"jetpack_social_post_already_shared":true,"jetpack_social_options":{"image_generator_settings":{"template":"highway","default_image_id":0,"font":"","enabled":false},"version":2}},"categories":[115],"tags":[],"class_list":["post-17186","post","type-post","status-publish","format-standard","has-post-thumbnail","hentry","category-colombia"],"yoast_head":"<!-- This site is optimized with the Yoast SEO plugin v27.4 - https:\/\/yoast.com\/product\/yoast-seo-wordpress\/ -->\n<title>COLOMBIA | Cuatro muertos en combates entre facciones FARC - Minuto Cero RD<\/title>\n<meta name=\"robots\" content=\"index, follow, max-snippet:-1, max-image-preview:large, max-video-preview:-1\" \/>\n<link rel=\"canonical\" href=\"http:\/\/minutocerord.com\/?p=17186\" \/>\n<meta property=\"og:locale\" content=\"es_ES\" \/>\n<meta property=\"og:type\" content=\"article\" \/>\n<meta property=\"og:title\" content=\"COLOMBIA | Cuatro muertos en combates entre facciones FARC - Minuto Cero RD\" \/>\n<meta property=\"og:description\" content=\"BOGOTA.-\u00a0Al menos cuatro personas han muerto en combates entre facciones rivales de la guerrilla de las Fuerzas Armadas Revolucionarias de Colombia (FARC) en el departamento de Cauca, en Colombia. La violencia se produjo el viernes en el municipio de Torib\u00edo, cuando presuntos integrantes del Frentes Dagoberto Ramos, del Estado Mayor Central (EMC), y del Frente [&hellip;]\" \/>\n<meta property=\"og:url\" content=\"http:\/\/minutocerord.com\/?p=17186\" \/>\n<meta property=\"og:site_name\" content=\"Minuto Cero RD\" \/>\n<meta property=\"article:publisher\" content=\"https:\/\/www.facebook.com\/Genofnotes\" \/>\n<meta property=\"article:author\" content=\"https:\/\/www.facebook.com\/Genofnotes\" \/>\n<meta property=\"article:published_time\" content=\"2024-05-27T01:17:47+00:00\" \/>\n<meta property=\"article:modified_time\" content=\"2024-05-27T01:17:49+00:00\" \/>\n<meta property=\"og:image\" content=\"https:\/\/i0.wp.com\/minutocerord.com\/wp-content\/uploads\/2024\/05\/abaten-a-5-de-las-farc.jpg?fit=669%2C460\" \/>\n\t<meta property=\"og:image:width\" content=\"669\" \/>\n\t<meta property=\"og:image:height\" content=\"460\" \/>\n\t<meta property=\"og:image:type\" content=\"image\/jpeg\" \/>\n<meta name=\"author\" content=\"Genof\u00f3ntes Urb\u00e1ez\" \/>\n<meta name=\"twitter:card\" content=\"summary_large_image\" \/>\n<meta name=\"twitter:label1\" content=\"Written by\" \/>\n\t<meta name=\"twitter:data1\" content=\"Genof\u00f3ntes Urb\u00e1ez\" \/>\n\t<meta name=\"twitter:label2\" content=\"Est. reading time\" \/>\n\t<meta name=\"twitter:data2\" content=\"2 minutos\" \/>\n<script type=\"application\/ld+json\" class=\"yoast-schema-graph\">{\"@context\":\"https:\\\/\\\/schema.org\",\"@graph\":[{\"@type\":\"Article\",\"@id\":\"http:\\\/\\\/minutocerord.com\\\/?p=17186#article\",\"isPartOf\":{\"@id\":\"http:\\\/\\\/minutocerord.com\\\/?p=17186\"},\"author\":{\"name\":\"Genof\u00f3ntes Urb\u00e1ez\",\"@id\":\"https:\\\/\\\/minutocerord.com\\\/#\\\/schema\\\/person\\\/60b5372d60aaa0a5171fb6488be9aee6\"},\"headline\":\"COLOMBIA | Cuatro muertos en combates entre facciones FARC\",\"datePublished\":\"2024-05-27T01:17:47+00:00\",\"dateModified\":\"2024-05-27T01:17:49+00:00\",\"mainEntityOfPage\":{\"@id\":\"http:\\\/\\\/minutocerord.com\\\/?p=17186\"},\"wordCount\":221,\"commentCount\":0,\"publisher\":{\"@id\":\"https:\\\/\\\/minutocerord.com\\\/#\\\/schema\\\/person\\\/60b5372d60aaa0a5171fb6488be9aee6\"},\"image\":{\"@id\":\"http:\\\/\\\/minutocerord.com\\\/?p=17186#primaryimage\"},\"thumbnailUrl\":\"https:\\\/\\\/i0.wp.com\\\/minutocerord.com\\\/wp-content\\\/uploads\\\/2024\\\/05\\\/abaten-a-5-de-las-farc.jpg?fit=669%2C460&ssl=1\",\"articleSection\":[\"Colombia\"],\"inLanguage\":\"es-DO\",\"potentialAction\":[{\"@type\":\"CommentAction\",\"name\":\"Comment\",\"target\":[\"http:\\\/\\\/minutocerord.com\\\/?p=17186#respond\"]}]},{\"@type\":\"WebPage\",\"@id\":\"http:\\\/\\\/minutocerord.com\\\/?p=17186\",\"url\":\"http:\\\/\\\/minutocerord.com\\\/?p=17186\",\"name\":\"COLOMBIA | Cuatro muertos en combates entre facciones FARC - Minuto Cero RD\",\"isPartOf\":{\"@id\":\"https:\\\/\\\/minutocerord.com\\\/#website\"},\"primaryImageOfPage\":{\"@id\":\"http:\\\/\\\/minutocerord.com\\\/?p=17186#primaryimage\"},\"image\":{\"@id\":\"http:\\\/\\\/minutocerord.com\\\/?p=17186#primaryimage\"},\"thumbnailUrl\":\"https:\\\/\\\/i0.wp.com\\\/minutocerord.com\\\/wp-content\\\/uploads\\\/2024\\\/05\\\/abaten-a-5-de-las-farc.jpg?fit=669%2C460&ssl=1\",\"datePublished\":\"2024-05-27T01:17:47+00:00\",\"dateModified\":\"2024-05-27T01:17:49+00:00\",\"breadcrumb\":{\"@id\":\"http:\\\/\\\/minutocerord.com\\\/?p=17186#breadcrumb\"},\"inLanguage\":\"es-DO\",\"potentialAction\":[{\"@type\":\"ReadAction\",\"target\":[\"http:\\\/\\\/minutocerord.com\\\/?p=17186\"]}]},{\"@type\":\"ImageObject\",\"inLanguage\":\"es-DO\",\"@id\":\"http:\\\/\\\/minutocerord.com\\\/?p=17186#primaryimage\",\"url\":\"https:\\\/\\\/i0.wp.com\\\/minutocerord.com\\\/wp-content\\\/uploads\\\/2024\\\/05\\\/abaten-a-5-de-las-farc.jpg?fit=669%2C460&ssl=1\",\"contentUrl\":\"https:\\\/\\\/i0.wp.com\\\/minutocerord.com\\\/wp-content\\\/uploads\\\/2024\\\/05\\\/abaten-a-5-de-las-farc.jpg?fit=669%2C460&ssl=1\",\"width\":669,\"height\":460},{\"@type\":\"BreadcrumbList\",\"@id\":\"http:\\\/\\\/minutocerord.com\\\/?p=17186#breadcrumb\",\"itemListElement\":[{\"@type\":\"ListItem\",\"position\":1,\"name\":\"Home\",\"item\":\"https:\\\/\\\/minutocerord.com\\\/\"},{\"@type\":\"ListItem\",\"position\":2,\"name\":\"COLOMBIA | Cuatro muertos en combates entre facciones FARC\"}]},{\"@type\":\"WebSite\",\"@id\":\"https:\\\/\\\/minutocerord.com\\\/#website\",\"url\":\"https:\\\/\\\/minutocerord.com\\\/\",\"name\":\"Minuto Cero RD\",\"description\":\"Periodismo serio y veraz\",\"publisher\":{\"@id\":\"https:\\\/\\\/minutocerord.com\\\/#\\\/schema\\\/person\\\/60b5372d60aaa0a5171fb6488be9aee6\"},\"potentialAction\":[{\"@type\":\"SearchAction\",\"target\":{\"@type\":\"EntryPoint\",\"urlTemplate\":\"https:\\\/\\\/minutocerord.com\\\/?s={search_term_string}\"},\"query-input\":{\"@type\":\"PropertyValueSpecification\",\"valueRequired\":true,\"valueName\":\"search_term_string\"}}],\"inLanguage\":\"es-DO\"},{\"@type\":[\"Person\",\"Organization\"],\"@id\":\"https:\\\/\\\/minutocerord.com\\\/#\\\/schema\\\/person\\\/60b5372d60aaa0a5171fb6488be9aee6\",\"name\":\"Genof\u00f3ntes Urb\u00e1ez\",\"image\":{\"@type\":\"ImageObject\",\"inLanguage\":\"es-DO\",\"@id\":\"https:\\\/\\\/secure.gravatar.com\\\/avatar\\\/a49ef3186a692098ac3e8a1612261e3ad70cf9e44553dff2929e67939a0ecb9d?s=96&d=identicon&r=g\",\"url\":\"https:\\\/\\\/secure.gravatar.com\\\/avatar\\\/a49ef3186a692098ac3e8a1612261e3ad70cf9e44553dff2929e67939a0ecb9d?s=96&d=identicon&r=g\",\"contentUrl\":\"https:\\\/\\\/secure.gravatar.com\\\/avatar\\\/a49ef3186a692098ac3e8a1612261e3ad70cf9e44553dff2929e67939a0ecb9d?s=96&d=identicon&r=g\",\"caption\":\"Genof\u00f3ntes Urb\u00e1ez\"},\"logo\":{\"@id\":\"https:\\\/\\\/secure.gravatar.com\\\/avatar\\\/a49ef3186a692098ac3e8a1612261e3ad70cf9e44553dff2929e67939a0ecb9d?s=96&d=identicon&r=g\"},\"description\":\"Periodista \\\/ Locutor\",\"sameAs\":[\"https:\\\/\\\/www.facebook.com\\\/Genofnotes\",\"https:\\\/\\\/www.instagram.com\\\/genofnotes\\\/\"]}]}<\/script>\n<!-- \/ Yoast SEO plugin. -->","yoast_head_json":{"title":"COLOMBIA | Cuatro muertos en combates entre facciones FARC - Minuto Cero RD","robots":{"index":"index","follow":"follow","max-snippet":"max-snippet:-1","max-image-preview":"max-image-preview:large","max-video-preview":"max-video-preview:-1"},"canonical":"http:\/\/minutocerord.com\/?p=17186","og_locale":"es_ES","og_type":"article","og_title":"COLOMBIA | Cuatro muertos en combates entre facciones FARC - Minuto Cero RD","og_description":"BOGOTA.-\u00a0Al menos cuatro personas han muerto en combates entre facciones rivales de la guerrilla de las Fuerzas Armadas Revolucionarias de Colombia (FARC) en el departamento de Cauca, en Colombia. La violencia se produjo el viernes en el municipio de Torib\u00edo, cuando presuntos integrantes del Frentes Dagoberto Ramos, del Estado Mayor Central (EMC), y del Frente [&hellip;]","og_url":"http:\/\/minutocerord.com\/?p=17186","og_site_name":"Minuto Cero RD","article_publisher":"https:\/\/www.facebook.com\/Genofnotes","article_author":"https:\/\/www.facebook.com\/Genofnotes","article_published_time":"2024-05-27T01:17:47+00:00","article_modified_time":"2024-05-27T01:17:49+00:00","og_image":[{"width":669,"height":460,"url":"https:\/\/i0.wp.com\/minutocerord.com\/wp-content\/uploads\/2024\/05\/abaten-a-5-de-las-farc.jpg?fit=669%2C460","type":"image\/jpeg"}],"author":"Genof\u00f3ntes Urb\u00e1ez","twitter_card":"summary_large_image","twitter_misc":{"Written by":"Genof\u00f3ntes Urb\u00e1ez","Est. reading time":"2 minutos"},"schema":{"@context":"https:\/\/schema.org","@graph":[{"@type":"Article","@id":"http:\/\/minutocerord.com\/?p=17186#article","isPartOf":{"@id":"http:\/\/minutocerord.com\/?p=17186"},"author":{"name":"Genof\u00f3ntes Urb\u00e1ez","@id":"https:\/\/minutocerord.com\/#\/schema\/person\/60b5372d60aaa0a5171fb6488be9aee6"},"headline":"COLOMBIA | Cuatro muertos en combates entre facciones FARC","datePublished":"2024-05-27T01:17:47+00:00","dateModified":"2024-05-27T01:17:49+00:00","mainEntityOfPage":{"@id":"http:\/\/minutocerord.com\/?p=17186"},"wordCount":221,"commentCount":0,"publisher":{"@id":"https:\/\/minutocerord.com\/#\/schema\/person\/60b5372d60aaa0a5171fb6488be9aee6"},"image":{"@id":"http:\/\/minutocerord.com\/?p=17186#primaryimage"},"thumbnailUrl":"https:\/\/i0.wp.com\/minutocerord.com\/wp-content\/uploads\/2024\/05\/abaten-a-5-de-las-farc.jpg?fit=669%2C460&ssl=1","articleSection":["Colombia"],"inLanguage":"es-DO","potentialAction":[{"@type":"CommentAction","name":"Comment","target":["http:\/\/minutocerord.com\/?p=17186#respond"]}]},{"@type":"WebPage","@id":"http:\/\/minutocerord.com\/?p=17186","url":"http:\/\/minutocerord.com\/?p=17186","name":"COLOMBIA | Cuatro muertos en combates entre facciones FARC - Minuto Cero RD","isPartOf":{"@id":"https:\/\/minutocerord.com\/#website"},"primaryImageOfPage":{"@id":"http:\/\/minutocerord.com\/?p=17186#primaryimage"},"image":{"@id":"http:\/\/minutocerord.com\/?p=17186#primaryimage"},"thumbnailUrl":"https:\/\/i0.wp.com\/minutocerord.com\/wp-content\/uploads\/2024\/05\/abaten-a-5-de-las-farc.jpg?fit=669%2C460&ssl=1","datePublished":"2024-05-27T01:17:47+00:00","dateModified":"2024-05-27T01:17:49+00:00","breadcrumb":{"@id":"http:\/\/minutocerord.com\/?p=17186#breadcrumb"},"inLanguage":"es-DO","potentialAction":[{"@type":"ReadAction","target":["http:\/\/minutocerord.com\/?p=17186"]}]},{"@type":"ImageObject","inLanguage":"es-DO","@id":"http:\/\/minutocerord.com\/?p=17186#primaryimage","url":"https:\/\/i0.wp.com\/minutocerord.com\/wp-content\/uploads\/2024\/05\/abaten-a-5-de-las-farc.jpg?fit=669%2C460&ssl=1","contentUrl":"https:\/\/i0.wp.com\/minutocerord.com\/wp-content\/uploads\/2024\/05\/abaten-a-5-de-las-farc.jpg?fit=669%2C460&ssl=1","width":669,"height":460},{"@type":"BreadcrumbList","@id":"http:\/\/minutocerord.com\/?p=17186#breadcrumb","itemListElement":[{"@type":"ListItem","position":1,"name":"Home","item":"https:\/\/minutocerord.com\/"},{"@type":"ListItem","position":2,"name":"COLOMBIA | Cuatro muertos en combates entre facciones FARC"}]},{"@type":"WebSite","@id":"https:\/\/minutocerord.com\/#website","url":"https:\/\/minutocerord.com\/","name":"Minuto Cero RD","description":"Periodismo serio y veraz","publisher":{"@id":"https:\/\/minutocerord.com\/#\/schema\/person\/60b5372d60aaa0a5171fb6488be9aee6"},"potentialAction":[{"@type":"SearchAction","target":{"@type":"EntryPoint","urlTemplate":"https:\/\/minutocerord.com\/?s={search_term_string}"},"query-input":{"@type":"PropertyValueSpecification","valueRequired":true,"valueName":"search_term_string"}}],"inLanguage":"es-DO"},{"@type":["Person","Organization"],"@id":"https:\/\/minutocerord.com\/#\/schema\/person\/60b5372d60aaa0a5171fb6488be9aee6","name":"Genof\u00f3ntes Urb\u00e1ez","image":{"@type":"ImageObject","inLanguage":"es-DO","@id":"https:\/\/secure.gravatar.com\/avatar\/a49ef3186a692098ac3e8a1612261e3ad70cf9e44553dff2929e67939a0ecb9d?s=96&d=identicon&r=g","url":"https:\/\/secure.gravatar.com\/avatar\/a49ef3186a692098ac3e8a1612261e3ad70cf9e44553dff2929e67939a0ecb9d?s=96&d=identicon&r=g","contentUrl":"https:\/\/secure.gravatar.com\/avatar\/a49ef3186a692098ac3e8a1612261e3ad70cf9e44553dff2929e67939a0ecb9d?s=96&d=identicon&r=g","caption":"Genof\u00f3ntes Urb\u00e1ez"},"logo":{"@id":"https:\/\/secure.gravatar.com\/avatar\/a49ef3186a692098ac3e8a1612261e3ad70cf9e44553dff2929e67939a0ecb9d?s=96&d=identicon&r=g"},"description":"Periodista \/ Locutor","sameAs":["https:\/\/www.facebook.com\/Genofnotes","https:\/\/www.instagram.com\/genofnotes\/"]}]}},"jetpack_publicize_connections":[],"jetpack_featured_media_url":"https:\/\/i0.wp.com\/minutocerord.com\/wp-content\/uploads\/2024\/05\/abaten-a-5-de-las-farc.jpg?fit=669%2C460&ssl=1","jetpack-related-posts":[],"jetpack_sharing_enabled":true,"_links":{"self":[{"href":"https:\/\/minutocerord.com\/index.php?rest_route=\/wp\/v2\/posts\/17186","targetHints":{"allow":["GET"]}}],"collection":[{"href":"https:\/\/minutocerord.com\/index.php?rest_route=\/wp\/v2\/posts"}],"about":[{"href":"https:\/\/minutocerord.com\/index.php?rest_route=\/wp\/v2\/types\/post"}],"author":[{"embeddable":true,"href":"https:\/\/minutocerord.com\/index.php?rest_route=\/wp\/v2\/users\/1"}],"replies":[{"embeddable":true,"href":"https:\/\/minutocerord.com\/index.php?rest_route=%2Fwp%2Fv2%2Fcomments&post=17186"}],"version-history":[{"count":1,"href":"https:\/\/minutocerord.com\/index.php?rest_route=\/wp\/v2\/posts\/17186\/revisions"}],"predecessor-version":[{"id":17188,"href":"https:\/\/minutocerord.com\/index.php?rest_route=\/wp\/v2\/posts\/17186\/revisions\/17188"}],"wp:featuredmedia":[{"embeddable":true,"href":"https:\/\/minutocerord.com\/index.php?rest_route=\/wp\/v2\/media\/17187"}],"wp:attachment":[{"href":"https:\/\/minutocerord.com\/index.php?rest_route=%2Fwp%2Fv2%2Fmedia&parent=17186"}],"wp:term":[{"taxonomy":"category","embeddable":true,"href":"https:\/\/minutocerord.com\/index.php?rest_route=%2Fwp%2Fv2%2Fcategories&post=17186"},{"taxonomy":"post_tag","embeddable":true,"href":"https:\/\/minutocerord.com\/index.php?rest_route=%2Fwp%2Fv2%2Ftags&post=17186"}],"curies":[{"name":"wp","href":"https:\/\/api.w.org\/{rel}","templated":true}]}}