{"id":17250,"date":"2024-05-29T11:14:02","date_gmt":"2024-05-29T15:14:02","guid":{"rendered":"https:\/\/minutocerord.com\/?p=17250"},"modified":"2024-05-29T11:14:06","modified_gmt":"2024-05-29T15:14:06","slug":"el-clima-vaguada-ocasionara-aguaceros-y-tronadas-en-varias-partes-del-pais","status":"publish","type":"post","link":"https:\/\/minutocerord.com\/?p=17250","title":{"rendered":"EL CLIMA | Vaguada ocasionar\u00e1 aguaceros y tronadas en varias partes del pa\u00eds"},"content":{"rendered":"\n<p class=\"\"><strong>SANTO DOMINGO.- <\/strong>Una vaguada ocasionar\u00e1 aguaceros con tormentas el\u00e9ctricas y r\u00e1fagas de viento, especialmente por la tarde y primeras horas de la noche de este mi\u00e9rcoles en varias zonas de la Rep\u00fablica Dominicana, inform\u00f3 la Oficina Nacional de Meteorolog\u00eda (Onamet).<\/p>\n\n\n\n<p class=\"\">Las zonas m\u00e1s afectadas ser\u00e1n Santiago Rodr\u00edguez, Dajab\u00f3n, Valverde, Monte Cristi, Mar\u00eda Trinidad S\u00e1nchez, Hato Mayor, El Seibo, La Altagracia, Duarte, Espaillat, Puerto Plata, Santiago, La Vega, Monse\u00f1or Nouel y El\u00edas Pi\u00f1a.<\/p>\n\n\n\n<p class=\"\">Ante el riesgo de inundaciones, crecidas de r\u00edos y deslizamientos de tierra, el organismo mantiene en alerta a Mar\u00eda Trinidad S\u00e1nchez, Monse\u00f1or Nouel, El Seibo, Hato Mayor, Espaillat y S\u00e1nchez Ram\u00edrez.<\/p>\n\n\n\n<p class=\"\">Bajo aviso est\u00e1n Santiago, Monte Plata, La Vega y La Altagracia.<\/p>\n\n\n\n<p class=\"\">La Onamet recomend\u00f3 a las personas que residen en esas zonas que presten atenci\u00f3n a los pr\u00f3ximos boletines meteorol\u00f3gicos.<\/p>\n\n\n\n<p class=\"\">Dijo que los aguaceros continuar\u00e1n el jueves desde el mediod\u00eda y hasta entrada la noche.<\/p>\n","protected":false},"excerpt":{"rendered":"<p>SANTO DOMINGO.- Una vaguada ocasionar\u00e1 aguaceros con tormentas el\u00e9ctricas y r\u00e1fagas de viento, especialmente por la tarde y primeras horas de la noche de este mi\u00e9rcoles en varias zonas de la Rep\u00fablica Dominicana, inform\u00f3 la Oficina Nacional de Meteorolog\u00eda (Onamet). Las zonas m\u00e1s afectadas ser\u00e1n Santiago Rodr\u00edguez, Dajab\u00f3n, Valverde, Monte Cristi, Mar\u00eda Trinidad S\u00e1nchez, Hato [&hellip;]<\/p>\n","protected":false},"author":1,"featured_media":17251,"comment_status":"open","ping_status":"open","sticky":false,"template":"","format":"standard","meta":{"nf_dc_page":"","jetpack_post_was_ever_published":false,"_jetpack_newsletter_access":"","_jetpack_dont_email_post_to_subs":false,"_jetpack_newsletter_tier_id":0,"_jetpack_memberships_contains_paywalled_content":false,"_jetpack_memberships_contains_paid_content":false,"footnotes":"","jetpack_publicize_message":"","jetpack_publicize_feature_enabled":true,"jetpack_social_post_already_shared":true,"jetpack_social_options":{"image_generator_settings":{"template":"highway","default_image_id":0,"font":"","enabled":false},"version":2}},"categories":[87],"tags":[],"class_list":["post-17250","post","type-post","status-publish","format-standard","has-post-thumbnail","hentry","category-el-clima"],"yoast_head":"<!-- This site is optimized with the Yoast SEO plugin v27.4 - https:\/\/yoast.com\/product\/yoast-seo-wordpress\/ -->\n<title>EL CLIMA | Vaguada ocasionar\u00e1 aguaceros y tronadas en varias partes del pa\u00eds - Minuto Cero RD<\/title>\n<meta name=\"robots\" content=\"index, follow, max-snippet:-1, max-image-preview:large, max-video-preview:-1\" \/>\n<link rel=\"canonical\" href=\"http:\/\/minutocerord.com\/?p=17250\" \/>\n<meta property=\"og:locale\" content=\"es_ES\" \/>\n<meta property=\"og:type\" content=\"article\" \/>\n<meta property=\"og:title\" content=\"EL CLIMA | Vaguada ocasionar\u00e1 aguaceros y tronadas en varias partes del pa\u00eds - Minuto Cero RD\" \/>\n<meta property=\"og:description\" content=\"SANTO DOMINGO.- Una vaguada ocasionar\u00e1 aguaceros con tormentas el\u00e9ctricas y r\u00e1fagas de viento, especialmente por la tarde y primeras horas de la noche de este mi\u00e9rcoles en varias zonas de la Rep\u00fablica Dominicana, inform\u00f3 la Oficina Nacional de Meteorolog\u00eda (Onamet). Las zonas m\u00e1s afectadas ser\u00e1n Santiago Rodr\u00edguez, Dajab\u00f3n, Valverde, Monte Cristi, Mar\u00eda Trinidad S\u00e1nchez, Hato [&hellip;]\" \/>\n<meta property=\"og:url\" content=\"http:\/\/minutocerord.com\/?p=17250\" \/>\n<meta property=\"og:site_name\" content=\"Minuto Cero RD\" \/>\n<meta property=\"article:publisher\" content=\"https:\/\/www.facebook.com\/Genofnotes\" \/>\n<meta property=\"article:author\" content=\"https:\/\/www.facebook.com\/Genofnotes\" \/>\n<meta property=\"article:published_time\" content=\"2024-05-29T15:14:02+00:00\" \/>\n<meta property=\"article:modified_time\" content=\"2024-05-29T15:14:06+00:00\" \/>\n<meta property=\"og:image\" content=\"https:\/\/i0.wp.com\/minutocerord.com\/wp-content\/uploads\/2024\/05\/ec19f6a4-vag-60f5609d5f9cc.jpg?fit=680%2C452\" \/>\n\t<meta property=\"og:image:width\" content=\"680\" \/>\n\t<meta property=\"og:image:height\" content=\"452\" \/>\n\t<meta property=\"og:image:type\" content=\"image\/jpeg\" \/>\n<meta name=\"author\" content=\"Genof\u00f3ntes Urb\u00e1ez\" \/>\n<meta name=\"twitter:card\" content=\"summary_large_image\" \/>\n<meta name=\"twitter:label1\" content=\"Written by\" \/>\n\t<meta name=\"twitter:data1\" content=\"Genof\u00f3ntes Urb\u00e1ez\" \/>\n\t<meta name=\"twitter:label2\" content=\"Est. reading time\" \/>\n\t<meta name=\"twitter:data2\" content=\"1 minuto\" \/>\n<script type=\"application\/ld+json\" class=\"yoast-schema-graph\">{\"@context\":\"https:\\\/\\\/schema.org\",\"@graph\":[{\"@type\":\"Article\",\"@id\":\"http:\\\/\\\/minutocerord.com\\\/?p=17250#article\",\"isPartOf\":{\"@id\":\"http:\\\/\\\/minutocerord.com\\\/?p=17250\"},\"author\":{\"name\":\"Genof\u00f3ntes Urb\u00e1ez\",\"@id\":\"https:\\\/\\\/minutocerord.com\\\/#\\\/schema\\\/person\\\/60b5372d60aaa0a5171fb6488be9aee6\"},\"headline\":\"EL CLIMA | Vaguada ocasionar\u00e1 aguaceros y tronadas en varias partes del pa\u00eds\",\"datePublished\":\"2024-05-29T15:14:02+00:00\",\"dateModified\":\"2024-05-29T15:14:06+00:00\",\"mainEntityOfPage\":{\"@id\":\"http:\\\/\\\/minutocerord.com\\\/?p=17250\"},\"wordCount\":188,\"commentCount\":0,\"publisher\":{\"@id\":\"https:\\\/\\\/minutocerord.com\\\/#\\\/schema\\\/person\\\/60b5372d60aaa0a5171fb6488be9aee6\"},\"image\":{\"@id\":\"http:\\\/\\\/minutocerord.com\\\/?p=17250#primaryimage\"},\"thumbnailUrl\":\"https:\\\/\\\/i0.wp.com\\\/minutocerord.com\\\/wp-content\\\/uploads\\\/2024\\\/05\\\/ec19f6a4-vag-60f5609d5f9cc.jpg?fit=680%2C452&ssl=1\",\"articleSection\":[\"El clima\"],\"inLanguage\":\"es-DO\",\"potentialAction\":[{\"@type\":\"CommentAction\",\"name\":\"Comment\",\"target\":[\"http:\\\/\\\/minutocerord.com\\\/?p=17250#respond\"]}]},{\"@type\":\"WebPage\",\"@id\":\"http:\\\/\\\/minutocerord.com\\\/?p=17250\",\"url\":\"http:\\\/\\\/minutocerord.com\\\/?p=17250\",\"name\":\"EL CLIMA | Vaguada ocasionar\u00e1 aguaceros y tronadas en varias partes del pa\u00eds - Minuto Cero RD\",\"isPartOf\":{\"@id\":\"https:\\\/\\\/minutocerord.com\\\/#website\"},\"primaryImageOfPage\":{\"@id\":\"http:\\\/\\\/minutocerord.com\\\/?p=17250#primaryimage\"},\"image\":{\"@id\":\"http:\\\/\\\/minutocerord.com\\\/?p=17250#primaryimage\"},\"thumbnailUrl\":\"https:\\\/\\\/i0.wp.com\\\/minutocerord.com\\\/wp-content\\\/uploads\\\/2024\\\/05\\\/ec19f6a4-vag-60f5609d5f9cc.jpg?fit=680%2C452&ssl=1\",\"datePublished\":\"2024-05-29T15:14:02+00:00\",\"dateModified\":\"2024-05-29T15:14:06+00:00\",\"breadcrumb\":{\"@id\":\"http:\\\/\\\/minutocerord.com\\\/?p=17250#breadcrumb\"},\"inLanguage\":\"es-DO\",\"potentialAction\":[{\"@type\":\"ReadAction\",\"target\":[\"http:\\\/\\\/minutocerord.com\\\/?p=17250\"]}]},{\"@type\":\"ImageObject\",\"inLanguage\":\"es-DO\",\"@id\":\"http:\\\/\\\/minutocerord.com\\\/?p=17250#primaryimage\",\"url\":\"https:\\\/\\\/i0.wp.com\\\/minutocerord.com\\\/wp-content\\\/uploads\\\/2024\\\/05\\\/ec19f6a4-vag-60f5609d5f9cc.jpg?fit=680%2C452&ssl=1\",\"contentUrl\":\"https:\\\/\\\/i0.wp.com\\\/minutocerord.com\\\/wp-content\\\/uploads\\\/2024\\\/05\\\/ec19f6a4-vag-60f5609d5f9cc.jpg?fit=680%2C452&ssl=1\",\"width\":680,\"height\":452},{\"@type\":\"BreadcrumbList\",\"@id\":\"http:\\\/\\\/minutocerord.com\\\/?p=17250#breadcrumb\",\"itemListElement\":[{\"@type\":\"ListItem\",\"position\":1,\"name\":\"Home\",\"item\":\"https:\\\/\\\/minutocerord.com\\\/\"},{\"@type\":\"ListItem\",\"position\":2,\"name\":\"EL CLIMA | Vaguada ocasionar\u00e1 aguaceros y tronadas en varias partes del pa\u00eds\"}]},{\"@type\":\"WebSite\",\"@id\":\"https:\\\/\\\/minutocerord.com\\\/#website\",\"url\":\"https:\\\/\\\/minutocerord.com\\\/\",\"name\":\"Minuto Cero RD\",\"description\":\"Periodismo serio y veraz\",\"publisher\":{\"@id\":\"https:\\\/\\\/minutocerord.com\\\/#\\\/schema\\\/person\\\/60b5372d60aaa0a5171fb6488be9aee6\"},\"potentialAction\":[{\"@type\":\"SearchAction\",\"target\":{\"@type\":\"EntryPoint\",\"urlTemplate\":\"https:\\\/\\\/minutocerord.com\\\/?s={search_term_string}\"},\"query-input\":{\"@type\":\"PropertyValueSpecification\",\"valueRequired\":true,\"valueName\":\"search_term_string\"}}],\"inLanguage\":\"es-DO\"},{\"@type\":[\"Person\",\"Organization\"],\"@id\":\"https:\\\/\\\/minutocerord.com\\\/#\\\/schema\\\/person\\\/60b5372d60aaa0a5171fb6488be9aee6\",\"name\":\"Genof\u00f3ntes Urb\u00e1ez\",\"image\":{\"@type\":\"ImageObject\",\"inLanguage\":\"es-DO\",\"@id\":\"https:\\\/\\\/secure.gravatar.com\\\/avatar\\\/a49ef3186a692098ac3e8a1612261e3ad70cf9e44553dff2929e67939a0ecb9d?s=96&d=identicon&r=g\",\"url\":\"https:\\\/\\\/secure.gravatar.com\\\/avatar\\\/a49ef3186a692098ac3e8a1612261e3ad70cf9e44553dff2929e67939a0ecb9d?s=96&d=identicon&r=g\",\"contentUrl\":\"https:\\\/\\\/secure.gravatar.com\\\/avatar\\\/a49ef3186a692098ac3e8a1612261e3ad70cf9e44553dff2929e67939a0ecb9d?s=96&d=identicon&r=g\",\"caption\":\"Genof\u00f3ntes Urb\u00e1ez\"},\"logo\":{\"@id\":\"https:\\\/\\\/secure.gravatar.com\\\/avatar\\\/a49ef3186a692098ac3e8a1612261e3ad70cf9e44553dff2929e67939a0ecb9d?s=96&d=identicon&r=g\"},\"description\":\"Periodista \\\/ Locutor\",\"sameAs\":[\"https:\\\/\\\/www.facebook.com\\\/Genofnotes\",\"https:\\\/\\\/www.instagram.com\\\/genofnotes\\\/\"]}]}<\/script>\n<!-- \/ Yoast SEO plugin. -->","yoast_head_json":{"title":"EL CLIMA | Vaguada ocasionar\u00e1 aguaceros y tronadas en varias partes del pa\u00eds - Minuto Cero RD","robots":{"index":"index","follow":"follow","max-snippet":"max-snippet:-1","max-image-preview":"max-image-preview:large","max-video-preview":"max-video-preview:-1"},"canonical":"http:\/\/minutocerord.com\/?p=17250","og_locale":"es_ES","og_type":"article","og_title":"EL CLIMA | Vaguada ocasionar\u00e1 aguaceros y tronadas en varias partes del pa\u00eds - Minuto Cero RD","og_description":"SANTO DOMINGO.- Una vaguada ocasionar\u00e1 aguaceros con tormentas el\u00e9ctricas y r\u00e1fagas de viento, especialmente por la tarde y primeras horas de la noche de este mi\u00e9rcoles en varias zonas de la Rep\u00fablica Dominicana, inform\u00f3 la Oficina Nacional de Meteorolog\u00eda (Onamet). Las zonas m\u00e1s afectadas ser\u00e1n Santiago Rodr\u00edguez, Dajab\u00f3n, Valverde, Monte Cristi, Mar\u00eda Trinidad S\u00e1nchez, Hato [&hellip;]","og_url":"http:\/\/minutocerord.com\/?p=17250","og_site_name":"Minuto Cero RD","article_publisher":"https:\/\/www.facebook.com\/Genofnotes","article_author":"https:\/\/www.facebook.com\/Genofnotes","article_published_time":"2024-05-29T15:14:02+00:00","article_modified_time":"2024-05-29T15:14:06+00:00","og_image":[{"width":680,"height":452,"url":"https:\/\/i0.wp.com\/minutocerord.com\/wp-content\/uploads\/2024\/05\/ec19f6a4-vag-60f5609d5f9cc.jpg?fit=680%2C452","type":"image\/jpeg"}],"author":"Genof\u00f3ntes Urb\u00e1ez","twitter_card":"summary_large_image","twitter_misc":{"Written by":"Genof\u00f3ntes Urb\u00e1ez","Est. reading time":"1 minuto"},"schema":{"@context":"https:\/\/schema.org","@graph":[{"@type":"Article","@id":"http:\/\/minutocerord.com\/?p=17250#article","isPartOf":{"@id":"http:\/\/minutocerord.com\/?p=17250"},"author":{"name":"Genof\u00f3ntes Urb\u00e1ez","@id":"https:\/\/minutocerord.com\/#\/schema\/person\/60b5372d60aaa0a5171fb6488be9aee6"},"headline":"EL CLIMA | Vaguada ocasionar\u00e1 aguaceros y tronadas en varias partes del pa\u00eds","datePublished":"2024-05-29T15:14:02+00:00","dateModified":"2024-05-29T15:14:06+00:00","mainEntityOfPage":{"@id":"http:\/\/minutocerord.com\/?p=17250"},"wordCount":188,"commentCount":0,"publisher":{"@id":"https:\/\/minutocerord.com\/#\/schema\/person\/60b5372d60aaa0a5171fb6488be9aee6"},"image":{"@id":"http:\/\/minutocerord.com\/?p=17250#primaryimage"},"thumbnailUrl":"https:\/\/i0.wp.com\/minutocerord.com\/wp-content\/uploads\/2024\/05\/ec19f6a4-vag-60f5609d5f9cc.jpg?fit=680%2C452&ssl=1","articleSection":["El clima"],"inLanguage":"es-DO","potentialAction":[{"@type":"CommentAction","name":"Comment","target":["http:\/\/minutocerord.com\/?p=17250#respond"]}]},{"@type":"WebPage","@id":"http:\/\/minutocerord.com\/?p=17250","url":"http:\/\/minutocerord.com\/?p=17250","name":"EL CLIMA | Vaguada ocasionar\u00e1 aguaceros y tronadas en varias partes del pa\u00eds - Minuto Cero RD","isPartOf":{"@id":"https:\/\/minutocerord.com\/#website"},"primaryImageOfPage":{"@id":"http:\/\/minutocerord.com\/?p=17250#primaryimage"},"image":{"@id":"http:\/\/minutocerord.com\/?p=17250#primaryimage"},"thumbnailUrl":"https:\/\/i0.wp.com\/minutocerord.com\/wp-content\/uploads\/2024\/05\/ec19f6a4-vag-60f5609d5f9cc.jpg?fit=680%2C452&ssl=1","datePublished":"2024-05-29T15:14:02+00:00","dateModified":"2024-05-29T15:14:06+00:00","breadcrumb":{"@id":"http:\/\/minutocerord.com\/?p=17250#breadcrumb"},"inLanguage":"es-DO","potentialAction":[{"@type":"ReadAction","target":["http:\/\/minutocerord.com\/?p=17250"]}]},{"@type":"ImageObject","inLanguage":"es-DO","@id":"http:\/\/minutocerord.com\/?p=17250#primaryimage","url":"https:\/\/i0.wp.com\/minutocerord.com\/wp-content\/uploads\/2024\/05\/ec19f6a4-vag-60f5609d5f9cc.jpg?fit=680%2C452&ssl=1","contentUrl":"https:\/\/i0.wp.com\/minutocerord.com\/wp-content\/uploads\/2024\/05\/ec19f6a4-vag-60f5609d5f9cc.jpg?fit=680%2C452&ssl=1","width":680,"height":452},{"@type":"BreadcrumbList","@id":"http:\/\/minutocerord.com\/?p=17250#breadcrumb","itemListElement":[{"@type":"ListItem","position":1,"name":"Home","item":"https:\/\/minutocerord.com\/"},{"@type":"ListItem","position":2,"name":"EL CLIMA | Vaguada ocasionar\u00e1 aguaceros y tronadas en varias partes del pa\u00eds"}]},{"@type":"WebSite","@id":"https:\/\/minutocerord.com\/#website","url":"https:\/\/minutocerord.com\/","name":"Minuto Cero RD","description":"Periodismo serio y veraz","publisher":{"@id":"https:\/\/minutocerord.com\/#\/schema\/person\/60b5372d60aaa0a5171fb6488be9aee6"},"potentialAction":[{"@type":"SearchAction","target":{"@type":"EntryPoint","urlTemplate":"https:\/\/minutocerord.com\/?s={search_term_string}"},"query-input":{"@type":"PropertyValueSpecification","valueRequired":true,"valueName":"search_term_string"}}],"inLanguage":"es-DO"},{"@type":["Person","Organization"],"@id":"https:\/\/minutocerord.com\/#\/schema\/person\/60b5372d60aaa0a5171fb6488be9aee6","name":"Genof\u00f3ntes Urb\u00e1ez","image":{"@type":"ImageObject","inLanguage":"es-DO","@id":"https:\/\/secure.gravatar.com\/avatar\/a49ef3186a692098ac3e8a1612261e3ad70cf9e44553dff2929e67939a0ecb9d?s=96&d=identicon&r=g","url":"https:\/\/secure.gravatar.com\/avatar\/a49ef3186a692098ac3e8a1612261e3ad70cf9e44553dff2929e67939a0ecb9d?s=96&d=identicon&r=g","contentUrl":"https:\/\/secure.gravatar.com\/avatar\/a49ef3186a692098ac3e8a1612261e3ad70cf9e44553dff2929e67939a0ecb9d?s=96&d=identicon&r=g","caption":"Genof\u00f3ntes Urb\u00e1ez"},"logo":{"@id":"https:\/\/secure.gravatar.com\/avatar\/a49ef3186a692098ac3e8a1612261e3ad70cf9e44553dff2929e67939a0ecb9d?s=96&d=identicon&r=g"},"description":"Periodista \/ Locutor","sameAs":["https:\/\/www.facebook.com\/Genofnotes","https:\/\/www.instagram.com\/genofnotes\/"]}]}},"jetpack_publicize_connections":[],"jetpack_featured_media_url":"https:\/\/i0.wp.com\/minutocerord.com\/wp-content\/uploads\/2024\/05\/ec19f6a4-vag-60f5609d5f9cc.jpg?fit=680%2C452&ssl=1","jetpack-related-posts":[],"jetpack_sharing_enabled":true,"_links":{"self":[{"href":"https:\/\/minutocerord.com\/index.php?rest_route=\/wp\/v2\/posts\/17250","targetHints":{"allow":["GET"]}}],"collection":[{"href":"https:\/\/minutocerord.com\/index.php?rest_route=\/wp\/v2\/posts"}],"about":[{"href":"https:\/\/minutocerord.com\/index.php?rest_route=\/wp\/v2\/types\/post"}],"author":[{"embeddable":true,"href":"https:\/\/minutocerord.com\/index.php?rest_route=\/wp\/v2\/users\/1"}],"replies":[{"embeddable":true,"href":"https:\/\/minutocerord.com\/index.php?rest_route=%2Fwp%2Fv2%2Fcomments&post=17250"}],"version-history":[{"count":1,"href":"https:\/\/minutocerord.com\/index.php?rest_route=\/wp\/v2\/posts\/17250\/revisions"}],"predecessor-version":[{"id":17252,"href":"https:\/\/minutocerord.com\/index.php?rest_route=\/wp\/v2\/posts\/17250\/revisions\/17252"}],"wp:featuredmedia":[{"embeddable":true,"href":"https:\/\/minutocerord.com\/index.php?rest_route=\/wp\/v2\/media\/17251"}],"wp:attachment":[{"href":"https:\/\/minutocerord.com\/index.php?rest_route=%2Fwp%2Fv2%2Fmedia&parent=17250"}],"wp:term":[{"taxonomy":"category","embeddable":true,"href":"https:\/\/minutocerord.com\/index.php?rest_route=%2Fwp%2Fv2%2Fcategories&post=17250"},{"taxonomy":"post_tag","embeddable":true,"href":"https:\/\/minutocerord.com\/index.php?rest_route=%2Fwp%2Fv2%2Ftags&post=17250"}],"curies":[{"name":"wp","href":"https:\/\/api.w.org\/{rel}","templated":true}]}}