{"id":17253,"date":"2024-05-29T11:31:29","date_gmt":"2024-05-29T15:31:29","guid":{"rendered":"https:\/\/minutocerord.com\/?p=17253"},"modified":"2024-05-29T11:31:32","modified_gmt":"2024-05-29T15:31:32","slug":"mirex-canciller-afirma-71-5-estudiantes-en-las-escuelas-es-haitiano","status":"publish","type":"post","link":"https:\/\/minutocerord.com\/?p=17253","title":{"rendered":"MIREX | Canciller afirma 71.5% estudiantes en las escuelas es haitiano"},"content":{"rendered":"\n<p class=\"\"><strong>SANTO DOMINGO.- <\/strong>El canciller dominicano\u00a0<strong>Roberto \u00c1lvarez<\/strong>\u00a0revel\u00f3 que son extranjeros\u00a0<strong>200 mil alumnos de los casi 2 millones<\/strong>\u00a0que cursan b\u00e1sica y secundaria en las escuelas p\u00fablicas, y de esa cantidad 143 mil son de origen haitiano (71.5%).<\/p>\n\n\n\n<p class=\"\">Resalt\u00f3 que cada uno de estos alumnos le sale a la<strong>&nbsp;Rep\u00fablica Dominicana<\/strong>&nbsp;a un costo anual de unos US$2,900, para un total que oscila entre 400 y 500 millones de d\u00f3lares.<\/p>\n\n\n\n<p class=\"\">Aclar\u00f3 que el pa\u00eds no rechaza brindar asistencia humanitaria o servicios a la poblaci\u00f3n haitiana. \u201cPero hay l\u00edmites en esto; por lo tanto, tienen que venir las deportaciones. La ley lo establece, toda persona que se encuentre en un estatus migratorio irregular, no tiene derecho de estar en el pa\u00eds\u201d, advirti\u00f3<\/p>\n\n\n\n<p class=\"\">El ministro que dirige la pol\u00edtica de relaciones internacionales se refiri\u00f3 a la cantidad de mujeres haitianas que se benefician del&nbsp;<strong>sistema de salud dominicano<\/strong>. Manifest\u00f3 que los pa\u00edses de la comunidad internacional que han tenido una responsabilidad en cuanto a la grave crisis actual de Hait\u00ed, empero lo han abandonado.<\/p>\n\n\n\n<p class=\"\">Dijo que Rep\u00fablica Dominicana nunca ha sido responsable de lo que ocurre en la naci\u00f3n del oeste de isla, sin embargo, ha sido ocupada por ella durante 22 a\u00f1os (1822 a 1844). Puntualiz\u00f3 que ni un solo soldado dominicano ha pisado territorio haitiano para invadirlo. Record\u00f3 que la independencia dominicana ha sido respecto de Hait\u00ed. Precis\u00f3 que hasta 1856, en 12 a\u00f1os, el pa\u00eds tuvo cuatro invasiones de ej\u00e9rcitos haitianos tratando de recuperar el territorio oriental de la isla La Espa\u00f1ola.<\/p>\n\n\n\n<p class=\"\">Al reiterar el apoyo dominicano, tild\u00f3 como manipulaci\u00f3n internacional<strong>&nbsp;la acusaci\u00f3n de racista a RD.<\/strong><\/p>\n","protected":false},"excerpt":{"rendered":"<p>SANTO DOMINGO.- El canciller dominicano\u00a0Roberto \u00c1lvarez\u00a0revel\u00f3 que son extranjeros\u00a0200 mil alumnos de los casi 2 millones\u00a0que cursan b\u00e1sica y secundaria en las escuelas p\u00fablicas, y de esa cantidad 143 mil son de origen haitiano (71.5%). Resalt\u00f3 que cada uno de estos alumnos le sale a la&nbsp;Rep\u00fablica Dominicana&nbsp;a un costo anual de unos US$2,900, para un [&hellip;]<\/p>\n","protected":false},"author":1,"featured_media":17254,"comment_status":"open","ping_status":"open","sticky":false,"template":"","format":"standard","meta":{"nf_dc_page":"","jetpack_post_was_ever_published":false,"_jetpack_newsletter_access":"","_jetpack_dont_email_post_to_subs":false,"_jetpack_newsletter_tier_id":0,"_jetpack_memberships_contains_paywalled_content":false,"_jetpack_memberships_contains_paid_content":false,"footnotes":"","jetpack_publicize_message":"","jetpack_publicize_feature_enabled":true,"jetpack_social_post_already_shared":true,"jetpack_social_options":{"image_generator_settings":{"template":"highway","default_image_id":0,"font":"","enabled":false},"version":2}},"categories":[65],"tags":[],"class_list":["post-17253","post","type-post","status-publish","format-standard","has-post-thumbnail","hentry","category-nacionales"],"yoast_head":"<!-- This site is optimized with the Yoast SEO plugin v27.4 - https:\/\/yoast.com\/product\/yoast-seo-wordpress\/ -->\n<title>MIREX | Canciller afirma 71.5% estudiantes en las escuelas es haitiano - Minuto Cero RD<\/title>\n<meta name=\"robots\" content=\"index, follow, max-snippet:-1, max-image-preview:large, max-video-preview:-1\" \/>\n<link rel=\"canonical\" href=\"http:\/\/minutocerord.com\/?p=17253\" \/>\n<meta property=\"og:locale\" content=\"es_ES\" \/>\n<meta property=\"og:type\" content=\"article\" \/>\n<meta property=\"og:title\" content=\"MIREX | Canciller afirma 71.5% estudiantes en las escuelas es haitiano - Minuto Cero RD\" \/>\n<meta property=\"og:description\" content=\"SANTO DOMINGO.- El canciller dominicano\u00a0Roberto \u00c1lvarez\u00a0revel\u00f3 que son extranjeros\u00a0200 mil alumnos de los casi 2 millones\u00a0que cursan b\u00e1sica y secundaria en las escuelas p\u00fablicas, y de esa cantidad 143 mil son de origen haitiano (71.5%). Resalt\u00f3 que cada uno de estos alumnos le sale a la&nbsp;Rep\u00fablica Dominicana&nbsp;a un costo anual de unos US$2,900, para un [&hellip;]\" \/>\n<meta property=\"og:url\" content=\"http:\/\/minutocerord.com\/?p=17253\" \/>\n<meta property=\"og:site_name\" content=\"Minuto Cero RD\" \/>\n<meta property=\"article:publisher\" content=\"https:\/\/www.facebook.com\/Genofnotes\" \/>\n<meta property=\"article:author\" content=\"https:\/\/www.facebook.com\/Genofnotes\" \/>\n<meta property=\"article:published_time\" content=\"2024-05-29T15:31:29+00:00\" \/>\n<meta property=\"article:modified_time\" content=\"2024-05-29T15:31:32+00:00\" \/>\n<meta property=\"og:image\" content=\"https:\/\/i0.wp.com\/minutocerord.com\/wp-content\/uploads\/2024\/05\/5_El-Pais_29_1p01.jpg?fit=815%2C586\" \/>\n\t<meta property=\"og:image:width\" content=\"815\" \/>\n\t<meta property=\"og:image:height\" content=\"586\" \/>\n\t<meta property=\"og:image:type\" content=\"image\/jpeg\" \/>\n<meta name=\"author\" content=\"Genof\u00f3ntes Urb\u00e1ez\" \/>\n<meta name=\"twitter:card\" content=\"summary_large_image\" \/>\n<meta name=\"twitter:label1\" content=\"Written by\" \/>\n\t<meta name=\"twitter:data1\" content=\"Genof\u00f3ntes Urb\u00e1ez\" \/>\n\t<meta name=\"twitter:label2\" content=\"Est. reading time\" \/>\n\t<meta name=\"twitter:data2\" content=\"2 minutos\" \/>\n<script type=\"application\/ld+json\" class=\"yoast-schema-graph\">{\"@context\":\"https:\\\/\\\/schema.org\",\"@graph\":[{\"@type\":\"Article\",\"@id\":\"http:\\\/\\\/minutocerord.com\\\/?p=17253#article\",\"isPartOf\":{\"@id\":\"http:\\\/\\\/minutocerord.com\\\/?p=17253\"},\"author\":{\"name\":\"Genof\u00f3ntes Urb\u00e1ez\",\"@id\":\"https:\\\/\\\/minutocerord.com\\\/#\\\/schema\\\/person\\\/60b5372d60aaa0a5171fb6488be9aee6\"},\"headline\":\"MIREX | Canciller afirma 71.5% estudiantes en las escuelas es haitiano\",\"datePublished\":\"2024-05-29T15:31:29+00:00\",\"dateModified\":\"2024-05-29T15:31:32+00:00\",\"mainEntityOfPage\":{\"@id\":\"http:\\\/\\\/minutocerord.com\\\/?p=17253\"},\"wordCount\":291,\"commentCount\":0,\"publisher\":{\"@id\":\"https:\\\/\\\/minutocerord.com\\\/#\\\/schema\\\/person\\\/60b5372d60aaa0a5171fb6488be9aee6\"},\"image\":{\"@id\":\"http:\\\/\\\/minutocerord.com\\\/?p=17253#primaryimage\"},\"thumbnailUrl\":\"https:\\\/\\\/i0.wp.com\\\/minutocerord.com\\\/wp-content\\\/uploads\\\/2024\\\/05\\\/5_El-Pais_29_1p01.jpg?fit=815%2C586&ssl=1\",\"articleSection\":[\"Nacionales\"],\"inLanguage\":\"es-DO\",\"potentialAction\":[{\"@type\":\"CommentAction\",\"name\":\"Comment\",\"target\":[\"http:\\\/\\\/minutocerord.com\\\/?p=17253#respond\"]}]},{\"@type\":\"WebPage\",\"@id\":\"http:\\\/\\\/minutocerord.com\\\/?p=17253\",\"url\":\"http:\\\/\\\/minutocerord.com\\\/?p=17253\",\"name\":\"MIREX | Canciller afirma 71.5% estudiantes en las escuelas es haitiano - Minuto Cero RD\",\"isPartOf\":{\"@id\":\"https:\\\/\\\/minutocerord.com\\\/#website\"},\"primaryImageOfPage\":{\"@id\":\"http:\\\/\\\/minutocerord.com\\\/?p=17253#primaryimage\"},\"image\":{\"@id\":\"http:\\\/\\\/minutocerord.com\\\/?p=17253#primaryimage\"},\"thumbnailUrl\":\"https:\\\/\\\/i0.wp.com\\\/minutocerord.com\\\/wp-content\\\/uploads\\\/2024\\\/05\\\/5_El-Pais_29_1p01.jpg?fit=815%2C586&ssl=1\",\"datePublished\":\"2024-05-29T15:31:29+00:00\",\"dateModified\":\"2024-05-29T15:31:32+00:00\",\"breadcrumb\":{\"@id\":\"http:\\\/\\\/minutocerord.com\\\/?p=17253#breadcrumb\"},\"inLanguage\":\"es-DO\",\"potentialAction\":[{\"@type\":\"ReadAction\",\"target\":[\"http:\\\/\\\/minutocerord.com\\\/?p=17253\"]}]},{\"@type\":\"ImageObject\",\"inLanguage\":\"es-DO\",\"@id\":\"http:\\\/\\\/minutocerord.com\\\/?p=17253#primaryimage\",\"url\":\"https:\\\/\\\/i0.wp.com\\\/minutocerord.com\\\/wp-content\\\/uploads\\\/2024\\\/05\\\/5_El-Pais_29_1p01.jpg?fit=815%2C586&ssl=1\",\"contentUrl\":\"https:\\\/\\\/i0.wp.com\\\/minutocerord.com\\\/wp-content\\\/uploads\\\/2024\\\/05\\\/5_El-Pais_29_1p01.jpg?fit=815%2C586&ssl=1\",\"width\":815,\"height\":586},{\"@type\":\"BreadcrumbList\",\"@id\":\"http:\\\/\\\/minutocerord.com\\\/?p=17253#breadcrumb\",\"itemListElement\":[{\"@type\":\"ListItem\",\"position\":1,\"name\":\"Home\",\"item\":\"https:\\\/\\\/minutocerord.com\\\/\"},{\"@type\":\"ListItem\",\"position\":2,\"name\":\"MIREX | Canciller afirma 71.5% estudiantes en las escuelas es haitiano\"}]},{\"@type\":\"WebSite\",\"@id\":\"https:\\\/\\\/minutocerord.com\\\/#website\",\"url\":\"https:\\\/\\\/minutocerord.com\\\/\",\"name\":\"Minuto Cero RD\",\"description\":\"Periodismo serio y veraz\",\"publisher\":{\"@id\":\"https:\\\/\\\/minutocerord.com\\\/#\\\/schema\\\/person\\\/60b5372d60aaa0a5171fb6488be9aee6\"},\"potentialAction\":[{\"@type\":\"SearchAction\",\"target\":{\"@type\":\"EntryPoint\",\"urlTemplate\":\"https:\\\/\\\/minutocerord.com\\\/?s={search_term_string}\"},\"query-input\":{\"@type\":\"PropertyValueSpecification\",\"valueRequired\":true,\"valueName\":\"search_term_string\"}}],\"inLanguage\":\"es-DO\"},{\"@type\":[\"Person\",\"Organization\"],\"@id\":\"https:\\\/\\\/minutocerord.com\\\/#\\\/schema\\\/person\\\/60b5372d60aaa0a5171fb6488be9aee6\",\"name\":\"Genof\u00f3ntes Urb\u00e1ez\",\"image\":{\"@type\":\"ImageObject\",\"inLanguage\":\"es-DO\",\"@id\":\"https:\\\/\\\/secure.gravatar.com\\\/avatar\\\/a49ef3186a692098ac3e8a1612261e3ad70cf9e44553dff2929e67939a0ecb9d?s=96&d=identicon&r=g\",\"url\":\"https:\\\/\\\/secure.gravatar.com\\\/avatar\\\/a49ef3186a692098ac3e8a1612261e3ad70cf9e44553dff2929e67939a0ecb9d?s=96&d=identicon&r=g\",\"contentUrl\":\"https:\\\/\\\/secure.gravatar.com\\\/avatar\\\/a49ef3186a692098ac3e8a1612261e3ad70cf9e44553dff2929e67939a0ecb9d?s=96&d=identicon&r=g\",\"caption\":\"Genof\u00f3ntes Urb\u00e1ez\"},\"logo\":{\"@id\":\"https:\\\/\\\/secure.gravatar.com\\\/avatar\\\/a49ef3186a692098ac3e8a1612261e3ad70cf9e44553dff2929e67939a0ecb9d?s=96&d=identicon&r=g\"},\"description\":\"Periodista \\\/ Locutor\",\"sameAs\":[\"https:\\\/\\\/www.facebook.com\\\/Genofnotes\",\"https:\\\/\\\/www.instagram.com\\\/genofnotes\\\/\"]}]}<\/script>\n<!-- \/ Yoast SEO plugin. -->","yoast_head_json":{"title":"MIREX | Canciller afirma 71.5% estudiantes en las escuelas es haitiano - Minuto Cero RD","robots":{"index":"index","follow":"follow","max-snippet":"max-snippet:-1","max-image-preview":"max-image-preview:large","max-video-preview":"max-video-preview:-1"},"canonical":"http:\/\/minutocerord.com\/?p=17253","og_locale":"es_ES","og_type":"article","og_title":"MIREX | Canciller afirma 71.5% estudiantes en las escuelas es haitiano - Minuto Cero RD","og_description":"SANTO DOMINGO.- El canciller dominicano\u00a0Roberto \u00c1lvarez\u00a0revel\u00f3 que son extranjeros\u00a0200 mil alumnos de los casi 2 millones\u00a0que cursan b\u00e1sica y secundaria en las escuelas p\u00fablicas, y de esa cantidad 143 mil son de origen haitiano (71.5%). Resalt\u00f3 que cada uno de estos alumnos le sale a la&nbsp;Rep\u00fablica Dominicana&nbsp;a un costo anual de unos US$2,900, para un [&hellip;]","og_url":"http:\/\/minutocerord.com\/?p=17253","og_site_name":"Minuto Cero RD","article_publisher":"https:\/\/www.facebook.com\/Genofnotes","article_author":"https:\/\/www.facebook.com\/Genofnotes","article_published_time":"2024-05-29T15:31:29+00:00","article_modified_time":"2024-05-29T15:31:32+00:00","og_image":[{"width":815,"height":586,"url":"https:\/\/i0.wp.com\/minutocerord.com\/wp-content\/uploads\/2024\/05\/5_El-Pais_29_1p01.jpg?fit=815%2C586","type":"image\/jpeg"}],"author":"Genof\u00f3ntes Urb\u00e1ez","twitter_card":"summary_large_image","twitter_misc":{"Written by":"Genof\u00f3ntes Urb\u00e1ez","Est. reading time":"2 minutos"},"schema":{"@context":"https:\/\/schema.org","@graph":[{"@type":"Article","@id":"http:\/\/minutocerord.com\/?p=17253#article","isPartOf":{"@id":"http:\/\/minutocerord.com\/?p=17253"},"author":{"name":"Genof\u00f3ntes Urb\u00e1ez","@id":"https:\/\/minutocerord.com\/#\/schema\/person\/60b5372d60aaa0a5171fb6488be9aee6"},"headline":"MIREX | Canciller afirma 71.5% estudiantes en las escuelas es haitiano","datePublished":"2024-05-29T15:31:29+00:00","dateModified":"2024-05-29T15:31:32+00:00","mainEntityOfPage":{"@id":"http:\/\/minutocerord.com\/?p=17253"},"wordCount":291,"commentCount":0,"publisher":{"@id":"https:\/\/minutocerord.com\/#\/schema\/person\/60b5372d60aaa0a5171fb6488be9aee6"},"image":{"@id":"http:\/\/minutocerord.com\/?p=17253#primaryimage"},"thumbnailUrl":"https:\/\/i0.wp.com\/minutocerord.com\/wp-content\/uploads\/2024\/05\/5_El-Pais_29_1p01.jpg?fit=815%2C586&ssl=1","articleSection":["Nacionales"],"inLanguage":"es-DO","potentialAction":[{"@type":"CommentAction","name":"Comment","target":["http:\/\/minutocerord.com\/?p=17253#respond"]}]},{"@type":"WebPage","@id":"http:\/\/minutocerord.com\/?p=17253","url":"http:\/\/minutocerord.com\/?p=17253","name":"MIREX | Canciller afirma 71.5% estudiantes en las escuelas es haitiano - Minuto Cero RD","isPartOf":{"@id":"https:\/\/minutocerord.com\/#website"},"primaryImageOfPage":{"@id":"http:\/\/minutocerord.com\/?p=17253#primaryimage"},"image":{"@id":"http:\/\/minutocerord.com\/?p=17253#primaryimage"},"thumbnailUrl":"https:\/\/i0.wp.com\/minutocerord.com\/wp-content\/uploads\/2024\/05\/5_El-Pais_29_1p01.jpg?fit=815%2C586&ssl=1","datePublished":"2024-05-29T15:31:29+00:00","dateModified":"2024-05-29T15:31:32+00:00","breadcrumb":{"@id":"http:\/\/minutocerord.com\/?p=17253#breadcrumb"},"inLanguage":"es-DO","potentialAction":[{"@type":"ReadAction","target":["http:\/\/minutocerord.com\/?p=17253"]}]},{"@type":"ImageObject","inLanguage":"es-DO","@id":"http:\/\/minutocerord.com\/?p=17253#primaryimage","url":"https:\/\/i0.wp.com\/minutocerord.com\/wp-content\/uploads\/2024\/05\/5_El-Pais_29_1p01.jpg?fit=815%2C586&ssl=1","contentUrl":"https:\/\/i0.wp.com\/minutocerord.com\/wp-content\/uploads\/2024\/05\/5_El-Pais_29_1p01.jpg?fit=815%2C586&ssl=1","width":815,"height":586},{"@type":"BreadcrumbList","@id":"http:\/\/minutocerord.com\/?p=17253#breadcrumb","itemListElement":[{"@type":"ListItem","position":1,"name":"Home","item":"https:\/\/minutocerord.com\/"},{"@type":"ListItem","position":2,"name":"MIREX | Canciller afirma 71.5% estudiantes en las escuelas es haitiano"}]},{"@type":"WebSite","@id":"https:\/\/minutocerord.com\/#website","url":"https:\/\/minutocerord.com\/","name":"Minuto Cero RD","description":"Periodismo serio y veraz","publisher":{"@id":"https:\/\/minutocerord.com\/#\/schema\/person\/60b5372d60aaa0a5171fb6488be9aee6"},"potentialAction":[{"@type":"SearchAction","target":{"@type":"EntryPoint","urlTemplate":"https:\/\/minutocerord.com\/?s={search_term_string}"},"query-input":{"@type":"PropertyValueSpecification","valueRequired":true,"valueName":"search_term_string"}}],"inLanguage":"es-DO"},{"@type":["Person","Organization"],"@id":"https:\/\/minutocerord.com\/#\/schema\/person\/60b5372d60aaa0a5171fb6488be9aee6","name":"Genof\u00f3ntes Urb\u00e1ez","image":{"@type":"ImageObject","inLanguage":"es-DO","@id":"https:\/\/secure.gravatar.com\/avatar\/a49ef3186a692098ac3e8a1612261e3ad70cf9e44553dff2929e67939a0ecb9d?s=96&d=identicon&r=g","url":"https:\/\/secure.gravatar.com\/avatar\/a49ef3186a692098ac3e8a1612261e3ad70cf9e44553dff2929e67939a0ecb9d?s=96&d=identicon&r=g","contentUrl":"https:\/\/secure.gravatar.com\/avatar\/a49ef3186a692098ac3e8a1612261e3ad70cf9e44553dff2929e67939a0ecb9d?s=96&d=identicon&r=g","caption":"Genof\u00f3ntes Urb\u00e1ez"},"logo":{"@id":"https:\/\/secure.gravatar.com\/avatar\/a49ef3186a692098ac3e8a1612261e3ad70cf9e44553dff2929e67939a0ecb9d?s=96&d=identicon&r=g"},"description":"Periodista \/ Locutor","sameAs":["https:\/\/www.facebook.com\/Genofnotes","https:\/\/www.instagram.com\/genofnotes\/"]}]}},"jetpack_publicize_connections":[],"jetpack_featured_media_url":"https:\/\/i0.wp.com\/minutocerord.com\/wp-content\/uploads\/2024\/05\/5_El-Pais_29_1p01.jpg?fit=815%2C586&ssl=1","jetpack-related-posts":[],"jetpack_sharing_enabled":true,"_links":{"self":[{"href":"https:\/\/minutocerord.com\/index.php?rest_route=\/wp\/v2\/posts\/17253","targetHints":{"allow":["GET"]}}],"collection":[{"href":"https:\/\/minutocerord.com\/index.php?rest_route=\/wp\/v2\/posts"}],"about":[{"href":"https:\/\/minutocerord.com\/index.php?rest_route=\/wp\/v2\/types\/post"}],"author":[{"embeddable":true,"href":"https:\/\/minutocerord.com\/index.php?rest_route=\/wp\/v2\/users\/1"}],"replies":[{"embeddable":true,"href":"https:\/\/minutocerord.com\/index.php?rest_route=%2Fwp%2Fv2%2Fcomments&post=17253"}],"version-history":[{"count":1,"href":"https:\/\/minutocerord.com\/index.php?rest_route=\/wp\/v2\/posts\/17253\/revisions"}],"predecessor-version":[{"id":17255,"href":"https:\/\/minutocerord.com\/index.php?rest_route=\/wp\/v2\/posts\/17253\/revisions\/17255"}],"wp:featuredmedia":[{"embeddable":true,"href":"https:\/\/minutocerord.com\/index.php?rest_route=\/wp\/v2\/media\/17254"}],"wp:attachment":[{"href":"https:\/\/minutocerord.com\/index.php?rest_route=%2Fwp%2Fv2%2Fmedia&parent=17253"}],"wp:term":[{"taxonomy":"category","embeddable":true,"href":"https:\/\/minutocerord.com\/index.php?rest_route=%2Fwp%2Fv2%2Fcategories&post=17253"},{"taxonomy":"post_tag","embeddable":true,"href":"https:\/\/minutocerord.com\/index.php?rest_route=%2Fwp%2Fv2%2Ftags&post=17253"}],"curies":[{"name":"wp","href":"https:\/\/api.w.org\/{rel}","templated":true}]}}