{"id":17330,"date":"2024-06-03T12:20:51","date_gmt":"2024-06-03T16:20:51","guid":{"rendered":"https:\/\/minutocerord.com\/?p=17330"},"modified":"2024-06-03T12:21:18","modified_gmt":"2024-06-03T16:21:18","slug":"mexico-claudia-sheinbaum-primera-mujer-presidente-en-la-historia-de-mexico","status":"publish","type":"post","link":"https:\/\/minutocerord.com\/?p=17330","title":{"rendered":"M\u00c9XICO | Claudia Sheinbaum primera mujer presidente en la historia de M\u00e9xico"},"content":{"rendered":"\n<p class=\"\"><strong>M\u00e9xico.- <\/strong>El poder en M\u00e9xico ya tiene cara de mujer: Claudia Sheinbaum fue elegida Presidente tras vencer a los candidatos X\u00f3chitl G\u00e1lvez Ru\u00edz y \u00c1lvarez M\u00e1ynez. Ser\u00e1 la primera mujer de la historia de M\u00e9xico que ocupe el Palacio Nacional, y el pr\u00f3ximo 1 de octubre suceder\u00e1 a Andr\u00e9s Manuel L\u00f3pez Obrador (AMLO). Aunque todav\u00eda no es oficial, la candidata de Morena fue consagrada luego de que su rival inmediata le concediera el triunfo. Minutos antes, hab\u00eda sido proclamada como presidenta virtual por el Conteo R\u00e1pido oficial.<\/p>\n","protected":false},"excerpt":{"rendered":"<p>M\u00e9xico.- El poder en M\u00e9xico ya tiene cara de mujer: Claudia Sheinbaum fue elegida Presidente tras vencer a los candidatos X\u00f3chitl G\u00e1lvez Ru\u00edz y \u00c1lvarez M\u00e1ynez. Ser\u00e1 la primera mujer de la historia de M\u00e9xico que ocupe el Palacio Nacional, y el pr\u00f3ximo 1 de octubre suceder\u00e1 a Andr\u00e9s Manuel L\u00f3pez Obrador (AMLO). Aunque todav\u00eda [&hellip;]<\/p>\n","protected":false},"author":1,"featured_media":17332,"comment_status":"open","ping_status":"open","sticky":false,"template":"","format":"standard","meta":{"nf_dc_page":"","jetpack_post_was_ever_published":false,"_jetpack_newsletter_access":"","_jetpack_dont_email_post_to_subs":false,"_jetpack_newsletter_tier_id":0,"_jetpack_memberships_contains_paywalled_content":false,"_jetpack_memberships_contains_paid_content":false,"footnotes":"","jetpack_publicize_message":"","jetpack_publicize_feature_enabled":true,"jetpack_social_post_already_shared":true,"jetpack_social_options":{"image_generator_settings":{"template":"highway","default_image_id":0,"font":"","enabled":false},"version":2}},"categories":[76],"tags":[],"class_list":["post-17330","post","type-post","status-publish","format-standard","has-post-thumbnail","hentry","category-politica-internacionales"],"yoast_head":"<!-- This site is optimized with the Yoast SEO plugin v27.4 - https:\/\/yoast.com\/product\/yoast-seo-wordpress\/ -->\n<title>M\u00c9XICO | Claudia Sheinbaum primera mujer presidente en la historia de M\u00e9xico - Minuto Cero RD<\/title>\n<meta name=\"robots\" content=\"index, follow, max-snippet:-1, max-image-preview:large, max-video-preview:-1\" \/>\n<link rel=\"canonical\" href=\"https:\/\/minutocerord.com\/?p=17330\" \/>\n<meta property=\"og:locale\" content=\"es_ES\" \/>\n<meta property=\"og:type\" content=\"article\" \/>\n<meta property=\"og:title\" content=\"M\u00c9XICO | Claudia Sheinbaum primera mujer presidente en la historia de M\u00e9xico - Minuto Cero RD\" \/>\n<meta property=\"og:description\" content=\"M\u00e9xico.- El poder en M\u00e9xico ya tiene cara de mujer: Claudia Sheinbaum fue elegida Presidente tras vencer a los candidatos X\u00f3chitl G\u00e1lvez Ru\u00edz y \u00c1lvarez M\u00e1ynez. Ser\u00e1 la primera mujer de la historia de M\u00e9xico que ocupe el Palacio Nacional, y el pr\u00f3ximo 1 de octubre suceder\u00e1 a Andr\u00e9s Manuel L\u00f3pez Obrador (AMLO). Aunque todav\u00eda [&hellip;]\" \/>\n<meta property=\"og:url\" content=\"https:\/\/minutocerord.com\/?p=17330\" \/>\n<meta property=\"og:site_name\" content=\"Minuto Cero RD\" \/>\n<meta property=\"article:publisher\" content=\"https:\/\/www.facebook.com\/Genofnotes\" \/>\n<meta property=\"article:author\" content=\"https:\/\/www.facebook.com\/Genofnotes\" \/>\n<meta property=\"article:published_time\" content=\"2024-06-03T16:20:51+00:00\" \/>\n<meta property=\"article:modified_time\" content=\"2024-06-03T16:21:18+00:00\" \/>\n<meta property=\"og:image\" content=\"https:\/\/i0.wp.com\/minutocerord.com\/wp-content\/uploads\/2024\/06\/Captura-de-pantalla-2024-06-03-110907-1.jpg?fit=848%2C719&ssl=1\" \/>\n\t<meta property=\"og:image:width\" content=\"848\" \/>\n\t<meta property=\"og:image:height\" content=\"719\" \/>\n\t<meta property=\"og:image:type\" content=\"image\/jpeg\" \/>\n<meta name=\"author\" content=\"Genof\u00f3ntes Urb\u00e1ez\" \/>\n<meta name=\"twitter:card\" content=\"summary_large_image\" \/>\n<meta name=\"twitter:label1\" content=\"Written by\" \/>\n\t<meta name=\"twitter:data1\" content=\"Genof\u00f3ntes Urb\u00e1ez\" \/>\n\t<meta name=\"twitter:label2\" content=\"Est. reading time\" \/>\n\t<meta name=\"twitter:data2\" content=\"1 minuto\" \/>\n<script type=\"application\/ld+json\" class=\"yoast-schema-graph\">{\"@context\":\"https:\\\/\\\/schema.org\",\"@graph\":[{\"@type\":\"Article\",\"@id\":\"https:\\\/\\\/minutocerord.com\\\/?p=17330#article\",\"isPartOf\":{\"@id\":\"https:\\\/\\\/minutocerord.com\\\/?p=17330\"},\"author\":{\"name\":\"Genof\u00f3ntes Urb\u00e1ez\",\"@id\":\"https:\\\/\\\/minutocerord.com\\\/#\\\/schema\\\/person\\\/60b5372d60aaa0a5171fb6488be9aee6\"},\"headline\":\"M\u00c9XICO | Claudia Sheinbaum primera mujer presidente en la historia de M\u00e9xico\",\"datePublished\":\"2024-06-03T16:20:51+00:00\",\"dateModified\":\"2024-06-03T16:21:18+00:00\",\"mainEntityOfPage\":{\"@id\":\"https:\\\/\\\/minutocerord.com\\\/?p=17330\"},\"wordCount\":113,\"commentCount\":0,\"publisher\":{\"@id\":\"https:\\\/\\\/minutocerord.com\\\/#\\\/schema\\\/person\\\/60b5372d60aaa0a5171fb6488be9aee6\"},\"image\":{\"@id\":\"https:\\\/\\\/minutocerord.com\\\/?p=17330#primaryimage\"},\"thumbnailUrl\":\"https:\\\/\\\/i0.wp.com\\\/minutocerord.com\\\/wp-content\\\/uploads\\\/2024\\\/06\\\/Captura-de-pantalla-2024-06-03-110907-1.jpg?fit=848%2C719&ssl=1\",\"articleSection\":[\"Pol\u00edtica\"],\"inLanguage\":\"es-DO\",\"potentialAction\":[{\"@type\":\"CommentAction\",\"name\":\"Comment\",\"target\":[\"https:\\\/\\\/minutocerord.com\\\/?p=17330#respond\"]}]},{\"@type\":\"WebPage\",\"@id\":\"https:\\\/\\\/minutocerord.com\\\/?p=17330\",\"url\":\"https:\\\/\\\/minutocerord.com\\\/?p=17330\",\"name\":\"M\u00c9XICO | Claudia Sheinbaum primera mujer presidente en la historia de M\u00e9xico - Minuto Cero RD\",\"isPartOf\":{\"@id\":\"https:\\\/\\\/minutocerord.com\\\/#website\"},\"primaryImageOfPage\":{\"@id\":\"https:\\\/\\\/minutocerord.com\\\/?p=17330#primaryimage\"},\"image\":{\"@id\":\"https:\\\/\\\/minutocerord.com\\\/?p=17330#primaryimage\"},\"thumbnailUrl\":\"https:\\\/\\\/i0.wp.com\\\/minutocerord.com\\\/wp-content\\\/uploads\\\/2024\\\/06\\\/Captura-de-pantalla-2024-06-03-110907-1.jpg?fit=848%2C719&ssl=1\",\"datePublished\":\"2024-06-03T16:20:51+00:00\",\"dateModified\":\"2024-06-03T16:21:18+00:00\",\"breadcrumb\":{\"@id\":\"https:\\\/\\\/minutocerord.com\\\/?p=17330#breadcrumb\"},\"inLanguage\":\"es-DO\",\"potentialAction\":[{\"@type\":\"ReadAction\",\"target\":[\"https:\\\/\\\/minutocerord.com\\\/?p=17330\"]}]},{\"@type\":\"ImageObject\",\"inLanguage\":\"es-DO\",\"@id\":\"https:\\\/\\\/minutocerord.com\\\/?p=17330#primaryimage\",\"url\":\"https:\\\/\\\/i0.wp.com\\\/minutocerord.com\\\/wp-content\\\/uploads\\\/2024\\\/06\\\/Captura-de-pantalla-2024-06-03-110907-1.jpg?fit=848%2C719&ssl=1\",\"contentUrl\":\"https:\\\/\\\/i0.wp.com\\\/minutocerord.com\\\/wp-content\\\/uploads\\\/2024\\\/06\\\/Captura-de-pantalla-2024-06-03-110907-1.jpg?fit=848%2C719&ssl=1\",\"width\":848,\"height\":719},{\"@type\":\"BreadcrumbList\",\"@id\":\"https:\\\/\\\/minutocerord.com\\\/?p=17330#breadcrumb\",\"itemListElement\":[{\"@type\":\"ListItem\",\"position\":1,\"name\":\"Home\",\"item\":\"https:\\\/\\\/minutocerord.com\\\/\"},{\"@type\":\"ListItem\",\"position\":2,\"name\":\"M\u00c9XICO | Claudia Sheinbaum primera mujer presidente en la historia de M\u00e9xico\"}]},{\"@type\":\"WebSite\",\"@id\":\"https:\\\/\\\/minutocerord.com\\\/#website\",\"url\":\"https:\\\/\\\/minutocerord.com\\\/\",\"name\":\"Minuto Cero RD\",\"description\":\"Periodismo serio y veraz\",\"publisher\":{\"@id\":\"https:\\\/\\\/minutocerord.com\\\/#\\\/schema\\\/person\\\/60b5372d60aaa0a5171fb6488be9aee6\"},\"potentialAction\":[{\"@type\":\"SearchAction\",\"target\":{\"@type\":\"EntryPoint\",\"urlTemplate\":\"https:\\\/\\\/minutocerord.com\\\/?s={search_term_string}\"},\"query-input\":{\"@type\":\"PropertyValueSpecification\",\"valueRequired\":true,\"valueName\":\"search_term_string\"}}],\"inLanguage\":\"es-DO\"},{\"@type\":[\"Person\",\"Organization\"],\"@id\":\"https:\\\/\\\/minutocerord.com\\\/#\\\/schema\\\/person\\\/60b5372d60aaa0a5171fb6488be9aee6\",\"name\":\"Genof\u00f3ntes Urb\u00e1ez\",\"image\":{\"@type\":\"ImageObject\",\"inLanguage\":\"es-DO\",\"@id\":\"https:\\\/\\\/secure.gravatar.com\\\/avatar\\\/a49ef3186a692098ac3e8a1612261e3ad70cf9e44553dff2929e67939a0ecb9d?s=96&d=identicon&r=g\",\"url\":\"https:\\\/\\\/secure.gravatar.com\\\/avatar\\\/a49ef3186a692098ac3e8a1612261e3ad70cf9e44553dff2929e67939a0ecb9d?s=96&d=identicon&r=g\",\"contentUrl\":\"https:\\\/\\\/secure.gravatar.com\\\/avatar\\\/a49ef3186a692098ac3e8a1612261e3ad70cf9e44553dff2929e67939a0ecb9d?s=96&d=identicon&r=g\",\"caption\":\"Genof\u00f3ntes Urb\u00e1ez\"},\"logo\":{\"@id\":\"https:\\\/\\\/secure.gravatar.com\\\/avatar\\\/a49ef3186a692098ac3e8a1612261e3ad70cf9e44553dff2929e67939a0ecb9d?s=96&d=identicon&r=g\"},\"description\":\"Periodista \\\/ Locutor\",\"sameAs\":[\"https:\\\/\\\/www.facebook.com\\\/Genofnotes\",\"https:\\\/\\\/www.instagram.com\\\/genofnotes\\\/\"]}]}<\/script>\n<!-- \/ Yoast SEO plugin. -->","yoast_head_json":{"title":"M\u00c9XICO | Claudia Sheinbaum primera mujer presidente en la historia de M\u00e9xico - Minuto Cero RD","robots":{"index":"index","follow":"follow","max-snippet":"max-snippet:-1","max-image-preview":"max-image-preview:large","max-video-preview":"max-video-preview:-1"},"canonical":"https:\/\/minutocerord.com\/?p=17330","og_locale":"es_ES","og_type":"article","og_title":"M\u00c9XICO | Claudia Sheinbaum primera mujer presidente en la historia de M\u00e9xico - Minuto Cero RD","og_description":"M\u00e9xico.- El poder en M\u00e9xico ya tiene cara de mujer: Claudia Sheinbaum fue elegida Presidente tras vencer a los candidatos X\u00f3chitl G\u00e1lvez Ru\u00edz y \u00c1lvarez M\u00e1ynez. Ser\u00e1 la primera mujer de la historia de M\u00e9xico que ocupe el Palacio Nacional, y el pr\u00f3ximo 1 de octubre suceder\u00e1 a Andr\u00e9s Manuel L\u00f3pez Obrador (AMLO). Aunque todav\u00eda [&hellip;]","og_url":"https:\/\/minutocerord.com\/?p=17330","og_site_name":"Minuto Cero RD","article_publisher":"https:\/\/www.facebook.com\/Genofnotes","article_author":"https:\/\/www.facebook.com\/Genofnotes","article_published_time":"2024-06-03T16:20:51+00:00","article_modified_time":"2024-06-03T16:21:18+00:00","og_image":[{"width":848,"height":719,"url":"https:\/\/i0.wp.com\/minutocerord.com\/wp-content\/uploads\/2024\/06\/Captura-de-pantalla-2024-06-03-110907-1.jpg?fit=848%2C719&ssl=1","type":"image\/jpeg"}],"author":"Genof\u00f3ntes Urb\u00e1ez","twitter_card":"summary_large_image","twitter_misc":{"Written by":"Genof\u00f3ntes Urb\u00e1ez","Est. reading time":"1 minuto"},"schema":{"@context":"https:\/\/schema.org","@graph":[{"@type":"Article","@id":"https:\/\/minutocerord.com\/?p=17330#article","isPartOf":{"@id":"https:\/\/minutocerord.com\/?p=17330"},"author":{"name":"Genof\u00f3ntes Urb\u00e1ez","@id":"https:\/\/minutocerord.com\/#\/schema\/person\/60b5372d60aaa0a5171fb6488be9aee6"},"headline":"M\u00c9XICO | Claudia Sheinbaum primera mujer presidente en la historia de M\u00e9xico","datePublished":"2024-06-03T16:20:51+00:00","dateModified":"2024-06-03T16:21:18+00:00","mainEntityOfPage":{"@id":"https:\/\/minutocerord.com\/?p=17330"},"wordCount":113,"commentCount":0,"publisher":{"@id":"https:\/\/minutocerord.com\/#\/schema\/person\/60b5372d60aaa0a5171fb6488be9aee6"},"image":{"@id":"https:\/\/minutocerord.com\/?p=17330#primaryimage"},"thumbnailUrl":"https:\/\/i0.wp.com\/minutocerord.com\/wp-content\/uploads\/2024\/06\/Captura-de-pantalla-2024-06-03-110907-1.jpg?fit=848%2C719&ssl=1","articleSection":["Pol\u00edtica"],"inLanguage":"es-DO","potentialAction":[{"@type":"CommentAction","name":"Comment","target":["https:\/\/minutocerord.com\/?p=17330#respond"]}]},{"@type":"WebPage","@id":"https:\/\/minutocerord.com\/?p=17330","url":"https:\/\/minutocerord.com\/?p=17330","name":"M\u00c9XICO | Claudia Sheinbaum primera mujer presidente en la historia de M\u00e9xico - Minuto Cero RD","isPartOf":{"@id":"https:\/\/minutocerord.com\/#website"},"primaryImageOfPage":{"@id":"https:\/\/minutocerord.com\/?p=17330#primaryimage"},"image":{"@id":"https:\/\/minutocerord.com\/?p=17330#primaryimage"},"thumbnailUrl":"https:\/\/i0.wp.com\/minutocerord.com\/wp-content\/uploads\/2024\/06\/Captura-de-pantalla-2024-06-03-110907-1.jpg?fit=848%2C719&ssl=1","datePublished":"2024-06-03T16:20:51+00:00","dateModified":"2024-06-03T16:21:18+00:00","breadcrumb":{"@id":"https:\/\/minutocerord.com\/?p=17330#breadcrumb"},"inLanguage":"es-DO","potentialAction":[{"@type":"ReadAction","target":["https:\/\/minutocerord.com\/?p=17330"]}]},{"@type":"ImageObject","inLanguage":"es-DO","@id":"https:\/\/minutocerord.com\/?p=17330#primaryimage","url":"https:\/\/i0.wp.com\/minutocerord.com\/wp-content\/uploads\/2024\/06\/Captura-de-pantalla-2024-06-03-110907-1.jpg?fit=848%2C719&ssl=1","contentUrl":"https:\/\/i0.wp.com\/minutocerord.com\/wp-content\/uploads\/2024\/06\/Captura-de-pantalla-2024-06-03-110907-1.jpg?fit=848%2C719&ssl=1","width":848,"height":719},{"@type":"BreadcrumbList","@id":"https:\/\/minutocerord.com\/?p=17330#breadcrumb","itemListElement":[{"@type":"ListItem","position":1,"name":"Home","item":"https:\/\/minutocerord.com\/"},{"@type":"ListItem","position":2,"name":"M\u00c9XICO | Claudia Sheinbaum primera mujer presidente en la historia de M\u00e9xico"}]},{"@type":"WebSite","@id":"https:\/\/minutocerord.com\/#website","url":"https:\/\/minutocerord.com\/","name":"Minuto Cero RD","description":"Periodismo serio y veraz","publisher":{"@id":"https:\/\/minutocerord.com\/#\/schema\/person\/60b5372d60aaa0a5171fb6488be9aee6"},"potentialAction":[{"@type":"SearchAction","target":{"@type":"EntryPoint","urlTemplate":"https:\/\/minutocerord.com\/?s={search_term_string}"},"query-input":{"@type":"PropertyValueSpecification","valueRequired":true,"valueName":"search_term_string"}}],"inLanguage":"es-DO"},{"@type":["Person","Organization"],"@id":"https:\/\/minutocerord.com\/#\/schema\/person\/60b5372d60aaa0a5171fb6488be9aee6","name":"Genof\u00f3ntes Urb\u00e1ez","image":{"@type":"ImageObject","inLanguage":"es-DO","@id":"https:\/\/secure.gravatar.com\/avatar\/a49ef3186a692098ac3e8a1612261e3ad70cf9e44553dff2929e67939a0ecb9d?s=96&d=identicon&r=g","url":"https:\/\/secure.gravatar.com\/avatar\/a49ef3186a692098ac3e8a1612261e3ad70cf9e44553dff2929e67939a0ecb9d?s=96&d=identicon&r=g","contentUrl":"https:\/\/secure.gravatar.com\/avatar\/a49ef3186a692098ac3e8a1612261e3ad70cf9e44553dff2929e67939a0ecb9d?s=96&d=identicon&r=g","caption":"Genof\u00f3ntes Urb\u00e1ez"},"logo":{"@id":"https:\/\/secure.gravatar.com\/avatar\/a49ef3186a692098ac3e8a1612261e3ad70cf9e44553dff2929e67939a0ecb9d?s=96&d=identicon&r=g"},"description":"Periodista \/ Locutor","sameAs":["https:\/\/www.facebook.com\/Genofnotes","https:\/\/www.instagram.com\/genofnotes\/"]}]}},"jetpack_publicize_connections":[],"jetpack_featured_media_url":"https:\/\/i0.wp.com\/minutocerord.com\/wp-content\/uploads\/2024\/06\/Captura-de-pantalla-2024-06-03-110907-1.jpg?fit=848%2C719&ssl=1","jetpack-related-posts":[],"jetpack_sharing_enabled":true,"_links":{"self":[{"href":"https:\/\/minutocerord.com\/index.php?rest_route=\/wp\/v2\/posts\/17330","targetHints":{"allow":["GET"]}}],"collection":[{"href":"https:\/\/minutocerord.com\/index.php?rest_route=\/wp\/v2\/posts"}],"about":[{"href":"https:\/\/minutocerord.com\/index.php?rest_route=\/wp\/v2\/types\/post"}],"author":[{"embeddable":true,"href":"https:\/\/minutocerord.com\/index.php?rest_route=\/wp\/v2\/users\/1"}],"replies":[{"embeddable":true,"href":"https:\/\/minutocerord.com\/index.php?rest_route=%2Fwp%2Fv2%2Fcomments&post=17330"}],"version-history":[{"count":1,"href":"https:\/\/minutocerord.com\/index.php?rest_route=\/wp\/v2\/posts\/17330\/revisions"}],"predecessor-version":[{"id":17333,"href":"https:\/\/minutocerord.com\/index.php?rest_route=\/wp\/v2\/posts\/17330\/revisions\/17333"}],"wp:featuredmedia":[{"embeddable":true,"href":"https:\/\/minutocerord.com\/index.php?rest_route=\/wp\/v2\/media\/17332"}],"wp:attachment":[{"href":"https:\/\/minutocerord.com\/index.php?rest_route=%2Fwp%2Fv2%2Fmedia&parent=17330"}],"wp:term":[{"taxonomy":"category","embeddable":true,"href":"https:\/\/minutocerord.com\/index.php?rest_route=%2Fwp%2Fv2%2Fcategories&post=17330"},{"taxonomy":"post_tag","embeddable":true,"href":"https:\/\/minutocerord.com\/index.php?rest_route=%2Fwp%2Fv2%2Ftags&post=17330"}],"curies":[{"name":"wp","href":"https:\/\/api.w.org\/{rel}","templated":true}]}}