{"id":17349,"date":"2024-06-03T18:22:00","date_gmt":"2024-06-03T22:22:00","guid":{"rendered":"https:\/\/minutocerord.com\/?p=17349"},"modified":"2024-06-03T18:22:04","modified_gmt":"2024-06-03T22:22:04","slug":"el-clima-nhc-alerta-sobre-riesgo-de-grandes-acumulaciones-de-lluvia-de-martes-a-viernes-en-el-pais","status":"publish","type":"post","link":"https:\/\/minutocerord.com\/?p=17349","title":{"rendered":"EL CLIMA | NHC alerta sobre riesgo de grandes acumulaciones de lluvia de martes a viernes en el pa\u00eds"},"content":{"rendered":"\n<p class=\"\"><strong><em>La entidad norteamericana indic\u00f3 que esta vaguada mantendr\u00e1 un flujo divergente en toda el \u00e1rea hasta el viernes<\/em><\/strong><\/p>\n\n\n\n<p class=\"\">El\u00a0Centro Nacional de Huracanes\u00a0(NHC, por sus siglas en ingl\u00e9s), de Miami, Florida, inform\u00f3 que se registran\u00a0<strong>fuertes lluvias<\/strong>\u00a0en Rep\u00fablica Dominicana, Jamaica y el este de Cuba debido a una vaguada persistente en niveles superiores sobre el Caribe occidental.<\/p>\n\n\n\n<p class=\"\">La entidad norteamericana indic\u00f3 que esta vaguada mantendr\u00e1 un flujo divergente en toda el \u00e1rea hasta el viernes, siendo el mayor riesgo de grande\u00a0acumulaciones de lluvia\u00a0de martes a viernes.<\/p>\n\n\n\n<p class=\"\">\u201cEsta voluntad apoya la\u00a0generaci\u00f3n de fuertes tormentas\u00a0capaces de producir rel\u00e1mpagos peligrosos, fuertes lluvias y r\u00e1fagas de viento a trav\u00e9s de la semana\u201d, se\u00f1al\u00f3 el NHC.<\/p>\n\n\n\n<p class=\"\">Asimismo, seg\u00fan el pron\u00f3stico mediante sus im\u00e1genes satelitales y\u00a0observaciones meteorol\u00f3gicas\u00a0y de radares, indicaron que es posible que se produzcan\u00a0inundaciones\u00a0en Rep\u00fablica Dominicana, donde el suelo permanece saturado debido a los fuertes eventos recientes de lluvia.<\/p>\n\n\n\n<p class=\"\">\u201cUna vaguada en la superficie cerca del Paso de Barlovento est\u00e1 desencadenando ampliamente aguaceros dispersos y\u00a0tormentas el\u00e9ctricas\u00a0aisladas cerca de Jamaica, La Espa\u00f1ola y el Pasaje de la Mona\u201d, dijo el NHC.<\/p>\n\n\n\n<blockquote class=\"wp-block-quote is-layout-flow wp-block-quote-is-layout-flow\">\n<p class=\"\"><a href=\"https:\/\/x.com\/NOAA\/status\/1797601503701823572\"><\/a><\/p>\n<\/blockquote>\n\n\n\n<h3 class=\"wp-block-heading\"><strong>ONDA TROPICAL<\/strong><\/h3>\n\n\n\n<p class=\"\">El\u00a0NHC\u00a0notific\u00f3 de la presencia de una\u00a0onda tropical\u00a0del Caribe oriental, cuya convecci\u00f3n sobre agua sigue siendo m\u00ednima, por muy profunda que se est\u00e9 propagando desde el este al centro de Venezuela.\u00a0<\/p>\n\n\n\n<p class=\"\">Adem\u00e1s, otra en el\u00a0Caribe occidental, casi estacionaria debido a la interacci\u00f3n con un nivel superior, de las que se esperan lluvias y tormentas aisladas cerca de la costa nicarag\u00fcense.<\/p>\n","protected":false},"excerpt":{"rendered":"<p>La entidad norteamericana indic\u00f3 que esta vaguada mantendr\u00e1 un flujo divergente en toda el \u00e1rea hasta el viernes El\u00a0Centro Nacional de Huracanes\u00a0(NHC, por sus siglas en ingl\u00e9s), de Miami, Florida, inform\u00f3 que se registran\u00a0fuertes lluvias\u00a0en Rep\u00fablica Dominicana, Jamaica y el este de Cuba debido a una vaguada persistente en niveles superiores sobre el Caribe occidental. [&hellip;]<\/p>\n","protected":false},"author":1,"featured_media":17350,"comment_status":"open","ping_status":"open","sticky":false,"template":"","format":"standard","meta":{"nf_dc_page":"","jetpack_post_was_ever_published":false,"_jetpack_newsletter_access":"","_jetpack_dont_email_post_to_subs":false,"_jetpack_newsletter_tier_id":0,"_jetpack_memberships_contains_paywalled_content":false,"_jetpack_memberships_contains_paid_content":false,"footnotes":"","jetpack_publicize_message":"","jetpack_publicize_feature_enabled":true,"jetpack_social_post_already_shared":true,"jetpack_social_options":{"image_generator_settings":{"template":"highway","default_image_id":0,"font":"","enabled":false},"version":2}},"categories":[87],"tags":[],"class_list":["post-17349","post","type-post","status-publish","format-standard","has-post-thumbnail","hentry","category-el-clima"],"yoast_head":"<!-- This site is optimized with the Yoast SEO plugin v27.4 - https:\/\/yoast.com\/product\/yoast-seo-wordpress\/ -->\n<title>EL CLIMA | NHC alerta sobre riesgo de grandes acumulaciones de lluvia de martes a viernes en el pa\u00eds - Minuto Cero RD<\/title>\n<meta name=\"robots\" content=\"index, follow, max-snippet:-1, max-image-preview:large, max-video-preview:-1\" \/>\n<link rel=\"canonical\" href=\"http:\/\/minutocerord.com\/?p=17349\" \/>\n<meta property=\"og:locale\" content=\"es_ES\" \/>\n<meta property=\"og:type\" content=\"article\" \/>\n<meta property=\"og:title\" content=\"EL CLIMA | NHC alerta sobre riesgo de grandes acumulaciones de lluvia de martes a viernes en el pa\u00eds - Minuto Cero RD\" \/>\n<meta property=\"og:description\" content=\"La entidad norteamericana indic\u00f3 que esta vaguada mantendr\u00e1 un flujo divergente en toda el \u00e1rea hasta el viernes El\u00a0Centro Nacional de Huracanes\u00a0(NHC, por sus siglas en ingl\u00e9s), de Miami, Florida, inform\u00f3 que se registran\u00a0fuertes lluvias\u00a0en Rep\u00fablica Dominicana, Jamaica y el este de Cuba debido a una vaguada persistente en niveles superiores sobre el Caribe occidental. [&hellip;]\" \/>\n<meta property=\"og:url\" content=\"http:\/\/minutocerord.com\/?p=17349\" \/>\n<meta property=\"og:site_name\" content=\"Minuto Cero RD\" \/>\n<meta property=\"article:publisher\" content=\"https:\/\/www.facebook.com\/Genofnotes\" \/>\n<meta property=\"article:author\" content=\"https:\/\/www.facebook.com\/Genofnotes\" \/>\n<meta property=\"article:published_time\" content=\"2024-06-03T22:22:00+00:00\" \/>\n<meta property=\"article:modified_time\" content=\"2024-06-03T22:22:04+00:00\" \/>\n<meta property=\"og:image\" content=\"https:\/\/i0.wp.com\/minutocerord.com\/wp-content\/uploads\/2024\/06\/665df2840c982.jpg?fit=800%2C600\" \/>\n\t<meta property=\"og:image:width\" content=\"800\" \/>\n\t<meta property=\"og:image:height\" content=\"600\" \/>\n\t<meta property=\"og:image:type\" content=\"image\/jpeg\" \/>\n<meta name=\"author\" content=\"Genof\u00f3ntes Urb\u00e1ez\" \/>\n<meta name=\"twitter:card\" content=\"summary_large_image\" \/>\n<meta name=\"twitter:label1\" content=\"Written by\" \/>\n\t<meta name=\"twitter:data1\" content=\"Genof\u00f3ntes Urb\u00e1ez\" \/>\n\t<meta name=\"twitter:label2\" content=\"Est. reading time\" \/>\n\t<meta name=\"twitter:data2\" content=\"2 minutos\" \/>\n<script type=\"application\/ld+json\" class=\"yoast-schema-graph\">{\"@context\":\"https:\\\/\\\/schema.org\",\"@graph\":[{\"@type\":\"Article\",\"@id\":\"http:\\\/\\\/minutocerord.com\\\/?p=17349#article\",\"isPartOf\":{\"@id\":\"http:\\\/\\\/minutocerord.com\\\/?p=17349\"},\"author\":{\"name\":\"Genof\u00f3ntes Urb\u00e1ez\",\"@id\":\"https:\\\/\\\/minutocerord.com\\\/#\\\/schema\\\/person\\\/60b5372d60aaa0a5171fb6488be9aee6\"},\"headline\":\"EL CLIMA | NHC alerta sobre riesgo de grandes acumulaciones de lluvia de martes a viernes en el pa\u00eds\",\"datePublished\":\"2024-06-03T22:22:00+00:00\",\"dateModified\":\"2024-06-03T22:22:04+00:00\",\"mainEntityOfPage\":{\"@id\":\"http:\\\/\\\/minutocerord.com\\\/?p=17349\"},\"wordCount\":292,\"commentCount\":0,\"publisher\":{\"@id\":\"https:\\\/\\\/minutocerord.com\\\/#\\\/schema\\\/person\\\/60b5372d60aaa0a5171fb6488be9aee6\"},\"image\":{\"@id\":\"http:\\\/\\\/minutocerord.com\\\/?p=17349#primaryimage\"},\"thumbnailUrl\":\"https:\\\/\\\/i0.wp.com\\\/minutocerord.com\\\/wp-content\\\/uploads\\\/2024\\\/06\\\/665df2840c982.jpg?fit=800%2C600&ssl=1\",\"articleSection\":[\"El clima\"],\"inLanguage\":\"es-DO\",\"potentialAction\":[{\"@type\":\"CommentAction\",\"name\":\"Comment\",\"target\":[\"http:\\\/\\\/minutocerord.com\\\/?p=17349#respond\"]}]},{\"@type\":\"WebPage\",\"@id\":\"http:\\\/\\\/minutocerord.com\\\/?p=17349\",\"url\":\"http:\\\/\\\/minutocerord.com\\\/?p=17349\",\"name\":\"EL CLIMA | NHC alerta sobre riesgo de grandes acumulaciones de lluvia de martes a viernes en el pa\u00eds - Minuto Cero RD\",\"isPartOf\":{\"@id\":\"https:\\\/\\\/minutocerord.com\\\/#website\"},\"primaryImageOfPage\":{\"@id\":\"http:\\\/\\\/minutocerord.com\\\/?p=17349#primaryimage\"},\"image\":{\"@id\":\"http:\\\/\\\/minutocerord.com\\\/?p=17349#primaryimage\"},\"thumbnailUrl\":\"https:\\\/\\\/i0.wp.com\\\/minutocerord.com\\\/wp-content\\\/uploads\\\/2024\\\/06\\\/665df2840c982.jpg?fit=800%2C600&ssl=1\",\"datePublished\":\"2024-06-03T22:22:00+00:00\",\"dateModified\":\"2024-06-03T22:22:04+00:00\",\"breadcrumb\":{\"@id\":\"http:\\\/\\\/minutocerord.com\\\/?p=17349#breadcrumb\"},\"inLanguage\":\"es-DO\",\"potentialAction\":[{\"@type\":\"ReadAction\",\"target\":[\"http:\\\/\\\/minutocerord.com\\\/?p=17349\"]}]},{\"@type\":\"ImageObject\",\"inLanguage\":\"es-DO\",\"@id\":\"http:\\\/\\\/minutocerord.com\\\/?p=17349#primaryimage\",\"url\":\"https:\\\/\\\/i0.wp.com\\\/minutocerord.com\\\/wp-content\\\/uploads\\\/2024\\\/06\\\/665df2840c982.jpg?fit=800%2C600&ssl=1\",\"contentUrl\":\"https:\\\/\\\/i0.wp.com\\\/minutocerord.com\\\/wp-content\\\/uploads\\\/2024\\\/06\\\/665df2840c982.jpg?fit=800%2C600&ssl=1\",\"width\":800,\"height\":600},{\"@type\":\"BreadcrumbList\",\"@id\":\"http:\\\/\\\/minutocerord.com\\\/?p=17349#breadcrumb\",\"itemListElement\":[{\"@type\":\"ListItem\",\"position\":1,\"name\":\"Home\",\"item\":\"https:\\\/\\\/minutocerord.com\\\/\"},{\"@type\":\"ListItem\",\"position\":2,\"name\":\"EL CLIMA | NHC alerta sobre riesgo de grandes acumulaciones de lluvia de martes a viernes en el pa\u00eds\"}]},{\"@type\":\"WebSite\",\"@id\":\"https:\\\/\\\/minutocerord.com\\\/#website\",\"url\":\"https:\\\/\\\/minutocerord.com\\\/\",\"name\":\"Minuto Cero RD\",\"description\":\"Periodismo serio y veraz\",\"publisher\":{\"@id\":\"https:\\\/\\\/minutocerord.com\\\/#\\\/schema\\\/person\\\/60b5372d60aaa0a5171fb6488be9aee6\"},\"potentialAction\":[{\"@type\":\"SearchAction\",\"target\":{\"@type\":\"EntryPoint\",\"urlTemplate\":\"https:\\\/\\\/minutocerord.com\\\/?s={search_term_string}\"},\"query-input\":{\"@type\":\"PropertyValueSpecification\",\"valueRequired\":true,\"valueName\":\"search_term_string\"}}],\"inLanguage\":\"es-DO\"},{\"@type\":[\"Person\",\"Organization\"],\"@id\":\"https:\\\/\\\/minutocerord.com\\\/#\\\/schema\\\/person\\\/60b5372d60aaa0a5171fb6488be9aee6\",\"name\":\"Genof\u00f3ntes Urb\u00e1ez\",\"image\":{\"@type\":\"ImageObject\",\"inLanguage\":\"es-DO\",\"@id\":\"https:\\\/\\\/secure.gravatar.com\\\/avatar\\\/a49ef3186a692098ac3e8a1612261e3ad70cf9e44553dff2929e67939a0ecb9d?s=96&d=identicon&r=g\",\"url\":\"https:\\\/\\\/secure.gravatar.com\\\/avatar\\\/a49ef3186a692098ac3e8a1612261e3ad70cf9e44553dff2929e67939a0ecb9d?s=96&d=identicon&r=g\",\"contentUrl\":\"https:\\\/\\\/secure.gravatar.com\\\/avatar\\\/a49ef3186a692098ac3e8a1612261e3ad70cf9e44553dff2929e67939a0ecb9d?s=96&d=identicon&r=g\",\"caption\":\"Genof\u00f3ntes Urb\u00e1ez\"},\"logo\":{\"@id\":\"https:\\\/\\\/secure.gravatar.com\\\/avatar\\\/a49ef3186a692098ac3e8a1612261e3ad70cf9e44553dff2929e67939a0ecb9d?s=96&d=identicon&r=g\"},\"description\":\"Periodista \\\/ Locutor\",\"sameAs\":[\"https:\\\/\\\/www.facebook.com\\\/Genofnotes\",\"https:\\\/\\\/www.instagram.com\\\/genofnotes\\\/\"]}]}<\/script>\n<!-- \/ Yoast SEO plugin. -->","yoast_head_json":{"title":"EL CLIMA | NHC alerta sobre riesgo de grandes acumulaciones de lluvia de martes a viernes en el pa\u00eds - Minuto Cero RD","robots":{"index":"index","follow":"follow","max-snippet":"max-snippet:-1","max-image-preview":"max-image-preview:large","max-video-preview":"max-video-preview:-1"},"canonical":"http:\/\/minutocerord.com\/?p=17349","og_locale":"es_ES","og_type":"article","og_title":"EL CLIMA | NHC alerta sobre riesgo de grandes acumulaciones de lluvia de martes a viernes en el pa\u00eds - Minuto Cero RD","og_description":"La entidad norteamericana indic\u00f3 que esta vaguada mantendr\u00e1 un flujo divergente en toda el \u00e1rea hasta el viernes El\u00a0Centro Nacional de Huracanes\u00a0(NHC, por sus siglas en ingl\u00e9s), de Miami, Florida, inform\u00f3 que se registran\u00a0fuertes lluvias\u00a0en Rep\u00fablica Dominicana, Jamaica y el este de Cuba debido a una vaguada persistente en niveles superiores sobre el Caribe occidental. [&hellip;]","og_url":"http:\/\/minutocerord.com\/?p=17349","og_site_name":"Minuto Cero RD","article_publisher":"https:\/\/www.facebook.com\/Genofnotes","article_author":"https:\/\/www.facebook.com\/Genofnotes","article_published_time":"2024-06-03T22:22:00+00:00","article_modified_time":"2024-06-03T22:22:04+00:00","og_image":[{"width":800,"height":600,"url":"https:\/\/i0.wp.com\/minutocerord.com\/wp-content\/uploads\/2024\/06\/665df2840c982.jpg?fit=800%2C600","type":"image\/jpeg"}],"author":"Genof\u00f3ntes Urb\u00e1ez","twitter_card":"summary_large_image","twitter_misc":{"Written by":"Genof\u00f3ntes Urb\u00e1ez","Est. reading time":"2 minutos"},"schema":{"@context":"https:\/\/schema.org","@graph":[{"@type":"Article","@id":"http:\/\/minutocerord.com\/?p=17349#article","isPartOf":{"@id":"http:\/\/minutocerord.com\/?p=17349"},"author":{"name":"Genof\u00f3ntes Urb\u00e1ez","@id":"https:\/\/minutocerord.com\/#\/schema\/person\/60b5372d60aaa0a5171fb6488be9aee6"},"headline":"EL CLIMA | NHC alerta sobre riesgo de grandes acumulaciones de lluvia de martes a viernes en el pa\u00eds","datePublished":"2024-06-03T22:22:00+00:00","dateModified":"2024-06-03T22:22:04+00:00","mainEntityOfPage":{"@id":"http:\/\/minutocerord.com\/?p=17349"},"wordCount":292,"commentCount":0,"publisher":{"@id":"https:\/\/minutocerord.com\/#\/schema\/person\/60b5372d60aaa0a5171fb6488be9aee6"},"image":{"@id":"http:\/\/minutocerord.com\/?p=17349#primaryimage"},"thumbnailUrl":"https:\/\/i0.wp.com\/minutocerord.com\/wp-content\/uploads\/2024\/06\/665df2840c982.jpg?fit=800%2C600&ssl=1","articleSection":["El clima"],"inLanguage":"es-DO","potentialAction":[{"@type":"CommentAction","name":"Comment","target":["http:\/\/minutocerord.com\/?p=17349#respond"]}]},{"@type":"WebPage","@id":"http:\/\/minutocerord.com\/?p=17349","url":"http:\/\/minutocerord.com\/?p=17349","name":"EL CLIMA | NHC alerta sobre riesgo de grandes acumulaciones de lluvia de martes a viernes en el pa\u00eds - Minuto Cero RD","isPartOf":{"@id":"https:\/\/minutocerord.com\/#website"},"primaryImageOfPage":{"@id":"http:\/\/minutocerord.com\/?p=17349#primaryimage"},"image":{"@id":"http:\/\/minutocerord.com\/?p=17349#primaryimage"},"thumbnailUrl":"https:\/\/i0.wp.com\/minutocerord.com\/wp-content\/uploads\/2024\/06\/665df2840c982.jpg?fit=800%2C600&ssl=1","datePublished":"2024-06-03T22:22:00+00:00","dateModified":"2024-06-03T22:22:04+00:00","breadcrumb":{"@id":"http:\/\/minutocerord.com\/?p=17349#breadcrumb"},"inLanguage":"es-DO","potentialAction":[{"@type":"ReadAction","target":["http:\/\/minutocerord.com\/?p=17349"]}]},{"@type":"ImageObject","inLanguage":"es-DO","@id":"http:\/\/minutocerord.com\/?p=17349#primaryimage","url":"https:\/\/i0.wp.com\/minutocerord.com\/wp-content\/uploads\/2024\/06\/665df2840c982.jpg?fit=800%2C600&ssl=1","contentUrl":"https:\/\/i0.wp.com\/minutocerord.com\/wp-content\/uploads\/2024\/06\/665df2840c982.jpg?fit=800%2C600&ssl=1","width":800,"height":600},{"@type":"BreadcrumbList","@id":"http:\/\/minutocerord.com\/?p=17349#breadcrumb","itemListElement":[{"@type":"ListItem","position":1,"name":"Home","item":"https:\/\/minutocerord.com\/"},{"@type":"ListItem","position":2,"name":"EL CLIMA | NHC alerta sobre riesgo de grandes acumulaciones de lluvia de martes a viernes en el pa\u00eds"}]},{"@type":"WebSite","@id":"https:\/\/minutocerord.com\/#website","url":"https:\/\/minutocerord.com\/","name":"Minuto Cero RD","description":"Periodismo serio y veraz","publisher":{"@id":"https:\/\/minutocerord.com\/#\/schema\/person\/60b5372d60aaa0a5171fb6488be9aee6"},"potentialAction":[{"@type":"SearchAction","target":{"@type":"EntryPoint","urlTemplate":"https:\/\/minutocerord.com\/?s={search_term_string}"},"query-input":{"@type":"PropertyValueSpecification","valueRequired":true,"valueName":"search_term_string"}}],"inLanguage":"es-DO"},{"@type":["Person","Organization"],"@id":"https:\/\/minutocerord.com\/#\/schema\/person\/60b5372d60aaa0a5171fb6488be9aee6","name":"Genof\u00f3ntes Urb\u00e1ez","image":{"@type":"ImageObject","inLanguage":"es-DO","@id":"https:\/\/secure.gravatar.com\/avatar\/a49ef3186a692098ac3e8a1612261e3ad70cf9e44553dff2929e67939a0ecb9d?s=96&d=identicon&r=g","url":"https:\/\/secure.gravatar.com\/avatar\/a49ef3186a692098ac3e8a1612261e3ad70cf9e44553dff2929e67939a0ecb9d?s=96&d=identicon&r=g","contentUrl":"https:\/\/secure.gravatar.com\/avatar\/a49ef3186a692098ac3e8a1612261e3ad70cf9e44553dff2929e67939a0ecb9d?s=96&d=identicon&r=g","caption":"Genof\u00f3ntes Urb\u00e1ez"},"logo":{"@id":"https:\/\/secure.gravatar.com\/avatar\/a49ef3186a692098ac3e8a1612261e3ad70cf9e44553dff2929e67939a0ecb9d?s=96&d=identicon&r=g"},"description":"Periodista \/ Locutor","sameAs":["https:\/\/www.facebook.com\/Genofnotes","https:\/\/www.instagram.com\/genofnotes\/"]}]}},"jetpack_publicize_connections":[],"jetpack_featured_media_url":"https:\/\/i0.wp.com\/minutocerord.com\/wp-content\/uploads\/2024\/06\/665df2840c982.jpg?fit=800%2C600&ssl=1","jetpack-related-posts":[],"jetpack_sharing_enabled":true,"_links":{"self":[{"href":"https:\/\/minutocerord.com\/index.php?rest_route=\/wp\/v2\/posts\/17349","targetHints":{"allow":["GET"]}}],"collection":[{"href":"https:\/\/minutocerord.com\/index.php?rest_route=\/wp\/v2\/posts"}],"about":[{"href":"https:\/\/minutocerord.com\/index.php?rest_route=\/wp\/v2\/types\/post"}],"author":[{"embeddable":true,"href":"https:\/\/minutocerord.com\/index.php?rest_route=\/wp\/v2\/users\/1"}],"replies":[{"embeddable":true,"href":"https:\/\/minutocerord.com\/index.php?rest_route=%2Fwp%2Fv2%2Fcomments&post=17349"}],"version-history":[{"count":1,"href":"https:\/\/minutocerord.com\/index.php?rest_route=\/wp\/v2\/posts\/17349\/revisions"}],"predecessor-version":[{"id":17351,"href":"https:\/\/minutocerord.com\/index.php?rest_route=\/wp\/v2\/posts\/17349\/revisions\/17351"}],"wp:featuredmedia":[{"embeddable":true,"href":"https:\/\/minutocerord.com\/index.php?rest_route=\/wp\/v2\/media\/17350"}],"wp:attachment":[{"href":"https:\/\/minutocerord.com\/index.php?rest_route=%2Fwp%2Fv2%2Fmedia&parent=17349"}],"wp:term":[{"taxonomy":"category","embeddable":true,"href":"https:\/\/minutocerord.com\/index.php?rest_route=%2Fwp%2Fv2%2Fcategories&post=17349"},{"taxonomy":"post_tag","embeddable":true,"href":"https:\/\/minutocerord.com\/index.php?rest_route=%2Fwp%2Fv2%2Ftags&post=17349"}],"curies":[{"name":"wp","href":"https:\/\/api.w.org\/{rel}","templated":true}]}}