{"id":17360,"date":"2024-06-03T18:56:36","date_gmt":"2024-06-03T22:56:36","guid":{"rendered":"https:\/\/minutocerord.com\/?p=17360"},"modified":"2024-06-03T19:04:50","modified_gmt":"2024-06-03T23:04:50","slug":"reforma-fiscal-manzana-de-la-discordia","status":"publish","type":"post","link":"https:\/\/minutocerord.com\/?p=17360","title":{"rendered":"OPINI\u00d3N | Reforma fiscal, manzana de la discordia"},"content":{"rendered":"\n<p class=\"\"><strong>SANTO DOMINGO.-<\/strong> Dec\u00eda Immanuel Kant, fil\u00f3sofo Alem\u00e1n, uno de los m\u00e1s grandes pensadores de todos los tiempos que el ser humano se preocupa de problemas que aunque no puede abandonar tampoco puede resolver completamente (Obra: Cr\u00edtica de la raz\u00f3n pura, 1781).<\/p>\n\n\n<div class=\"wp-block-image\">\n<figure class=\"alignright size-full\"><img data-recalc-dims=\"1\" decoding=\"async\" width=\"400\" height=\"279\" loading=\"lazy\" src=\"https:\/\/i0.wp.com\/minutocerord.com\/wp-content\/uploads\/2024\/06\/Contralor-Felix-Santana-Garcia.-222-e1704702433694.jpg?resize=400%2C279&#038;ssl=1\" alt=\"\" class=\"wp-image-17363\" srcset=\"https:\/\/i0.wp.com\/minutocerord.com\/wp-content\/uploads\/2024\/06\/Contralor-Felix-Santana-Garcia.-222-e1704702433694.jpg?w=400&amp;ssl=1 400w, https:\/\/i0.wp.com\/minutocerord.com\/wp-content\/uploads\/2024\/06\/Contralor-Felix-Santana-Garcia.-222-e1704702433694.jpg?resize=300%2C209&amp;ssl=1 300w\" sizes=\"auto, (max-width: 400px) 100vw, 400px\" \/><figcaption class=\"wp-element-caption\"><strong>El autor es administrador financiero y contralor general de la Rep\u00fablica. Reside en Santo Domingo<\/strong><\/figcaption><\/figure>\n<\/div>\n\n\n<p class=\"\">Afirmaba que el conocimiento es limitado, y ofreci\u00f3 la gu\u00eda \u00e9tica para vivir en un mundo en el que el ser humano no puede comprender en su totalidad.<\/p>\n\n\n\n<p class=\"\">El gran fil\u00f3sofo distingue el conocimiento emp\u00edrico, basado en la experiencia y el conocimiento a priori, independiente de la experiencia. La raz\u00f3n tropieza con limitaciones.<\/p>\n\n\n\n<p class=\"\">Sostiene que la raz\u00f3n se enfrenta a tres preguntas fundamentales: \u00bfQu\u00e9 se debe saber?, \u00bfQue se debe hacer? y que est\u00e1 permitido esperar?<\/p>\n\n\n\n<p class=\"\">Partiendo de las anteriores premisas de Kant, los dominicanos, un pueblo que en los actuales 4 a\u00f1os de gobierno del presidente, Luis Rodolfo Abinader Corona, ha alcanzado relevantes rasgos de avance en casi todos los \u00f3rdenes de la vida cotidiana.<\/p>\n\n\n\n<p class=\"\">Tanto es as\u00ed, que conforme al crecimiento econ\u00f3mico e institucional ya requiere de mayores niveles de ingresos para satisfacer las crecientes necesidades de los dominicanos que a medida que se producen los cambios empujados por las iniciativas e innovaciones del presente gobierno requiere con urgencia de nuevos modelos y nuevas reformas que puedan responder al crecimiento que d\u00eda por d\u00eda se produce en el pa\u00eds.<\/p>\n\n\n\n<p class=\"\">Para ello la naci\u00f3n dominicana ya no puede esperar m\u00e1s en la b\u00fasqueda de respuestas ante mayores exigencias de la poblaci\u00f3n acorde con los cambios que ha propiciado el gobierno moderno, que dirige los destinos del pa\u00eds.<\/p>\n\n\n\n<p class=\"\">Son procesos naturales e inherentes al ser humano que se aceleran cuando un pa\u00eds es gerenciado por un presidente con visi\u00f3n de futuro, que comprende la concepci\u00f3n de un mundo que avanza a nuevos estadios, a pasos agigantados empujado por el desarrollo de la ciencia y la tecnolog\u00eda que hoy vive la humanidad.<\/p>\n\n\n\n<p class=\"\">A medida que los dominicanos maduran y con ellos sus instituciones, en esa medida se exigen nuevos paradigmas que marcan la diferencia con los habitantes del pasado.<\/p>\n\n\n\n<p class=\"\">Los dominicanos y el resto de la humanidad que no logren interpretar oportunamente estos cambios est\u00e1n condenados indefectiblemente a quedarse en el pasado.<\/p>\n\n\n\n<p class=\"\">Los nuevos planes, programas y proyectos que se imponen debido a los cambios que d\u00eda a d\u00eda demandan los dominicanos, requieren de financiamiento o apoyo de recursos financieros que puedan satisfacer las necesidades que van en aumento.<\/p>\n\n\n\n<p class=\"\">Recursos financieros que se hacen escasos o muy exiguos y para ello el Estado reclama de mayores recursos nacionales y extranjeros por el crecimiento moderno e incremento poblacional de toda una naci\u00f3n \u00e1vida que busca con rapidez colocarse acorde con los cambios que se operan en el resto de la humanidad.<\/p>\n\n\n\n<p class=\"\">Producto del requerimiento de m\u00e1s flujos de efectivo necesitado por el Estado para hacer frente a las demandas de los dominicanos, peri\u00f3dicamente se habla llevar a cabo, reformas tributarias o reformas fiscales de forma integral a los fines de ajustar los ingresos a los nuevos gastos operacionales del gobierno, con el prop\u00f3sito de poder dar abasto o paliar las necesidades crecientes de toda una poblaci\u00f3n<\/p>\n\n\n\n<p class=\"\">La reforma fiscal integral que hoy el presente gobierno est\u00e1 compelido a formular y ejecutar, debi\u00f3 llevarse a cabo hace m\u00e1s de cuatro a\u00f1os atr\u00e1s pero las pasadas autoridades le hu\u00edan como el diablo a la cruz por el costo pol\u00edtica que \u00e9sta envuelve.<\/p>\n\n\n\n<p class=\"\">Hoy ya no hay tiempo que perder, la misma debe ser consensuada por todos los sectores econ\u00f3micos que conforman el Producto Interno Bruto (PIB) del pa\u00eds, reforma que implica que se recauden m\u00e1s recursos financieros mediante las distintas modalidades emp\u00edricas de captaci\u00f3n.<\/p>\n\n\n\n<p class=\"\">Estas pueden ser a trav\u00e9s de un aumento en la base impositiva, aplicaci\u00f3n de nuevos impuestos, eliminaci\u00f3n de subsidios e incentivos que por su crecimiento y madurez ya no los requieren, eficiencia administrativa de las recaudaciones, eliminaci\u00f3n de las evasiones y elusiones fiscales.<\/p>\n\n\n\n<p class=\"\">As\u00ed tambi\u00e9n, mediante disminuci\u00f3n o erradicaci\u00f3n de los gastos tributarios, disminuci\u00f3n de gastos superfluos, vanidosos o innecesarios, cuidando siempre de no afectar los gastos sociales imprescindibles, as\u00ed como los gastos de capital propiciadores de nuevas fuentes de empleos.<\/p>\n\n\n\n<p class=\"\">Cada sector econ\u00f3mico clama para que no se le cobre m\u00e1s impuestos, para que no se le carguen por nuevas figuras impositivas. Ante una reforma fiscal que debe ser integral, nadie quiere sacrificarse o dar su brazo a torcer, todos los sectores piden al gobierno mejores condiciones de vida pero sin sacrificios, ante una presi\u00f3n fiscal de apenas un 14% o 14.9% del PIB, por debajo del promedio de la regi\u00f3n que es de 21.5%. As\u00ed no, as\u00ed no se puede.<\/p>\n\n\n\n<p class=\"\">Si bien es cierto que una reforma fiscal integral requiere de altos sacrificios para poder atender las necesidades m\u00e1s apremiantes o acuciantes de la poblaci\u00f3n vulnerable o de a pie, no menos cierto es que los sectores econ\u00f3micos m\u00e1s favorecidos por la obtenci\u00f3n, durante a\u00f1os, de ping\u00fces beneficios alcanzados, debido a las distintas circunstancias econ\u00f3micas que se han presentado en el pa\u00eds.<br>Tales como: incremento de tasas de cambio, altas demandas de bienes y servicios, subsidios el\u00e9ctricos, a las materias primas, combustibles, implementos agr\u00edcolas, y todo mediante el orde\u00f1o de las arcas del Estado para favorecer a la mayor\u00eda de los dominicanos.<\/p>\n\n\n\n<p class=\"\">Evitando con ello, reclamos, pobladas, mediante el financiamiento de la paz, la democracia, el bienestar, la justicia social de todo un pa\u00eds, eso lo ha llevado a cabo, con pocos recursos, el actual gobierno que comenz\u00f3 a dirigir un pa\u00eds casi en quiebra, debido a los problemas sanitarios, alta inflaci\u00f3n global, guerras y crisis econ\u00f3micas end\u00f3genas y ex\u00f3genas.<\/p>\n\n\n\n<p class=\"\">Lo que hoy se impone en la naci\u00f3n dominicana es: la condescendencia, la empat\u00eda, la sensibilidad social, la humildad, la humanidad y el amor al pr\u00f3jimo.<\/p>\n\n\n\n<p class=\"\">Cada sector econ\u00f3mico tendr\u00e1 que deponer su actitud de no ser afectado por la inminente reforma fiscal integral consensuando la misma con el superior gobierno, y como buenos dominicanos evitar que el pa\u00eds se estanque y mejoren las condiciones de vida de los m\u00e1s necesitados.<\/p>\n\n\n\n<p class=\"\">Tal como dice Immanuel Kant, no preocuparse por lo que no se puede resolver, el ser humano tiene limitaciones ante los acuciantes problemas de la humanidad. Nada es perfecto en este mundo o valle de l\u00e1grimas, act\u00faese en consonancia con las decisiones proactivas que han de tomarse de manera oportuna<\/p>\n\n\n\n<p class=\"\">Actuando as\u00ed, es accionar de manera sensata, honorable, humana, solidaria y democr\u00e1tica a favor del bien com\u00fan y no particular, por el bien de un pa\u00eds que se encamina por el sendero del franco crecimiento emergente. Que queden atr\u00e1s las discordias.<\/p>\n\n\n\n<p class=\"\"><strong>Por\u00a0Felix Santana Garcia<\/strong><\/p>\n\n\n\n<p class=\"\">felix.felixsantana.santanagarc@gmail.com<\/p>\n","protected":false},"excerpt":{"rendered":"<p>SANTO DOMINGO.- Dec\u00eda Immanuel Kant, fil\u00f3sofo Alem\u00e1n, uno de los m\u00e1s grandes pensadores de todos los tiempos que el ser humano se preocupa de problemas que aunque no puede abandonar tampoco puede resolver completamente (Obra: Cr\u00edtica de la raz\u00f3n pura, 1781). Afirmaba que el conocimiento es limitado, y ofreci\u00f3 la gu\u00eda \u00e9tica para vivir en [&hellip;]<\/p>\n","protected":false},"author":1,"featured_media":17367,"comment_status":"open","ping_status":"open","sticky":false,"template":"","format":"standard","meta":{"nf_dc_page":"","jetpack_post_was_ever_published":false,"_jetpack_newsletter_access":"","_jetpack_dont_email_post_to_subs":false,"_jetpack_newsletter_tier_id":0,"_jetpack_memberships_contains_paywalled_content":false,"_jetpack_memberships_contains_paid_content":false,"footnotes":"","jetpack_publicize_message":"","jetpack_publicize_feature_enabled":true,"jetpack_social_post_already_shared":true,"jetpack_social_options":{"image_generator_settings":{"template":"highway","default_image_id":0,"font":"","enabled":false},"version":2}},"categories":[69],"tags":[],"class_list":["post-17360","post","type-post","status-publish","format-standard","has-post-thumbnail","hentry","category-opinion"],"yoast_head":"<!-- This site is optimized with the Yoast SEO plugin v27.4 - https:\/\/yoast.com\/product\/yoast-seo-wordpress\/ -->\n<title>OPINI\u00d3N | Reforma fiscal, manzana de la discordia - Minuto Cero RD<\/title>\n<meta name=\"robots\" content=\"index, follow, max-snippet:-1, max-image-preview:large, max-video-preview:-1\" \/>\n<link rel=\"canonical\" href=\"http:\/\/minutocerord.com\/?p=17360\" \/>\n<meta property=\"og:locale\" content=\"es_ES\" \/>\n<meta property=\"og:type\" content=\"article\" \/>\n<meta property=\"og:title\" content=\"OPINI\u00d3N | Reforma fiscal, manzana de la discordia - Minuto Cero RD\" \/>\n<meta property=\"og:description\" content=\"SANTO DOMINGO.- Dec\u00eda Immanuel Kant, fil\u00f3sofo Alem\u00e1n, uno de los m\u00e1s grandes pensadores de todos los tiempos que el ser humano se preocupa de problemas que aunque no puede abandonar tampoco puede resolver completamente (Obra: Cr\u00edtica de la raz\u00f3n pura, 1781). Afirmaba que el conocimiento es limitado, y ofreci\u00f3 la gu\u00eda \u00e9tica para vivir en [&hellip;]\" \/>\n<meta property=\"og:url\" content=\"http:\/\/minutocerord.com\/?p=17360\" \/>\n<meta property=\"og:site_name\" content=\"Minuto Cero RD\" \/>\n<meta property=\"article:publisher\" content=\"https:\/\/www.facebook.com\/Genofnotes\" \/>\n<meta property=\"article:author\" content=\"https:\/\/www.facebook.com\/Genofnotes\" \/>\n<meta property=\"article:published_time\" content=\"2024-06-03T22:56:36+00:00\" \/>\n<meta property=\"article:modified_time\" content=\"2024-06-03T23:04:50+00:00\" \/>\n<meta property=\"og:image\" content=\"https:\/\/i0.wp.com\/minutocerord.com\/wp-content\/uploads\/2024\/06\/Palacio-nacional-Dominicana-1.jpg?fit=800%2C600\" \/>\n\t<meta property=\"og:image:width\" content=\"800\" \/>\n\t<meta property=\"og:image:height\" content=\"600\" \/>\n\t<meta property=\"og:image:type\" content=\"image\/jpeg\" \/>\n<meta name=\"author\" content=\"Genof\u00f3ntes Urb\u00e1ez\" \/>\n<meta name=\"twitter:card\" content=\"summary_large_image\" \/>\n<meta name=\"twitter:label1\" content=\"Written by\" \/>\n\t<meta name=\"twitter:data1\" content=\"Genof\u00f3ntes Urb\u00e1ez\" \/>\n\t<meta name=\"twitter:label2\" content=\"Est. reading time\" \/>\n\t<meta name=\"twitter:data2\" content=\"6 minutos\" \/>\n<script type=\"application\/ld+json\" class=\"yoast-schema-graph\">{\"@context\":\"https:\\\/\\\/schema.org\",\"@graph\":[{\"@type\":\"Article\",\"@id\":\"http:\\\/\\\/minutocerord.com\\\/?p=17360#article\",\"isPartOf\":{\"@id\":\"http:\\\/\\\/minutocerord.com\\\/?p=17360\"},\"author\":{\"name\":\"Genof\u00f3ntes Urb\u00e1ez\",\"@id\":\"https:\\\/\\\/minutocerord.com\\\/#\\\/schema\\\/person\\\/60b5372d60aaa0a5171fb6488be9aee6\"},\"headline\":\"OPINI\u00d3N | Reforma fiscal, manzana de la discordia\",\"datePublished\":\"2024-06-03T22:56:36+00:00\",\"dateModified\":\"2024-06-03T23:04:50+00:00\",\"mainEntityOfPage\":{\"@id\":\"http:\\\/\\\/minutocerord.com\\\/?p=17360\"},\"wordCount\":1200,\"commentCount\":0,\"publisher\":{\"@id\":\"https:\\\/\\\/minutocerord.com\\\/#\\\/schema\\\/person\\\/60b5372d60aaa0a5171fb6488be9aee6\"},\"image\":{\"@id\":\"http:\\\/\\\/minutocerord.com\\\/?p=17360#primaryimage\"},\"thumbnailUrl\":\"https:\\\/\\\/i0.wp.com\\\/minutocerord.com\\\/wp-content\\\/uploads\\\/2024\\\/06\\\/Palacio-nacional-Dominicana-1.jpg?fit=800%2C600&ssl=1\",\"articleSection\":[\"Opini\u00f3n\"],\"inLanguage\":\"es-DO\",\"potentialAction\":[{\"@type\":\"CommentAction\",\"name\":\"Comment\",\"target\":[\"http:\\\/\\\/minutocerord.com\\\/?p=17360#respond\"]}]},{\"@type\":\"WebPage\",\"@id\":\"http:\\\/\\\/minutocerord.com\\\/?p=17360\",\"url\":\"http:\\\/\\\/minutocerord.com\\\/?p=17360\",\"name\":\"OPINI\u00d3N | Reforma fiscal, manzana de la discordia - Minuto Cero RD\",\"isPartOf\":{\"@id\":\"https:\\\/\\\/minutocerord.com\\\/#website\"},\"primaryImageOfPage\":{\"@id\":\"http:\\\/\\\/minutocerord.com\\\/?p=17360#primaryimage\"},\"image\":{\"@id\":\"http:\\\/\\\/minutocerord.com\\\/?p=17360#primaryimage\"},\"thumbnailUrl\":\"https:\\\/\\\/i0.wp.com\\\/minutocerord.com\\\/wp-content\\\/uploads\\\/2024\\\/06\\\/Palacio-nacional-Dominicana-1.jpg?fit=800%2C600&ssl=1\",\"datePublished\":\"2024-06-03T22:56:36+00:00\",\"dateModified\":\"2024-06-03T23:04:50+00:00\",\"breadcrumb\":{\"@id\":\"http:\\\/\\\/minutocerord.com\\\/?p=17360#breadcrumb\"},\"inLanguage\":\"es-DO\",\"potentialAction\":[{\"@type\":\"ReadAction\",\"target\":[\"http:\\\/\\\/minutocerord.com\\\/?p=17360\"]}]},{\"@type\":\"ImageObject\",\"inLanguage\":\"es-DO\",\"@id\":\"http:\\\/\\\/minutocerord.com\\\/?p=17360#primaryimage\",\"url\":\"https:\\\/\\\/i0.wp.com\\\/minutocerord.com\\\/wp-content\\\/uploads\\\/2024\\\/06\\\/Palacio-nacional-Dominicana-1.jpg?fit=800%2C600&ssl=1\",\"contentUrl\":\"https:\\\/\\\/i0.wp.com\\\/minutocerord.com\\\/wp-content\\\/uploads\\\/2024\\\/06\\\/Palacio-nacional-Dominicana-1.jpg?fit=800%2C600&ssl=1\",\"width\":800,\"height\":600},{\"@type\":\"BreadcrumbList\",\"@id\":\"http:\\\/\\\/minutocerord.com\\\/?p=17360#breadcrumb\",\"itemListElement\":[{\"@type\":\"ListItem\",\"position\":1,\"name\":\"Home\",\"item\":\"https:\\\/\\\/minutocerord.com\\\/\"},{\"@type\":\"ListItem\",\"position\":2,\"name\":\"OPINI\u00d3N | Reforma fiscal, manzana de la discordia\"}]},{\"@type\":\"WebSite\",\"@id\":\"https:\\\/\\\/minutocerord.com\\\/#website\",\"url\":\"https:\\\/\\\/minutocerord.com\\\/\",\"name\":\"Minuto Cero RD\",\"description\":\"Periodismo serio y veraz\",\"publisher\":{\"@id\":\"https:\\\/\\\/minutocerord.com\\\/#\\\/schema\\\/person\\\/60b5372d60aaa0a5171fb6488be9aee6\"},\"potentialAction\":[{\"@type\":\"SearchAction\",\"target\":{\"@type\":\"EntryPoint\",\"urlTemplate\":\"https:\\\/\\\/minutocerord.com\\\/?s={search_term_string}\"},\"query-input\":{\"@type\":\"PropertyValueSpecification\",\"valueRequired\":true,\"valueName\":\"search_term_string\"}}],\"inLanguage\":\"es-DO\"},{\"@type\":[\"Person\",\"Organization\"],\"@id\":\"https:\\\/\\\/minutocerord.com\\\/#\\\/schema\\\/person\\\/60b5372d60aaa0a5171fb6488be9aee6\",\"name\":\"Genof\u00f3ntes Urb\u00e1ez\",\"image\":{\"@type\":\"ImageObject\",\"inLanguage\":\"es-DO\",\"@id\":\"https:\\\/\\\/secure.gravatar.com\\\/avatar\\\/a49ef3186a692098ac3e8a1612261e3ad70cf9e44553dff2929e67939a0ecb9d?s=96&d=identicon&r=g\",\"url\":\"https:\\\/\\\/secure.gravatar.com\\\/avatar\\\/a49ef3186a692098ac3e8a1612261e3ad70cf9e44553dff2929e67939a0ecb9d?s=96&d=identicon&r=g\",\"contentUrl\":\"https:\\\/\\\/secure.gravatar.com\\\/avatar\\\/a49ef3186a692098ac3e8a1612261e3ad70cf9e44553dff2929e67939a0ecb9d?s=96&d=identicon&r=g\",\"caption\":\"Genof\u00f3ntes Urb\u00e1ez\"},\"logo\":{\"@id\":\"https:\\\/\\\/secure.gravatar.com\\\/avatar\\\/a49ef3186a692098ac3e8a1612261e3ad70cf9e44553dff2929e67939a0ecb9d?s=96&d=identicon&r=g\"},\"description\":\"Periodista \\\/ Locutor\",\"sameAs\":[\"https:\\\/\\\/www.facebook.com\\\/Genofnotes\",\"https:\\\/\\\/www.instagram.com\\\/genofnotes\\\/\"]}]}<\/script>\n<!-- \/ Yoast SEO plugin. -->","yoast_head_json":{"title":"OPINI\u00d3N | Reforma fiscal, manzana de la discordia - Minuto Cero RD","robots":{"index":"index","follow":"follow","max-snippet":"max-snippet:-1","max-image-preview":"max-image-preview:large","max-video-preview":"max-video-preview:-1"},"canonical":"http:\/\/minutocerord.com\/?p=17360","og_locale":"es_ES","og_type":"article","og_title":"OPINI\u00d3N | Reforma fiscal, manzana de la discordia - Minuto Cero RD","og_description":"SANTO DOMINGO.- Dec\u00eda Immanuel Kant, fil\u00f3sofo Alem\u00e1n, uno de los m\u00e1s grandes pensadores de todos los tiempos que el ser humano se preocupa de problemas que aunque no puede abandonar tampoco puede resolver completamente (Obra: Cr\u00edtica de la raz\u00f3n pura, 1781). Afirmaba que el conocimiento es limitado, y ofreci\u00f3 la gu\u00eda \u00e9tica para vivir en [&hellip;]","og_url":"http:\/\/minutocerord.com\/?p=17360","og_site_name":"Minuto Cero RD","article_publisher":"https:\/\/www.facebook.com\/Genofnotes","article_author":"https:\/\/www.facebook.com\/Genofnotes","article_published_time":"2024-06-03T22:56:36+00:00","article_modified_time":"2024-06-03T23:04:50+00:00","og_image":[{"width":800,"height":600,"url":"https:\/\/i0.wp.com\/minutocerord.com\/wp-content\/uploads\/2024\/06\/Palacio-nacional-Dominicana-1.jpg?fit=800%2C600","type":"image\/jpeg"}],"author":"Genof\u00f3ntes Urb\u00e1ez","twitter_card":"summary_large_image","twitter_misc":{"Written by":"Genof\u00f3ntes Urb\u00e1ez","Est. reading time":"6 minutos"},"schema":{"@context":"https:\/\/schema.org","@graph":[{"@type":"Article","@id":"http:\/\/minutocerord.com\/?p=17360#article","isPartOf":{"@id":"http:\/\/minutocerord.com\/?p=17360"},"author":{"name":"Genof\u00f3ntes Urb\u00e1ez","@id":"https:\/\/minutocerord.com\/#\/schema\/person\/60b5372d60aaa0a5171fb6488be9aee6"},"headline":"OPINI\u00d3N | Reforma fiscal, manzana de la discordia","datePublished":"2024-06-03T22:56:36+00:00","dateModified":"2024-06-03T23:04:50+00:00","mainEntityOfPage":{"@id":"http:\/\/minutocerord.com\/?p=17360"},"wordCount":1200,"commentCount":0,"publisher":{"@id":"https:\/\/minutocerord.com\/#\/schema\/person\/60b5372d60aaa0a5171fb6488be9aee6"},"image":{"@id":"http:\/\/minutocerord.com\/?p=17360#primaryimage"},"thumbnailUrl":"https:\/\/i0.wp.com\/minutocerord.com\/wp-content\/uploads\/2024\/06\/Palacio-nacional-Dominicana-1.jpg?fit=800%2C600&ssl=1","articleSection":["Opini\u00f3n"],"inLanguage":"es-DO","potentialAction":[{"@type":"CommentAction","name":"Comment","target":["http:\/\/minutocerord.com\/?p=17360#respond"]}]},{"@type":"WebPage","@id":"http:\/\/minutocerord.com\/?p=17360","url":"http:\/\/minutocerord.com\/?p=17360","name":"OPINI\u00d3N | Reforma fiscal, manzana de la discordia - Minuto Cero RD","isPartOf":{"@id":"https:\/\/minutocerord.com\/#website"},"primaryImageOfPage":{"@id":"http:\/\/minutocerord.com\/?p=17360#primaryimage"},"image":{"@id":"http:\/\/minutocerord.com\/?p=17360#primaryimage"},"thumbnailUrl":"https:\/\/i0.wp.com\/minutocerord.com\/wp-content\/uploads\/2024\/06\/Palacio-nacional-Dominicana-1.jpg?fit=800%2C600&ssl=1","datePublished":"2024-06-03T22:56:36+00:00","dateModified":"2024-06-03T23:04:50+00:00","breadcrumb":{"@id":"http:\/\/minutocerord.com\/?p=17360#breadcrumb"},"inLanguage":"es-DO","potentialAction":[{"@type":"ReadAction","target":["http:\/\/minutocerord.com\/?p=17360"]}]},{"@type":"ImageObject","inLanguage":"es-DO","@id":"http:\/\/minutocerord.com\/?p=17360#primaryimage","url":"https:\/\/i0.wp.com\/minutocerord.com\/wp-content\/uploads\/2024\/06\/Palacio-nacional-Dominicana-1.jpg?fit=800%2C600&ssl=1","contentUrl":"https:\/\/i0.wp.com\/minutocerord.com\/wp-content\/uploads\/2024\/06\/Palacio-nacional-Dominicana-1.jpg?fit=800%2C600&ssl=1","width":800,"height":600},{"@type":"BreadcrumbList","@id":"http:\/\/minutocerord.com\/?p=17360#breadcrumb","itemListElement":[{"@type":"ListItem","position":1,"name":"Home","item":"https:\/\/minutocerord.com\/"},{"@type":"ListItem","position":2,"name":"OPINI\u00d3N | Reforma fiscal, manzana de la discordia"}]},{"@type":"WebSite","@id":"https:\/\/minutocerord.com\/#website","url":"https:\/\/minutocerord.com\/","name":"Minuto Cero RD","description":"Periodismo serio y veraz","publisher":{"@id":"https:\/\/minutocerord.com\/#\/schema\/person\/60b5372d60aaa0a5171fb6488be9aee6"},"potentialAction":[{"@type":"SearchAction","target":{"@type":"EntryPoint","urlTemplate":"https:\/\/minutocerord.com\/?s={search_term_string}"},"query-input":{"@type":"PropertyValueSpecification","valueRequired":true,"valueName":"search_term_string"}}],"inLanguage":"es-DO"},{"@type":["Person","Organization"],"@id":"https:\/\/minutocerord.com\/#\/schema\/person\/60b5372d60aaa0a5171fb6488be9aee6","name":"Genof\u00f3ntes Urb\u00e1ez","image":{"@type":"ImageObject","inLanguage":"es-DO","@id":"https:\/\/secure.gravatar.com\/avatar\/a49ef3186a692098ac3e8a1612261e3ad70cf9e44553dff2929e67939a0ecb9d?s=96&d=identicon&r=g","url":"https:\/\/secure.gravatar.com\/avatar\/a49ef3186a692098ac3e8a1612261e3ad70cf9e44553dff2929e67939a0ecb9d?s=96&d=identicon&r=g","contentUrl":"https:\/\/secure.gravatar.com\/avatar\/a49ef3186a692098ac3e8a1612261e3ad70cf9e44553dff2929e67939a0ecb9d?s=96&d=identicon&r=g","caption":"Genof\u00f3ntes Urb\u00e1ez"},"logo":{"@id":"https:\/\/secure.gravatar.com\/avatar\/a49ef3186a692098ac3e8a1612261e3ad70cf9e44553dff2929e67939a0ecb9d?s=96&d=identicon&r=g"},"description":"Periodista \/ Locutor","sameAs":["https:\/\/www.facebook.com\/Genofnotes","https:\/\/www.instagram.com\/genofnotes\/"]}]}},"jetpack_publicize_connections":[],"jetpack_featured_media_url":"https:\/\/i0.wp.com\/minutocerord.com\/wp-content\/uploads\/2024\/06\/Palacio-nacional-Dominicana-1.jpg?fit=800%2C600&ssl=1","jetpack-related-posts":[],"jetpack_sharing_enabled":true,"_links":{"self":[{"href":"https:\/\/minutocerord.com\/index.php?rest_route=\/wp\/v2\/posts\/17360","targetHints":{"allow":["GET"]}}],"collection":[{"href":"https:\/\/minutocerord.com\/index.php?rest_route=\/wp\/v2\/posts"}],"about":[{"href":"https:\/\/minutocerord.com\/index.php?rest_route=\/wp\/v2\/types\/post"}],"author":[{"embeddable":true,"href":"https:\/\/minutocerord.com\/index.php?rest_route=\/wp\/v2\/users\/1"}],"replies":[{"embeddable":true,"href":"https:\/\/minutocerord.com\/index.php?rest_route=%2Fwp%2Fv2%2Fcomments&post=17360"}],"version-history":[{"count":3,"href":"https:\/\/minutocerord.com\/index.php?rest_route=\/wp\/v2\/posts\/17360\/revisions"}],"predecessor-version":[{"id":17366,"href":"https:\/\/minutocerord.com\/index.php?rest_route=\/wp\/v2\/posts\/17360\/revisions\/17366"}],"wp:featuredmedia":[{"embeddable":true,"href":"https:\/\/minutocerord.com\/index.php?rest_route=\/wp\/v2\/media\/17367"}],"wp:attachment":[{"href":"https:\/\/minutocerord.com\/index.php?rest_route=%2Fwp%2Fv2%2Fmedia&parent=17360"}],"wp:term":[{"taxonomy":"category","embeddable":true,"href":"https:\/\/minutocerord.com\/index.php?rest_route=%2Fwp%2Fv2%2Fcategories&post=17360"},{"taxonomy":"post_tag","embeddable":true,"href":"https:\/\/minutocerord.com\/index.php?rest_route=%2Fwp%2Fv2%2Ftags&post=17360"}],"curies":[{"name":"wp","href":"https:\/\/api.w.org\/{rel}","templated":true}]}}