{"id":18062,"date":"2024-06-30T23:20:55","date_gmt":"2024-07-01T03:20:55","guid":{"rendered":"https:\/\/minutocerord.com\/?p=18062"},"modified":"2024-06-30T23:23:25","modified_gmt":"2024-07-01T03:23:25","slug":"donantes-buscan-excluir-a-biden-de-elecciones-contra-su-voluntad","status":"publish","type":"post","link":"https:\/\/minutocerord.com\/?p=18062","title":{"rendered":"POL\u00cdTICA | Donantes buscan excluir a Biden de elecciones contra su voluntad"},"content":{"rendered":"\n<p class=\"\"><strong>WASHINGTON.- <\/strong>Los principales donantes del Partido Dem\u00f3crata est\u00e1n sumidos en un \u00abprofundo malestar\u00bb por el decepcionante desempe\u00f1o de Joe Biden en el debate presidencial contra Donald Trump.<\/p>\n\n\n\n<p class=\"\">Seg\u00fan The New York Times, algunos de ellos propusieron intervenciones en la campa\u00f1a electoral y discutieron la posibilidad de excluir al actual mandatario, de 81 a\u00f1os, de la lista de candidatos presidenciales del partido.<\/p>\n\n\n\n<p class=\"\"><strong>Alternativas para remover a Biden<\/strong><\/p>\n\n\n\n<p class=\"\">De acuerdo con una persona familiarizada con el asunto, hubo discusiones con asesores pol\u00edticos sobre las \u00abreglas ocultas\u00bb bajo las cuales Biden podr\u00eda ser removido de la lista contra su voluntad y reemplazado antes o durante la Convenci\u00f3n Nacional Dem\u00f3crata.<\/p>\n\n\n\n<p class=\"\">Un grupo de megadonantes provenientes de Silicon Valley, que describieron la situaci\u00f3n como una \u00abposible cat\u00e1strofe\u00bb, se preguntaron a qui\u00e9n dentro del entorno del mandatario pod\u00edan contactar para comunicarse con la primera dama Jill Biden, quien a su vez podr\u00eda persuadir a su esposo de no postularse.<\/p>\n\n\n\n<p class=\"\">Seg\u00fan otra fuente, uno de los contribuyentes de Silicon Valley que hab\u00eda planeado organizar una recaudaci\u00f3n de fondos \u00edntima con Biden en los pr\u00f3ximos meses decidi\u00f3 no continuar con la reuni\u00f3n debido al debate.<\/p>\n\n\n\n<p class=\"\">En los chats grupales y las discusiones en voz baja, algunos dem\u00f3cratas adinerados esperaban que Biden tuviera una epifan\u00eda y decidiera retirarse por su cuenta, y otros m\u00e1s elaboraron estrategias para canalizar d\u00f3lares a candidatos de menor rango.<\/p>\n\n\n\n<p class=\"\">\u00abEn las \u00faltimas 24 horas recib\u00ed muchos correos electr\u00f3nicos en los que me preguntaban si deber\u00eda haber una campa\u00f1a p\u00fablica para presionar al presidente Biden para que se haga a un lado despu\u00e9s de su (muy) mala actuaci\u00f3n en el debate de anoche\u00bb, escribi\u00f3 el magnate Reid Hoffman, uno de los donantes m\u00e1s influyentes del Partido Dem\u00f3crata, en un correo electr\u00f3nico a sus amigos. \u00abSin duda, fue un golpe para el estado de \u00e1nimo de los donantes y organizadores\u00bb, agreg\u00f3.<\/p>\n\n\n\n<p class=\"\">Asimismo, hubo quejas por la falta de comunicaci\u00f3n del equipo de Biden con los principales recaudadores de fondos en las 24 horas posteriores al debate presidencial. Por su parte, los donantes m\u00e1s optimistas decidieron esperar a los pr\u00f3ximos sondeos de opini\u00f3n para ver el alcance de las consecuencias de la actuaci\u00f3n del inquilino de la Casa Blanca.<\/p>\n\n\n\n<p class=\"\">Seg\u00fan el peri\u00f3dico, la crisis de recaudaci\u00f3n dentro del Partido Dem\u00f3crata \u00abno podr\u00eda llegar en peor momento para Biden\u00bb, puesto que Trump ha recaudado m\u00e1s dinero en los \u00faltimos dos meses, borrando la otrora enorme ventaja financiera de la campa\u00f1a del presidente.<\/p>\n\n\n\n<p class=\"\"><strong>\u00bfQu\u00e9 dice el equipo de campa\u00f1a de Biden?<\/strong><\/p>\n\n\n\n<p class=\"\">No obstante, el equipo de campa\u00f1a del mandatario estadounidense rechaz\u00f3 cualquier preocupaci\u00f3n financiera. Seg\u00fan afirmaron, la hora posterior al debate, desde las 11 de la noche hasta la medianoche, fue la mejor hora de la campa\u00f1a de reelecci\u00f3n.<\/p>\n\n\n\n<p class=\"\">Por su parte, el inquilino de la Casa Blanca insiste en seguir en la carrera por otro mandato. Durante un mitin de campa\u00f1a este viernes en la ciudad de Raleigh, en Carolina del Norte, el mandatario se mostr\u00f3 m\u00e1s en\u00e9rgico y asertivo que en el debate.<\/p>\n\n\n\n<p class=\"\">\u00abAmigos, les doy mi palabra como Biden: no volver\u00eda a presentarme si no creyera, con todo mi coraz\u00f3n y mi alma, que puedo hacer este trabajo, porque, francamente, es demasiado lo que est\u00e1 en juego\u00bb, coment\u00f3 el dem\u00f3crata ante los gritos de apoyo de la multitud.<\/p>\n","protected":false},"excerpt":{"rendered":"<p>WASHINGTON.- Los principales donantes del Partido Dem\u00f3crata est\u00e1n sumidos en un \u00abprofundo malestar\u00bb por el decepcionante desempe\u00f1o de Joe Biden en el debate presidencial contra Donald Trump. Seg\u00fan The New York Times, algunos de ellos propusieron intervenciones en la campa\u00f1a electoral y discutieron la posibilidad de excluir al actual mandatario, de 81 a\u00f1os, de la [&hellip;]<\/p>\n","protected":false},"author":1,"featured_media":18064,"comment_status":"open","ping_status":"open","sticky":false,"template":"","format":"standard","meta":{"nf_dc_page":"","jetpack_post_was_ever_published":false,"_jetpack_newsletter_access":"","_jetpack_dont_email_post_to_subs":false,"_jetpack_newsletter_tier_id":0,"_jetpack_memberships_contains_paywalled_content":false,"_jetpack_memberships_contains_paid_content":false,"footnotes":"","jetpack_publicize_message":"","jetpack_publicize_feature_enabled":true,"jetpack_social_post_already_shared":true,"jetpack_social_options":{"image_generator_settings":{"template":"highway","default_image_id":0,"font":"","enabled":false},"version":2}},"categories":[70],"tags":[],"class_list":["post-18062","post","type-post","status-publish","format-standard","has-post-thumbnail","hentry","category-politica"],"yoast_head":"<!-- This site is optimized with the Yoast SEO plugin v27.4 - https:\/\/yoast.com\/product\/yoast-seo-wordpress\/ -->\n<title>POL\u00cdTICA | Donantes buscan excluir a Biden de elecciones contra su voluntad - Minuto Cero RD<\/title>\n<meta name=\"robots\" content=\"index, follow, max-snippet:-1, max-image-preview:large, max-video-preview:-1\" \/>\n<link rel=\"canonical\" href=\"http:\/\/minutocerord.com\/?p=18062\" \/>\n<meta property=\"og:locale\" content=\"es_ES\" \/>\n<meta property=\"og:type\" content=\"article\" \/>\n<meta property=\"og:title\" content=\"POL\u00cdTICA | Donantes buscan excluir a Biden de elecciones contra su voluntad - Minuto Cero RD\" \/>\n<meta property=\"og:description\" content=\"WASHINGTON.- Los principales donantes del Partido Dem\u00f3crata est\u00e1n sumidos en un \u00abprofundo malestar\u00bb por el decepcionante desempe\u00f1o de Joe Biden en el debate presidencial contra Donald Trump. Seg\u00fan The New York Times, algunos de ellos propusieron intervenciones en la campa\u00f1a electoral y discutieron la posibilidad de excluir al actual mandatario, de 81 a\u00f1os, de la [&hellip;]\" \/>\n<meta property=\"og:url\" content=\"http:\/\/minutocerord.com\/?p=18062\" \/>\n<meta property=\"og:site_name\" content=\"Minuto Cero RD\" \/>\n<meta property=\"article:publisher\" content=\"https:\/\/www.facebook.com\/Genofnotes\" \/>\n<meta property=\"article:author\" content=\"https:\/\/www.facebook.com\/Genofnotes\" \/>\n<meta property=\"article:published_time\" content=\"2024-07-01T03:20:55+00:00\" \/>\n<meta property=\"article:modified_time\" content=\"2024-07-01T03:23:25+00:00\" \/>\n<meta property=\"og:image\" content=\"https:\/\/i0.wp.com\/minutocerord.com\/wp-content\/uploads\/2024\/06\/66802609e9ff714fd96e0305-1.jpg?fit=1104%2C622\" \/>\n\t<meta property=\"og:image:width\" content=\"1104\" \/>\n\t<meta property=\"og:image:height\" content=\"622\" \/>\n\t<meta property=\"og:image:type\" content=\"image\/jpeg\" \/>\n<meta name=\"author\" content=\"Genof\u00f3ntes Urb\u00e1ez\" \/>\n<meta name=\"twitter:card\" content=\"summary_large_image\" \/>\n<meta name=\"twitter:label1\" content=\"Written by\" \/>\n\t<meta name=\"twitter:data1\" content=\"Genof\u00f3ntes Urb\u00e1ez\" \/>\n\t<meta name=\"twitter:label2\" content=\"Est. reading time\" \/>\n\t<meta name=\"twitter:data2\" content=\"3 minutos\" \/>\n<script type=\"application\/ld+json\" class=\"yoast-schema-graph\">{\"@context\":\"https:\\\/\\\/schema.org\",\"@graph\":[{\"@type\":\"Article\",\"@id\":\"http:\\\/\\\/minutocerord.com\\\/?p=18062#article\",\"isPartOf\":{\"@id\":\"http:\\\/\\\/minutocerord.com\\\/?p=18062\"},\"author\":{\"name\":\"Genof\u00f3ntes Urb\u00e1ez\",\"@id\":\"https:\\\/\\\/minutocerord.com\\\/#\\\/schema\\\/person\\\/60b5372d60aaa0a5171fb6488be9aee6\"},\"headline\":\"POL\u00cdTICA | Donantes buscan excluir a Biden de elecciones contra su voluntad\",\"datePublished\":\"2024-07-01T03:20:55+00:00\",\"dateModified\":\"2024-07-01T03:23:25+00:00\",\"mainEntityOfPage\":{\"@id\":\"http:\\\/\\\/minutocerord.com\\\/?p=18062\"},\"wordCount\":608,\"commentCount\":0,\"publisher\":{\"@id\":\"https:\\\/\\\/minutocerord.com\\\/#\\\/schema\\\/person\\\/60b5372d60aaa0a5171fb6488be9aee6\"},\"image\":{\"@id\":\"http:\\\/\\\/minutocerord.com\\\/?p=18062#primaryimage\"},\"thumbnailUrl\":\"https:\\\/\\\/i0.wp.com\\\/minutocerord.com\\\/wp-content\\\/uploads\\\/2024\\\/06\\\/66802609e9ff714fd96e0305-1.jpg?fit=1104%2C622&ssl=1\",\"articleSection\":[\"Pol\u00edtica\"],\"inLanguage\":\"es-DO\",\"potentialAction\":[{\"@type\":\"CommentAction\",\"name\":\"Comment\",\"target\":[\"http:\\\/\\\/minutocerord.com\\\/?p=18062#respond\"]}]},{\"@type\":\"WebPage\",\"@id\":\"http:\\\/\\\/minutocerord.com\\\/?p=18062\",\"url\":\"http:\\\/\\\/minutocerord.com\\\/?p=18062\",\"name\":\"POL\u00cdTICA | Donantes buscan excluir a Biden de elecciones contra su voluntad - Minuto Cero RD\",\"isPartOf\":{\"@id\":\"https:\\\/\\\/minutocerord.com\\\/#website\"},\"primaryImageOfPage\":{\"@id\":\"http:\\\/\\\/minutocerord.com\\\/?p=18062#primaryimage\"},\"image\":{\"@id\":\"http:\\\/\\\/minutocerord.com\\\/?p=18062#primaryimage\"},\"thumbnailUrl\":\"https:\\\/\\\/i0.wp.com\\\/minutocerord.com\\\/wp-content\\\/uploads\\\/2024\\\/06\\\/66802609e9ff714fd96e0305-1.jpg?fit=1104%2C622&ssl=1\",\"datePublished\":\"2024-07-01T03:20:55+00:00\",\"dateModified\":\"2024-07-01T03:23:25+00:00\",\"breadcrumb\":{\"@id\":\"http:\\\/\\\/minutocerord.com\\\/?p=18062#breadcrumb\"},\"inLanguage\":\"es-DO\",\"potentialAction\":[{\"@type\":\"ReadAction\",\"target\":[\"http:\\\/\\\/minutocerord.com\\\/?p=18062\"]}]},{\"@type\":\"ImageObject\",\"inLanguage\":\"es-DO\",\"@id\":\"http:\\\/\\\/minutocerord.com\\\/?p=18062#primaryimage\",\"url\":\"https:\\\/\\\/i0.wp.com\\\/minutocerord.com\\\/wp-content\\\/uploads\\\/2024\\\/06\\\/66802609e9ff714fd96e0305-1.jpg?fit=1104%2C622&ssl=1\",\"contentUrl\":\"https:\\\/\\\/i0.wp.com\\\/minutocerord.com\\\/wp-content\\\/uploads\\\/2024\\\/06\\\/66802609e9ff714fd96e0305-1.jpg?fit=1104%2C622&ssl=1\",\"width\":1104,\"height\":622},{\"@type\":\"BreadcrumbList\",\"@id\":\"http:\\\/\\\/minutocerord.com\\\/?p=18062#breadcrumb\",\"itemListElement\":[{\"@type\":\"ListItem\",\"position\":1,\"name\":\"Home\",\"item\":\"https:\\\/\\\/minutocerord.com\\\/\"},{\"@type\":\"ListItem\",\"position\":2,\"name\":\"POL\u00cdTICA | Donantes buscan excluir a Biden de elecciones contra su voluntad\"}]},{\"@type\":\"WebSite\",\"@id\":\"https:\\\/\\\/minutocerord.com\\\/#website\",\"url\":\"https:\\\/\\\/minutocerord.com\\\/\",\"name\":\"Minuto Cero RD\",\"description\":\"Periodismo serio y veraz\",\"publisher\":{\"@id\":\"https:\\\/\\\/minutocerord.com\\\/#\\\/schema\\\/person\\\/60b5372d60aaa0a5171fb6488be9aee6\"},\"potentialAction\":[{\"@type\":\"SearchAction\",\"target\":{\"@type\":\"EntryPoint\",\"urlTemplate\":\"https:\\\/\\\/minutocerord.com\\\/?s={search_term_string}\"},\"query-input\":{\"@type\":\"PropertyValueSpecification\",\"valueRequired\":true,\"valueName\":\"search_term_string\"}}],\"inLanguage\":\"es-DO\"},{\"@type\":[\"Person\",\"Organization\"],\"@id\":\"https:\\\/\\\/minutocerord.com\\\/#\\\/schema\\\/person\\\/60b5372d60aaa0a5171fb6488be9aee6\",\"name\":\"Genof\u00f3ntes Urb\u00e1ez\",\"image\":{\"@type\":\"ImageObject\",\"inLanguage\":\"es-DO\",\"@id\":\"https:\\\/\\\/secure.gravatar.com\\\/avatar\\\/a49ef3186a692098ac3e8a1612261e3ad70cf9e44553dff2929e67939a0ecb9d?s=96&d=identicon&r=g\",\"url\":\"https:\\\/\\\/secure.gravatar.com\\\/avatar\\\/a49ef3186a692098ac3e8a1612261e3ad70cf9e44553dff2929e67939a0ecb9d?s=96&d=identicon&r=g\",\"contentUrl\":\"https:\\\/\\\/secure.gravatar.com\\\/avatar\\\/a49ef3186a692098ac3e8a1612261e3ad70cf9e44553dff2929e67939a0ecb9d?s=96&d=identicon&r=g\",\"caption\":\"Genof\u00f3ntes Urb\u00e1ez\"},\"logo\":{\"@id\":\"https:\\\/\\\/secure.gravatar.com\\\/avatar\\\/a49ef3186a692098ac3e8a1612261e3ad70cf9e44553dff2929e67939a0ecb9d?s=96&d=identicon&r=g\"},\"description\":\"Periodista \\\/ Locutor\",\"sameAs\":[\"https:\\\/\\\/www.facebook.com\\\/Genofnotes\",\"https:\\\/\\\/www.instagram.com\\\/genofnotes\\\/\"]}]}<\/script>\n<!-- \/ Yoast SEO plugin. -->","yoast_head_json":{"title":"POL\u00cdTICA | Donantes buscan excluir a Biden de elecciones contra su voluntad - Minuto Cero RD","robots":{"index":"index","follow":"follow","max-snippet":"max-snippet:-1","max-image-preview":"max-image-preview:large","max-video-preview":"max-video-preview:-1"},"canonical":"http:\/\/minutocerord.com\/?p=18062","og_locale":"es_ES","og_type":"article","og_title":"POL\u00cdTICA | Donantes buscan excluir a Biden de elecciones contra su voluntad - Minuto Cero RD","og_description":"WASHINGTON.- Los principales donantes del Partido Dem\u00f3crata est\u00e1n sumidos en un \u00abprofundo malestar\u00bb por el decepcionante desempe\u00f1o de Joe Biden en el debate presidencial contra Donald Trump. Seg\u00fan The New York Times, algunos de ellos propusieron intervenciones en la campa\u00f1a electoral y discutieron la posibilidad de excluir al actual mandatario, de 81 a\u00f1os, de la [&hellip;]","og_url":"http:\/\/minutocerord.com\/?p=18062","og_site_name":"Minuto Cero RD","article_publisher":"https:\/\/www.facebook.com\/Genofnotes","article_author":"https:\/\/www.facebook.com\/Genofnotes","article_published_time":"2024-07-01T03:20:55+00:00","article_modified_time":"2024-07-01T03:23:25+00:00","og_image":[{"width":1104,"height":622,"url":"https:\/\/i0.wp.com\/minutocerord.com\/wp-content\/uploads\/2024\/06\/66802609e9ff714fd96e0305-1.jpg?fit=1104%2C622","type":"image\/jpeg"}],"author":"Genof\u00f3ntes Urb\u00e1ez","twitter_card":"summary_large_image","twitter_misc":{"Written by":"Genof\u00f3ntes Urb\u00e1ez","Est. reading time":"3 minutos"},"schema":{"@context":"https:\/\/schema.org","@graph":[{"@type":"Article","@id":"http:\/\/minutocerord.com\/?p=18062#article","isPartOf":{"@id":"http:\/\/minutocerord.com\/?p=18062"},"author":{"name":"Genof\u00f3ntes Urb\u00e1ez","@id":"https:\/\/minutocerord.com\/#\/schema\/person\/60b5372d60aaa0a5171fb6488be9aee6"},"headline":"POL\u00cdTICA | Donantes buscan excluir a Biden de elecciones contra su voluntad","datePublished":"2024-07-01T03:20:55+00:00","dateModified":"2024-07-01T03:23:25+00:00","mainEntityOfPage":{"@id":"http:\/\/minutocerord.com\/?p=18062"},"wordCount":608,"commentCount":0,"publisher":{"@id":"https:\/\/minutocerord.com\/#\/schema\/person\/60b5372d60aaa0a5171fb6488be9aee6"},"image":{"@id":"http:\/\/minutocerord.com\/?p=18062#primaryimage"},"thumbnailUrl":"https:\/\/i0.wp.com\/minutocerord.com\/wp-content\/uploads\/2024\/06\/66802609e9ff714fd96e0305-1.jpg?fit=1104%2C622&ssl=1","articleSection":["Pol\u00edtica"],"inLanguage":"es-DO","potentialAction":[{"@type":"CommentAction","name":"Comment","target":["http:\/\/minutocerord.com\/?p=18062#respond"]}]},{"@type":"WebPage","@id":"http:\/\/minutocerord.com\/?p=18062","url":"http:\/\/minutocerord.com\/?p=18062","name":"POL\u00cdTICA | Donantes buscan excluir a Biden de elecciones contra su voluntad - Minuto Cero RD","isPartOf":{"@id":"https:\/\/minutocerord.com\/#website"},"primaryImageOfPage":{"@id":"http:\/\/minutocerord.com\/?p=18062#primaryimage"},"image":{"@id":"http:\/\/minutocerord.com\/?p=18062#primaryimage"},"thumbnailUrl":"https:\/\/i0.wp.com\/minutocerord.com\/wp-content\/uploads\/2024\/06\/66802609e9ff714fd96e0305-1.jpg?fit=1104%2C622&ssl=1","datePublished":"2024-07-01T03:20:55+00:00","dateModified":"2024-07-01T03:23:25+00:00","breadcrumb":{"@id":"http:\/\/minutocerord.com\/?p=18062#breadcrumb"},"inLanguage":"es-DO","potentialAction":[{"@type":"ReadAction","target":["http:\/\/minutocerord.com\/?p=18062"]}]},{"@type":"ImageObject","inLanguage":"es-DO","@id":"http:\/\/minutocerord.com\/?p=18062#primaryimage","url":"https:\/\/i0.wp.com\/minutocerord.com\/wp-content\/uploads\/2024\/06\/66802609e9ff714fd96e0305-1.jpg?fit=1104%2C622&ssl=1","contentUrl":"https:\/\/i0.wp.com\/minutocerord.com\/wp-content\/uploads\/2024\/06\/66802609e9ff714fd96e0305-1.jpg?fit=1104%2C622&ssl=1","width":1104,"height":622},{"@type":"BreadcrumbList","@id":"http:\/\/minutocerord.com\/?p=18062#breadcrumb","itemListElement":[{"@type":"ListItem","position":1,"name":"Home","item":"https:\/\/minutocerord.com\/"},{"@type":"ListItem","position":2,"name":"POL\u00cdTICA | Donantes buscan excluir a Biden de elecciones contra su voluntad"}]},{"@type":"WebSite","@id":"https:\/\/minutocerord.com\/#website","url":"https:\/\/minutocerord.com\/","name":"Minuto Cero RD","description":"Periodismo serio y veraz","publisher":{"@id":"https:\/\/minutocerord.com\/#\/schema\/person\/60b5372d60aaa0a5171fb6488be9aee6"},"potentialAction":[{"@type":"SearchAction","target":{"@type":"EntryPoint","urlTemplate":"https:\/\/minutocerord.com\/?s={search_term_string}"},"query-input":{"@type":"PropertyValueSpecification","valueRequired":true,"valueName":"search_term_string"}}],"inLanguage":"es-DO"},{"@type":["Person","Organization"],"@id":"https:\/\/minutocerord.com\/#\/schema\/person\/60b5372d60aaa0a5171fb6488be9aee6","name":"Genof\u00f3ntes Urb\u00e1ez","image":{"@type":"ImageObject","inLanguage":"es-DO","@id":"https:\/\/secure.gravatar.com\/avatar\/a49ef3186a692098ac3e8a1612261e3ad70cf9e44553dff2929e67939a0ecb9d?s=96&d=identicon&r=g","url":"https:\/\/secure.gravatar.com\/avatar\/a49ef3186a692098ac3e8a1612261e3ad70cf9e44553dff2929e67939a0ecb9d?s=96&d=identicon&r=g","contentUrl":"https:\/\/secure.gravatar.com\/avatar\/a49ef3186a692098ac3e8a1612261e3ad70cf9e44553dff2929e67939a0ecb9d?s=96&d=identicon&r=g","caption":"Genof\u00f3ntes Urb\u00e1ez"},"logo":{"@id":"https:\/\/secure.gravatar.com\/avatar\/a49ef3186a692098ac3e8a1612261e3ad70cf9e44553dff2929e67939a0ecb9d?s=96&d=identicon&r=g"},"description":"Periodista \/ Locutor","sameAs":["https:\/\/www.facebook.com\/Genofnotes","https:\/\/www.instagram.com\/genofnotes\/"]}]}},"jetpack_publicize_connections":[],"jetpack_featured_media_url":"https:\/\/i0.wp.com\/minutocerord.com\/wp-content\/uploads\/2024\/06\/66802609e9ff714fd96e0305-1.jpg?fit=1104%2C622&ssl=1","jetpack-related-posts":[],"jetpack_sharing_enabled":true,"_links":{"self":[{"href":"https:\/\/minutocerord.com\/index.php?rest_route=\/wp\/v2\/posts\/18062","targetHints":{"allow":["GET"]}}],"collection":[{"href":"https:\/\/minutocerord.com\/index.php?rest_route=\/wp\/v2\/posts"}],"about":[{"href":"https:\/\/minutocerord.com\/index.php?rest_route=\/wp\/v2\/types\/post"}],"author":[{"embeddable":true,"href":"https:\/\/minutocerord.com\/index.php?rest_route=\/wp\/v2\/users\/1"}],"replies":[{"embeddable":true,"href":"https:\/\/minutocerord.com\/index.php?rest_route=%2Fwp%2Fv2%2Fcomments&post=18062"}],"version-history":[{"count":2,"href":"https:\/\/minutocerord.com\/index.php?rest_route=\/wp\/v2\/posts\/18062\/revisions"}],"predecessor-version":[{"id":18066,"href":"https:\/\/minutocerord.com\/index.php?rest_route=\/wp\/v2\/posts\/18062\/revisions\/18066"}],"wp:featuredmedia":[{"embeddable":true,"href":"https:\/\/minutocerord.com\/index.php?rest_route=\/wp\/v2\/media\/18064"}],"wp:attachment":[{"href":"https:\/\/minutocerord.com\/index.php?rest_route=%2Fwp%2Fv2%2Fmedia&parent=18062"}],"wp:term":[{"taxonomy":"category","embeddable":true,"href":"https:\/\/minutocerord.com\/index.php?rest_route=%2Fwp%2Fv2%2Fcategories&post=18062"},{"taxonomy":"post_tag","embeddable":true,"href":"https:\/\/minutocerord.com\/index.php?rest_route=%2Fwp%2Fv2%2Ftags&post=18062"}],"curies":[{"name":"wp","href":"https:\/\/api.w.org\/{rel}","templated":true}]}}