{"id":18091,"date":"2024-07-03T09:24:29","date_gmt":"2024-07-03T13:24:29","guid":{"rendered":"https:\/\/minutocerord.com\/?p=18091"},"modified":"2024-07-03T09:24:33","modified_gmt":"2024-07-03T13:24:33","slug":"el-clima-beryl-golpearia-al-mediodia-isla-jamaica-rd-bajo-aviso-tormenta","status":"publish","type":"post","link":"https:\/\/minutocerord.com\/?p=18091","title":{"rendered":"EL CLIMA | Beryl golpear\u00eda al mediod\u00eda isla Jamaica; RD bajo aviso tormenta"},"content":{"rendered":"\n<p class=\"\"><strong>SANTO DOMINGO.- <\/strong>El n\u00facleo del peligroso hurac\u00e1n Beryl afectar\u00eda a Jamaica al mediod\u00eda de este mi\u00e9rcoles con vientos y marejada cicl\u00f3nica que amenazan la vida humana y se acercar\u00eda a islas Caym\u00e1n esta noche, inform\u00f3 el Centro Nacional de Huracanes, con sede en Miami, Estados Unidos.<\/p>\n\n\n\n<p class=\"\">En su \u00faltimo bolet\u00edn de las 5:00 de la ma\u00f1ana, el CNH inform\u00f3 que a esa hora dicho n\u00facleo estaba a 300 kil\u00f3metros al este-sureste de Kingston, capital de Jamaica, a 780 km este-sureste de Grand Cayman, con vientos m\u00e1ximos sostenidos de 230 kil\u00f3metros por hora, movi\u00e9ndose a 31 km\/h con presi\u00f3n central m\u00ednima de 27.94 pulgadas<\/p>\n\n\n\n<p class=\"\"><strong>VIGILANCIAS Y AVISOS<\/strong><\/p>\n\n\n\n<p class=\"\">Un \u201caviso de hurac\u00e1n\u201d est\u00e1 en efecto para Jamaica, Gran Caim\u00e1n, Peque\u00f1o &nbsp;Cayman y Cayman Brac en tanto que para la costa sur de Hait\u00ed, desde la frontera con Rep\u00fablica Dominicana hasta Anse d\u2019Hainault hay una \u201cvigilancia de Hurac\u00e1n\u201d. Tambi\u00e9n para la costa este de la pen\u00ednsula de Yucat\u00e1n desde Chetumal a Cabo Catoche.<\/p>\n\n\n\n<p class=\"\"><strong>Un \u201caviso de tormenta tropical\u201d est\u00e1 en efecto para la costa sur de Rep\u00fablica Dominicana desde Punta Palenque hacia el oeste hasta la frontera con Hait\u00ed. Significa que se esperan condiciones de tormenta tropical en alg\u00fan lugar dentro del \u00e1rea de aviso dentro de 36 horas.<\/strong><\/p>\n\n\n\n<p class=\"\">Asimismo, para la costa sur de Hait\u00ed desde la frontera con la Rep\u00fablica Dominicana hasta Anse d\u2019Hainault y para la costa de Belice desde el sur de Chetumal a Belize City<\/p>\n\n\n\n<p class=\"\">Un aviso de hurac\u00e1n significa que se esperan condiciones de hurac\u00e1n en alg\u00fan lugar dentro del \u00e1rea de aviso, por lo que los preparativos para proteger la vida y la propiedad deben apresurarse hasta su finalizaci\u00f3n.<\/p>\n","protected":false},"excerpt":{"rendered":"<p>SANTO DOMINGO.- El n\u00facleo del peligroso hurac\u00e1n Beryl afectar\u00eda a Jamaica al mediod\u00eda de este mi\u00e9rcoles con vientos y marejada cicl\u00f3nica que amenazan la vida humana y se acercar\u00eda a islas Caym\u00e1n esta noche, inform\u00f3 el Centro Nacional de Huracanes, con sede en Miami, Estados Unidos. En su \u00faltimo bolet\u00edn de las 5:00 de la [&hellip;]<\/p>\n","protected":false},"author":1,"featured_media":18092,"comment_status":"open","ping_status":"open","sticky":false,"template":"","format":"standard","meta":{"nf_dc_page":"","jetpack_post_was_ever_published":false,"_jetpack_newsletter_access":"","_jetpack_dont_email_post_to_subs":false,"_jetpack_newsletter_tier_id":0,"_jetpack_memberships_contains_paywalled_content":false,"_jetpack_memberships_contains_paid_content":false,"footnotes":"","jetpack_publicize_message":"","jetpack_publicize_feature_enabled":true,"jetpack_social_post_already_shared":true,"jetpack_social_options":{"image_generator_settings":{"template":"highway","default_image_id":0,"font":"","enabled":false},"version":2}},"categories":[87],"tags":[],"class_list":["post-18091","post","type-post","status-publish","format-standard","has-post-thumbnail","hentry","category-el-clima"],"yoast_head":"<!-- This site is optimized with the Yoast SEO plugin v27.4 - https:\/\/yoast.com\/product\/yoast-seo-wordpress\/ -->\n<title>EL CLIMA | Beryl golpear\u00eda al mediod\u00eda isla Jamaica; RD bajo aviso tormenta - Minuto Cero RD<\/title>\n<meta name=\"robots\" content=\"index, follow, max-snippet:-1, max-image-preview:large, max-video-preview:-1\" \/>\n<link rel=\"canonical\" href=\"https:\/\/minutocerord.com\/?p=18091\" \/>\n<meta property=\"og:locale\" content=\"es_ES\" \/>\n<meta property=\"og:type\" content=\"article\" \/>\n<meta property=\"og:title\" content=\"EL CLIMA | Beryl golpear\u00eda al mediod\u00eda isla Jamaica; RD bajo aviso tormenta - Minuto Cero RD\" \/>\n<meta property=\"og:description\" content=\"SANTO DOMINGO.- El n\u00facleo del peligroso hurac\u00e1n Beryl afectar\u00eda a Jamaica al mediod\u00eda de este mi\u00e9rcoles con vientos y marejada cicl\u00f3nica que amenazan la vida humana y se acercar\u00eda a islas Caym\u00e1n esta noche, inform\u00f3 el Centro Nacional de Huracanes, con sede en Miami, Estados Unidos. En su \u00faltimo bolet\u00edn de las 5:00 de la [&hellip;]\" \/>\n<meta property=\"og:url\" content=\"https:\/\/minutocerord.com\/?p=18091\" \/>\n<meta property=\"og:site_name\" content=\"Minuto Cero RD\" \/>\n<meta property=\"article:publisher\" content=\"https:\/\/www.facebook.com\/Genofnotes\" \/>\n<meta property=\"article:author\" content=\"https:\/\/www.facebook.com\/Genofnotes\" \/>\n<meta property=\"article:published_time\" content=\"2024-07-03T13:24:29+00:00\" \/>\n<meta property=\"article:modified_time\" content=\"2024-07-03T13:24:33+00:00\" \/>\n<meta property=\"og:image\" content=\"https:\/\/i0.wp.com\/minutocerord.com\/wp-content\/uploads\/2024\/07\/Grafico-del-Centro-Nacional-de-Huracanes-sobre-Beryl-este-miercoles-1.jpg?fit=868%2C495&ssl=1\" \/>\n\t<meta property=\"og:image:width\" content=\"868\" \/>\n\t<meta property=\"og:image:height\" content=\"495\" \/>\n\t<meta property=\"og:image:type\" content=\"image\/jpeg\" \/>\n<meta name=\"author\" content=\"Genof\u00f3ntes Urb\u00e1ez\" \/>\n<meta name=\"twitter:card\" content=\"summary_large_image\" \/>\n<meta name=\"twitter:label1\" content=\"Written by\" \/>\n\t<meta name=\"twitter:data1\" content=\"Genof\u00f3ntes Urb\u00e1ez\" \/>\n\t<meta name=\"twitter:label2\" content=\"Est. reading time\" \/>\n\t<meta name=\"twitter:data2\" content=\"2 minutos\" \/>\n<script type=\"application\/ld+json\" class=\"yoast-schema-graph\">{\"@context\":\"https:\\\/\\\/schema.org\",\"@graph\":[{\"@type\":\"Article\",\"@id\":\"https:\\\/\\\/minutocerord.com\\\/?p=18091#article\",\"isPartOf\":{\"@id\":\"https:\\\/\\\/minutocerord.com\\\/?p=18091\"},\"author\":{\"name\":\"Genof\u00f3ntes Urb\u00e1ez\",\"@id\":\"https:\\\/\\\/minutocerord.com\\\/#\\\/schema\\\/person\\\/60b5372d60aaa0a5171fb6488be9aee6\"},\"headline\":\"EL CLIMA | Beryl golpear\u00eda al mediod\u00eda isla Jamaica; RD bajo aviso tormenta\",\"datePublished\":\"2024-07-03T13:24:29+00:00\",\"dateModified\":\"2024-07-03T13:24:33+00:00\",\"mainEntityOfPage\":{\"@id\":\"https:\\\/\\\/minutocerord.com\\\/?p=18091\"},\"wordCount\":317,\"commentCount\":0,\"publisher\":{\"@id\":\"https:\\\/\\\/minutocerord.com\\\/#\\\/schema\\\/person\\\/60b5372d60aaa0a5171fb6488be9aee6\"},\"image\":{\"@id\":\"https:\\\/\\\/minutocerord.com\\\/?p=18091#primaryimage\"},\"thumbnailUrl\":\"https:\\\/\\\/i0.wp.com\\\/minutocerord.com\\\/wp-content\\\/uploads\\\/2024\\\/07\\\/Grafico-del-Centro-Nacional-de-Huracanes-sobre-Beryl-este-miercoles-1.jpg?fit=868%2C495&ssl=1\",\"articleSection\":[\"El clima\"],\"inLanguage\":\"es-DO\",\"potentialAction\":[{\"@type\":\"CommentAction\",\"name\":\"Comment\",\"target\":[\"https:\\\/\\\/minutocerord.com\\\/?p=18091#respond\"]}]},{\"@type\":\"WebPage\",\"@id\":\"https:\\\/\\\/minutocerord.com\\\/?p=18091\",\"url\":\"https:\\\/\\\/minutocerord.com\\\/?p=18091\",\"name\":\"EL CLIMA | Beryl golpear\u00eda al mediod\u00eda isla Jamaica; RD bajo aviso tormenta - Minuto Cero RD\",\"isPartOf\":{\"@id\":\"https:\\\/\\\/minutocerord.com\\\/#website\"},\"primaryImageOfPage\":{\"@id\":\"https:\\\/\\\/minutocerord.com\\\/?p=18091#primaryimage\"},\"image\":{\"@id\":\"https:\\\/\\\/minutocerord.com\\\/?p=18091#primaryimage\"},\"thumbnailUrl\":\"https:\\\/\\\/i0.wp.com\\\/minutocerord.com\\\/wp-content\\\/uploads\\\/2024\\\/07\\\/Grafico-del-Centro-Nacional-de-Huracanes-sobre-Beryl-este-miercoles-1.jpg?fit=868%2C495&ssl=1\",\"datePublished\":\"2024-07-03T13:24:29+00:00\",\"dateModified\":\"2024-07-03T13:24:33+00:00\",\"breadcrumb\":{\"@id\":\"https:\\\/\\\/minutocerord.com\\\/?p=18091#breadcrumb\"},\"inLanguage\":\"es-DO\",\"potentialAction\":[{\"@type\":\"ReadAction\",\"target\":[\"https:\\\/\\\/minutocerord.com\\\/?p=18091\"]}]},{\"@type\":\"ImageObject\",\"inLanguage\":\"es-DO\",\"@id\":\"https:\\\/\\\/minutocerord.com\\\/?p=18091#primaryimage\",\"url\":\"https:\\\/\\\/i0.wp.com\\\/minutocerord.com\\\/wp-content\\\/uploads\\\/2024\\\/07\\\/Grafico-del-Centro-Nacional-de-Huracanes-sobre-Beryl-este-miercoles-1.jpg?fit=868%2C495&ssl=1\",\"contentUrl\":\"https:\\\/\\\/i0.wp.com\\\/minutocerord.com\\\/wp-content\\\/uploads\\\/2024\\\/07\\\/Grafico-del-Centro-Nacional-de-Huracanes-sobre-Beryl-este-miercoles-1.jpg?fit=868%2C495&ssl=1\",\"width\":868,\"height\":495},{\"@type\":\"BreadcrumbList\",\"@id\":\"https:\\\/\\\/minutocerord.com\\\/?p=18091#breadcrumb\",\"itemListElement\":[{\"@type\":\"ListItem\",\"position\":1,\"name\":\"Home\",\"item\":\"https:\\\/\\\/minutocerord.com\\\/\"},{\"@type\":\"ListItem\",\"position\":2,\"name\":\"EL CLIMA | Beryl golpear\u00eda al mediod\u00eda isla Jamaica; RD bajo aviso tormenta\"}]},{\"@type\":\"WebSite\",\"@id\":\"https:\\\/\\\/minutocerord.com\\\/#website\",\"url\":\"https:\\\/\\\/minutocerord.com\\\/\",\"name\":\"Minuto Cero RD\",\"description\":\"Periodismo serio y veraz\",\"publisher\":{\"@id\":\"https:\\\/\\\/minutocerord.com\\\/#\\\/schema\\\/person\\\/60b5372d60aaa0a5171fb6488be9aee6\"},\"potentialAction\":[{\"@type\":\"SearchAction\",\"target\":{\"@type\":\"EntryPoint\",\"urlTemplate\":\"https:\\\/\\\/minutocerord.com\\\/?s={search_term_string}\"},\"query-input\":{\"@type\":\"PropertyValueSpecification\",\"valueRequired\":true,\"valueName\":\"search_term_string\"}}],\"inLanguage\":\"es-DO\"},{\"@type\":[\"Person\",\"Organization\"],\"@id\":\"https:\\\/\\\/minutocerord.com\\\/#\\\/schema\\\/person\\\/60b5372d60aaa0a5171fb6488be9aee6\",\"name\":\"Genof\u00f3ntes Urb\u00e1ez\",\"image\":{\"@type\":\"ImageObject\",\"inLanguage\":\"es-DO\",\"@id\":\"https:\\\/\\\/secure.gravatar.com\\\/avatar\\\/a49ef3186a692098ac3e8a1612261e3ad70cf9e44553dff2929e67939a0ecb9d?s=96&d=identicon&r=g\",\"url\":\"https:\\\/\\\/secure.gravatar.com\\\/avatar\\\/a49ef3186a692098ac3e8a1612261e3ad70cf9e44553dff2929e67939a0ecb9d?s=96&d=identicon&r=g\",\"contentUrl\":\"https:\\\/\\\/secure.gravatar.com\\\/avatar\\\/a49ef3186a692098ac3e8a1612261e3ad70cf9e44553dff2929e67939a0ecb9d?s=96&d=identicon&r=g\",\"caption\":\"Genof\u00f3ntes Urb\u00e1ez\"},\"logo\":{\"@id\":\"https:\\\/\\\/secure.gravatar.com\\\/avatar\\\/a49ef3186a692098ac3e8a1612261e3ad70cf9e44553dff2929e67939a0ecb9d?s=96&d=identicon&r=g\"},\"description\":\"Periodista \\\/ Locutor\",\"sameAs\":[\"https:\\\/\\\/www.facebook.com\\\/Genofnotes\",\"https:\\\/\\\/www.instagram.com\\\/genofnotes\\\/\"]}]}<\/script>\n<!-- \/ Yoast SEO plugin. -->","yoast_head_json":{"title":"EL CLIMA | Beryl golpear\u00eda al mediod\u00eda isla Jamaica; RD bajo aviso tormenta - Minuto Cero RD","robots":{"index":"index","follow":"follow","max-snippet":"max-snippet:-1","max-image-preview":"max-image-preview:large","max-video-preview":"max-video-preview:-1"},"canonical":"https:\/\/minutocerord.com\/?p=18091","og_locale":"es_ES","og_type":"article","og_title":"EL CLIMA | Beryl golpear\u00eda al mediod\u00eda isla Jamaica; RD bajo aviso tormenta - Minuto Cero RD","og_description":"SANTO DOMINGO.- El n\u00facleo del peligroso hurac\u00e1n Beryl afectar\u00eda a Jamaica al mediod\u00eda de este mi\u00e9rcoles con vientos y marejada cicl\u00f3nica que amenazan la vida humana y se acercar\u00eda a islas Caym\u00e1n esta noche, inform\u00f3 el Centro Nacional de Huracanes, con sede en Miami, Estados Unidos. En su \u00faltimo bolet\u00edn de las 5:00 de la [&hellip;]","og_url":"https:\/\/minutocerord.com\/?p=18091","og_site_name":"Minuto Cero RD","article_publisher":"https:\/\/www.facebook.com\/Genofnotes","article_author":"https:\/\/www.facebook.com\/Genofnotes","article_published_time":"2024-07-03T13:24:29+00:00","article_modified_time":"2024-07-03T13:24:33+00:00","og_image":[{"width":868,"height":495,"url":"https:\/\/i0.wp.com\/minutocerord.com\/wp-content\/uploads\/2024\/07\/Grafico-del-Centro-Nacional-de-Huracanes-sobre-Beryl-este-miercoles-1.jpg?fit=868%2C495&ssl=1","type":"image\/jpeg"}],"author":"Genof\u00f3ntes Urb\u00e1ez","twitter_card":"summary_large_image","twitter_misc":{"Written by":"Genof\u00f3ntes Urb\u00e1ez","Est. reading time":"2 minutos"},"schema":{"@context":"https:\/\/schema.org","@graph":[{"@type":"Article","@id":"https:\/\/minutocerord.com\/?p=18091#article","isPartOf":{"@id":"https:\/\/minutocerord.com\/?p=18091"},"author":{"name":"Genof\u00f3ntes Urb\u00e1ez","@id":"https:\/\/minutocerord.com\/#\/schema\/person\/60b5372d60aaa0a5171fb6488be9aee6"},"headline":"EL CLIMA | Beryl golpear\u00eda al mediod\u00eda isla Jamaica; RD bajo aviso tormenta","datePublished":"2024-07-03T13:24:29+00:00","dateModified":"2024-07-03T13:24:33+00:00","mainEntityOfPage":{"@id":"https:\/\/minutocerord.com\/?p=18091"},"wordCount":317,"commentCount":0,"publisher":{"@id":"https:\/\/minutocerord.com\/#\/schema\/person\/60b5372d60aaa0a5171fb6488be9aee6"},"image":{"@id":"https:\/\/minutocerord.com\/?p=18091#primaryimage"},"thumbnailUrl":"https:\/\/i0.wp.com\/minutocerord.com\/wp-content\/uploads\/2024\/07\/Grafico-del-Centro-Nacional-de-Huracanes-sobre-Beryl-este-miercoles-1.jpg?fit=868%2C495&ssl=1","articleSection":["El clima"],"inLanguage":"es-DO","potentialAction":[{"@type":"CommentAction","name":"Comment","target":["https:\/\/minutocerord.com\/?p=18091#respond"]}]},{"@type":"WebPage","@id":"https:\/\/minutocerord.com\/?p=18091","url":"https:\/\/minutocerord.com\/?p=18091","name":"EL CLIMA | Beryl golpear\u00eda al mediod\u00eda isla Jamaica; RD bajo aviso tormenta - Minuto Cero RD","isPartOf":{"@id":"https:\/\/minutocerord.com\/#website"},"primaryImageOfPage":{"@id":"https:\/\/minutocerord.com\/?p=18091#primaryimage"},"image":{"@id":"https:\/\/minutocerord.com\/?p=18091#primaryimage"},"thumbnailUrl":"https:\/\/i0.wp.com\/minutocerord.com\/wp-content\/uploads\/2024\/07\/Grafico-del-Centro-Nacional-de-Huracanes-sobre-Beryl-este-miercoles-1.jpg?fit=868%2C495&ssl=1","datePublished":"2024-07-03T13:24:29+00:00","dateModified":"2024-07-03T13:24:33+00:00","breadcrumb":{"@id":"https:\/\/minutocerord.com\/?p=18091#breadcrumb"},"inLanguage":"es-DO","potentialAction":[{"@type":"ReadAction","target":["https:\/\/minutocerord.com\/?p=18091"]}]},{"@type":"ImageObject","inLanguage":"es-DO","@id":"https:\/\/minutocerord.com\/?p=18091#primaryimage","url":"https:\/\/i0.wp.com\/minutocerord.com\/wp-content\/uploads\/2024\/07\/Grafico-del-Centro-Nacional-de-Huracanes-sobre-Beryl-este-miercoles-1.jpg?fit=868%2C495&ssl=1","contentUrl":"https:\/\/i0.wp.com\/minutocerord.com\/wp-content\/uploads\/2024\/07\/Grafico-del-Centro-Nacional-de-Huracanes-sobre-Beryl-este-miercoles-1.jpg?fit=868%2C495&ssl=1","width":868,"height":495},{"@type":"BreadcrumbList","@id":"https:\/\/minutocerord.com\/?p=18091#breadcrumb","itemListElement":[{"@type":"ListItem","position":1,"name":"Home","item":"https:\/\/minutocerord.com\/"},{"@type":"ListItem","position":2,"name":"EL CLIMA | Beryl golpear\u00eda al mediod\u00eda isla Jamaica; RD bajo aviso tormenta"}]},{"@type":"WebSite","@id":"https:\/\/minutocerord.com\/#website","url":"https:\/\/minutocerord.com\/","name":"Minuto Cero RD","description":"Periodismo serio y veraz","publisher":{"@id":"https:\/\/minutocerord.com\/#\/schema\/person\/60b5372d60aaa0a5171fb6488be9aee6"},"potentialAction":[{"@type":"SearchAction","target":{"@type":"EntryPoint","urlTemplate":"https:\/\/minutocerord.com\/?s={search_term_string}"},"query-input":{"@type":"PropertyValueSpecification","valueRequired":true,"valueName":"search_term_string"}}],"inLanguage":"es-DO"},{"@type":["Person","Organization"],"@id":"https:\/\/minutocerord.com\/#\/schema\/person\/60b5372d60aaa0a5171fb6488be9aee6","name":"Genof\u00f3ntes Urb\u00e1ez","image":{"@type":"ImageObject","inLanguage":"es-DO","@id":"https:\/\/secure.gravatar.com\/avatar\/a49ef3186a692098ac3e8a1612261e3ad70cf9e44553dff2929e67939a0ecb9d?s=96&d=identicon&r=g","url":"https:\/\/secure.gravatar.com\/avatar\/a49ef3186a692098ac3e8a1612261e3ad70cf9e44553dff2929e67939a0ecb9d?s=96&d=identicon&r=g","contentUrl":"https:\/\/secure.gravatar.com\/avatar\/a49ef3186a692098ac3e8a1612261e3ad70cf9e44553dff2929e67939a0ecb9d?s=96&d=identicon&r=g","caption":"Genof\u00f3ntes Urb\u00e1ez"},"logo":{"@id":"https:\/\/secure.gravatar.com\/avatar\/a49ef3186a692098ac3e8a1612261e3ad70cf9e44553dff2929e67939a0ecb9d?s=96&d=identicon&r=g"},"description":"Periodista \/ Locutor","sameAs":["https:\/\/www.facebook.com\/Genofnotes","https:\/\/www.instagram.com\/genofnotes\/"]}]}},"jetpack_publicize_connections":[],"jetpack_featured_media_url":"https:\/\/i0.wp.com\/minutocerord.com\/wp-content\/uploads\/2024\/07\/Grafico-del-Centro-Nacional-de-Huracanes-sobre-Beryl-este-miercoles-1.jpg?fit=868%2C495&ssl=1","jetpack-related-posts":[],"jetpack_sharing_enabled":true,"_links":{"self":[{"href":"https:\/\/minutocerord.com\/index.php?rest_route=\/wp\/v2\/posts\/18091","targetHints":{"allow":["GET"]}}],"collection":[{"href":"https:\/\/minutocerord.com\/index.php?rest_route=\/wp\/v2\/posts"}],"about":[{"href":"https:\/\/minutocerord.com\/index.php?rest_route=\/wp\/v2\/types\/post"}],"author":[{"embeddable":true,"href":"https:\/\/minutocerord.com\/index.php?rest_route=\/wp\/v2\/users\/1"}],"replies":[{"embeddable":true,"href":"https:\/\/minutocerord.com\/index.php?rest_route=%2Fwp%2Fv2%2Fcomments&post=18091"}],"version-history":[{"count":1,"href":"https:\/\/minutocerord.com\/index.php?rest_route=\/wp\/v2\/posts\/18091\/revisions"}],"predecessor-version":[{"id":18093,"href":"https:\/\/minutocerord.com\/index.php?rest_route=\/wp\/v2\/posts\/18091\/revisions\/18093"}],"wp:featuredmedia":[{"embeddable":true,"href":"https:\/\/minutocerord.com\/index.php?rest_route=\/wp\/v2\/media\/18092"}],"wp:attachment":[{"href":"https:\/\/minutocerord.com\/index.php?rest_route=%2Fwp%2Fv2%2Fmedia&parent=18091"}],"wp:term":[{"taxonomy":"category","embeddable":true,"href":"https:\/\/minutocerord.com\/index.php?rest_route=%2Fwp%2Fv2%2Fcategories&post=18091"},{"taxonomy":"post_tag","embeddable":true,"href":"https:\/\/minutocerord.com\/index.php?rest_route=%2Fwp%2Fv2%2Ftags&post=18091"}],"curies":[{"name":"wp","href":"https:\/\/api.w.org\/{rel}","templated":true}]}}