{"id":18523,"date":"2024-07-27T02:16:32","date_gmt":"2024-07-27T06:16:32","guid":{"rendered":"https:\/\/minutocerord.com\/?p=18523"},"modified":"2024-07-27T02:17:33","modified_gmt":"2024-07-27T06:17:33","slug":"mexico-lopez-obrador-pide-a-ee-uu-un-informe-completo-sobre-la-detencion-de-el-mayo-zambada","status":"publish","type":"post","link":"https:\/\/minutocerord.com\/?p=18523","title":{"rendered":"M\u00c9XICO | L\u00f3pez Obrador pide a EE.UU. un \u00abinforme completo\u00bb sobre la detenci\u00f3n de \u2018el Mayo\u2019 Zambada"},"content":{"rendered":"\n<p class=\"\"><strong>Ciudad de M\u00e9xico,(EFE).-<\/strong> El presidente mexicano, Andr\u00e9s Manuel L\u00f3pez Obrador, le pidi\u00f3 este viernes a EE.UU. un \u00abinforme completo\u00bb sobre el operativo en el que detuvieron el jueves en Texas a Ismael \u2018el Mayo\u2019 Zambada, cofundador del C\u00e1rtel de Sinaloa, y a Joaqu\u00edn Guzm\u00e1n L\u00f3pez, uno de los hijos del narcotraficante Joaqu\u00edn \u2018el Chapo\u2019 Guzm\u00e1n.<\/p>\n\n\n\n<p class=\"\">\u00abEl Gobierno de Estados Unidos tiene que dar un informe completo, no es nada m\u00e1s as\u00ed de declaraciones generales, hay que informar, tiene que haber transparencia\u00bb, declar\u00f3 el mandatario en su conferencia matutina.<\/p>\n\n\n\n<p class=\"\">En la rueda de prensa, la secretaria de Seguridad, Rosa Icela Rodr\u00edguez, revel\u00f3 que el Gobierno mexicano \u00abno particip\u00f3\u00bb en el operativo y que la Embajada de Estados Unidos se comunic\u00f3 el jueves cuando ya hab\u00eda ocurrido el arresto de ambos l\u00edderes narcotraficantes en aer\u00f3dromo cercano a El Paso, en Texas.<\/p>\n","protected":false},"excerpt":{"rendered":"<p>Ciudad de M\u00e9xico,(EFE).- El presidente mexicano, Andr\u00e9s Manuel L\u00f3pez Obrador, le pidi\u00f3 este viernes a EE.UU. un \u00abinforme completo\u00bb sobre el operativo en el que detuvieron el jueves en Texas a Ismael \u2018el Mayo\u2019 Zambada, cofundador del C\u00e1rtel de Sinaloa, y a Joaqu\u00edn Guzm\u00e1n L\u00f3pez, uno de los hijos del narcotraficante Joaqu\u00edn \u2018el Chapo\u2019 Guzm\u00e1n. [&hellip;]<\/p>\n","protected":false},"author":1,"featured_media":18524,"comment_status":"open","ping_status":"open","sticky":false,"template":"","format":"standard","meta":{"nf_dc_page":"","jetpack_post_was_ever_published":false,"_jetpack_newsletter_access":"","_jetpack_dont_email_post_to_subs":false,"_jetpack_newsletter_tier_id":0,"_jetpack_memberships_contains_paywalled_content":false,"_jetpack_memberships_contains_paid_content":false,"footnotes":"","jetpack_publicize_message":"","jetpack_publicize_feature_enabled":true,"jetpack_social_post_already_shared":true,"jetpack_social_options":{"image_generator_settings":{"template":"highway","default_image_id":0,"font":"","enabled":false},"version":2}},"categories":[90],"tags":[],"class_list":["post-18523","post","type-post","status-publish","format-standard","has-post-thumbnail","hentry","category-mexico"],"yoast_head":"<!-- This site is optimized with the Yoast SEO plugin v27.4 - https:\/\/yoast.com\/product\/yoast-seo-wordpress\/ -->\n<title>M\u00c9XICO | L\u00f3pez Obrador pide a EE.UU. un \u00abinforme completo\u00bb sobre la detenci\u00f3n de \u2018el Mayo\u2019 Zambada - Minuto Cero RD<\/title>\n<meta name=\"robots\" content=\"index, follow, max-snippet:-1, max-image-preview:large, max-video-preview:-1\" \/>\n<link rel=\"canonical\" href=\"http:\/\/minutocerord.com\/?p=18523\" \/>\n<meta property=\"og:locale\" content=\"es_ES\" \/>\n<meta property=\"og:type\" content=\"article\" \/>\n<meta property=\"og:title\" content=\"M\u00c9XICO | L\u00f3pez Obrador pide a EE.UU. un \u00abinforme completo\u00bb sobre la detenci\u00f3n de \u2018el Mayo\u2019 Zambada - Minuto Cero RD\" \/>\n<meta property=\"og:description\" content=\"Ciudad de M\u00e9xico,(EFE).- El presidente mexicano, Andr\u00e9s Manuel L\u00f3pez Obrador, le pidi\u00f3 este viernes a EE.UU. un \u00abinforme completo\u00bb sobre el operativo en el que detuvieron el jueves en Texas a Ismael \u2018el Mayo\u2019 Zambada, cofundador del C\u00e1rtel de Sinaloa, y a Joaqu\u00edn Guzm\u00e1n L\u00f3pez, uno de los hijos del narcotraficante Joaqu\u00edn \u2018el Chapo\u2019 Guzm\u00e1n. [&hellip;]\" \/>\n<meta property=\"og:url\" content=\"http:\/\/minutocerord.com\/?p=18523\" \/>\n<meta property=\"og:site_name\" content=\"Minuto Cero RD\" \/>\n<meta property=\"article:publisher\" content=\"https:\/\/www.facebook.com\/Genofnotes\" \/>\n<meta property=\"article:author\" content=\"https:\/\/www.facebook.com\/Genofnotes\" \/>\n<meta property=\"article:published_time\" content=\"2024-07-27T06:16:32+00:00\" \/>\n<meta property=\"article:modified_time\" content=\"2024-07-27T06:17:33+00:00\" \/>\n<meta property=\"og:image\" content=\"https:\/\/i0.wp.com\/minutocerord.com\/wp-content\/uploads\/2024\/07\/17220081110237-2.jpg?fit=828%2C552\" \/>\n\t<meta property=\"og:image:width\" content=\"828\" \/>\n\t<meta property=\"og:image:height\" content=\"552\" \/>\n\t<meta property=\"og:image:type\" content=\"image\/jpeg\" \/>\n<meta name=\"author\" content=\"Genof\u00f3ntes Urb\u00e1ez\" \/>\n<meta name=\"twitter:card\" content=\"summary_large_image\" \/>\n<meta name=\"twitter:label1\" content=\"Written by\" \/>\n\t<meta name=\"twitter:data1\" content=\"Genof\u00f3ntes Urb\u00e1ez\" \/>\n\t<meta name=\"twitter:label2\" content=\"Est. reading time\" \/>\n\t<meta name=\"twitter:data2\" content=\"1 minuto\" \/>\n<script type=\"application\/ld+json\" class=\"yoast-schema-graph\">{\"@context\":\"https:\\\/\\\/schema.org\",\"@graph\":[{\"@type\":\"Article\",\"@id\":\"http:\\\/\\\/minutocerord.com\\\/?p=18523#article\",\"isPartOf\":{\"@id\":\"http:\\\/\\\/minutocerord.com\\\/?p=18523\"},\"author\":{\"name\":\"Genof\u00f3ntes Urb\u00e1ez\",\"@id\":\"https:\\\/\\\/minutocerord.com\\\/#\\\/schema\\\/person\\\/60b5372d60aaa0a5171fb6488be9aee6\"},\"headline\":\"M\u00c9XICO | L\u00f3pez Obrador pide a EE.UU. un \u00abinforme completo\u00bb sobre la detenci\u00f3n de \u2018el Mayo\u2019 Zambada\",\"datePublished\":\"2024-07-27T06:16:32+00:00\",\"dateModified\":\"2024-07-27T06:17:33+00:00\",\"mainEntityOfPage\":{\"@id\":\"http:\\\/\\\/minutocerord.com\\\/?p=18523\"},\"wordCount\":176,\"commentCount\":0,\"publisher\":{\"@id\":\"https:\\\/\\\/minutocerord.com\\\/#\\\/schema\\\/person\\\/60b5372d60aaa0a5171fb6488be9aee6\"},\"image\":{\"@id\":\"http:\\\/\\\/minutocerord.com\\\/?p=18523#primaryimage\"},\"thumbnailUrl\":\"https:\\\/\\\/i0.wp.com\\\/minutocerord.com\\\/wp-content\\\/uploads\\\/2024\\\/07\\\/17220081110237-2.jpg?fit=828%2C552&ssl=1\",\"articleSection\":[\"M\u00e9xico\"],\"inLanguage\":\"es-DO\",\"potentialAction\":[{\"@type\":\"CommentAction\",\"name\":\"Comment\",\"target\":[\"http:\\\/\\\/minutocerord.com\\\/?p=18523#respond\"]}]},{\"@type\":\"WebPage\",\"@id\":\"http:\\\/\\\/minutocerord.com\\\/?p=18523\",\"url\":\"http:\\\/\\\/minutocerord.com\\\/?p=18523\",\"name\":\"M\u00c9XICO | L\u00f3pez Obrador pide a EE.UU. un \u00abinforme completo\u00bb sobre la detenci\u00f3n de \u2018el Mayo\u2019 Zambada - Minuto Cero RD\",\"isPartOf\":{\"@id\":\"https:\\\/\\\/minutocerord.com\\\/#website\"},\"primaryImageOfPage\":{\"@id\":\"http:\\\/\\\/minutocerord.com\\\/?p=18523#primaryimage\"},\"image\":{\"@id\":\"http:\\\/\\\/minutocerord.com\\\/?p=18523#primaryimage\"},\"thumbnailUrl\":\"https:\\\/\\\/i0.wp.com\\\/minutocerord.com\\\/wp-content\\\/uploads\\\/2024\\\/07\\\/17220081110237-2.jpg?fit=828%2C552&ssl=1\",\"datePublished\":\"2024-07-27T06:16:32+00:00\",\"dateModified\":\"2024-07-27T06:17:33+00:00\",\"breadcrumb\":{\"@id\":\"http:\\\/\\\/minutocerord.com\\\/?p=18523#breadcrumb\"},\"inLanguage\":\"es-DO\",\"potentialAction\":[{\"@type\":\"ReadAction\",\"target\":[\"http:\\\/\\\/minutocerord.com\\\/?p=18523\"]}]},{\"@type\":\"ImageObject\",\"inLanguage\":\"es-DO\",\"@id\":\"http:\\\/\\\/minutocerord.com\\\/?p=18523#primaryimage\",\"url\":\"https:\\\/\\\/i0.wp.com\\\/minutocerord.com\\\/wp-content\\\/uploads\\\/2024\\\/07\\\/17220081110237-2.jpg?fit=828%2C552&ssl=1\",\"contentUrl\":\"https:\\\/\\\/i0.wp.com\\\/minutocerord.com\\\/wp-content\\\/uploads\\\/2024\\\/07\\\/17220081110237-2.jpg?fit=828%2C552&ssl=1\",\"width\":828,\"height\":552},{\"@type\":\"BreadcrumbList\",\"@id\":\"http:\\\/\\\/minutocerord.com\\\/?p=18523#breadcrumb\",\"itemListElement\":[{\"@type\":\"ListItem\",\"position\":1,\"name\":\"Home\",\"item\":\"https:\\\/\\\/minutocerord.com\\\/\"},{\"@type\":\"ListItem\",\"position\":2,\"name\":\"M\u00c9XICO | L\u00f3pez Obrador pide a EE.UU. un \u00abinforme completo\u00bb sobre la detenci\u00f3n de \u2018el Mayo\u2019 Zambada\"}]},{\"@type\":\"WebSite\",\"@id\":\"https:\\\/\\\/minutocerord.com\\\/#website\",\"url\":\"https:\\\/\\\/minutocerord.com\\\/\",\"name\":\"Minuto Cero RD\",\"description\":\"Periodismo serio y veraz\",\"publisher\":{\"@id\":\"https:\\\/\\\/minutocerord.com\\\/#\\\/schema\\\/person\\\/60b5372d60aaa0a5171fb6488be9aee6\"},\"potentialAction\":[{\"@type\":\"SearchAction\",\"target\":{\"@type\":\"EntryPoint\",\"urlTemplate\":\"https:\\\/\\\/minutocerord.com\\\/?s={search_term_string}\"},\"query-input\":{\"@type\":\"PropertyValueSpecification\",\"valueRequired\":true,\"valueName\":\"search_term_string\"}}],\"inLanguage\":\"es-DO\"},{\"@type\":[\"Person\",\"Organization\"],\"@id\":\"https:\\\/\\\/minutocerord.com\\\/#\\\/schema\\\/person\\\/60b5372d60aaa0a5171fb6488be9aee6\",\"name\":\"Genof\u00f3ntes Urb\u00e1ez\",\"image\":{\"@type\":\"ImageObject\",\"inLanguage\":\"es-DO\",\"@id\":\"https:\\\/\\\/secure.gravatar.com\\\/avatar\\\/a49ef3186a692098ac3e8a1612261e3ad70cf9e44553dff2929e67939a0ecb9d?s=96&d=identicon&r=g\",\"url\":\"https:\\\/\\\/secure.gravatar.com\\\/avatar\\\/a49ef3186a692098ac3e8a1612261e3ad70cf9e44553dff2929e67939a0ecb9d?s=96&d=identicon&r=g\",\"contentUrl\":\"https:\\\/\\\/secure.gravatar.com\\\/avatar\\\/a49ef3186a692098ac3e8a1612261e3ad70cf9e44553dff2929e67939a0ecb9d?s=96&d=identicon&r=g\",\"caption\":\"Genof\u00f3ntes Urb\u00e1ez\"},\"logo\":{\"@id\":\"https:\\\/\\\/secure.gravatar.com\\\/avatar\\\/a49ef3186a692098ac3e8a1612261e3ad70cf9e44553dff2929e67939a0ecb9d?s=96&d=identicon&r=g\"},\"description\":\"Periodista \\\/ Locutor\",\"sameAs\":[\"https:\\\/\\\/www.facebook.com\\\/Genofnotes\",\"https:\\\/\\\/www.instagram.com\\\/genofnotes\\\/\"]}]}<\/script>\n<!-- \/ Yoast SEO plugin. -->","yoast_head_json":{"title":"M\u00c9XICO | L\u00f3pez Obrador pide a EE.UU. un \u00abinforme completo\u00bb sobre la detenci\u00f3n de \u2018el Mayo\u2019 Zambada - Minuto Cero RD","robots":{"index":"index","follow":"follow","max-snippet":"max-snippet:-1","max-image-preview":"max-image-preview:large","max-video-preview":"max-video-preview:-1"},"canonical":"http:\/\/minutocerord.com\/?p=18523","og_locale":"es_ES","og_type":"article","og_title":"M\u00c9XICO | L\u00f3pez Obrador pide a EE.UU. un \u00abinforme completo\u00bb sobre la detenci\u00f3n de \u2018el Mayo\u2019 Zambada - Minuto Cero RD","og_description":"Ciudad de M\u00e9xico,(EFE).- El presidente mexicano, Andr\u00e9s Manuel L\u00f3pez Obrador, le pidi\u00f3 este viernes a EE.UU. un \u00abinforme completo\u00bb sobre el operativo en el que detuvieron el jueves en Texas a Ismael \u2018el Mayo\u2019 Zambada, cofundador del C\u00e1rtel de Sinaloa, y a Joaqu\u00edn Guzm\u00e1n L\u00f3pez, uno de los hijos del narcotraficante Joaqu\u00edn \u2018el Chapo\u2019 Guzm\u00e1n. [&hellip;]","og_url":"http:\/\/minutocerord.com\/?p=18523","og_site_name":"Minuto Cero RD","article_publisher":"https:\/\/www.facebook.com\/Genofnotes","article_author":"https:\/\/www.facebook.com\/Genofnotes","article_published_time":"2024-07-27T06:16:32+00:00","article_modified_time":"2024-07-27T06:17:33+00:00","og_image":[{"width":828,"height":552,"url":"https:\/\/i0.wp.com\/minutocerord.com\/wp-content\/uploads\/2024\/07\/17220081110237-2.jpg?fit=828%2C552","type":"image\/jpeg"}],"author":"Genof\u00f3ntes Urb\u00e1ez","twitter_card":"summary_large_image","twitter_misc":{"Written by":"Genof\u00f3ntes Urb\u00e1ez","Est. reading time":"1 minuto"},"schema":{"@context":"https:\/\/schema.org","@graph":[{"@type":"Article","@id":"http:\/\/minutocerord.com\/?p=18523#article","isPartOf":{"@id":"http:\/\/minutocerord.com\/?p=18523"},"author":{"name":"Genof\u00f3ntes Urb\u00e1ez","@id":"https:\/\/minutocerord.com\/#\/schema\/person\/60b5372d60aaa0a5171fb6488be9aee6"},"headline":"M\u00c9XICO | L\u00f3pez Obrador pide a EE.UU. un \u00abinforme completo\u00bb sobre la detenci\u00f3n de \u2018el Mayo\u2019 Zambada","datePublished":"2024-07-27T06:16:32+00:00","dateModified":"2024-07-27T06:17:33+00:00","mainEntityOfPage":{"@id":"http:\/\/minutocerord.com\/?p=18523"},"wordCount":176,"commentCount":0,"publisher":{"@id":"https:\/\/minutocerord.com\/#\/schema\/person\/60b5372d60aaa0a5171fb6488be9aee6"},"image":{"@id":"http:\/\/minutocerord.com\/?p=18523#primaryimage"},"thumbnailUrl":"https:\/\/i0.wp.com\/minutocerord.com\/wp-content\/uploads\/2024\/07\/17220081110237-2.jpg?fit=828%2C552&ssl=1","articleSection":["M\u00e9xico"],"inLanguage":"es-DO","potentialAction":[{"@type":"CommentAction","name":"Comment","target":["http:\/\/minutocerord.com\/?p=18523#respond"]}]},{"@type":"WebPage","@id":"http:\/\/minutocerord.com\/?p=18523","url":"http:\/\/minutocerord.com\/?p=18523","name":"M\u00c9XICO | L\u00f3pez Obrador pide a EE.UU. un \u00abinforme completo\u00bb sobre la detenci\u00f3n de \u2018el Mayo\u2019 Zambada - Minuto Cero RD","isPartOf":{"@id":"https:\/\/minutocerord.com\/#website"},"primaryImageOfPage":{"@id":"http:\/\/minutocerord.com\/?p=18523#primaryimage"},"image":{"@id":"http:\/\/minutocerord.com\/?p=18523#primaryimage"},"thumbnailUrl":"https:\/\/i0.wp.com\/minutocerord.com\/wp-content\/uploads\/2024\/07\/17220081110237-2.jpg?fit=828%2C552&ssl=1","datePublished":"2024-07-27T06:16:32+00:00","dateModified":"2024-07-27T06:17:33+00:00","breadcrumb":{"@id":"http:\/\/minutocerord.com\/?p=18523#breadcrumb"},"inLanguage":"es-DO","potentialAction":[{"@type":"ReadAction","target":["http:\/\/minutocerord.com\/?p=18523"]}]},{"@type":"ImageObject","inLanguage":"es-DO","@id":"http:\/\/minutocerord.com\/?p=18523#primaryimage","url":"https:\/\/i0.wp.com\/minutocerord.com\/wp-content\/uploads\/2024\/07\/17220081110237-2.jpg?fit=828%2C552&ssl=1","contentUrl":"https:\/\/i0.wp.com\/minutocerord.com\/wp-content\/uploads\/2024\/07\/17220081110237-2.jpg?fit=828%2C552&ssl=1","width":828,"height":552},{"@type":"BreadcrumbList","@id":"http:\/\/minutocerord.com\/?p=18523#breadcrumb","itemListElement":[{"@type":"ListItem","position":1,"name":"Home","item":"https:\/\/minutocerord.com\/"},{"@type":"ListItem","position":2,"name":"M\u00c9XICO | L\u00f3pez Obrador pide a EE.UU. un \u00abinforme completo\u00bb sobre la detenci\u00f3n de \u2018el Mayo\u2019 Zambada"}]},{"@type":"WebSite","@id":"https:\/\/minutocerord.com\/#website","url":"https:\/\/minutocerord.com\/","name":"Minuto Cero RD","description":"Periodismo serio y veraz","publisher":{"@id":"https:\/\/minutocerord.com\/#\/schema\/person\/60b5372d60aaa0a5171fb6488be9aee6"},"potentialAction":[{"@type":"SearchAction","target":{"@type":"EntryPoint","urlTemplate":"https:\/\/minutocerord.com\/?s={search_term_string}"},"query-input":{"@type":"PropertyValueSpecification","valueRequired":true,"valueName":"search_term_string"}}],"inLanguage":"es-DO"},{"@type":["Person","Organization"],"@id":"https:\/\/minutocerord.com\/#\/schema\/person\/60b5372d60aaa0a5171fb6488be9aee6","name":"Genof\u00f3ntes Urb\u00e1ez","image":{"@type":"ImageObject","inLanguage":"es-DO","@id":"https:\/\/secure.gravatar.com\/avatar\/a49ef3186a692098ac3e8a1612261e3ad70cf9e44553dff2929e67939a0ecb9d?s=96&d=identicon&r=g","url":"https:\/\/secure.gravatar.com\/avatar\/a49ef3186a692098ac3e8a1612261e3ad70cf9e44553dff2929e67939a0ecb9d?s=96&d=identicon&r=g","contentUrl":"https:\/\/secure.gravatar.com\/avatar\/a49ef3186a692098ac3e8a1612261e3ad70cf9e44553dff2929e67939a0ecb9d?s=96&d=identicon&r=g","caption":"Genof\u00f3ntes Urb\u00e1ez"},"logo":{"@id":"https:\/\/secure.gravatar.com\/avatar\/a49ef3186a692098ac3e8a1612261e3ad70cf9e44553dff2929e67939a0ecb9d?s=96&d=identicon&r=g"},"description":"Periodista \/ Locutor","sameAs":["https:\/\/www.facebook.com\/Genofnotes","https:\/\/www.instagram.com\/genofnotes\/"]}]}},"jetpack_publicize_connections":[],"jetpack_featured_media_url":"https:\/\/i0.wp.com\/minutocerord.com\/wp-content\/uploads\/2024\/07\/17220081110237-2.jpg?fit=828%2C552&ssl=1","jetpack-related-posts":[],"jetpack_sharing_enabled":true,"_links":{"self":[{"href":"https:\/\/minutocerord.com\/index.php?rest_route=\/wp\/v2\/posts\/18523","targetHints":{"allow":["GET"]}}],"collection":[{"href":"https:\/\/minutocerord.com\/index.php?rest_route=\/wp\/v2\/posts"}],"about":[{"href":"https:\/\/minutocerord.com\/index.php?rest_route=\/wp\/v2\/types\/post"}],"author":[{"embeddable":true,"href":"https:\/\/minutocerord.com\/index.php?rest_route=\/wp\/v2\/users\/1"}],"replies":[{"embeddable":true,"href":"https:\/\/minutocerord.com\/index.php?rest_route=%2Fwp%2Fv2%2Fcomments&post=18523"}],"version-history":[{"count":2,"href":"https:\/\/minutocerord.com\/index.php?rest_route=\/wp\/v2\/posts\/18523\/revisions"}],"predecessor-version":[{"id":18526,"href":"https:\/\/minutocerord.com\/index.php?rest_route=\/wp\/v2\/posts\/18523\/revisions\/18526"}],"wp:featuredmedia":[{"embeddable":true,"href":"https:\/\/minutocerord.com\/index.php?rest_route=\/wp\/v2\/media\/18524"}],"wp:attachment":[{"href":"https:\/\/minutocerord.com\/index.php?rest_route=%2Fwp%2Fv2%2Fmedia&parent=18523"}],"wp:term":[{"taxonomy":"category","embeddable":true,"href":"https:\/\/minutocerord.com\/index.php?rest_route=%2Fwp%2Fv2%2Fcategories&post=18523"},{"taxonomy":"post_tag","embeddable":true,"href":"https:\/\/minutocerord.com\/index.php?rest_route=%2Fwp%2Fv2%2Ftags&post=18523"}],"curies":[{"name":"wp","href":"https:\/\/api.w.org\/{rel}","templated":true}]}}