{"id":18527,"date":"2024-07-27T02:23:58","date_gmt":"2024-07-27T06:23:58","guid":{"rendered":"https:\/\/minutocerord.com\/?p=18527"},"modified":"2024-07-27T02:24:01","modified_gmt":"2024-07-27T06:24:01","slug":"venezuela-leonel-destaca-ambiente-pacifico-en-venezuela-previo-a-elecciones","status":"publish","type":"post","link":"https:\/\/minutocerord.com\/?p=18527","title":{"rendered":"VENEZUELA | Leonel destaca ambiente pac\u00edfico en Venezuela previo a elecciones"},"content":{"rendered":"\n<p class=\"\"><span style=\"background-color: rgba(0, 0, 0, 0.2);\"><b>CARACA<\/b><\/span><strong>S. &#8211;<\/strong> El expresidente dominicano, Leonel Fern\u00e1ndez, expres\u00f3 este viernes su satisfacci\u00f3n por el ambiente que defini\u00f3 como pac\u00edfico rumbo a las elecciones de Venezuela de este domingo.<\/p>\n\n\n\n<p class=\"\">El presidente del partido Fuerza del Pueblo destac\u00f3 la voluntad ciudadana de votar y el \u00abcompromiso del Estado para garantizar este derecho\u00bb.<\/p>\n\n\n\n<p class=\"\">Fern\u00e1ndez se encuentra desde hace dos d\u00edas en la capital venezolana como observador internacional de las elecciones, invitado por el CNE.<\/p>\n\n\n\n<p class=\"\">En los comicios del domingo participar\u00e1n diez candidatos, entre ellos el presidente Nicol\u00e1s Maduro y el exembajador Edmundo Gonz\u00e1lez Urrutia, el abanderado de la coalici\u00f3n opositora Plataforma Unitaria Democr\u00e1tica (PUD) y quien lidera la intenci\u00f3n de voto, seg\u00fan las encuestadoras tradicionales del pa\u00eds suramericano.<\/p>\n","protected":false},"excerpt":{"rendered":"<p>CARACAS. &#8211; El expresidente dominicano, Leonel Fern\u00e1ndez, expres\u00f3 este viernes su satisfacci\u00f3n por el ambiente que defini\u00f3 como pac\u00edfico rumbo a las elecciones de Venezuela de este domingo. El presidente del partido Fuerza del Pueblo destac\u00f3 la voluntad ciudadana de votar y el \u00abcompromiso del Estado para garantizar este derecho\u00bb. Fern\u00e1ndez se encuentra desde hace [&hellip;]<\/p>\n","protected":false},"author":1,"featured_media":18528,"comment_status":"open","ping_status":"open","sticky":false,"template":"","format":"standard","meta":{"nf_dc_page":"","jetpack_post_was_ever_published":false,"_jetpack_newsletter_access":"","_jetpack_dont_email_post_to_subs":false,"_jetpack_newsletter_tier_id":0,"_jetpack_memberships_contains_paywalled_content":false,"_jetpack_memberships_contains_paid_content":false,"footnotes":"","jetpack_publicize_message":"","jetpack_publicize_feature_enabled":true,"jetpack_social_post_already_shared":true,"jetpack_social_options":{"image_generator_settings":{"template":"highway","default_image_id":0,"font":"","enabled":false},"version":2}},"categories":[70],"tags":[],"class_list":["post-18527","post","type-post","status-publish","format-standard","has-post-thumbnail","hentry","category-politica"],"yoast_head":"<!-- This site is optimized with the Yoast SEO plugin v27.4 - https:\/\/yoast.com\/product\/yoast-seo-wordpress\/ -->\n<title>VENEZUELA | Leonel destaca ambiente pac\u00edfico en Venezuela previo a elecciones - Minuto Cero RD<\/title>\n<meta name=\"robots\" content=\"index, follow, max-snippet:-1, max-image-preview:large, max-video-preview:-1\" \/>\n<link rel=\"canonical\" href=\"http:\/\/minutocerord.com\/?p=18527\" \/>\n<meta property=\"og:locale\" content=\"es_ES\" \/>\n<meta property=\"og:type\" content=\"article\" \/>\n<meta property=\"og:title\" content=\"VENEZUELA | Leonel destaca ambiente pac\u00edfico en Venezuela previo a elecciones - Minuto Cero RD\" \/>\n<meta property=\"og:description\" content=\"CARACAS. &#8211; El expresidente dominicano, Leonel Fern\u00e1ndez, expres\u00f3 este viernes su satisfacci\u00f3n por el ambiente que defini\u00f3 como pac\u00edfico rumbo a las elecciones de Venezuela de este domingo. El presidente del partido Fuerza del Pueblo destac\u00f3 la voluntad ciudadana de votar y el \u00abcompromiso del Estado para garantizar este derecho\u00bb. Fern\u00e1ndez se encuentra desde hace [&hellip;]\" \/>\n<meta property=\"og:url\" content=\"http:\/\/minutocerord.com\/?p=18527\" \/>\n<meta property=\"og:site_name\" content=\"Minuto Cero RD\" \/>\n<meta property=\"article:publisher\" content=\"https:\/\/www.facebook.com\/Genofnotes\" \/>\n<meta property=\"article:author\" content=\"https:\/\/www.facebook.com\/Genofnotes\" \/>\n<meta property=\"article:published_time\" content=\"2024-07-27T06:23:58+00:00\" \/>\n<meta property=\"article:modified_time\" content=\"2024-07-27T06:24:01+00:00\" \/>\n<meta property=\"og:image\" content=\"https:\/\/i0.wp.com\/minutocerord.com\/wp-content\/uploads\/2024\/07\/WhatsApp-Image-2024-07-24-at-4.40.30-PM-e1722046793824.jpg?fit=1280%2C787\" \/>\n\t<meta property=\"og:image:width\" content=\"1280\" \/>\n\t<meta property=\"og:image:height\" content=\"787\" \/>\n\t<meta property=\"og:image:type\" content=\"image\/jpeg\" \/>\n<meta name=\"author\" content=\"Genof\u00f3ntes Urb\u00e1ez\" \/>\n<meta name=\"twitter:card\" content=\"summary_large_image\" \/>\n<meta name=\"twitter:label1\" content=\"Written by\" \/>\n\t<meta name=\"twitter:data1\" content=\"Genof\u00f3ntes Urb\u00e1ez\" \/>\n\t<meta name=\"twitter:label2\" content=\"Est. reading time\" \/>\n\t<meta name=\"twitter:data2\" content=\"1 minuto\" \/>\n<script type=\"application\/ld+json\" class=\"yoast-schema-graph\">{\"@context\":\"https:\\\/\\\/schema.org\",\"@graph\":[{\"@type\":\"Article\",\"@id\":\"http:\\\/\\\/minutocerord.com\\\/?p=18527#article\",\"isPartOf\":{\"@id\":\"http:\\\/\\\/minutocerord.com\\\/?p=18527\"},\"author\":{\"name\":\"Genof\u00f3ntes Urb\u00e1ez\",\"@id\":\"https:\\\/\\\/minutocerord.com\\\/#\\\/schema\\\/person\\\/60b5372d60aaa0a5171fb6488be9aee6\"},\"headline\":\"VENEZUELA | Leonel destaca ambiente pac\u00edfico en Venezuela previo a elecciones\",\"datePublished\":\"2024-07-27T06:23:58+00:00\",\"dateModified\":\"2024-07-27T06:24:01+00:00\",\"mainEntityOfPage\":{\"@id\":\"http:\\\/\\\/minutocerord.com\\\/?p=18527\"},\"wordCount\":140,\"commentCount\":0,\"publisher\":{\"@id\":\"https:\\\/\\\/minutocerord.com\\\/#\\\/schema\\\/person\\\/60b5372d60aaa0a5171fb6488be9aee6\"},\"image\":{\"@id\":\"http:\\\/\\\/minutocerord.com\\\/?p=18527#primaryimage\"},\"thumbnailUrl\":\"https:\\\/\\\/i0.wp.com\\\/minutocerord.com\\\/wp-content\\\/uploads\\\/2024\\\/07\\\/WhatsApp-Image-2024-07-24-at-4.40.30-PM-e1722046793824.jpg?fit=1280%2C787&ssl=1\",\"articleSection\":[\"Pol\u00edtica\"],\"inLanguage\":\"es-DO\",\"potentialAction\":[{\"@type\":\"CommentAction\",\"name\":\"Comment\",\"target\":[\"http:\\\/\\\/minutocerord.com\\\/?p=18527#respond\"]}]},{\"@type\":\"WebPage\",\"@id\":\"http:\\\/\\\/minutocerord.com\\\/?p=18527\",\"url\":\"http:\\\/\\\/minutocerord.com\\\/?p=18527\",\"name\":\"VENEZUELA | Leonel destaca ambiente pac\u00edfico en Venezuela previo a elecciones - Minuto Cero RD\",\"isPartOf\":{\"@id\":\"https:\\\/\\\/minutocerord.com\\\/#website\"},\"primaryImageOfPage\":{\"@id\":\"http:\\\/\\\/minutocerord.com\\\/?p=18527#primaryimage\"},\"image\":{\"@id\":\"http:\\\/\\\/minutocerord.com\\\/?p=18527#primaryimage\"},\"thumbnailUrl\":\"https:\\\/\\\/i0.wp.com\\\/minutocerord.com\\\/wp-content\\\/uploads\\\/2024\\\/07\\\/WhatsApp-Image-2024-07-24-at-4.40.30-PM-e1722046793824.jpg?fit=1280%2C787&ssl=1\",\"datePublished\":\"2024-07-27T06:23:58+00:00\",\"dateModified\":\"2024-07-27T06:24:01+00:00\",\"breadcrumb\":{\"@id\":\"http:\\\/\\\/minutocerord.com\\\/?p=18527#breadcrumb\"},\"inLanguage\":\"es-DO\",\"potentialAction\":[{\"@type\":\"ReadAction\",\"target\":[\"http:\\\/\\\/minutocerord.com\\\/?p=18527\"]}]},{\"@type\":\"ImageObject\",\"inLanguage\":\"es-DO\",\"@id\":\"http:\\\/\\\/minutocerord.com\\\/?p=18527#primaryimage\",\"url\":\"https:\\\/\\\/i0.wp.com\\\/minutocerord.com\\\/wp-content\\\/uploads\\\/2024\\\/07\\\/WhatsApp-Image-2024-07-24-at-4.40.30-PM-e1722046793824.jpg?fit=1280%2C787&ssl=1\",\"contentUrl\":\"https:\\\/\\\/i0.wp.com\\\/minutocerord.com\\\/wp-content\\\/uploads\\\/2024\\\/07\\\/WhatsApp-Image-2024-07-24-at-4.40.30-PM-e1722046793824.jpg?fit=1280%2C787&ssl=1\",\"width\":1280,\"height\":787},{\"@type\":\"BreadcrumbList\",\"@id\":\"http:\\\/\\\/minutocerord.com\\\/?p=18527#breadcrumb\",\"itemListElement\":[{\"@type\":\"ListItem\",\"position\":1,\"name\":\"Home\",\"item\":\"https:\\\/\\\/minutocerord.com\\\/\"},{\"@type\":\"ListItem\",\"position\":2,\"name\":\"VENEZUELA | Leonel destaca ambiente pac\u00edfico en Venezuela previo a elecciones\"}]},{\"@type\":\"WebSite\",\"@id\":\"https:\\\/\\\/minutocerord.com\\\/#website\",\"url\":\"https:\\\/\\\/minutocerord.com\\\/\",\"name\":\"Minuto Cero RD\",\"description\":\"Periodismo serio y veraz\",\"publisher\":{\"@id\":\"https:\\\/\\\/minutocerord.com\\\/#\\\/schema\\\/person\\\/60b5372d60aaa0a5171fb6488be9aee6\"},\"potentialAction\":[{\"@type\":\"SearchAction\",\"target\":{\"@type\":\"EntryPoint\",\"urlTemplate\":\"https:\\\/\\\/minutocerord.com\\\/?s={search_term_string}\"},\"query-input\":{\"@type\":\"PropertyValueSpecification\",\"valueRequired\":true,\"valueName\":\"search_term_string\"}}],\"inLanguage\":\"es-DO\"},{\"@type\":[\"Person\",\"Organization\"],\"@id\":\"https:\\\/\\\/minutocerord.com\\\/#\\\/schema\\\/person\\\/60b5372d60aaa0a5171fb6488be9aee6\",\"name\":\"Genof\u00f3ntes Urb\u00e1ez\",\"image\":{\"@type\":\"ImageObject\",\"inLanguage\":\"es-DO\",\"@id\":\"https:\\\/\\\/secure.gravatar.com\\\/avatar\\\/a49ef3186a692098ac3e8a1612261e3ad70cf9e44553dff2929e67939a0ecb9d?s=96&d=identicon&r=g\",\"url\":\"https:\\\/\\\/secure.gravatar.com\\\/avatar\\\/a49ef3186a692098ac3e8a1612261e3ad70cf9e44553dff2929e67939a0ecb9d?s=96&d=identicon&r=g\",\"contentUrl\":\"https:\\\/\\\/secure.gravatar.com\\\/avatar\\\/a49ef3186a692098ac3e8a1612261e3ad70cf9e44553dff2929e67939a0ecb9d?s=96&d=identicon&r=g\",\"caption\":\"Genof\u00f3ntes Urb\u00e1ez\"},\"logo\":{\"@id\":\"https:\\\/\\\/secure.gravatar.com\\\/avatar\\\/a49ef3186a692098ac3e8a1612261e3ad70cf9e44553dff2929e67939a0ecb9d?s=96&d=identicon&r=g\"},\"description\":\"Periodista \\\/ Locutor\",\"sameAs\":[\"https:\\\/\\\/www.facebook.com\\\/Genofnotes\",\"https:\\\/\\\/www.instagram.com\\\/genofnotes\\\/\"]}]}<\/script>\n<!-- \/ Yoast SEO plugin. -->","yoast_head_json":{"title":"VENEZUELA | Leonel destaca ambiente pac\u00edfico en Venezuela previo a elecciones - Minuto Cero RD","robots":{"index":"index","follow":"follow","max-snippet":"max-snippet:-1","max-image-preview":"max-image-preview:large","max-video-preview":"max-video-preview:-1"},"canonical":"http:\/\/minutocerord.com\/?p=18527","og_locale":"es_ES","og_type":"article","og_title":"VENEZUELA | Leonel destaca ambiente pac\u00edfico en Venezuela previo a elecciones - Minuto Cero RD","og_description":"CARACAS. &#8211; El expresidente dominicano, Leonel Fern\u00e1ndez, expres\u00f3 este viernes su satisfacci\u00f3n por el ambiente que defini\u00f3 como pac\u00edfico rumbo a las elecciones de Venezuela de este domingo. El presidente del partido Fuerza del Pueblo destac\u00f3 la voluntad ciudadana de votar y el \u00abcompromiso del Estado para garantizar este derecho\u00bb. Fern\u00e1ndez se encuentra desde hace [&hellip;]","og_url":"http:\/\/minutocerord.com\/?p=18527","og_site_name":"Minuto Cero RD","article_publisher":"https:\/\/www.facebook.com\/Genofnotes","article_author":"https:\/\/www.facebook.com\/Genofnotes","article_published_time":"2024-07-27T06:23:58+00:00","article_modified_time":"2024-07-27T06:24:01+00:00","og_image":[{"width":1280,"height":787,"url":"https:\/\/i0.wp.com\/minutocerord.com\/wp-content\/uploads\/2024\/07\/WhatsApp-Image-2024-07-24-at-4.40.30-PM-e1722046793824.jpg?fit=1280%2C787","type":"image\/jpeg"}],"author":"Genof\u00f3ntes Urb\u00e1ez","twitter_card":"summary_large_image","twitter_misc":{"Written by":"Genof\u00f3ntes Urb\u00e1ez","Est. reading time":"1 minuto"},"schema":{"@context":"https:\/\/schema.org","@graph":[{"@type":"Article","@id":"http:\/\/minutocerord.com\/?p=18527#article","isPartOf":{"@id":"http:\/\/minutocerord.com\/?p=18527"},"author":{"name":"Genof\u00f3ntes Urb\u00e1ez","@id":"https:\/\/minutocerord.com\/#\/schema\/person\/60b5372d60aaa0a5171fb6488be9aee6"},"headline":"VENEZUELA | Leonel destaca ambiente pac\u00edfico en Venezuela previo a elecciones","datePublished":"2024-07-27T06:23:58+00:00","dateModified":"2024-07-27T06:24:01+00:00","mainEntityOfPage":{"@id":"http:\/\/minutocerord.com\/?p=18527"},"wordCount":140,"commentCount":0,"publisher":{"@id":"https:\/\/minutocerord.com\/#\/schema\/person\/60b5372d60aaa0a5171fb6488be9aee6"},"image":{"@id":"http:\/\/minutocerord.com\/?p=18527#primaryimage"},"thumbnailUrl":"https:\/\/i0.wp.com\/minutocerord.com\/wp-content\/uploads\/2024\/07\/WhatsApp-Image-2024-07-24-at-4.40.30-PM-e1722046793824.jpg?fit=1280%2C787&ssl=1","articleSection":["Pol\u00edtica"],"inLanguage":"es-DO","potentialAction":[{"@type":"CommentAction","name":"Comment","target":["http:\/\/minutocerord.com\/?p=18527#respond"]}]},{"@type":"WebPage","@id":"http:\/\/minutocerord.com\/?p=18527","url":"http:\/\/minutocerord.com\/?p=18527","name":"VENEZUELA | Leonel destaca ambiente pac\u00edfico en Venezuela previo a elecciones - Minuto Cero RD","isPartOf":{"@id":"https:\/\/minutocerord.com\/#website"},"primaryImageOfPage":{"@id":"http:\/\/minutocerord.com\/?p=18527#primaryimage"},"image":{"@id":"http:\/\/minutocerord.com\/?p=18527#primaryimage"},"thumbnailUrl":"https:\/\/i0.wp.com\/minutocerord.com\/wp-content\/uploads\/2024\/07\/WhatsApp-Image-2024-07-24-at-4.40.30-PM-e1722046793824.jpg?fit=1280%2C787&ssl=1","datePublished":"2024-07-27T06:23:58+00:00","dateModified":"2024-07-27T06:24:01+00:00","breadcrumb":{"@id":"http:\/\/minutocerord.com\/?p=18527#breadcrumb"},"inLanguage":"es-DO","potentialAction":[{"@type":"ReadAction","target":["http:\/\/minutocerord.com\/?p=18527"]}]},{"@type":"ImageObject","inLanguage":"es-DO","@id":"http:\/\/minutocerord.com\/?p=18527#primaryimage","url":"https:\/\/i0.wp.com\/minutocerord.com\/wp-content\/uploads\/2024\/07\/WhatsApp-Image-2024-07-24-at-4.40.30-PM-e1722046793824.jpg?fit=1280%2C787&ssl=1","contentUrl":"https:\/\/i0.wp.com\/minutocerord.com\/wp-content\/uploads\/2024\/07\/WhatsApp-Image-2024-07-24-at-4.40.30-PM-e1722046793824.jpg?fit=1280%2C787&ssl=1","width":1280,"height":787},{"@type":"BreadcrumbList","@id":"http:\/\/minutocerord.com\/?p=18527#breadcrumb","itemListElement":[{"@type":"ListItem","position":1,"name":"Home","item":"https:\/\/minutocerord.com\/"},{"@type":"ListItem","position":2,"name":"VENEZUELA | Leonel destaca ambiente pac\u00edfico en Venezuela previo a elecciones"}]},{"@type":"WebSite","@id":"https:\/\/minutocerord.com\/#website","url":"https:\/\/minutocerord.com\/","name":"Minuto Cero RD","description":"Periodismo serio y veraz","publisher":{"@id":"https:\/\/minutocerord.com\/#\/schema\/person\/60b5372d60aaa0a5171fb6488be9aee6"},"potentialAction":[{"@type":"SearchAction","target":{"@type":"EntryPoint","urlTemplate":"https:\/\/minutocerord.com\/?s={search_term_string}"},"query-input":{"@type":"PropertyValueSpecification","valueRequired":true,"valueName":"search_term_string"}}],"inLanguage":"es-DO"},{"@type":["Person","Organization"],"@id":"https:\/\/minutocerord.com\/#\/schema\/person\/60b5372d60aaa0a5171fb6488be9aee6","name":"Genof\u00f3ntes Urb\u00e1ez","image":{"@type":"ImageObject","inLanguage":"es-DO","@id":"https:\/\/secure.gravatar.com\/avatar\/a49ef3186a692098ac3e8a1612261e3ad70cf9e44553dff2929e67939a0ecb9d?s=96&d=identicon&r=g","url":"https:\/\/secure.gravatar.com\/avatar\/a49ef3186a692098ac3e8a1612261e3ad70cf9e44553dff2929e67939a0ecb9d?s=96&d=identicon&r=g","contentUrl":"https:\/\/secure.gravatar.com\/avatar\/a49ef3186a692098ac3e8a1612261e3ad70cf9e44553dff2929e67939a0ecb9d?s=96&d=identicon&r=g","caption":"Genof\u00f3ntes Urb\u00e1ez"},"logo":{"@id":"https:\/\/secure.gravatar.com\/avatar\/a49ef3186a692098ac3e8a1612261e3ad70cf9e44553dff2929e67939a0ecb9d?s=96&d=identicon&r=g"},"description":"Periodista \/ Locutor","sameAs":["https:\/\/www.facebook.com\/Genofnotes","https:\/\/www.instagram.com\/genofnotes\/"]}]}},"jetpack_publicize_connections":[],"jetpack_featured_media_url":"https:\/\/i0.wp.com\/minutocerord.com\/wp-content\/uploads\/2024\/07\/WhatsApp-Image-2024-07-24-at-4.40.30-PM-e1722046793824.jpg?fit=1280%2C787&ssl=1","jetpack-related-posts":[],"jetpack_sharing_enabled":true,"_links":{"self":[{"href":"https:\/\/minutocerord.com\/index.php?rest_route=\/wp\/v2\/posts\/18527","targetHints":{"allow":["GET"]}}],"collection":[{"href":"https:\/\/minutocerord.com\/index.php?rest_route=\/wp\/v2\/posts"}],"about":[{"href":"https:\/\/minutocerord.com\/index.php?rest_route=\/wp\/v2\/types\/post"}],"author":[{"embeddable":true,"href":"https:\/\/minutocerord.com\/index.php?rest_route=\/wp\/v2\/users\/1"}],"replies":[{"embeddable":true,"href":"https:\/\/minutocerord.com\/index.php?rest_route=%2Fwp%2Fv2%2Fcomments&post=18527"}],"version-history":[{"count":1,"href":"https:\/\/minutocerord.com\/index.php?rest_route=\/wp\/v2\/posts\/18527\/revisions"}],"predecessor-version":[{"id":18529,"href":"https:\/\/minutocerord.com\/index.php?rest_route=\/wp\/v2\/posts\/18527\/revisions\/18529"}],"wp:featuredmedia":[{"embeddable":true,"href":"https:\/\/minutocerord.com\/index.php?rest_route=\/wp\/v2\/media\/18528"}],"wp:attachment":[{"href":"https:\/\/minutocerord.com\/index.php?rest_route=%2Fwp%2Fv2%2Fmedia&parent=18527"}],"wp:term":[{"taxonomy":"category","embeddable":true,"href":"https:\/\/minutocerord.com\/index.php?rest_route=%2Fwp%2Fv2%2Fcategories&post=18527"},{"taxonomy":"post_tag","embeddable":true,"href":"https:\/\/minutocerord.com\/index.php?rest_route=%2Fwp%2Fv2%2Ftags&post=18527"}],"curies":[{"name":"wp","href":"https:\/\/api.w.org\/{rel}","templated":true}]}}