{"id":18534,"date":"2024-07-28T07:26:21","date_gmt":"2024-07-28T11:26:21","guid":{"rendered":"https:\/\/minutocerord.com\/?p=18534"},"modified":"2024-07-28T07:26:24","modified_gmt":"2024-07-28T11:26:24","slug":"san-pedro-video-cinco-muertos-al-naufragar-una-embarcacion-en-ruta-a-puerto-rico","status":"publish","type":"post","link":"https:\/\/minutocerord.com\/?p=18534","title":{"rendered":"SAN PEDRO | Video: Cinco muertos al naufragar una embarcaci\u00f3n en ruta a Puerto Rico"},"content":{"rendered":"\n<figure class=\"wp-embed-aspect-16-9 wp-has-aspect-ratio wp-block-embed is-type-video is-provider-youtube wp-block-embed-youtube\"><div class=\"wp-block-embed__wrapper\">\n<iframe loading=\"lazy\" title=\"Buscan victimas de naufragio de 80 personas en playa Guayacanes\" width=\"640\" height=\"360\" src=\"https:\/\/www.youtube.com\/embed\/2WkPGm5Ny6U?feature=oembed\" frameborder=\"0\" allow=\"accelerometer; autoplay; clipboard-write; encrypted-media; gyroscope; picture-in-picture; web-share\" referrerpolicy=\"strict-origin-when-cross-origin\" allowfullscreen><\/iframe>\n<\/div><\/figure>\n\n\n\n<p class=\"\"><a href=\"https:\/\/almomento.net\/wp-content\/uploads\/2024\/07\/PHOTO-2024-07-27-11-01-00-2-e1722094178959.jpg\"><\/a><strong>Santo Domingo. &#8211;<\/strong> Cinco personas fallecieron al naufragar una embarcaci\u00f3n este s\u00e1bado frente a las costas de Guacayanes, provincia San Pedro de Macor\u00eds, cuando un grupo se dirig\u00eda clandestinamente a Puerto Rico.<\/p>\n\n\n<div class=\"wp-block-image\">\n<figure class=\"alignright size-full is-resized\"><img data-recalc-dims=\"1\" decoding=\"async\" width=\"640\" height=\"411\" loading=\"lazy\" src=\"https:\/\/i0.wp.com\/minutocerord.com\/wp-content\/uploads\/2024\/07\/image-4.png?resize=640%2C411&#038;ssl=1\" alt=\"\" class=\"wp-image-18537\" style=\"width:392px;height:auto\" srcset=\"https:\/\/i0.wp.com\/minutocerord.com\/wp-content\/uploads\/2024\/07\/image-4.png?w=1024&amp;ssl=1 1024w, https:\/\/i0.wp.com\/minutocerord.com\/wp-content\/uploads\/2024\/07\/image-4.png?resize=300%2C192&amp;ssl=1 300w, https:\/\/i0.wp.com\/minutocerord.com\/wp-content\/uploads\/2024\/07\/image-4.png?resize=768%2C493&amp;ssl=1 768w, https:\/\/i0.wp.com\/minutocerord.com\/wp-content\/uploads\/2024\/07\/image-4.png?resize=655%2C420&amp;ssl=1 655w, https:\/\/i0.wp.com\/minutocerord.com\/wp-content\/uploads\/2024\/07\/image-4.png?resize=341%2C220&amp;ssl=1 341w, https:\/\/i0.wp.com\/minutocerord.com\/wp-content\/uploads\/2024\/07\/image-4.png?resize=640%2C411&amp;ssl=1 640w, https:\/\/i0.wp.com\/minutocerord.com\/wp-content\/uploads\/2024\/07\/image-4.png?resize=681%2C437&amp;ssl=1 681w\" sizes=\"auto, (max-width: 640px) 100vw, 640px\" \/><figcaption class=\"wp-element-caption\">Sobrevivientes del naufragio de una con 46 personas en la oriental provincia de San Pedro de Macor\u00eds, en Rep\u00fablica Dominicana<\/figcaption><\/figure>\n<\/div>\n\n\n<p class=\"\">En un primer momento las autoridades informaron de cuatro muertos, entre ellos una menor de edad, pero posteriormente se report\u00f3 la aparici\u00f3n de un quinto cuerpo.<\/p>\n\n\n\n<p class=\"\"><strong>NINGUNA V\u00cdCTIMA IDENTIFICADA<\/strong><\/p>\n\n\n\n<p class=\"\">Las v\u00edctimas fatales son dos mujeres y tres hombres, de acuerdo con las informaciones disponibles, aunque ninguna ha sido identificada.<\/p>\n\n\n\n<p class=\"\">La Armada Dominicana explic\u00f3 que 43 personas han sido rescatadas con vida, tras el naufragio ocurrido a 7 millas n\u00e1uticas de Guayacanes, seg\u00fan un comunicado.<\/p>\n\n\n\n<p class=\"\">Una buena parte de los sobrevivientes fueron rescatados por pescadores de la zona, que tuvieron contacto con los primeros n\u00e1ufragos poco despu\u00e9s de las 5:30 de la ma\u00f1ana del s\u00e1bado, seg\u00fan narr\u00f3 a EFE Emilo V\u00e1squez, quien ayud\u00f3 con el rescate.<\/p>\n\n\n\n<p class=\"\">El hombre y varios de sus compa\u00f1eros tambi\u00e9n recuperaron tres de los cinco cad\u00e1veres reportados hasta este momento, de acuerdo con sus declaraciones.<\/p>\n\n\n\n<p class=\"\"><strong>LOS TRASLADARON A HOSPITALES<\/strong><\/p>\n\n\n\n<p class=\"\">Varios de los rescatados han sido trasladados a centro hospitalarios de la zona, entre ellas Sorilenny Beltr\u00e9, quien viajaba en la embarcaci\u00f3n junto a sus hijas, quienes est\u00e1n entre los sobrevivientes.<\/p>\n\n\n\n<p class=\"\">En declaraciones a la prensa en el Hospital Antonio Musa, en San Pedro de Macor\u00eds, Beltr\u00e9 dijo sentirse \u00abbien\u00bb porque junto a sus hijas, aferradas a un garraf\u00f3n de gasolina pudieron salvar sus vidas, pero \u00abmal\u00bb porque \u00abmurieron muchos compa\u00f1eros\u00bb.<\/p>\n\n\n\n<p class=\"\">Cientos de dominicanos tratan de llegar cada a\u00f1o a Puerto Rico en fr\u00e1giles embarcaciones para tratar de mejorar su situaci\u00f3n econ\u00f3mica.<\/p>\n\n\n<div class=\"wp-block-image\">\n<figure class=\"alignright is-resized\" id=\"attachment_969797\"><img data-recalc-dims=\"1\" height=\"411\" width=\"640\" decoding=\"async\" loading=\"lazy\" src=\"https:\/\/i0.wp.com\/almomento.net\/wp-content\/uploads\/2024\/07\/WhatsApp-Image-2024-07-27-at-7.06.41-PM-1-1024x657.jpeg?resize=640%2C411&#038;ssl=1\" alt=\"\" class=\"wp-image-969797\" style=\"width:708px;height:auto\"\/><figcaption class=\"wp-element-caption\">Sobrevivientes del naufragio de una con 46 personas en la oriental provincia de San Pedro de Macor\u00eds, en Rep\u00fablica Dominicana<\/figcaption><\/figure>\n<\/div>","protected":false},"excerpt":{"rendered":"<p>Santo Domingo. &#8211; Cinco personas fallecieron al naufragar una embarcaci\u00f3n este s\u00e1bado frente a las costas de Guacayanes, provincia San Pedro de Macor\u00eds, cuando un grupo se dirig\u00eda clandestinamente a Puerto Rico. En un primer momento las autoridades informaron de cuatro muertos, entre ellos una menor de edad, pero posteriormente se report\u00f3 la aparici\u00f3n de [&hellip;]<\/p>\n","protected":false},"author":1,"featured_media":18538,"comment_status":"open","ping_status":"open","sticky":false,"template":"","format":"standard","meta":{"nf_dc_page":"","jetpack_post_was_ever_published":false,"_jetpack_newsletter_access":"","_jetpack_dont_email_post_to_subs":false,"_jetpack_newsletter_tier_id":0,"_jetpack_memberships_contains_paywalled_content":false,"_jetpack_memberships_contains_paid_content":false,"footnotes":"","jetpack_publicize_message":"","jetpack_publicize_feature_enabled":true,"jetpack_social_post_already_shared":true,"jetpack_social_options":{"image_generator_settings":{"template":"highway","default_image_id":0,"font":"","enabled":false},"version":2}},"categories":[65],"tags":[],"class_list":["post-18534","post","type-post","status-publish","format-standard","has-post-thumbnail","hentry","category-nacionales"],"yoast_head":"<!-- This site is optimized with the Yoast SEO plugin v27.4 - https:\/\/yoast.com\/product\/yoast-seo-wordpress\/ -->\n<title>SAN PEDRO | Video: Cinco muertos al naufragar una embarcaci\u00f3n en ruta a Puerto Rico - Minuto Cero RD<\/title>\n<meta name=\"robots\" content=\"index, follow, max-snippet:-1, max-image-preview:large, max-video-preview:-1\" \/>\n<link rel=\"canonical\" href=\"http:\/\/minutocerord.com\/?p=18534\" \/>\n<meta property=\"og:locale\" content=\"es_ES\" \/>\n<meta property=\"og:type\" content=\"article\" \/>\n<meta property=\"og:title\" content=\"SAN PEDRO | Video: Cinco muertos al naufragar una embarcaci\u00f3n en ruta a Puerto Rico - Minuto Cero RD\" \/>\n<meta property=\"og:description\" content=\"Santo Domingo. &#8211; Cinco personas fallecieron al naufragar una embarcaci\u00f3n este s\u00e1bado frente a las costas de Guacayanes, provincia San Pedro de Macor\u00eds, cuando un grupo se dirig\u00eda clandestinamente a Puerto Rico. En un primer momento las autoridades informaron de cuatro muertos, entre ellos una menor de edad, pero posteriormente se report\u00f3 la aparici\u00f3n de [&hellip;]\" \/>\n<meta property=\"og:url\" content=\"http:\/\/minutocerord.com\/?p=18534\" \/>\n<meta property=\"og:site_name\" content=\"Minuto Cero RD\" \/>\n<meta property=\"article:publisher\" content=\"https:\/\/www.facebook.com\/Genofnotes\" \/>\n<meta property=\"article:author\" content=\"https:\/\/www.facebook.com\/Genofnotes\" \/>\n<meta property=\"article:published_time\" content=\"2024-07-28T11:26:21+00:00\" \/>\n<meta property=\"article:modified_time\" content=\"2024-07-28T11:26:24+00:00\" \/>\n<meta property=\"og:image\" content=\"https:\/\/i0.wp.com\/minutocerord.com\/wp-content\/uploads\/2024\/07\/PHOTO-2024-07-27-11-01-00-2-e1722094178959-1.jpg?fit=1039%2C595\" \/>\n\t<meta property=\"og:image:width\" content=\"1039\" \/>\n\t<meta property=\"og:image:height\" content=\"595\" \/>\n\t<meta property=\"og:image:type\" content=\"image\/jpeg\" \/>\n<meta name=\"author\" content=\"Genof\u00f3ntes Urb\u00e1ez\" \/>\n<meta name=\"twitter:card\" content=\"summary_large_image\" \/>\n<meta name=\"twitter:label1\" content=\"Written by\" \/>\n\t<meta name=\"twitter:data1\" content=\"Genof\u00f3ntes Urb\u00e1ez\" \/>\n\t<meta name=\"twitter:label2\" content=\"Est. reading time\" \/>\n\t<meta name=\"twitter:data2\" content=\"3 minutos\" \/>\n<script type=\"application\/ld+json\" class=\"yoast-schema-graph\">{\"@context\":\"https:\\\/\\\/schema.org\",\"@graph\":[{\"@type\":\"Article\",\"@id\":\"http:\\\/\\\/minutocerord.com\\\/?p=18534#article\",\"isPartOf\":{\"@id\":\"http:\\\/\\\/minutocerord.com\\\/?p=18534\"},\"author\":{\"name\":\"Genof\u00f3ntes Urb\u00e1ez\",\"@id\":\"https:\\\/\\\/minutocerord.com\\\/#\\\/schema\\\/person\\\/60b5372d60aaa0a5171fb6488be9aee6\"},\"headline\":\"SAN PEDRO | Video: Cinco muertos al naufragar una embarcaci\u00f3n en ruta a Puerto Rico\",\"datePublished\":\"2024-07-28T11:26:21+00:00\",\"dateModified\":\"2024-07-28T11:26:24+00:00\",\"mainEntityOfPage\":{\"@id\":\"http:\\\/\\\/minutocerord.com\\\/?p=18534\"},\"wordCount\":353,\"commentCount\":0,\"publisher\":{\"@id\":\"https:\\\/\\\/minutocerord.com\\\/#\\\/schema\\\/person\\\/60b5372d60aaa0a5171fb6488be9aee6\"},\"image\":{\"@id\":\"http:\\\/\\\/minutocerord.com\\\/?p=18534#primaryimage\"},\"thumbnailUrl\":\"https:\\\/\\\/i0.wp.com\\\/minutocerord.com\\\/wp-content\\\/uploads\\\/2024\\\/07\\\/PHOTO-2024-07-27-11-01-00-2-e1722094178959-1.jpg?fit=1039%2C595&ssl=1\",\"articleSection\":[\"Nacionales\"],\"inLanguage\":\"es-DO\",\"potentialAction\":[{\"@type\":\"CommentAction\",\"name\":\"Comment\",\"target\":[\"http:\\\/\\\/minutocerord.com\\\/?p=18534#respond\"]}]},{\"@type\":\"WebPage\",\"@id\":\"http:\\\/\\\/minutocerord.com\\\/?p=18534\",\"url\":\"http:\\\/\\\/minutocerord.com\\\/?p=18534\",\"name\":\"SAN PEDRO | Video: Cinco muertos al naufragar una embarcaci\u00f3n en ruta a Puerto Rico - Minuto Cero RD\",\"isPartOf\":{\"@id\":\"https:\\\/\\\/minutocerord.com\\\/#website\"},\"primaryImageOfPage\":{\"@id\":\"http:\\\/\\\/minutocerord.com\\\/?p=18534#primaryimage\"},\"image\":{\"@id\":\"http:\\\/\\\/minutocerord.com\\\/?p=18534#primaryimage\"},\"thumbnailUrl\":\"https:\\\/\\\/i0.wp.com\\\/minutocerord.com\\\/wp-content\\\/uploads\\\/2024\\\/07\\\/PHOTO-2024-07-27-11-01-00-2-e1722094178959-1.jpg?fit=1039%2C595&ssl=1\",\"datePublished\":\"2024-07-28T11:26:21+00:00\",\"dateModified\":\"2024-07-28T11:26:24+00:00\",\"breadcrumb\":{\"@id\":\"http:\\\/\\\/minutocerord.com\\\/?p=18534#breadcrumb\"},\"inLanguage\":\"es-DO\",\"potentialAction\":[{\"@type\":\"ReadAction\",\"target\":[\"http:\\\/\\\/minutocerord.com\\\/?p=18534\"]}]},{\"@type\":\"ImageObject\",\"inLanguage\":\"es-DO\",\"@id\":\"http:\\\/\\\/minutocerord.com\\\/?p=18534#primaryimage\",\"url\":\"https:\\\/\\\/i0.wp.com\\\/minutocerord.com\\\/wp-content\\\/uploads\\\/2024\\\/07\\\/PHOTO-2024-07-27-11-01-00-2-e1722094178959-1.jpg?fit=1039%2C595&ssl=1\",\"contentUrl\":\"https:\\\/\\\/i0.wp.com\\\/minutocerord.com\\\/wp-content\\\/uploads\\\/2024\\\/07\\\/PHOTO-2024-07-27-11-01-00-2-e1722094178959-1.jpg?fit=1039%2C595&ssl=1\",\"width\":1039,\"height\":595},{\"@type\":\"BreadcrumbList\",\"@id\":\"http:\\\/\\\/minutocerord.com\\\/?p=18534#breadcrumb\",\"itemListElement\":[{\"@type\":\"ListItem\",\"position\":1,\"name\":\"Home\",\"item\":\"https:\\\/\\\/minutocerord.com\\\/\"},{\"@type\":\"ListItem\",\"position\":2,\"name\":\"SAN PEDRO | Video: Cinco muertos al naufragar una embarcaci\u00f3n en ruta a Puerto Rico\"}]},{\"@type\":\"WebSite\",\"@id\":\"https:\\\/\\\/minutocerord.com\\\/#website\",\"url\":\"https:\\\/\\\/minutocerord.com\\\/\",\"name\":\"Minuto Cero RD\",\"description\":\"Periodismo serio y veraz\",\"publisher\":{\"@id\":\"https:\\\/\\\/minutocerord.com\\\/#\\\/schema\\\/person\\\/60b5372d60aaa0a5171fb6488be9aee6\"},\"potentialAction\":[{\"@type\":\"SearchAction\",\"target\":{\"@type\":\"EntryPoint\",\"urlTemplate\":\"https:\\\/\\\/minutocerord.com\\\/?s={search_term_string}\"},\"query-input\":{\"@type\":\"PropertyValueSpecification\",\"valueRequired\":true,\"valueName\":\"search_term_string\"}}],\"inLanguage\":\"es-DO\"},{\"@type\":[\"Person\",\"Organization\"],\"@id\":\"https:\\\/\\\/minutocerord.com\\\/#\\\/schema\\\/person\\\/60b5372d60aaa0a5171fb6488be9aee6\",\"name\":\"Genof\u00f3ntes Urb\u00e1ez\",\"image\":{\"@type\":\"ImageObject\",\"inLanguage\":\"es-DO\",\"@id\":\"https:\\\/\\\/secure.gravatar.com\\\/avatar\\\/a49ef3186a692098ac3e8a1612261e3ad70cf9e44553dff2929e67939a0ecb9d?s=96&d=identicon&r=g\",\"url\":\"https:\\\/\\\/secure.gravatar.com\\\/avatar\\\/a49ef3186a692098ac3e8a1612261e3ad70cf9e44553dff2929e67939a0ecb9d?s=96&d=identicon&r=g\",\"contentUrl\":\"https:\\\/\\\/secure.gravatar.com\\\/avatar\\\/a49ef3186a692098ac3e8a1612261e3ad70cf9e44553dff2929e67939a0ecb9d?s=96&d=identicon&r=g\",\"caption\":\"Genof\u00f3ntes Urb\u00e1ez\"},\"logo\":{\"@id\":\"https:\\\/\\\/secure.gravatar.com\\\/avatar\\\/a49ef3186a692098ac3e8a1612261e3ad70cf9e44553dff2929e67939a0ecb9d?s=96&d=identicon&r=g\"},\"description\":\"Periodista \\\/ Locutor\",\"sameAs\":[\"https:\\\/\\\/www.facebook.com\\\/Genofnotes\",\"https:\\\/\\\/www.instagram.com\\\/genofnotes\\\/\"]}]}<\/script>\n<!-- \/ Yoast SEO plugin. -->","yoast_head_json":{"title":"SAN PEDRO | Video: Cinco muertos al naufragar una embarcaci\u00f3n en ruta a Puerto Rico - Minuto Cero RD","robots":{"index":"index","follow":"follow","max-snippet":"max-snippet:-1","max-image-preview":"max-image-preview:large","max-video-preview":"max-video-preview:-1"},"canonical":"http:\/\/minutocerord.com\/?p=18534","og_locale":"es_ES","og_type":"article","og_title":"SAN PEDRO | Video: Cinco muertos al naufragar una embarcaci\u00f3n en ruta a Puerto Rico - Minuto Cero RD","og_description":"Santo Domingo. &#8211; Cinco personas fallecieron al naufragar una embarcaci\u00f3n este s\u00e1bado frente a las costas de Guacayanes, provincia San Pedro de Macor\u00eds, cuando un grupo se dirig\u00eda clandestinamente a Puerto Rico. En un primer momento las autoridades informaron de cuatro muertos, entre ellos una menor de edad, pero posteriormente se report\u00f3 la aparici\u00f3n de [&hellip;]","og_url":"http:\/\/minutocerord.com\/?p=18534","og_site_name":"Minuto Cero RD","article_publisher":"https:\/\/www.facebook.com\/Genofnotes","article_author":"https:\/\/www.facebook.com\/Genofnotes","article_published_time":"2024-07-28T11:26:21+00:00","article_modified_time":"2024-07-28T11:26:24+00:00","og_image":[{"width":1039,"height":595,"url":"https:\/\/i0.wp.com\/minutocerord.com\/wp-content\/uploads\/2024\/07\/PHOTO-2024-07-27-11-01-00-2-e1722094178959-1.jpg?fit=1039%2C595","type":"image\/jpeg"}],"author":"Genof\u00f3ntes Urb\u00e1ez","twitter_card":"summary_large_image","twitter_misc":{"Written by":"Genof\u00f3ntes Urb\u00e1ez","Est. reading time":"3 minutos"},"schema":{"@context":"https:\/\/schema.org","@graph":[{"@type":"Article","@id":"http:\/\/minutocerord.com\/?p=18534#article","isPartOf":{"@id":"http:\/\/minutocerord.com\/?p=18534"},"author":{"name":"Genof\u00f3ntes Urb\u00e1ez","@id":"https:\/\/minutocerord.com\/#\/schema\/person\/60b5372d60aaa0a5171fb6488be9aee6"},"headline":"SAN PEDRO | Video: Cinco muertos al naufragar una embarcaci\u00f3n en ruta a Puerto Rico","datePublished":"2024-07-28T11:26:21+00:00","dateModified":"2024-07-28T11:26:24+00:00","mainEntityOfPage":{"@id":"http:\/\/minutocerord.com\/?p=18534"},"wordCount":353,"commentCount":0,"publisher":{"@id":"https:\/\/minutocerord.com\/#\/schema\/person\/60b5372d60aaa0a5171fb6488be9aee6"},"image":{"@id":"http:\/\/minutocerord.com\/?p=18534#primaryimage"},"thumbnailUrl":"https:\/\/i0.wp.com\/minutocerord.com\/wp-content\/uploads\/2024\/07\/PHOTO-2024-07-27-11-01-00-2-e1722094178959-1.jpg?fit=1039%2C595&ssl=1","articleSection":["Nacionales"],"inLanguage":"es-DO","potentialAction":[{"@type":"CommentAction","name":"Comment","target":["http:\/\/minutocerord.com\/?p=18534#respond"]}]},{"@type":"WebPage","@id":"http:\/\/minutocerord.com\/?p=18534","url":"http:\/\/minutocerord.com\/?p=18534","name":"SAN PEDRO | Video: Cinco muertos al naufragar una embarcaci\u00f3n en ruta a Puerto Rico - Minuto Cero RD","isPartOf":{"@id":"https:\/\/minutocerord.com\/#website"},"primaryImageOfPage":{"@id":"http:\/\/minutocerord.com\/?p=18534#primaryimage"},"image":{"@id":"http:\/\/minutocerord.com\/?p=18534#primaryimage"},"thumbnailUrl":"https:\/\/i0.wp.com\/minutocerord.com\/wp-content\/uploads\/2024\/07\/PHOTO-2024-07-27-11-01-00-2-e1722094178959-1.jpg?fit=1039%2C595&ssl=1","datePublished":"2024-07-28T11:26:21+00:00","dateModified":"2024-07-28T11:26:24+00:00","breadcrumb":{"@id":"http:\/\/minutocerord.com\/?p=18534#breadcrumb"},"inLanguage":"es-DO","potentialAction":[{"@type":"ReadAction","target":["http:\/\/minutocerord.com\/?p=18534"]}]},{"@type":"ImageObject","inLanguage":"es-DO","@id":"http:\/\/minutocerord.com\/?p=18534#primaryimage","url":"https:\/\/i0.wp.com\/minutocerord.com\/wp-content\/uploads\/2024\/07\/PHOTO-2024-07-27-11-01-00-2-e1722094178959-1.jpg?fit=1039%2C595&ssl=1","contentUrl":"https:\/\/i0.wp.com\/minutocerord.com\/wp-content\/uploads\/2024\/07\/PHOTO-2024-07-27-11-01-00-2-e1722094178959-1.jpg?fit=1039%2C595&ssl=1","width":1039,"height":595},{"@type":"BreadcrumbList","@id":"http:\/\/minutocerord.com\/?p=18534#breadcrumb","itemListElement":[{"@type":"ListItem","position":1,"name":"Home","item":"https:\/\/minutocerord.com\/"},{"@type":"ListItem","position":2,"name":"SAN PEDRO | Video: Cinco muertos al naufragar una embarcaci\u00f3n en ruta a Puerto Rico"}]},{"@type":"WebSite","@id":"https:\/\/minutocerord.com\/#website","url":"https:\/\/minutocerord.com\/","name":"Minuto Cero RD","description":"Periodismo serio y veraz","publisher":{"@id":"https:\/\/minutocerord.com\/#\/schema\/person\/60b5372d60aaa0a5171fb6488be9aee6"},"potentialAction":[{"@type":"SearchAction","target":{"@type":"EntryPoint","urlTemplate":"https:\/\/minutocerord.com\/?s={search_term_string}"},"query-input":{"@type":"PropertyValueSpecification","valueRequired":true,"valueName":"search_term_string"}}],"inLanguage":"es-DO"},{"@type":["Person","Organization"],"@id":"https:\/\/minutocerord.com\/#\/schema\/person\/60b5372d60aaa0a5171fb6488be9aee6","name":"Genof\u00f3ntes Urb\u00e1ez","image":{"@type":"ImageObject","inLanguage":"es-DO","@id":"https:\/\/secure.gravatar.com\/avatar\/a49ef3186a692098ac3e8a1612261e3ad70cf9e44553dff2929e67939a0ecb9d?s=96&d=identicon&r=g","url":"https:\/\/secure.gravatar.com\/avatar\/a49ef3186a692098ac3e8a1612261e3ad70cf9e44553dff2929e67939a0ecb9d?s=96&d=identicon&r=g","contentUrl":"https:\/\/secure.gravatar.com\/avatar\/a49ef3186a692098ac3e8a1612261e3ad70cf9e44553dff2929e67939a0ecb9d?s=96&d=identicon&r=g","caption":"Genof\u00f3ntes Urb\u00e1ez"},"logo":{"@id":"https:\/\/secure.gravatar.com\/avatar\/a49ef3186a692098ac3e8a1612261e3ad70cf9e44553dff2929e67939a0ecb9d?s=96&d=identicon&r=g"},"description":"Periodista \/ Locutor","sameAs":["https:\/\/www.facebook.com\/Genofnotes","https:\/\/www.instagram.com\/genofnotes\/"]}]}},"jetpack_publicize_connections":[],"jetpack_featured_media_url":"https:\/\/i0.wp.com\/minutocerord.com\/wp-content\/uploads\/2024\/07\/PHOTO-2024-07-27-11-01-00-2-e1722094178959-1.jpg?fit=1039%2C595&ssl=1","jetpack-related-posts":[],"jetpack_sharing_enabled":true,"_links":{"self":[{"href":"https:\/\/minutocerord.com\/index.php?rest_route=\/wp\/v2\/posts\/18534","targetHints":{"allow":["GET"]}}],"collection":[{"href":"https:\/\/minutocerord.com\/index.php?rest_route=\/wp\/v2\/posts"}],"about":[{"href":"https:\/\/minutocerord.com\/index.php?rest_route=\/wp\/v2\/types\/post"}],"author":[{"embeddable":true,"href":"https:\/\/minutocerord.com\/index.php?rest_route=\/wp\/v2\/users\/1"}],"replies":[{"embeddable":true,"href":"https:\/\/minutocerord.com\/index.php?rest_route=%2Fwp%2Fv2%2Fcomments&post=18534"}],"version-history":[{"count":1,"href":"https:\/\/minutocerord.com\/index.php?rest_route=\/wp\/v2\/posts\/18534\/revisions"}],"predecessor-version":[{"id":18539,"href":"https:\/\/minutocerord.com\/index.php?rest_route=\/wp\/v2\/posts\/18534\/revisions\/18539"}],"wp:featuredmedia":[{"embeddable":true,"href":"https:\/\/minutocerord.com\/index.php?rest_route=\/wp\/v2\/media\/18538"}],"wp:attachment":[{"href":"https:\/\/minutocerord.com\/index.php?rest_route=%2Fwp%2Fv2%2Fmedia&parent=18534"}],"wp:term":[{"taxonomy":"category","embeddable":true,"href":"https:\/\/minutocerord.com\/index.php?rest_route=%2Fwp%2Fv2%2Fcategories&post=18534"},{"taxonomy":"post_tag","embeddable":true,"href":"https:\/\/minutocerord.com\/index.php?rest_route=%2Fwp%2Fv2%2Ftags&post=18534"}],"curies":[{"name":"wp","href":"https:\/\/api.w.org\/{rel}","templated":true}]}}