{"id":19419,"date":"2024-09-05T11:48:44","date_gmt":"2024-09-05T15:48:44","guid":{"rendered":"https:\/\/minutocerord.com\/?p=19419"},"modified":"2024-09-05T11:51:51","modified_gmt":"2024-09-05T15:51:51","slug":"opinion-el-periodista-corrupto-parte-de-la-epidemia-social","status":"publish","type":"post","link":"https:\/\/minutocerord.com\/?p=19419","title":{"rendered":"OPINI\u00d3N | El periodista corrupto, parte de la epidemia social"},"content":{"rendered":"\n<p class=\"\">Un\u00a0periodista honesto\u00a0es\u00a0aquel que\u00a0no se deja corromper,\u00a0que act\u00faa con doble honor, que\u00a0no est\u00e1 ni al lado ni atr\u00e1s de ning\u00fan poder, sino de frente sin importan las\u00a0consecuencias, que\u00a0es equilibrado, profundo, honesto, con buena reputaci\u00f3n\u00a0y fiel a los lectores y oyentes, m\u00e1s que al medio mismo, y no se deja doblegar por las ofertas y las tentaciones del mercado.<\/p>\n\n\n\n<p class=\"\">En la Rep\u00fablica Dominicana, para algunos ese periodista es la mayor\u00eda de la naci\u00f3n, pero, para otros es un ser en proceso de extinci\u00f3n, una ilusi\u00f3n perdida o que no existe.<\/p>\n\n\n\n<p class=\"\">En cambio, el periodista corrupto es todo lo contrario, forma parte de la epidemia social de las naciones, que no tiene escr\u00fapulos, ni le importa tener buena imagen, ni que hablen mal de \u00e9l, porque est\u00e1 en el mercado, y ejerce el periodismo al mejor postor. Es el periodista de chequera.<\/p>\n\n\n\n<p class=\"\">Es aquel que es sobornado con dinero o regalos por parte de funcionarios del Estado o empresas privadas, a cambio de servirles o guardar su silencio.<\/p>\n\n\n\n<p class=\"\">Es el avergozante, que vive para prosperar en una sociedad mediante relaciones promiscua con el Estado, determinados pol\u00edticos y otros sectores de poder.<\/p>\n\n\n\n<p class=\"\">Es tambi\u00e9n, aqu\u00e9l que no le es fiel a su medio, al recibir pagos de las fuentes que cubre, para que pierda su esp\u00edritu cr\u00edtico e investigativo, y se convierta en un corrupto m\u00e1s, que s\u00f3lo puede difundir las notas de prensa que le dan.<\/p>\n\n\n\n<p class=\"\">Es el que se alinea a una corriente pol\u00edtica, a un poder del Estado o a organizaciones criminales para obtener beneficios, a cambio de alterar las informaciones, distraer la opini\u00f3n p\u00fablica o ilegitimar los intereses de otros.<\/p>\n\n\n\n<p class=\"\">Por igual, es el que recibe un pago para defender casos judiciales en los medios de comunicaci\u00f3n de funcionarios corruptos, narcotraficantes y otros delincuentes con el objetivo de crear una falsa imagen de v\u00edctima, o de inocencia y provocar su impunidad.<\/p>\n\n\n\n<p class=\"\">Es aquel ga\u00f1\u00e1n, pataruco y zoquete que vocifera, insulta, dice malas palabras a diestra y siniestras y difunde campa\u00f1as reales o infundadas contra un determinado sector, en espera de que le compren su silencio.<\/p>\n\n\n\n<p class=\"\">Asimismo, es aquel que cubre una rueda de prensa y recibe un pago por la parte interesada, aunque sea simplemente para que le publique la nota o informaci\u00f3n y la haga con mayor inter\u00e9s.<\/p>\n\n\n\n<p class=\"\">Es adem\u00e1s, el que desinforma o difunde noticias faltas, conocidas como Fake News, para hacer da\u00f1os o provocar una tendencia.<\/p>\n\n\n\n<p class=\"\">Por igual, es el que est\u00e1 en un puesto ejecutivo de un medio de comunicaci\u00f3n, oficina de prensa o gremio period\u00edstico, y procura recibir beneficios econ\u00f3micos de sectores de poder, como casas, fincas, contrataciones p\u00fablicas, publicidad, empleos o \u201cbotellas\u201d para \u00e9l, su familia o allegados.<\/p>\n\n\n\n<p class=\"\">Es el que cobra por hacer entrevistas en los programas de paneles, una pr\u00e1ctica pecaminosa que forma parte del lado oscuro del periodismo y que la tergiversa, porque no discute el fondo de los temas, ni se busca la verdad sobre los casos de inter\u00e9s p\u00fablico, sino que se acomoda a los intereses del entrevistado, constituy\u00e9ndose en una especie de soborno.<\/p>\n\n\n\n<p class=\"\">Tambi\u00e9n, es el que practica la autocensura para evitar crear tendencias en contra de su defendido, o hacerle da\u00f1os con sus comentarios.<\/p>\n\n\n\n<p class=\"\">Es el que vive detr\u00e1s de los pol\u00edticos, congresistas, alcaldes, concejales, empresarios, jefes militares y policiales, neceando hasta la saciedad, para quitarle alg\u00fan beneficio econ\u00f3mico y constituy\u00e9ndose en una plaga social.<\/p>\n\n\n\n<p class=\"\">Y, es adem\u00e1s, coautor de la corrupci\u00f3n, el ejecutivo de un medio de comunicaci\u00f3n que permite que sus periodistas hagan esas y otras cosas.<\/p>\n\n\n\n<p class=\"\">En conclusi\u00f3n, el periodista corrupto es una plaga social a veces f\u00e1cil de identificar, pero dif\u00edcil de erradicar, que ejerce una profesi\u00f3n en detrimento de la verdad y en perjuicio de la sociedad, y que para que pueda ser fumigado y evitar su permisibilidad, se deben aprobar normativas legales claras y severas que funcionen y que castiguen esa pr\u00e1ctica pecaminosa.<\/p>\n\n\n\n<p class=\"\"><strong>Por David R. Lorenzo<\/strong><\/p>\n","protected":false},"excerpt":{"rendered":"<p>Un\u00a0periodista honesto\u00a0es\u00a0aquel que\u00a0no se deja corromper,\u00a0que act\u00faa con doble honor, que\u00a0no est\u00e1 ni al lado ni atr\u00e1s de ning\u00fan poder, sino de frente sin importan las\u00a0consecuencias, que\u00a0es equilibrado, profundo, honesto, con buena reputaci\u00f3n\u00a0y fiel a los lectores y oyentes, m\u00e1s que al medio mismo, y no se deja doblegar por las ofertas y las tentaciones [&hellip;]<\/p>\n","protected":false},"author":1,"featured_media":19420,"comment_status":"open","ping_status":"open","sticky":false,"template":"","format":"standard","meta":{"nf_dc_page":"","jetpack_post_was_ever_published":false,"_jetpack_newsletter_access":"","_jetpack_dont_email_post_to_subs":false,"_jetpack_newsletter_tier_id":0,"_jetpack_memberships_contains_paywalled_content":false,"_jetpack_memberships_contains_paid_content":false,"footnotes":"","jetpack_publicize_message":"","jetpack_publicize_feature_enabled":true,"jetpack_social_post_already_shared":true,"jetpack_social_options":{"image_generator_settings":{"template":"highway","default_image_id":0,"font":"","enabled":false},"version":2}},"categories":[69],"tags":[],"class_list":["post-19419","post","type-post","status-publish","format-standard","has-post-thumbnail","hentry","category-opinion"],"yoast_head":"<!-- This site is optimized with the Yoast SEO plugin v27.4 - https:\/\/yoast.com\/product\/yoast-seo-wordpress\/ -->\n<title>OPINI\u00d3N | El periodista corrupto, parte de la epidemia social - Minuto Cero RD<\/title>\n<meta name=\"robots\" content=\"index, follow, max-snippet:-1, max-image-preview:large, max-video-preview:-1\" \/>\n<link rel=\"canonical\" href=\"http:\/\/minutocerord.com\/?p=19419\" \/>\n<meta property=\"og:locale\" content=\"es_ES\" \/>\n<meta property=\"og:type\" content=\"article\" \/>\n<meta property=\"og:title\" content=\"OPINI\u00d3N | El periodista corrupto, parte de la epidemia social - Minuto Cero RD\" \/>\n<meta property=\"og:description\" content=\"Un\u00a0periodista honesto\u00a0es\u00a0aquel que\u00a0no se deja corromper,\u00a0que act\u00faa con doble honor, que\u00a0no est\u00e1 ni al lado ni atr\u00e1s de ning\u00fan poder, sino de frente sin importan las\u00a0consecuencias, que\u00a0es equilibrado, profundo, honesto, con buena reputaci\u00f3n\u00a0y fiel a los lectores y oyentes, m\u00e1s que al medio mismo, y no se deja doblegar por las ofertas y las tentaciones [&hellip;]\" \/>\n<meta property=\"og:url\" content=\"http:\/\/minutocerord.com\/?p=19419\" \/>\n<meta property=\"og:site_name\" content=\"Minuto Cero RD\" \/>\n<meta property=\"article:publisher\" content=\"https:\/\/www.facebook.com\/Genofnotes\" \/>\n<meta property=\"article:author\" content=\"https:\/\/www.facebook.com\/Genofnotes\" \/>\n<meta property=\"article:published_time\" content=\"2024-09-05T15:48:44+00:00\" \/>\n<meta property=\"article:modified_time\" content=\"2024-09-05T15:51:51+00:00\" \/>\n<meta property=\"og:image\" content=\"https:\/\/i0.wp.com\/minutocerord.com\/wp-content\/uploads\/2024\/09\/28DavidRLorenzo-680x375-1.jpg?fit=680%2C375\" \/>\n\t<meta property=\"og:image:width\" content=\"680\" \/>\n\t<meta property=\"og:image:height\" content=\"375\" \/>\n\t<meta property=\"og:image:type\" content=\"image\/jpeg\" \/>\n<meta name=\"author\" content=\"Genof\u00f3ntes Urb\u00e1ez\" \/>\n<meta name=\"twitter:card\" content=\"summary_large_image\" \/>\n<meta name=\"twitter:label1\" content=\"Written by\" \/>\n\t<meta name=\"twitter:data1\" content=\"Genof\u00f3ntes Urb\u00e1ez\" \/>\n\t<meta name=\"twitter:label2\" content=\"Est. reading time\" \/>\n\t<meta name=\"twitter:data2\" content=\"4 minutos\" \/>\n<script type=\"application\/ld+json\" class=\"yoast-schema-graph\">{\"@context\":\"https:\\\/\\\/schema.org\",\"@graph\":[{\"@type\":\"Article\",\"@id\":\"http:\\\/\\\/minutocerord.com\\\/?p=19419#article\",\"isPartOf\":{\"@id\":\"http:\\\/\\\/minutocerord.com\\\/?p=19419\"},\"author\":{\"name\":\"Genof\u00f3ntes Urb\u00e1ez\",\"@id\":\"https:\\\/\\\/minutocerord.com\\\/#\\\/schema\\\/person\\\/60b5372d60aaa0a5171fb6488be9aee6\"},\"headline\":\"OPINI\u00d3N | El periodista corrupto, parte de la epidemia social\",\"datePublished\":\"2024-09-05T15:48:44+00:00\",\"dateModified\":\"2024-09-05T15:51:51+00:00\",\"mainEntityOfPage\":{\"@id\":\"http:\\\/\\\/minutocerord.com\\\/?p=19419\"},\"wordCount\":717,\"commentCount\":0,\"publisher\":{\"@id\":\"https:\\\/\\\/minutocerord.com\\\/#\\\/schema\\\/person\\\/60b5372d60aaa0a5171fb6488be9aee6\"},\"image\":{\"@id\":\"http:\\\/\\\/minutocerord.com\\\/?p=19419#primaryimage\"},\"thumbnailUrl\":\"https:\\\/\\\/i0.wp.com\\\/minutocerord.com\\\/wp-content\\\/uploads\\\/2024\\\/09\\\/28DavidRLorenzo-680x375-1.jpg?fit=680%2C375&ssl=1\",\"articleSection\":[\"Opini\u00f3n\"],\"inLanguage\":\"es-DO\",\"potentialAction\":[{\"@type\":\"CommentAction\",\"name\":\"Comment\",\"target\":[\"http:\\\/\\\/minutocerord.com\\\/?p=19419#respond\"]}]},{\"@type\":\"WebPage\",\"@id\":\"http:\\\/\\\/minutocerord.com\\\/?p=19419\",\"url\":\"http:\\\/\\\/minutocerord.com\\\/?p=19419\",\"name\":\"OPINI\u00d3N | El periodista corrupto, parte de la epidemia social - Minuto Cero RD\",\"isPartOf\":{\"@id\":\"https:\\\/\\\/minutocerord.com\\\/#website\"},\"primaryImageOfPage\":{\"@id\":\"http:\\\/\\\/minutocerord.com\\\/?p=19419#primaryimage\"},\"image\":{\"@id\":\"http:\\\/\\\/minutocerord.com\\\/?p=19419#primaryimage\"},\"thumbnailUrl\":\"https:\\\/\\\/i0.wp.com\\\/minutocerord.com\\\/wp-content\\\/uploads\\\/2024\\\/09\\\/28DavidRLorenzo-680x375-1.jpg?fit=680%2C375&ssl=1\",\"datePublished\":\"2024-09-05T15:48:44+00:00\",\"dateModified\":\"2024-09-05T15:51:51+00:00\",\"breadcrumb\":{\"@id\":\"http:\\\/\\\/minutocerord.com\\\/?p=19419#breadcrumb\"},\"inLanguage\":\"es-DO\",\"potentialAction\":[{\"@type\":\"ReadAction\",\"target\":[\"http:\\\/\\\/minutocerord.com\\\/?p=19419\"]}]},{\"@type\":\"ImageObject\",\"inLanguage\":\"es-DO\",\"@id\":\"http:\\\/\\\/minutocerord.com\\\/?p=19419#primaryimage\",\"url\":\"https:\\\/\\\/i0.wp.com\\\/minutocerord.com\\\/wp-content\\\/uploads\\\/2024\\\/09\\\/28DavidRLorenzo-680x375-1.jpg?fit=680%2C375&ssl=1\",\"contentUrl\":\"https:\\\/\\\/i0.wp.com\\\/minutocerord.com\\\/wp-content\\\/uploads\\\/2024\\\/09\\\/28DavidRLorenzo-680x375-1.jpg?fit=680%2C375&ssl=1\",\"width\":680,\"height\":375,\"caption\":\"David Roberto Lorenzo Marte.\"},{\"@type\":\"BreadcrumbList\",\"@id\":\"http:\\\/\\\/minutocerord.com\\\/?p=19419#breadcrumb\",\"itemListElement\":[{\"@type\":\"ListItem\",\"position\":1,\"name\":\"Home\",\"item\":\"https:\\\/\\\/minutocerord.com\\\/\"},{\"@type\":\"ListItem\",\"position\":2,\"name\":\"OPINI\u00d3N | El periodista corrupto, parte de la epidemia social\"}]},{\"@type\":\"WebSite\",\"@id\":\"https:\\\/\\\/minutocerord.com\\\/#website\",\"url\":\"https:\\\/\\\/minutocerord.com\\\/\",\"name\":\"Minuto Cero RD\",\"description\":\"Periodismo serio y veraz\",\"publisher\":{\"@id\":\"https:\\\/\\\/minutocerord.com\\\/#\\\/schema\\\/person\\\/60b5372d60aaa0a5171fb6488be9aee6\"},\"potentialAction\":[{\"@type\":\"SearchAction\",\"target\":{\"@type\":\"EntryPoint\",\"urlTemplate\":\"https:\\\/\\\/minutocerord.com\\\/?s={search_term_string}\"},\"query-input\":{\"@type\":\"PropertyValueSpecification\",\"valueRequired\":true,\"valueName\":\"search_term_string\"}}],\"inLanguage\":\"es-DO\"},{\"@type\":[\"Person\",\"Organization\"],\"@id\":\"https:\\\/\\\/minutocerord.com\\\/#\\\/schema\\\/person\\\/60b5372d60aaa0a5171fb6488be9aee6\",\"name\":\"Genof\u00f3ntes Urb\u00e1ez\",\"image\":{\"@type\":\"ImageObject\",\"inLanguage\":\"es-DO\",\"@id\":\"https:\\\/\\\/secure.gravatar.com\\\/avatar\\\/a49ef3186a692098ac3e8a1612261e3ad70cf9e44553dff2929e67939a0ecb9d?s=96&d=identicon&r=g\",\"url\":\"https:\\\/\\\/secure.gravatar.com\\\/avatar\\\/a49ef3186a692098ac3e8a1612261e3ad70cf9e44553dff2929e67939a0ecb9d?s=96&d=identicon&r=g\",\"contentUrl\":\"https:\\\/\\\/secure.gravatar.com\\\/avatar\\\/a49ef3186a692098ac3e8a1612261e3ad70cf9e44553dff2929e67939a0ecb9d?s=96&d=identicon&r=g\",\"caption\":\"Genof\u00f3ntes Urb\u00e1ez\"},\"logo\":{\"@id\":\"https:\\\/\\\/secure.gravatar.com\\\/avatar\\\/a49ef3186a692098ac3e8a1612261e3ad70cf9e44553dff2929e67939a0ecb9d?s=96&d=identicon&r=g\"},\"description\":\"Periodista \\\/ Locutor\",\"sameAs\":[\"https:\\\/\\\/www.facebook.com\\\/Genofnotes\",\"https:\\\/\\\/www.instagram.com\\\/genofnotes\\\/\"]}]}<\/script>\n<!-- \/ Yoast SEO plugin. -->","yoast_head_json":{"title":"OPINI\u00d3N | El periodista corrupto, parte de la epidemia social - Minuto Cero RD","robots":{"index":"index","follow":"follow","max-snippet":"max-snippet:-1","max-image-preview":"max-image-preview:large","max-video-preview":"max-video-preview:-1"},"canonical":"http:\/\/minutocerord.com\/?p=19419","og_locale":"es_ES","og_type":"article","og_title":"OPINI\u00d3N | El periodista corrupto, parte de la epidemia social - Minuto Cero RD","og_description":"Un\u00a0periodista honesto\u00a0es\u00a0aquel que\u00a0no se deja corromper,\u00a0que act\u00faa con doble honor, que\u00a0no est\u00e1 ni al lado ni atr\u00e1s de ning\u00fan poder, sino de frente sin importan las\u00a0consecuencias, que\u00a0es equilibrado, profundo, honesto, con buena reputaci\u00f3n\u00a0y fiel a los lectores y oyentes, m\u00e1s que al medio mismo, y no se deja doblegar por las ofertas y las tentaciones [&hellip;]","og_url":"http:\/\/minutocerord.com\/?p=19419","og_site_name":"Minuto Cero RD","article_publisher":"https:\/\/www.facebook.com\/Genofnotes","article_author":"https:\/\/www.facebook.com\/Genofnotes","article_published_time":"2024-09-05T15:48:44+00:00","article_modified_time":"2024-09-05T15:51:51+00:00","og_image":[{"width":680,"height":375,"url":"https:\/\/i0.wp.com\/minutocerord.com\/wp-content\/uploads\/2024\/09\/28DavidRLorenzo-680x375-1.jpg?fit=680%2C375","type":"image\/jpeg"}],"author":"Genof\u00f3ntes Urb\u00e1ez","twitter_card":"summary_large_image","twitter_misc":{"Written by":"Genof\u00f3ntes Urb\u00e1ez","Est. reading time":"4 minutos"},"schema":{"@context":"https:\/\/schema.org","@graph":[{"@type":"Article","@id":"http:\/\/minutocerord.com\/?p=19419#article","isPartOf":{"@id":"http:\/\/minutocerord.com\/?p=19419"},"author":{"name":"Genof\u00f3ntes Urb\u00e1ez","@id":"https:\/\/minutocerord.com\/#\/schema\/person\/60b5372d60aaa0a5171fb6488be9aee6"},"headline":"OPINI\u00d3N | El periodista corrupto, parte de la epidemia social","datePublished":"2024-09-05T15:48:44+00:00","dateModified":"2024-09-05T15:51:51+00:00","mainEntityOfPage":{"@id":"http:\/\/minutocerord.com\/?p=19419"},"wordCount":717,"commentCount":0,"publisher":{"@id":"https:\/\/minutocerord.com\/#\/schema\/person\/60b5372d60aaa0a5171fb6488be9aee6"},"image":{"@id":"http:\/\/minutocerord.com\/?p=19419#primaryimage"},"thumbnailUrl":"https:\/\/i0.wp.com\/minutocerord.com\/wp-content\/uploads\/2024\/09\/28DavidRLorenzo-680x375-1.jpg?fit=680%2C375&ssl=1","articleSection":["Opini\u00f3n"],"inLanguage":"es-DO","potentialAction":[{"@type":"CommentAction","name":"Comment","target":["http:\/\/minutocerord.com\/?p=19419#respond"]}]},{"@type":"WebPage","@id":"http:\/\/minutocerord.com\/?p=19419","url":"http:\/\/minutocerord.com\/?p=19419","name":"OPINI\u00d3N | El periodista corrupto, parte de la epidemia social - Minuto Cero RD","isPartOf":{"@id":"https:\/\/minutocerord.com\/#website"},"primaryImageOfPage":{"@id":"http:\/\/minutocerord.com\/?p=19419#primaryimage"},"image":{"@id":"http:\/\/minutocerord.com\/?p=19419#primaryimage"},"thumbnailUrl":"https:\/\/i0.wp.com\/minutocerord.com\/wp-content\/uploads\/2024\/09\/28DavidRLorenzo-680x375-1.jpg?fit=680%2C375&ssl=1","datePublished":"2024-09-05T15:48:44+00:00","dateModified":"2024-09-05T15:51:51+00:00","breadcrumb":{"@id":"http:\/\/minutocerord.com\/?p=19419#breadcrumb"},"inLanguage":"es-DO","potentialAction":[{"@type":"ReadAction","target":["http:\/\/minutocerord.com\/?p=19419"]}]},{"@type":"ImageObject","inLanguage":"es-DO","@id":"http:\/\/minutocerord.com\/?p=19419#primaryimage","url":"https:\/\/i0.wp.com\/minutocerord.com\/wp-content\/uploads\/2024\/09\/28DavidRLorenzo-680x375-1.jpg?fit=680%2C375&ssl=1","contentUrl":"https:\/\/i0.wp.com\/minutocerord.com\/wp-content\/uploads\/2024\/09\/28DavidRLorenzo-680x375-1.jpg?fit=680%2C375&ssl=1","width":680,"height":375,"caption":"David Roberto Lorenzo Marte."},{"@type":"BreadcrumbList","@id":"http:\/\/minutocerord.com\/?p=19419#breadcrumb","itemListElement":[{"@type":"ListItem","position":1,"name":"Home","item":"https:\/\/minutocerord.com\/"},{"@type":"ListItem","position":2,"name":"OPINI\u00d3N | El periodista corrupto, parte de la epidemia social"}]},{"@type":"WebSite","@id":"https:\/\/minutocerord.com\/#website","url":"https:\/\/minutocerord.com\/","name":"Minuto Cero RD","description":"Periodismo serio y veraz","publisher":{"@id":"https:\/\/minutocerord.com\/#\/schema\/person\/60b5372d60aaa0a5171fb6488be9aee6"},"potentialAction":[{"@type":"SearchAction","target":{"@type":"EntryPoint","urlTemplate":"https:\/\/minutocerord.com\/?s={search_term_string}"},"query-input":{"@type":"PropertyValueSpecification","valueRequired":true,"valueName":"search_term_string"}}],"inLanguage":"es-DO"},{"@type":["Person","Organization"],"@id":"https:\/\/minutocerord.com\/#\/schema\/person\/60b5372d60aaa0a5171fb6488be9aee6","name":"Genof\u00f3ntes Urb\u00e1ez","image":{"@type":"ImageObject","inLanguage":"es-DO","@id":"https:\/\/secure.gravatar.com\/avatar\/a49ef3186a692098ac3e8a1612261e3ad70cf9e44553dff2929e67939a0ecb9d?s=96&d=identicon&r=g","url":"https:\/\/secure.gravatar.com\/avatar\/a49ef3186a692098ac3e8a1612261e3ad70cf9e44553dff2929e67939a0ecb9d?s=96&d=identicon&r=g","contentUrl":"https:\/\/secure.gravatar.com\/avatar\/a49ef3186a692098ac3e8a1612261e3ad70cf9e44553dff2929e67939a0ecb9d?s=96&d=identicon&r=g","caption":"Genof\u00f3ntes Urb\u00e1ez"},"logo":{"@id":"https:\/\/secure.gravatar.com\/avatar\/a49ef3186a692098ac3e8a1612261e3ad70cf9e44553dff2929e67939a0ecb9d?s=96&d=identicon&r=g"},"description":"Periodista \/ Locutor","sameAs":["https:\/\/www.facebook.com\/Genofnotes","https:\/\/www.instagram.com\/genofnotes\/"]}]}},"jetpack_publicize_connections":[],"jetpack_featured_media_url":"https:\/\/i0.wp.com\/minutocerord.com\/wp-content\/uploads\/2024\/09\/28DavidRLorenzo-680x375-1.jpg?fit=680%2C375&ssl=1","jetpack-related-posts":[],"jetpack_sharing_enabled":true,"_links":{"self":[{"href":"https:\/\/minutocerord.com\/index.php?rest_route=\/wp\/v2\/posts\/19419","targetHints":{"allow":["GET"]}}],"collection":[{"href":"https:\/\/minutocerord.com\/index.php?rest_route=\/wp\/v2\/posts"}],"about":[{"href":"https:\/\/minutocerord.com\/index.php?rest_route=\/wp\/v2\/types\/post"}],"author":[{"embeddable":true,"href":"https:\/\/minutocerord.com\/index.php?rest_route=\/wp\/v2\/users\/1"}],"replies":[{"embeddable":true,"href":"https:\/\/minutocerord.com\/index.php?rest_route=%2Fwp%2Fv2%2Fcomments&post=19419"}],"version-history":[{"count":2,"href":"https:\/\/minutocerord.com\/index.php?rest_route=\/wp\/v2\/posts\/19419\/revisions"}],"predecessor-version":[{"id":19422,"href":"https:\/\/minutocerord.com\/index.php?rest_route=\/wp\/v2\/posts\/19419\/revisions\/19422"}],"wp:featuredmedia":[{"embeddable":true,"href":"https:\/\/minutocerord.com\/index.php?rest_route=\/wp\/v2\/media\/19420"}],"wp:attachment":[{"href":"https:\/\/minutocerord.com\/index.php?rest_route=%2Fwp%2Fv2%2Fmedia&parent=19419"}],"wp:term":[{"taxonomy":"category","embeddable":true,"href":"https:\/\/minutocerord.com\/index.php?rest_route=%2Fwp%2Fv2%2Fcategories&post=19419"},{"taxonomy":"post_tag","embeddable":true,"href":"https:\/\/minutocerord.com\/index.php?rest_route=%2Fwp%2Fv2%2Ftags&post=19419"}],"curies":[{"name":"wp","href":"https:\/\/api.w.org\/{rel}","templated":true}]}}