{"id":19423,"date":"2024-09-05T19:50:45","date_gmt":"2024-09-05T23:50:45","guid":{"rendered":"https:\/\/minutocerord.com\/?p=19423"},"modified":"2024-09-05T19:50:48","modified_gmt":"2024-09-05T23:50:48","slug":"venezuela-video-diosdado-a-rd-yo-te-agarro-en-la-bajaita-tenemos-el-petroleo","status":"publish","type":"post","link":"https:\/\/minutocerord.com\/?p=19423","title":{"rendered":"VENEZUELA | Video: Diosdado a RD: \u00abYo te agarro en la bajaita, tenemos el petr\u00f3leo\u00bb"},"content":{"rendered":"\n<figure class=\"wp-block-video\"><video height=\"900\" style=\"aspect-ratio: 720 \/ 900;\" width=\"720\" controls src=\"https:\/\/minutocerord.com\/wp-content\/uploads\/2024\/09\/WhatsApp-Video-2024-09-05-at-4.31.25-PM.mp4\"><\/video><\/figure>\n\n\n\n<p class=\"\"><a href=\"https:\/\/almomento.net\/wp-content\/uploads\/2024\/09\/Diosdado-Cabello.jpg\"><\/a><strong>VENEZUELA.- <\/strong>El ministro de Interior, Justicia y Paz de\u00a0Venezuela,\u00a0Diosdado Cabello, lanz\u00f3 este jueves una advertencia directa al\u00a0Gobierno dominicano\u00a0durante su programa semanal \u00abCon el Mazo Dando\u00bb. En sus declaraciones, Cabello envi\u00f3 un mensaje contundente: \u201cYo te agarro en la bajaita, lo que tenemos petr\u00f3leo somos nosotros\u201d, en referencia a la dependencia energ\u00e9tica de la Rep\u00fablica Dominicana.<\/p>\n\n\n\n<p class=\"\">\u00abUno siempre dice, yo te agarro en la bajaita. Jai, Jai\u2026 Al Gobierno de dominicana; Jai, Jai, yo te agarro en la bajaita. Siempre pasa, siempre pasa. Lo que tenemos petr\u00f3leo somos nosotros\u00bb, expres\u00f3.<\/p>\n\n\n\n<p class=\"\">Estas declaraciones vienen a ra\u00edz de la confiscaci\u00f3n del avi\u00f3n oficial del presidente&nbsp;Nicol\u00e1s Maduro&nbsp;en suelo dominicano por orden de las autoridades de Estados Unidos.<\/p>\n\n\n\n<p class=\"\"><strong>PDVSA PROVEE PETROLEO A REP\u00daBLICA DOMINICANA Y OTROS PAISES<\/strong><\/p>\n\n\n\n<p class=\"\">Estas palabras han generado una ola de reacciones en el pa\u00eds, ya que Venezuela, a trav\u00e9s de su empresa estatal PDVSA, ha sido un importante proveedor de petr\u00f3leo para varios pa\u00edses del Caribe y Centroam\u00e9rica, incluido Rep\u00fablica Dominicana, que ha participado en el acuerdo de&nbsp;Petrocaribe.<\/p>\n\n\n\n<p class=\"\">En un momento donde la crisis energ\u00e9tica global impacta los precios del crudo, los comentarios de Cabello parecen ser un recordatorio de la influencia que a\u00fan ejerce Venezuela en el suministro de&nbsp;combustible&nbsp;en la regi\u00f3n.<\/p>\n","protected":false},"excerpt":{"rendered":"<p>VENEZUELA.- El ministro de Interior, Justicia y Paz de\u00a0Venezuela,\u00a0Diosdado Cabello, lanz\u00f3 este jueves una advertencia directa al\u00a0Gobierno dominicano\u00a0durante su programa semanal \u00abCon el Mazo Dando\u00bb. En sus declaraciones, Cabello envi\u00f3 un mensaje contundente: \u201cYo te agarro en la bajaita, lo que tenemos petr\u00f3leo somos nosotros\u201d, en referencia a la dependencia energ\u00e9tica de la Rep\u00fablica Dominicana. [&hellip;]<\/p>\n","protected":false},"author":1,"featured_media":19424,"comment_status":"open","ping_status":"open","sticky":false,"template":"","format":"standard","meta":{"nf_dc_page":"","jetpack_post_was_ever_published":false,"_jetpack_newsletter_access":"","_jetpack_dont_email_post_to_subs":false,"_jetpack_newsletter_tier_id":0,"_jetpack_memberships_contains_paywalled_content":false,"_jetpack_memberships_contains_paid_content":false,"footnotes":"","jetpack_publicize_message":"","jetpack_publicize_feature_enabled":true,"jetpack_social_post_already_shared":true,"jetpack_social_options":{"image_generator_settings":{"template":"highway","default_image_id":0,"font":"","enabled":false},"version":2}},"categories":[66],"tags":[],"class_list":["post-19423","post","type-post","status-publish","format-standard","has-post-thumbnail","hentry","category-internacionales"],"yoast_head":"<!-- This site is optimized with the Yoast SEO plugin v27.4 - https:\/\/yoast.com\/product\/yoast-seo-wordpress\/ -->\n<title>VENEZUELA | Video: Diosdado a RD: \u00abYo te agarro en la bajaita, tenemos el petr\u00f3leo\u00bb - Minuto Cero RD<\/title>\n<meta name=\"robots\" content=\"index, follow, max-snippet:-1, max-image-preview:large, max-video-preview:-1\" \/>\n<link rel=\"canonical\" href=\"http:\/\/minutocerord.com\/?p=19423\" \/>\n<meta property=\"og:locale\" content=\"es_ES\" \/>\n<meta property=\"og:type\" content=\"article\" \/>\n<meta property=\"og:title\" content=\"VENEZUELA | Video: Diosdado a RD: \u00abYo te agarro en la bajaita, tenemos el petr\u00f3leo\u00bb - Minuto Cero RD\" \/>\n<meta property=\"og:description\" content=\"VENEZUELA.- El ministro de Interior, Justicia y Paz de\u00a0Venezuela,\u00a0Diosdado Cabello, lanz\u00f3 este jueves una advertencia directa al\u00a0Gobierno dominicano\u00a0durante su programa semanal \u00abCon el Mazo Dando\u00bb. En sus declaraciones, Cabello envi\u00f3 un mensaje contundente: \u201cYo te agarro en la bajaita, lo que tenemos petr\u00f3leo somos nosotros\u201d, en referencia a la dependencia energ\u00e9tica de la Rep\u00fablica Dominicana. [&hellip;]\" \/>\n<meta property=\"og:url\" content=\"http:\/\/minutocerord.com\/?p=19423\" \/>\n<meta property=\"og:site_name\" content=\"Minuto Cero RD\" \/>\n<meta property=\"article:publisher\" content=\"https:\/\/www.facebook.com\/Genofnotes\" \/>\n<meta property=\"article:author\" content=\"https:\/\/www.facebook.com\/Genofnotes\" \/>\n<meta property=\"article:published_time\" content=\"2024-09-05T23:50:45+00:00\" \/>\n<meta property=\"article:modified_time\" content=\"2024-09-05T23:50:48+00:00\" \/>\n<meta property=\"og:image\" content=\"https:\/\/i0.wp.com\/minutocerord.com\/wp-content\/uploads\/2024\/09\/Diosdado-Cabello-1.jpg?fit=976%2C549\" \/>\n\t<meta property=\"og:image:width\" content=\"976\" \/>\n\t<meta property=\"og:image:height\" content=\"549\" \/>\n\t<meta property=\"og:image:type\" content=\"image\/jpeg\" \/>\n<meta name=\"author\" content=\"Genof\u00f3ntes Urb\u00e1ez\" \/>\n<meta name=\"twitter:card\" content=\"summary_large_image\" \/>\n<meta name=\"twitter:label1\" content=\"Written by\" \/>\n\t<meta name=\"twitter:data1\" content=\"Genof\u00f3ntes Urb\u00e1ez\" \/>\n\t<meta name=\"twitter:label2\" content=\"Est. reading time\" \/>\n\t<meta name=\"twitter:data2\" content=\"2 minutos\" \/>\n<script type=\"application\/ld+json\" class=\"yoast-schema-graph\">{\"@context\":\"https:\\\/\\\/schema.org\",\"@graph\":[{\"@type\":\"Article\",\"@id\":\"http:\\\/\\\/minutocerord.com\\\/?p=19423#article\",\"isPartOf\":{\"@id\":\"http:\\\/\\\/minutocerord.com\\\/?p=19423\"},\"author\":{\"name\":\"Genof\u00f3ntes Urb\u00e1ez\",\"@id\":\"https:\\\/\\\/minutocerord.com\\\/#\\\/schema\\\/person\\\/60b5372d60aaa0a5171fb6488be9aee6\"},\"headline\":\"VENEZUELA | Video: Diosdado a RD: \u00abYo te agarro en la bajaita, tenemos el petr\u00f3leo\u00bb\",\"datePublished\":\"2024-09-05T23:50:45+00:00\",\"dateModified\":\"2024-09-05T23:50:48+00:00\",\"mainEntityOfPage\":{\"@id\":\"http:\\\/\\\/minutocerord.com\\\/?p=19423\"},\"wordCount\":249,\"commentCount\":0,\"publisher\":{\"@id\":\"https:\\\/\\\/minutocerord.com\\\/#\\\/schema\\\/person\\\/60b5372d60aaa0a5171fb6488be9aee6\"},\"image\":{\"@id\":\"http:\\\/\\\/minutocerord.com\\\/?p=19423#primaryimage\"},\"thumbnailUrl\":\"https:\\\/\\\/i0.wp.com\\\/minutocerord.com\\\/wp-content\\\/uploads\\\/2024\\\/09\\\/Diosdado-Cabello-1.jpg?fit=976%2C549&ssl=1\",\"articleSection\":[\"Internacionales\"],\"inLanguage\":\"es-DO\",\"potentialAction\":[{\"@type\":\"CommentAction\",\"name\":\"Comment\",\"target\":[\"http:\\\/\\\/minutocerord.com\\\/?p=19423#respond\"]}]},{\"@type\":\"WebPage\",\"@id\":\"http:\\\/\\\/minutocerord.com\\\/?p=19423\",\"url\":\"http:\\\/\\\/minutocerord.com\\\/?p=19423\",\"name\":\"VENEZUELA | Video: Diosdado a RD: \u00abYo te agarro en la bajaita, tenemos el petr\u00f3leo\u00bb - Minuto Cero RD\",\"isPartOf\":{\"@id\":\"https:\\\/\\\/minutocerord.com\\\/#website\"},\"primaryImageOfPage\":{\"@id\":\"http:\\\/\\\/minutocerord.com\\\/?p=19423#primaryimage\"},\"image\":{\"@id\":\"http:\\\/\\\/minutocerord.com\\\/?p=19423#primaryimage\"},\"thumbnailUrl\":\"https:\\\/\\\/i0.wp.com\\\/minutocerord.com\\\/wp-content\\\/uploads\\\/2024\\\/09\\\/Diosdado-Cabello-1.jpg?fit=976%2C549&ssl=1\",\"datePublished\":\"2024-09-05T23:50:45+00:00\",\"dateModified\":\"2024-09-05T23:50:48+00:00\",\"breadcrumb\":{\"@id\":\"http:\\\/\\\/minutocerord.com\\\/?p=19423#breadcrumb\"},\"inLanguage\":\"es-DO\",\"potentialAction\":[{\"@type\":\"ReadAction\",\"target\":[\"http:\\\/\\\/minutocerord.com\\\/?p=19423\"]}]},{\"@type\":\"ImageObject\",\"inLanguage\":\"es-DO\",\"@id\":\"http:\\\/\\\/minutocerord.com\\\/?p=19423#primaryimage\",\"url\":\"https:\\\/\\\/i0.wp.com\\\/minutocerord.com\\\/wp-content\\\/uploads\\\/2024\\\/09\\\/Diosdado-Cabello-1.jpg?fit=976%2C549&ssl=1\",\"contentUrl\":\"https:\\\/\\\/i0.wp.com\\\/minutocerord.com\\\/wp-content\\\/uploads\\\/2024\\\/09\\\/Diosdado-Cabello-1.jpg?fit=976%2C549&ssl=1\",\"width\":976,\"height\":549,\"caption\":\"Diosdado Cabello.\"},{\"@type\":\"BreadcrumbList\",\"@id\":\"http:\\\/\\\/minutocerord.com\\\/?p=19423#breadcrumb\",\"itemListElement\":[{\"@type\":\"ListItem\",\"position\":1,\"name\":\"Home\",\"item\":\"https:\\\/\\\/minutocerord.com\\\/\"},{\"@type\":\"ListItem\",\"position\":2,\"name\":\"VENEZUELA | Video: Diosdado a RD: \u00abYo te agarro en la bajaita, tenemos el petr\u00f3leo\u00bb\"}]},{\"@type\":\"WebSite\",\"@id\":\"https:\\\/\\\/minutocerord.com\\\/#website\",\"url\":\"https:\\\/\\\/minutocerord.com\\\/\",\"name\":\"Minuto Cero RD\",\"description\":\"Periodismo serio y veraz\",\"publisher\":{\"@id\":\"https:\\\/\\\/minutocerord.com\\\/#\\\/schema\\\/person\\\/60b5372d60aaa0a5171fb6488be9aee6\"},\"potentialAction\":[{\"@type\":\"SearchAction\",\"target\":{\"@type\":\"EntryPoint\",\"urlTemplate\":\"https:\\\/\\\/minutocerord.com\\\/?s={search_term_string}\"},\"query-input\":{\"@type\":\"PropertyValueSpecification\",\"valueRequired\":true,\"valueName\":\"search_term_string\"}}],\"inLanguage\":\"es-DO\"},{\"@type\":[\"Person\",\"Organization\"],\"@id\":\"https:\\\/\\\/minutocerord.com\\\/#\\\/schema\\\/person\\\/60b5372d60aaa0a5171fb6488be9aee6\",\"name\":\"Genof\u00f3ntes Urb\u00e1ez\",\"image\":{\"@type\":\"ImageObject\",\"inLanguage\":\"es-DO\",\"@id\":\"https:\\\/\\\/secure.gravatar.com\\\/avatar\\\/a49ef3186a692098ac3e8a1612261e3ad70cf9e44553dff2929e67939a0ecb9d?s=96&d=identicon&r=g\",\"url\":\"https:\\\/\\\/secure.gravatar.com\\\/avatar\\\/a49ef3186a692098ac3e8a1612261e3ad70cf9e44553dff2929e67939a0ecb9d?s=96&d=identicon&r=g\",\"contentUrl\":\"https:\\\/\\\/secure.gravatar.com\\\/avatar\\\/a49ef3186a692098ac3e8a1612261e3ad70cf9e44553dff2929e67939a0ecb9d?s=96&d=identicon&r=g\",\"caption\":\"Genof\u00f3ntes Urb\u00e1ez\"},\"logo\":{\"@id\":\"https:\\\/\\\/secure.gravatar.com\\\/avatar\\\/a49ef3186a692098ac3e8a1612261e3ad70cf9e44553dff2929e67939a0ecb9d?s=96&d=identicon&r=g\"},\"description\":\"Periodista \\\/ Locutor\",\"sameAs\":[\"https:\\\/\\\/www.facebook.com\\\/Genofnotes\",\"https:\\\/\\\/www.instagram.com\\\/genofnotes\\\/\"]}]}<\/script>\n<!-- \/ Yoast SEO plugin. -->","yoast_head_json":{"title":"VENEZUELA | Video: Diosdado a RD: \u00abYo te agarro en la bajaita, tenemos el petr\u00f3leo\u00bb - Minuto Cero RD","robots":{"index":"index","follow":"follow","max-snippet":"max-snippet:-1","max-image-preview":"max-image-preview:large","max-video-preview":"max-video-preview:-1"},"canonical":"http:\/\/minutocerord.com\/?p=19423","og_locale":"es_ES","og_type":"article","og_title":"VENEZUELA | Video: Diosdado a RD: \u00abYo te agarro en la bajaita, tenemos el petr\u00f3leo\u00bb - Minuto Cero RD","og_description":"VENEZUELA.- El ministro de Interior, Justicia y Paz de\u00a0Venezuela,\u00a0Diosdado Cabello, lanz\u00f3 este jueves una advertencia directa al\u00a0Gobierno dominicano\u00a0durante su programa semanal \u00abCon el Mazo Dando\u00bb. En sus declaraciones, Cabello envi\u00f3 un mensaje contundente: \u201cYo te agarro en la bajaita, lo que tenemos petr\u00f3leo somos nosotros\u201d, en referencia a la dependencia energ\u00e9tica de la Rep\u00fablica Dominicana. [&hellip;]","og_url":"http:\/\/minutocerord.com\/?p=19423","og_site_name":"Minuto Cero RD","article_publisher":"https:\/\/www.facebook.com\/Genofnotes","article_author":"https:\/\/www.facebook.com\/Genofnotes","article_published_time":"2024-09-05T23:50:45+00:00","article_modified_time":"2024-09-05T23:50:48+00:00","og_image":[{"width":976,"height":549,"url":"https:\/\/i0.wp.com\/minutocerord.com\/wp-content\/uploads\/2024\/09\/Diosdado-Cabello-1.jpg?fit=976%2C549","type":"image\/jpeg"}],"author":"Genof\u00f3ntes Urb\u00e1ez","twitter_card":"summary_large_image","twitter_misc":{"Written by":"Genof\u00f3ntes Urb\u00e1ez","Est. reading time":"2 minutos"},"schema":{"@context":"https:\/\/schema.org","@graph":[{"@type":"Article","@id":"http:\/\/minutocerord.com\/?p=19423#article","isPartOf":{"@id":"http:\/\/minutocerord.com\/?p=19423"},"author":{"name":"Genof\u00f3ntes Urb\u00e1ez","@id":"https:\/\/minutocerord.com\/#\/schema\/person\/60b5372d60aaa0a5171fb6488be9aee6"},"headline":"VENEZUELA | Video: Diosdado a RD: \u00abYo te agarro en la bajaita, tenemos el petr\u00f3leo\u00bb","datePublished":"2024-09-05T23:50:45+00:00","dateModified":"2024-09-05T23:50:48+00:00","mainEntityOfPage":{"@id":"http:\/\/minutocerord.com\/?p=19423"},"wordCount":249,"commentCount":0,"publisher":{"@id":"https:\/\/minutocerord.com\/#\/schema\/person\/60b5372d60aaa0a5171fb6488be9aee6"},"image":{"@id":"http:\/\/minutocerord.com\/?p=19423#primaryimage"},"thumbnailUrl":"https:\/\/i0.wp.com\/minutocerord.com\/wp-content\/uploads\/2024\/09\/Diosdado-Cabello-1.jpg?fit=976%2C549&ssl=1","articleSection":["Internacionales"],"inLanguage":"es-DO","potentialAction":[{"@type":"CommentAction","name":"Comment","target":["http:\/\/minutocerord.com\/?p=19423#respond"]}]},{"@type":"WebPage","@id":"http:\/\/minutocerord.com\/?p=19423","url":"http:\/\/minutocerord.com\/?p=19423","name":"VENEZUELA | Video: Diosdado a RD: \u00abYo te agarro en la bajaita, tenemos el petr\u00f3leo\u00bb - Minuto Cero RD","isPartOf":{"@id":"https:\/\/minutocerord.com\/#website"},"primaryImageOfPage":{"@id":"http:\/\/minutocerord.com\/?p=19423#primaryimage"},"image":{"@id":"http:\/\/minutocerord.com\/?p=19423#primaryimage"},"thumbnailUrl":"https:\/\/i0.wp.com\/minutocerord.com\/wp-content\/uploads\/2024\/09\/Diosdado-Cabello-1.jpg?fit=976%2C549&ssl=1","datePublished":"2024-09-05T23:50:45+00:00","dateModified":"2024-09-05T23:50:48+00:00","breadcrumb":{"@id":"http:\/\/minutocerord.com\/?p=19423#breadcrumb"},"inLanguage":"es-DO","potentialAction":[{"@type":"ReadAction","target":["http:\/\/minutocerord.com\/?p=19423"]}]},{"@type":"ImageObject","inLanguage":"es-DO","@id":"http:\/\/minutocerord.com\/?p=19423#primaryimage","url":"https:\/\/i0.wp.com\/minutocerord.com\/wp-content\/uploads\/2024\/09\/Diosdado-Cabello-1.jpg?fit=976%2C549&ssl=1","contentUrl":"https:\/\/i0.wp.com\/minutocerord.com\/wp-content\/uploads\/2024\/09\/Diosdado-Cabello-1.jpg?fit=976%2C549&ssl=1","width":976,"height":549,"caption":"Diosdado Cabello."},{"@type":"BreadcrumbList","@id":"http:\/\/minutocerord.com\/?p=19423#breadcrumb","itemListElement":[{"@type":"ListItem","position":1,"name":"Home","item":"https:\/\/minutocerord.com\/"},{"@type":"ListItem","position":2,"name":"VENEZUELA | Video: Diosdado a RD: \u00abYo te agarro en la bajaita, tenemos el petr\u00f3leo\u00bb"}]},{"@type":"WebSite","@id":"https:\/\/minutocerord.com\/#website","url":"https:\/\/minutocerord.com\/","name":"Minuto Cero RD","description":"Periodismo serio y veraz","publisher":{"@id":"https:\/\/minutocerord.com\/#\/schema\/person\/60b5372d60aaa0a5171fb6488be9aee6"},"potentialAction":[{"@type":"SearchAction","target":{"@type":"EntryPoint","urlTemplate":"https:\/\/minutocerord.com\/?s={search_term_string}"},"query-input":{"@type":"PropertyValueSpecification","valueRequired":true,"valueName":"search_term_string"}}],"inLanguage":"es-DO"},{"@type":["Person","Organization"],"@id":"https:\/\/minutocerord.com\/#\/schema\/person\/60b5372d60aaa0a5171fb6488be9aee6","name":"Genof\u00f3ntes Urb\u00e1ez","image":{"@type":"ImageObject","inLanguage":"es-DO","@id":"https:\/\/secure.gravatar.com\/avatar\/a49ef3186a692098ac3e8a1612261e3ad70cf9e44553dff2929e67939a0ecb9d?s=96&d=identicon&r=g","url":"https:\/\/secure.gravatar.com\/avatar\/a49ef3186a692098ac3e8a1612261e3ad70cf9e44553dff2929e67939a0ecb9d?s=96&d=identicon&r=g","contentUrl":"https:\/\/secure.gravatar.com\/avatar\/a49ef3186a692098ac3e8a1612261e3ad70cf9e44553dff2929e67939a0ecb9d?s=96&d=identicon&r=g","caption":"Genof\u00f3ntes Urb\u00e1ez"},"logo":{"@id":"https:\/\/secure.gravatar.com\/avatar\/a49ef3186a692098ac3e8a1612261e3ad70cf9e44553dff2929e67939a0ecb9d?s=96&d=identicon&r=g"},"description":"Periodista \/ Locutor","sameAs":["https:\/\/www.facebook.com\/Genofnotes","https:\/\/www.instagram.com\/genofnotes\/"]}]}},"jetpack_publicize_connections":[],"jetpack_featured_media_url":"https:\/\/i0.wp.com\/minutocerord.com\/wp-content\/uploads\/2024\/09\/Diosdado-Cabello-1.jpg?fit=976%2C549&ssl=1","jetpack-related-posts":[],"jetpack_sharing_enabled":true,"_links":{"self":[{"href":"https:\/\/minutocerord.com\/index.php?rest_route=\/wp\/v2\/posts\/19423","targetHints":{"allow":["GET"]}}],"collection":[{"href":"https:\/\/minutocerord.com\/index.php?rest_route=\/wp\/v2\/posts"}],"about":[{"href":"https:\/\/minutocerord.com\/index.php?rest_route=\/wp\/v2\/types\/post"}],"author":[{"embeddable":true,"href":"https:\/\/minutocerord.com\/index.php?rest_route=\/wp\/v2\/users\/1"}],"replies":[{"embeddable":true,"href":"https:\/\/minutocerord.com\/index.php?rest_route=%2Fwp%2Fv2%2Fcomments&post=19423"}],"version-history":[{"count":1,"href":"https:\/\/minutocerord.com\/index.php?rest_route=\/wp\/v2\/posts\/19423\/revisions"}],"predecessor-version":[{"id":19426,"href":"https:\/\/minutocerord.com\/index.php?rest_route=\/wp\/v2\/posts\/19423\/revisions\/19426"}],"wp:featuredmedia":[{"embeddable":true,"href":"https:\/\/minutocerord.com\/index.php?rest_route=\/wp\/v2\/media\/19424"}],"wp:attachment":[{"href":"https:\/\/minutocerord.com\/index.php?rest_route=%2Fwp%2Fv2%2Fmedia&parent=19423"}],"wp:term":[{"taxonomy":"category","embeddable":true,"href":"https:\/\/minutocerord.com\/index.php?rest_route=%2Fwp%2Fv2%2Fcategories&post=19423"},{"taxonomy":"post_tag","embeddable":true,"href":"https:\/\/minutocerord.com\/index.php?rest_route=%2Fwp%2Fv2%2Ftags&post=19423"}],"curies":[{"name":"wp","href":"https:\/\/api.w.org\/{rel}","templated":true}]}}