{"id":19434,"date":"2024-09-05T20:18:15","date_gmt":"2024-09-06T00:18:15","guid":{"rendered":"https:\/\/minutocerord.com\/?p=19434"},"modified":"2024-09-05T20:18:18","modified_gmt":"2024-09-06T00:18:18","slug":"haiti-blinken-se-reune-con-autoridades-haitianas-con-la-esperanza-de-celebrar-elecciones-en-2025","status":"publish","type":"post","link":"https:\/\/minutocerord.com\/?p=19434","title":{"rendered":"HAITI | Blinken se re\u00fane con autoridades haitianas con la esperanza de celebrar elecciones en 2025"},"content":{"rendered":"\n<p class=\"\"><strong>PUERTO PRINCIPE.-<\/strong> El secretario de Estado de Estados Unidos, Antony Blinken, quien este jueves se reuni\u00f3 en Puerto Pr\u00edncipe con las autoridades de transici\u00f3n de Hait\u00ed, confi\u00f3 en que el pa\u00eds pueda celebrar elecciones en 2025, con la mejora de la seguridad tras el inicio de la misi\u00f3n multinacional liderada por Kenia.<\/p>\n\n\n\n<p class=\"\">&#8220;La seguridad es el cimiento de todo lo que debe suceder aqu\u00ed, incluido un camino hacia las elecciones el a\u00f1o pr\u00f3ximo, pero tambi\u00e9n para entregar servicios al pueblo haitiano&#8221;, indic\u00f3 Blinken ante la prensa, junto al primer ministro de Hait\u00ed, Garry Conille, en Puerto Pr\u00edncipe.<\/p>\n\n\n\n<p class=\"\">Blinken, el primer secretario de Estado que visita el empobrecido pa\u00eds caribe\u00f1o desde John Kerrry (en el cargo entre 2013 y 2017, durante el segundo mandato de Barack Obama), dijo que el siguiente paso &#8220;cr\u00edtico&#8221; es establecer un consejo electoral, algo que trat\u00f3 hoy con el presidente del Consejo Presidencial de Transici\u00f3n, Edgard Leblanc Fils.<\/p>\n","protected":false},"excerpt":{"rendered":"<p>PUERTO PRINCIPE.- El secretario de Estado de Estados Unidos, Antony Blinken, quien este jueves se reuni\u00f3 en Puerto Pr\u00edncipe con las autoridades de transici\u00f3n de Hait\u00ed, confi\u00f3 en que el pa\u00eds pueda celebrar elecciones en 2025, con la mejora de la seguridad tras el inicio de la misi\u00f3n multinacional liderada por Kenia. &#8220;La seguridad es [&hellip;]<\/p>\n","protected":false},"author":1,"featured_media":19435,"comment_status":"open","ping_status":"open","sticky":false,"template":"","format":"standard","meta":{"nf_dc_page":"","jetpack_post_was_ever_published":false,"_jetpack_newsletter_access":"","_jetpack_dont_email_post_to_subs":false,"_jetpack_newsletter_tier_id":0,"_jetpack_memberships_contains_paywalled_content":false,"_jetpack_memberships_contains_paid_content":false,"footnotes":"","jetpack_publicize_message":"","jetpack_publicize_feature_enabled":true,"jetpack_social_post_already_shared":true,"jetpack_social_options":{"image_generator_settings":{"template":"highway","default_image_id":0,"font":"","enabled":false},"version":2}},"categories":[75],"tags":[],"class_list":["post-19434","post","type-post","status-publish","format-standard","has-post-thumbnail","hentry","category-haiti"],"yoast_head":"<!-- This site is optimized with the Yoast SEO plugin v27.4 - https:\/\/yoast.com\/product\/yoast-seo-wordpress\/ -->\n<title>HAITI | Blinken se re\u00fane con autoridades haitianas con la esperanza de celebrar elecciones en 2025 - Minuto Cero RD<\/title>\n<meta name=\"robots\" content=\"index, follow, max-snippet:-1, max-image-preview:large, max-video-preview:-1\" \/>\n<link rel=\"canonical\" href=\"http:\/\/minutocerord.com\/?p=19434\" \/>\n<meta property=\"og:locale\" content=\"es_ES\" \/>\n<meta property=\"og:type\" content=\"article\" \/>\n<meta property=\"og:title\" content=\"HAITI | Blinken se re\u00fane con autoridades haitianas con la esperanza de celebrar elecciones en 2025 - Minuto Cero RD\" \/>\n<meta property=\"og:description\" content=\"PUERTO PRINCIPE.- El secretario de Estado de Estados Unidos, Antony Blinken, quien este jueves se reuni\u00f3 en Puerto Pr\u00edncipe con las autoridades de transici\u00f3n de Hait\u00ed, confi\u00f3 en que el pa\u00eds pueda celebrar elecciones en 2025, con la mejora de la seguridad tras el inicio de la misi\u00f3n multinacional liderada por Kenia. &#8220;La seguridad es [&hellip;]\" \/>\n<meta property=\"og:url\" content=\"http:\/\/minutocerord.com\/?p=19434\" \/>\n<meta property=\"og:site_name\" content=\"Minuto Cero RD\" \/>\n<meta property=\"article:publisher\" content=\"https:\/\/www.facebook.com\/Genofnotes\" \/>\n<meta property=\"article:author\" content=\"https:\/\/www.facebook.com\/Genofnotes\" \/>\n<meta property=\"article:published_time\" content=\"2024-09-06T00:18:15+00:00\" \/>\n<meta property=\"article:modified_time\" content=\"2024-09-06T00:18:18+00:00\" \/>\n<meta property=\"og:image\" content=\"https:\/\/i0.wp.com\/minutocerord.com\/wp-content\/uploads\/2024\/09\/crisis-en-haiti-blinken-se-reune-con-autoridades-haitianas-focus-0-0-896-504-1.jpg?fit=896%2C504\" \/>\n\t<meta property=\"og:image:width\" content=\"896\" \/>\n\t<meta property=\"og:image:height\" content=\"504\" \/>\n\t<meta property=\"og:image:type\" content=\"image\/jpeg\" \/>\n<meta name=\"author\" content=\"Genof\u00f3ntes Urb\u00e1ez\" \/>\n<meta name=\"twitter:card\" content=\"summary_large_image\" \/>\n<meta name=\"twitter:label1\" content=\"Written by\" \/>\n\t<meta name=\"twitter:data1\" content=\"Genof\u00f3ntes Urb\u00e1ez\" \/>\n\t<meta name=\"twitter:label2\" content=\"Est. reading time\" \/>\n\t<meta name=\"twitter:data2\" content=\"1 minuto\" \/>\n<script type=\"application\/ld+json\" class=\"yoast-schema-graph\">{\"@context\":\"https:\\\/\\\/schema.org\",\"@graph\":[{\"@type\":\"Article\",\"@id\":\"http:\\\/\\\/minutocerord.com\\\/?p=19434#article\",\"isPartOf\":{\"@id\":\"http:\\\/\\\/minutocerord.com\\\/?p=19434\"},\"author\":{\"name\":\"Genof\u00f3ntes Urb\u00e1ez\",\"@id\":\"https:\\\/\\\/minutocerord.com\\\/#\\\/schema\\\/person\\\/60b5372d60aaa0a5171fb6488be9aee6\"},\"headline\":\"HAITI | Blinken se re\u00fane con autoridades haitianas con la esperanza de celebrar elecciones en 2025\",\"datePublished\":\"2024-09-06T00:18:15+00:00\",\"dateModified\":\"2024-09-06T00:18:18+00:00\",\"mainEntityOfPage\":{\"@id\":\"http:\\\/\\\/minutocerord.com\\\/?p=19434\"},\"wordCount\":177,\"commentCount\":0,\"publisher\":{\"@id\":\"https:\\\/\\\/minutocerord.com\\\/#\\\/schema\\\/person\\\/60b5372d60aaa0a5171fb6488be9aee6\"},\"image\":{\"@id\":\"http:\\\/\\\/minutocerord.com\\\/?p=19434#primaryimage\"},\"thumbnailUrl\":\"https:\\\/\\\/i0.wp.com\\\/minutocerord.com\\\/wp-content\\\/uploads\\\/2024\\\/09\\\/crisis-en-haiti-blinken-se-reune-con-autoridades-haitianas-focus-0-0-896-504-1.jpg?fit=896%2C504&ssl=1\",\"articleSection\":[\"Hait\u00ed\"],\"inLanguage\":\"es-DO\",\"potentialAction\":[{\"@type\":\"CommentAction\",\"name\":\"Comment\",\"target\":[\"http:\\\/\\\/minutocerord.com\\\/?p=19434#respond\"]}]},{\"@type\":\"WebPage\",\"@id\":\"http:\\\/\\\/minutocerord.com\\\/?p=19434\",\"url\":\"http:\\\/\\\/minutocerord.com\\\/?p=19434\",\"name\":\"HAITI | Blinken se re\u00fane con autoridades haitianas con la esperanza de celebrar elecciones en 2025 - Minuto Cero RD\",\"isPartOf\":{\"@id\":\"https:\\\/\\\/minutocerord.com\\\/#website\"},\"primaryImageOfPage\":{\"@id\":\"http:\\\/\\\/minutocerord.com\\\/?p=19434#primaryimage\"},\"image\":{\"@id\":\"http:\\\/\\\/minutocerord.com\\\/?p=19434#primaryimage\"},\"thumbnailUrl\":\"https:\\\/\\\/i0.wp.com\\\/minutocerord.com\\\/wp-content\\\/uploads\\\/2024\\\/09\\\/crisis-en-haiti-blinken-se-reune-con-autoridades-haitianas-focus-0-0-896-504-1.jpg?fit=896%2C504&ssl=1\",\"datePublished\":\"2024-09-06T00:18:15+00:00\",\"dateModified\":\"2024-09-06T00:18:18+00:00\",\"breadcrumb\":{\"@id\":\"http:\\\/\\\/minutocerord.com\\\/?p=19434#breadcrumb\"},\"inLanguage\":\"es-DO\",\"potentialAction\":[{\"@type\":\"ReadAction\",\"target\":[\"http:\\\/\\\/minutocerord.com\\\/?p=19434\"]}]},{\"@type\":\"ImageObject\",\"inLanguage\":\"es-DO\",\"@id\":\"http:\\\/\\\/minutocerord.com\\\/?p=19434#primaryimage\",\"url\":\"https:\\\/\\\/i0.wp.com\\\/minutocerord.com\\\/wp-content\\\/uploads\\\/2024\\\/09\\\/crisis-en-haiti-blinken-se-reune-con-autoridades-haitianas-focus-0-0-896-504-1.jpg?fit=896%2C504&ssl=1\",\"contentUrl\":\"https:\\\/\\\/i0.wp.com\\\/minutocerord.com\\\/wp-content\\\/uploads\\\/2024\\\/09\\\/crisis-en-haiti-blinken-se-reune-con-autoridades-haitianas-focus-0-0-896-504-1.jpg?fit=896%2C504&ssl=1\",\"width\":896,\"height\":504},{\"@type\":\"BreadcrumbList\",\"@id\":\"http:\\\/\\\/minutocerord.com\\\/?p=19434#breadcrumb\",\"itemListElement\":[{\"@type\":\"ListItem\",\"position\":1,\"name\":\"Home\",\"item\":\"https:\\\/\\\/minutocerord.com\\\/\"},{\"@type\":\"ListItem\",\"position\":2,\"name\":\"HAITI | Blinken se re\u00fane con autoridades haitianas con la esperanza de celebrar elecciones en 2025\"}]},{\"@type\":\"WebSite\",\"@id\":\"https:\\\/\\\/minutocerord.com\\\/#website\",\"url\":\"https:\\\/\\\/minutocerord.com\\\/\",\"name\":\"Minuto Cero RD\",\"description\":\"Periodismo serio y veraz\",\"publisher\":{\"@id\":\"https:\\\/\\\/minutocerord.com\\\/#\\\/schema\\\/person\\\/60b5372d60aaa0a5171fb6488be9aee6\"},\"potentialAction\":[{\"@type\":\"SearchAction\",\"target\":{\"@type\":\"EntryPoint\",\"urlTemplate\":\"https:\\\/\\\/minutocerord.com\\\/?s={search_term_string}\"},\"query-input\":{\"@type\":\"PropertyValueSpecification\",\"valueRequired\":true,\"valueName\":\"search_term_string\"}}],\"inLanguage\":\"es-DO\"},{\"@type\":[\"Person\",\"Organization\"],\"@id\":\"https:\\\/\\\/minutocerord.com\\\/#\\\/schema\\\/person\\\/60b5372d60aaa0a5171fb6488be9aee6\",\"name\":\"Genof\u00f3ntes Urb\u00e1ez\",\"image\":{\"@type\":\"ImageObject\",\"inLanguage\":\"es-DO\",\"@id\":\"https:\\\/\\\/secure.gravatar.com\\\/avatar\\\/a49ef3186a692098ac3e8a1612261e3ad70cf9e44553dff2929e67939a0ecb9d?s=96&d=identicon&r=g\",\"url\":\"https:\\\/\\\/secure.gravatar.com\\\/avatar\\\/a49ef3186a692098ac3e8a1612261e3ad70cf9e44553dff2929e67939a0ecb9d?s=96&d=identicon&r=g\",\"contentUrl\":\"https:\\\/\\\/secure.gravatar.com\\\/avatar\\\/a49ef3186a692098ac3e8a1612261e3ad70cf9e44553dff2929e67939a0ecb9d?s=96&d=identicon&r=g\",\"caption\":\"Genof\u00f3ntes Urb\u00e1ez\"},\"logo\":{\"@id\":\"https:\\\/\\\/secure.gravatar.com\\\/avatar\\\/a49ef3186a692098ac3e8a1612261e3ad70cf9e44553dff2929e67939a0ecb9d?s=96&d=identicon&r=g\"},\"description\":\"Periodista \\\/ Locutor\",\"sameAs\":[\"https:\\\/\\\/www.facebook.com\\\/Genofnotes\",\"https:\\\/\\\/www.instagram.com\\\/genofnotes\\\/\"]}]}<\/script>\n<!-- \/ Yoast SEO plugin. -->","yoast_head_json":{"title":"HAITI | Blinken se re\u00fane con autoridades haitianas con la esperanza de celebrar elecciones en 2025 - Minuto Cero RD","robots":{"index":"index","follow":"follow","max-snippet":"max-snippet:-1","max-image-preview":"max-image-preview:large","max-video-preview":"max-video-preview:-1"},"canonical":"http:\/\/minutocerord.com\/?p=19434","og_locale":"es_ES","og_type":"article","og_title":"HAITI | Blinken se re\u00fane con autoridades haitianas con la esperanza de celebrar elecciones en 2025 - Minuto Cero RD","og_description":"PUERTO PRINCIPE.- El secretario de Estado de Estados Unidos, Antony Blinken, quien este jueves se reuni\u00f3 en Puerto Pr\u00edncipe con las autoridades de transici\u00f3n de Hait\u00ed, confi\u00f3 en que el pa\u00eds pueda celebrar elecciones en 2025, con la mejora de la seguridad tras el inicio de la misi\u00f3n multinacional liderada por Kenia. &#8220;La seguridad es [&hellip;]","og_url":"http:\/\/minutocerord.com\/?p=19434","og_site_name":"Minuto Cero RD","article_publisher":"https:\/\/www.facebook.com\/Genofnotes","article_author":"https:\/\/www.facebook.com\/Genofnotes","article_published_time":"2024-09-06T00:18:15+00:00","article_modified_time":"2024-09-06T00:18:18+00:00","og_image":[{"width":896,"height":504,"url":"https:\/\/i0.wp.com\/minutocerord.com\/wp-content\/uploads\/2024\/09\/crisis-en-haiti-blinken-se-reune-con-autoridades-haitianas-focus-0-0-896-504-1.jpg?fit=896%2C504","type":"image\/jpeg"}],"author":"Genof\u00f3ntes Urb\u00e1ez","twitter_card":"summary_large_image","twitter_misc":{"Written by":"Genof\u00f3ntes Urb\u00e1ez","Est. reading time":"1 minuto"},"schema":{"@context":"https:\/\/schema.org","@graph":[{"@type":"Article","@id":"http:\/\/minutocerord.com\/?p=19434#article","isPartOf":{"@id":"http:\/\/minutocerord.com\/?p=19434"},"author":{"name":"Genof\u00f3ntes Urb\u00e1ez","@id":"https:\/\/minutocerord.com\/#\/schema\/person\/60b5372d60aaa0a5171fb6488be9aee6"},"headline":"HAITI | Blinken se re\u00fane con autoridades haitianas con la esperanza de celebrar elecciones en 2025","datePublished":"2024-09-06T00:18:15+00:00","dateModified":"2024-09-06T00:18:18+00:00","mainEntityOfPage":{"@id":"http:\/\/minutocerord.com\/?p=19434"},"wordCount":177,"commentCount":0,"publisher":{"@id":"https:\/\/minutocerord.com\/#\/schema\/person\/60b5372d60aaa0a5171fb6488be9aee6"},"image":{"@id":"http:\/\/minutocerord.com\/?p=19434#primaryimage"},"thumbnailUrl":"https:\/\/i0.wp.com\/minutocerord.com\/wp-content\/uploads\/2024\/09\/crisis-en-haiti-blinken-se-reune-con-autoridades-haitianas-focus-0-0-896-504-1.jpg?fit=896%2C504&ssl=1","articleSection":["Hait\u00ed"],"inLanguage":"es-DO","potentialAction":[{"@type":"CommentAction","name":"Comment","target":["http:\/\/minutocerord.com\/?p=19434#respond"]}]},{"@type":"WebPage","@id":"http:\/\/minutocerord.com\/?p=19434","url":"http:\/\/minutocerord.com\/?p=19434","name":"HAITI | Blinken se re\u00fane con autoridades haitianas con la esperanza de celebrar elecciones en 2025 - Minuto Cero RD","isPartOf":{"@id":"https:\/\/minutocerord.com\/#website"},"primaryImageOfPage":{"@id":"http:\/\/minutocerord.com\/?p=19434#primaryimage"},"image":{"@id":"http:\/\/minutocerord.com\/?p=19434#primaryimage"},"thumbnailUrl":"https:\/\/i0.wp.com\/minutocerord.com\/wp-content\/uploads\/2024\/09\/crisis-en-haiti-blinken-se-reune-con-autoridades-haitianas-focus-0-0-896-504-1.jpg?fit=896%2C504&ssl=1","datePublished":"2024-09-06T00:18:15+00:00","dateModified":"2024-09-06T00:18:18+00:00","breadcrumb":{"@id":"http:\/\/minutocerord.com\/?p=19434#breadcrumb"},"inLanguage":"es-DO","potentialAction":[{"@type":"ReadAction","target":["http:\/\/minutocerord.com\/?p=19434"]}]},{"@type":"ImageObject","inLanguage":"es-DO","@id":"http:\/\/minutocerord.com\/?p=19434#primaryimage","url":"https:\/\/i0.wp.com\/minutocerord.com\/wp-content\/uploads\/2024\/09\/crisis-en-haiti-blinken-se-reune-con-autoridades-haitianas-focus-0-0-896-504-1.jpg?fit=896%2C504&ssl=1","contentUrl":"https:\/\/i0.wp.com\/minutocerord.com\/wp-content\/uploads\/2024\/09\/crisis-en-haiti-blinken-se-reune-con-autoridades-haitianas-focus-0-0-896-504-1.jpg?fit=896%2C504&ssl=1","width":896,"height":504},{"@type":"BreadcrumbList","@id":"http:\/\/minutocerord.com\/?p=19434#breadcrumb","itemListElement":[{"@type":"ListItem","position":1,"name":"Home","item":"https:\/\/minutocerord.com\/"},{"@type":"ListItem","position":2,"name":"HAITI | Blinken se re\u00fane con autoridades haitianas con la esperanza de celebrar elecciones en 2025"}]},{"@type":"WebSite","@id":"https:\/\/minutocerord.com\/#website","url":"https:\/\/minutocerord.com\/","name":"Minuto Cero RD","description":"Periodismo serio y veraz","publisher":{"@id":"https:\/\/minutocerord.com\/#\/schema\/person\/60b5372d60aaa0a5171fb6488be9aee6"},"potentialAction":[{"@type":"SearchAction","target":{"@type":"EntryPoint","urlTemplate":"https:\/\/minutocerord.com\/?s={search_term_string}"},"query-input":{"@type":"PropertyValueSpecification","valueRequired":true,"valueName":"search_term_string"}}],"inLanguage":"es-DO"},{"@type":["Person","Organization"],"@id":"https:\/\/minutocerord.com\/#\/schema\/person\/60b5372d60aaa0a5171fb6488be9aee6","name":"Genof\u00f3ntes Urb\u00e1ez","image":{"@type":"ImageObject","inLanguage":"es-DO","@id":"https:\/\/secure.gravatar.com\/avatar\/a49ef3186a692098ac3e8a1612261e3ad70cf9e44553dff2929e67939a0ecb9d?s=96&d=identicon&r=g","url":"https:\/\/secure.gravatar.com\/avatar\/a49ef3186a692098ac3e8a1612261e3ad70cf9e44553dff2929e67939a0ecb9d?s=96&d=identicon&r=g","contentUrl":"https:\/\/secure.gravatar.com\/avatar\/a49ef3186a692098ac3e8a1612261e3ad70cf9e44553dff2929e67939a0ecb9d?s=96&d=identicon&r=g","caption":"Genof\u00f3ntes Urb\u00e1ez"},"logo":{"@id":"https:\/\/secure.gravatar.com\/avatar\/a49ef3186a692098ac3e8a1612261e3ad70cf9e44553dff2929e67939a0ecb9d?s=96&d=identicon&r=g"},"description":"Periodista \/ Locutor","sameAs":["https:\/\/www.facebook.com\/Genofnotes","https:\/\/www.instagram.com\/genofnotes\/"]}]}},"jetpack_publicize_connections":[],"jetpack_featured_media_url":"https:\/\/i0.wp.com\/minutocerord.com\/wp-content\/uploads\/2024\/09\/crisis-en-haiti-blinken-se-reune-con-autoridades-haitianas-focus-0-0-896-504-1.jpg?fit=896%2C504&ssl=1","jetpack-related-posts":[],"jetpack_sharing_enabled":true,"_links":{"self":[{"href":"https:\/\/minutocerord.com\/index.php?rest_route=\/wp\/v2\/posts\/19434","targetHints":{"allow":["GET"]}}],"collection":[{"href":"https:\/\/minutocerord.com\/index.php?rest_route=\/wp\/v2\/posts"}],"about":[{"href":"https:\/\/minutocerord.com\/index.php?rest_route=\/wp\/v2\/types\/post"}],"author":[{"embeddable":true,"href":"https:\/\/minutocerord.com\/index.php?rest_route=\/wp\/v2\/users\/1"}],"replies":[{"embeddable":true,"href":"https:\/\/minutocerord.com\/index.php?rest_route=%2Fwp%2Fv2%2Fcomments&post=19434"}],"version-history":[{"count":1,"href":"https:\/\/minutocerord.com\/index.php?rest_route=\/wp\/v2\/posts\/19434\/revisions"}],"predecessor-version":[{"id":19436,"href":"https:\/\/minutocerord.com\/index.php?rest_route=\/wp\/v2\/posts\/19434\/revisions\/19436"}],"wp:featuredmedia":[{"embeddable":true,"href":"https:\/\/minutocerord.com\/index.php?rest_route=\/wp\/v2\/media\/19435"}],"wp:attachment":[{"href":"https:\/\/minutocerord.com\/index.php?rest_route=%2Fwp%2Fv2%2Fmedia&parent=19434"}],"wp:term":[{"taxonomy":"category","embeddable":true,"href":"https:\/\/minutocerord.com\/index.php?rest_route=%2Fwp%2Fv2%2Fcategories&post=19434"},{"taxonomy":"post_tag","embeddable":true,"href":"https:\/\/minutocerord.com\/index.php?rest_route=%2Fwp%2Fv2%2Ftags&post=19434"}],"curies":[{"name":"wp","href":"https:\/\/api.w.org\/{rel}","templated":true}]}}