{"id":19438,"date":"2024-09-06T08:34:49","date_gmt":"2024-09-06T12:34:49","guid":{"rendered":"https:\/\/minutocerord.com\/?p=19438"},"modified":"2024-09-06T08:34:53","modified_gmt":"2024-09-06T12:34:53","slug":"santo-domingo-secretario-eu-llego-este-jueves-a-rd-se-reunira-hoy-con-abinader","status":"publish","type":"post","link":"https:\/\/minutocerord.com\/?p=19438","title":{"rendered":"SANTO DOMINGO | Secretario EU lleg\u00f3 este jueves a RD, se reunir\u00e1 hoy con Abinader"},"content":{"rendered":"\n<p class=\"\"><a href=\"https:\/\/almomento.net\/wp-content\/uploads\/2024\/09\/WhatsApp-Image-2024-09-05-at-8.49.00-PM.jpeg\"><\/a><strong>Santo Domingo, RD.- <\/strong>El secretario de Estado estadounidense, Antony Blinken, lleg\u00f3 la noche de este jueves a la Rep\u00fablica Dominicana, con cuyo presidente, Luis Abinader, abordar\u00e1 hoy \u00abtemas de inter\u00e9s com\u00fan\u00bb, seg\u00fan ha adelantado la Presidencia local.<\/p>\n\n\n\n<p class=\"\">Blinken arrib\u00f3 alrededor de las 07.45 de la noche al Aeropuerto Internacional de Las Am\u00e9ricas, en Santo Domingo, procedente del vecino Hait\u00ed, donde este jueves se entrevist\u00f3 con las autoridades de transici\u00f3n.<\/p>\n\n\n\n<p class=\"\">La agenda del alto funcionario estadounidense incluye un encuentro privado a partir de las 10.00 de la ma\u00f1ana del viernes con Abinader en el Palacio Nacional, donde posteriormente ambos participar\u00e1n en una reuni\u00f3n bilateral m\u00e1s amplia con miembros de ambas delegaciones.<\/p>\n\n\n\n<p class=\"\"><strong>HABLAR\u00c1N A PERIODISTAS SOBRE LO TRATADO<\/strong><\/p>\n\n\n\n<p class=\"\">Luego de los encuentros, los dos pol\u00edticos ofrecer\u00e1n declaraciones a la prensa \u00abpara destacar los puntos abordados en las reuniones\u00bb, de acuerdo con un comunicado de la Presidencia.<\/p>\n\n\n\n<p class=\"\">La jornada concluir\u00e1 con un almuerzo oficial en el Palacio Nacional, \u00abdonde continuar\u00e1n las conversaciones en un ambiente m\u00e1s distendido\u00bb, concluy\u00f3 la nota.<\/p>\n\n\n\n<p class=\"\">En concreto, Blinken abordar\u00e1 con Abinader asuntos relativos a la seguridad en haitiana y hablar\u00e1 sobre la necesidad de unas \u00abrelaciones m\u00e1s normales\u00bb entre Santo Domingo y Puerto Pr\u00edncipe\u00bb, seg\u00fan adelant\u00f3 a la prensa la v\u00edspera el encargado de Am\u00e9rica Latina para el Departamento de Estado de EE.UU., Brian Nichols.<\/p>\n\n\n\n<p class=\"\">\u00abDesde luego esperamos ver unas relaciones m\u00e1s normales entre la Rep\u00fablica Dominicana y Hait\u00ed. Estos pa\u00edses est\u00e1n naturalmente vinculados y ser\u00e1 algo que tendremos en las conversaciones con sus l\u00edderes a ambos lados de la frontera\u00bb, indic\u00f3 Nichols en una llamada con la prensa.<\/p>\n\n\n\n<p class=\"\"><strong>&nbsp;SIGNIFICATIVA ASISTENCIA DOMINICANA A HAITI<\/strong><\/p>\n\n\n\n<p class=\"\">Destac\u00f3 tambi\u00e9n que Rep\u00fablica Dominicana aporta una \u00absignificativa\u00bb asistencia a Hait\u00ed y que Washington espera \u00abver que los lazos entre los dos pa\u00edses operan con normalidad en el futuro\u00bb, en referencia a las relaciones en ocasiones complicadas entre ambos vecinos, como ocurri\u00f3 el a\u00f1o pasado a ra\u00edz de la construcci\u00f3n por parte haitiana de un canal en el fronterizo r\u00edo Masacre o Dajab\u00f3n.<\/p>\n\n\n\n<p class=\"\">Entre otras medidas, en septiembre pasado Abinader orden\u00f3 el cierre de fronteras por aire, mar y tierra con Hait\u00ed en protesta por la construcci\u00f3n del canal, que calific\u00f3 de \u00abinsensatez\u00bb.<\/p>\n\n\n\n<p class=\"\">Un comunicado de la embajada de Estados Unidos en la Rep\u00fablica Dominicana agrega que durante la visita Blinken y el presidente Abinader reforzar\u00e1n \u00abnuestra estrecha asociaci\u00f3n de larga data\u00bb y dialogar\u00e1n sobre la colaboraci\u00f3n para avanzar en el crecimiento econ\u00f3mico inclusivo, defender los derechos humanos y promover la buena gobernanza, la seguridad y la resiliencia clim\u00e1tica en la regi\u00f3n.<\/p>\n","protected":false},"excerpt":{"rendered":"<p>Santo Domingo, RD.- El secretario de Estado estadounidense, Antony Blinken, lleg\u00f3 la noche de este jueves a la Rep\u00fablica Dominicana, con cuyo presidente, Luis Abinader, abordar\u00e1 hoy \u00abtemas de inter\u00e9s com\u00fan\u00bb, seg\u00fan ha adelantado la Presidencia local. Blinken arrib\u00f3 alrededor de las 07.45 de la noche al Aeropuerto Internacional de Las Am\u00e9ricas, en Santo Domingo, [&hellip;]<\/p>\n","protected":false},"author":1,"featured_media":19439,"comment_status":"open","ping_status":"open","sticky":false,"template":"","format":"standard","meta":{"nf_dc_page":"","jetpack_post_was_ever_published":false,"_jetpack_newsletter_access":"","_jetpack_dont_email_post_to_subs":false,"_jetpack_newsletter_tier_id":0,"_jetpack_memberships_contains_paywalled_content":false,"_jetpack_memberships_contains_paid_content":false,"footnotes":"","jetpack_publicize_message":"","jetpack_publicize_feature_enabled":true,"jetpack_social_post_already_shared":true,"jetpack_social_options":{"image_generator_settings":{"template":"highway","default_image_id":0,"font":"","enabled":false},"version":2}},"categories":[102],"tags":[],"class_list":["post-19438","post","type-post","status-publish","format-standard","has-post-thumbnail","hentry","category-santo-domingo"],"yoast_head":"<!-- This site is optimized with the Yoast SEO plugin v27.4 - https:\/\/yoast.com\/product\/yoast-seo-wordpress\/ -->\n<title>SANTO DOMINGO | Secretario EU lleg\u00f3 este jueves a RD, se reunir\u00e1 hoy con Abinader - Minuto Cero RD<\/title>\n<meta name=\"robots\" content=\"index, follow, max-snippet:-1, max-image-preview:large, max-video-preview:-1\" \/>\n<link rel=\"canonical\" href=\"http:\/\/minutocerord.com\/?p=19438\" \/>\n<meta property=\"og:locale\" content=\"es_ES\" \/>\n<meta property=\"og:type\" content=\"article\" \/>\n<meta property=\"og:title\" content=\"SANTO DOMINGO | Secretario EU lleg\u00f3 este jueves a RD, se reunir\u00e1 hoy con Abinader - Minuto Cero RD\" \/>\n<meta property=\"og:description\" content=\"Santo Domingo, RD.- El secretario de Estado estadounidense, Antony Blinken, lleg\u00f3 la noche de este jueves a la Rep\u00fablica Dominicana, con cuyo presidente, Luis Abinader, abordar\u00e1 hoy \u00abtemas de inter\u00e9s com\u00fan\u00bb, seg\u00fan ha adelantado la Presidencia local. Blinken arrib\u00f3 alrededor de las 07.45 de la noche al Aeropuerto Internacional de Las Am\u00e9ricas, en Santo Domingo, [&hellip;]\" \/>\n<meta property=\"og:url\" content=\"http:\/\/minutocerord.com\/?p=19438\" \/>\n<meta property=\"og:site_name\" content=\"Minuto Cero RD\" \/>\n<meta property=\"article:publisher\" content=\"https:\/\/www.facebook.com\/Genofnotes\" \/>\n<meta property=\"article:author\" content=\"https:\/\/www.facebook.com\/Genofnotes\" \/>\n<meta property=\"article:published_time\" content=\"2024-09-06T12:34:49+00:00\" \/>\n<meta property=\"article:modified_time\" content=\"2024-09-06T12:34:53+00:00\" \/>\n<meta property=\"og:image\" content=\"https:\/\/i0.wp.com\/minutocerord.com\/wp-content\/uploads\/2024\/09\/WhatsApp-Image-2024-09-05-at-8.49.00-PM.jpg?fit=1125%2C719\" \/>\n\t<meta property=\"og:image:width\" content=\"1125\" \/>\n\t<meta property=\"og:image:height\" content=\"719\" \/>\n\t<meta property=\"og:image:type\" content=\"image\/jpeg\" \/>\n<meta name=\"author\" content=\"Genof\u00f3ntes Urb\u00e1ez\" \/>\n<meta name=\"twitter:card\" content=\"summary_large_image\" \/>\n<meta name=\"twitter:label1\" content=\"Written by\" \/>\n\t<meta name=\"twitter:data1\" content=\"Genof\u00f3ntes Urb\u00e1ez\" \/>\n\t<meta name=\"twitter:label2\" content=\"Est. reading time\" \/>\n\t<meta name=\"twitter:data2\" content=\"3 minutos\" \/>\n<script type=\"application\/ld+json\" class=\"yoast-schema-graph\">{\"@context\":\"https:\\\/\\\/schema.org\",\"@graph\":[{\"@type\":\"Article\",\"@id\":\"http:\\\/\\\/minutocerord.com\\\/?p=19438#article\",\"isPartOf\":{\"@id\":\"http:\\\/\\\/minutocerord.com\\\/?p=19438\"},\"author\":{\"name\":\"Genof\u00f3ntes Urb\u00e1ez\",\"@id\":\"https:\\\/\\\/minutocerord.com\\\/#\\\/schema\\\/person\\\/60b5372d60aaa0a5171fb6488be9aee6\"},\"headline\":\"SANTO DOMINGO | Secretario EU lleg\u00f3 este jueves a RD, se reunir\u00e1 hoy con Abinader\",\"datePublished\":\"2024-09-06T12:34:49+00:00\",\"dateModified\":\"2024-09-06T12:34:53+00:00\",\"mainEntityOfPage\":{\"@id\":\"http:\\\/\\\/minutocerord.com\\\/?p=19438\"},\"wordCount\":475,\"commentCount\":0,\"publisher\":{\"@id\":\"https:\\\/\\\/minutocerord.com\\\/#\\\/schema\\\/person\\\/60b5372d60aaa0a5171fb6488be9aee6\"},\"image\":{\"@id\":\"http:\\\/\\\/minutocerord.com\\\/?p=19438#primaryimage\"},\"thumbnailUrl\":\"https:\\\/\\\/i0.wp.com\\\/minutocerord.com\\\/wp-content\\\/uploads\\\/2024\\\/09\\\/WhatsApp-Image-2024-09-05-at-8.49.00-PM.jpg?fit=1125%2C719&ssl=1\",\"articleSection\":[\"Santo Domingo\"],\"inLanguage\":\"es-DO\",\"potentialAction\":[{\"@type\":\"CommentAction\",\"name\":\"Comment\",\"target\":[\"http:\\\/\\\/minutocerord.com\\\/?p=19438#respond\"]}]},{\"@type\":\"WebPage\",\"@id\":\"http:\\\/\\\/minutocerord.com\\\/?p=19438\",\"url\":\"http:\\\/\\\/minutocerord.com\\\/?p=19438\",\"name\":\"SANTO DOMINGO | Secretario EU lleg\u00f3 este jueves a RD, se reunir\u00e1 hoy con Abinader - Minuto Cero RD\",\"isPartOf\":{\"@id\":\"https:\\\/\\\/minutocerord.com\\\/#website\"},\"primaryImageOfPage\":{\"@id\":\"http:\\\/\\\/minutocerord.com\\\/?p=19438#primaryimage\"},\"image\":{\"@id\":\"http:\\\/\\\/minutocerord.com\\\/?p=19438#primaryimage\"},\"thumbnailUrl\":\"https:\\\/\\\/i0.wp.com\\\/minutocerord.com\\\/wp-content\\\/uploads\\\/2024\\\/09\\\/WhatsApp-Image-2024-09-05-at-8.49.00-PM.jpg?fit=1125%2C719&ssl=1\",\"datePublished\":\"2024-09-06T12:34:49+00:00\",\"dateModified\":\"2024-09-06T12:34:53+00:00\",\"breadcrumb\":{\"@id\":\"http:\\\/\\\/minutocerord.com\\\/?p=19438#breadcrumb\"},\"inLanguage\":\"es-DO\",\"potentialAction\":[{\"@type\":\"ReadAction\",\"target\":[\"http:\\\/\\\/minutocerord.com\\\/?p=19438\"]}]},{\"@type\":\"ImageObject\",\"inLanguage\":\"es-DO\",\"@id\":\"http:\\\/\\\/minutocerord.com\\\/?p=19438#primaryimage\",\"url\":\"https:\\\/\\\/i0.wp.com\\\/minutocerord.com\\\/wp-content\\\/uploads\\\/2024\\\/09\\\/WhatsApp-Image-2024-09-05-at-8.49.00-PM.jpg?fit=1125%2C719&ssl=1\",\"contentUrl\":\"https:\\\/\\\/i0.wp.com\\\/minutocerord.com\\\/wp-content\\\/uploads\\\/2024\\\/09\\\/WhatsApp-Image-2024-09-05-at-8.49.00-PM.jpg?fit=1125%2C719&ssl=1\",\"width\":1125,\"height\":719},{\"@type\":\"BreadcrumbList\",\"@id\":\"http:\\\/\\\/minutocerord.com\\\/?p=19438#breadcrumb\",\"itemListElement\":[{\"@type\":\"ListItem\",\"position\":1,\"name\":\"Home\",\"item\":\"https:\\\/\\\/minutocerord.com\\\/\"},{\"@type\":\"ListItem\",\"position\":2,\"name\":\"SANTO DOMINGO | Secretario EU lleg\u00f3 este jueves a RD, se reunir\u00e1 hoy con Abinader\"}]},{\"@type\":\"WebSite\",\"@id\":\"https:\\\/\\\/minutocerord.com\\\/#website\",\"url\":\"https:\\\/\\\/minutocerord.com\\\/\",\"name\":\"Minuto Cero RD\",\"description\":\"Periodismo serio y veraz\",\"publisher\":{\"@id\":\"https:\\\/\\\/minutocerord.com\\\/#\\\/schema\\\/person\\\/60b5372d60aaa0a5171fb6488be9aee6\"},\"potentialAction\":[{\"@type\":\"SearchAction\",\"target\":{\"@type\":\"EntryPoint\",\"urlTemplate\":\"https:\\\/\\\/minutocerord.com\\\/?s={search_term_string}\"},\"query-input\":{\"@type\":\"PropertyValueSpecification\",\"valueRequired\":true,\"valueName\":\"search_term_string\"}}],\"inLanguage\":\"es-DO\"},{\"@type\":[\"Person\",\"Organization\"],\"@id\":\"https:\\\/\\\/minutocerord.com\\\/#\\\/schema\\\/person\\\/60b5372d60aaa0a5171fb6488be9aee6\",\"name\":\"Genof\u00f3ntes Urb\u00e1ez\",\"image\":{\"@type\":\"ImageObject\",\"inLanguage\":\"es-DO\",\"@id\":\"https:\\\/\\\/secure.gravatar.com\\\/avatar\\\/a49ef3186a692098ac3e8a1612261e3ad70cf9e44553dff2929e67939a0ecb9d?s=96&d=identicon&r=g\",\"url\":\"https:\\\/\\\/secure.gravatar.com\\\/avatar\\\/a49ef3186a692098ac3e8a1612261e3ad70cf9e44553dff2929e67939a0ecb9d?s=96&d=identicon&r=g\",\"contentUrl\":\"https:\\\/\\\/secure.gravatar.com\\\/avatar\\\/a49ef3186a692098ac3e8a1612261e3ad70cf9e44553dff2929e67939a0ecb9d?s=96&d=identicon&r=g\",\"caption\":\"Genof\u00f3ntes Urb\u00e1ez\"},\"logo\":{\"@id\":\"https:\\\/\\\/secure.gravatar.com\\\/avatar\\\/a49ef3186a692098ac3e8a1612261e3ad70cf9e44553dff2929e67939a0ecb9d?s=96&d=identicon&r=g\"},\"description\":\"Periodista \\\/ Locutor\",\"sameAs\":[\"https:\\\/\\\/www.facebook.com\\\/Genofnotes\",\"https:\\\/\\\/www.instagram.com\\\/genofnotes\\\/\"]}]}<\/script>\n<!-- \/ Yoast SEO plugin. -->","yoast_head_json":{"title":"SANTO DOMINGO | Secretario EU lleg\u00f3 este jueves a RD, se reunir\u00e1 hoy con Abinader - Minuto Cero RD","robots":{"index":"index","follow":"follow","max-snippet":"max-snippet:-1","max-image-preview":"max-image-preview:large","max-video-preview":"max-video-preview:-1"},"canonical":"http:\/\/minutocerord.com\/?p=19438","og_locale":"es_ES","og_type":"article","og_title":"SANTO DOMINGO | Secretario EU lleg\u00f3 este jueves a RD, se reunir\u00e1 hoy con Abinader - Minuto Cero RD","og_description":"Santo Domingo, RD.- El secretario de Estado estadounidense, Antony Blinken, lleg\u00f3 la noche de este jueves a la Rep\u00fablica Dominicana, con cuyo presidente, Luis Abinader, abordar\u00e1 hoy \u00abtemas de inter\u00e9s com\u00fan\u00bb, seg\u00fan ha adelantado la Presidencia local. Blinken arrib\u00f3 alrededor de las 07.45 de la noche al Aeropuerto Internacional de Las Am\u00e9ricas, en Santo Domingo, [&hellip;]","og_url":"http:\/\/minutocerord.com\/?p=19438","og_site_name":"Minuto Cero RD","article_publisher":"https:\/\/www.facebook.com\/Genofnotes","article_author":"https:\/\/www.facebook.com\/Genofnotes","article_published_time":"2024-09-06T12:34:49+00:00","article_modified_time":"2024-09-06T12:34:53+00:00","og_image":[{"width":1125,"height":719,"url":"https:\/\/i0.wp.com\/minutocerord.com\/wp-content\/uploads\/2024\/09\/WhatsApp-Image-2024-09-05-at-8.49.00-PM.jpg?fit=1125%2C719","type":"image\/jpeg"}],"author":"Genof\u00f3ntes Urb\u00e1ez","twitter_card":"summary_large_image","twitter_misc":{"Written by":"Genof\u00f3ntes Urb\u00e1ez","Est. reading time":"3 minutos"},"schema":{"@context":"https:\/\/schema.org","@graph":[{"@type":"Article","@id":"http:\/\/minutocerord.com\/?p=19438#article","isPartOf":{"@id":"http:\/\/minutocerord.com\/?p=19438"},"author":{"name":"Genof\u00f3ntes Urb\u00e1ez","@id":"https:\/\/minutocerord.com\/#\/schema\/person\/60b5372d60aaa0a5171fb6488be9aee6"},"headline":"SANTO DOMINGO | Secretario EU lleg\u00f3 este jueves a RD, se reunir\u00e1 hoy con Abinader","datePublished":"2024-09-06T12:34:49+00:00","dateModified":"2024-09-06T12:34:53+00:00","mainEntityOfPage":{"@id":"http:\/\/minutocerord.com\/?p=19438"},"wordCount":475,"commentCount":0,"publisher":{"@id":"https:\/\/minutocerord.com\/#\/schema\/person\/60b5372d60aaa0a5171fb6488be9aee6"},"image":{"@id":"http:\/\/minutocerord.com\/?p=19438#primaryimage"},"thumbnailUrl":"https:\/\/i0.wp.com\/minutocerord.com\/wp-content\/uploads\/2024\/09\/WhatsApp-Image-2024-09-05-at-8.49.00-PM.jpg?fit=1125%2C719&ssl=1","articleSection":["Santo Domingo"],"inLanguage":"es-DO","potentialAction":[{"@type":"CommentAction","name":"Comment","target":["http:\/\/minutocerord.com\/?p=19438#respond"]}]},{"@type":"WebPage","@id":"http:\/\/minutocerord.com\/?p=19438","url":"http:\/\/minutocerord.com\/?p=19438","name":"SANTO DOMINGO | Secretario EU lleg\u00f3 este jueves a RD, se reunir\u00e1 hoy con Abinader - Minuto Cero RD","isPartOf":{"@id":"https:\/\/minutocerord.com\/#website"},"primaryImageOfPage":{"@id":"http:\/\/minutocerord.com\/?p=19438#primaryimage"},"image":{"@id":"http:\/\/minutocerord.com\/?p=19438#primaryimage"},"thumbnailUrl":"https:\/\/i0.wp.com\/minutocerord.com\/wp-content\/uploads\/2024\/09\/WhatsApp-Image-2024-09-05-at-8.49.00-PM.jpg?fit=1125%2C719&ssl=1","datePublished":"2024-09-06T12:34:49+00:00","dateModified":"2024-09-06T12:34:53+00:00","breadcrumb":{"@id":"http:\/\/minutocerord.com\/?p=19438#breadcrumb"},"inLanguage":"es-DO","potentialAction":[{"@type":"ReadAction","target":["http:\/\/minutocerord.com\/?p=19438"]}]},{"@type":"ImageObject","inLanguage":"es-DO","@id":"http:\/\/minutocerord.com\/?p=19438#primaryimage","url":"https:\/\/i0.wp.com\/minutocerord.com\/wp-content\/uploads\/2024\/09\/WhatsApp-Image-2024-09-05-at-8.49.00-PM.jpg?fit=1125%2C719&ssl=1","contentUrl":"https:\/\/i0.wp.com\/minutocerord.com\/wp-content\/uploads\/2024\/09\/WhatsApp-Image-2024-09-05-at-8.49.00-PM.jpg?fit=1125%2C719&ssl=1","width":1125,"height":719},{"@type":"BreadcrumbList","@id":"http:\/\/minutocerord.com\/?p=19438#breadcrumb","itemListElement":[{"@type":"ListItem","position":1,"name":"Home","item":"https:\/\/minutocerord.com\/"},{"@type":"ListItem","position":2,"name":"SANTO DOMINGO | Secretario EU lleg\u00f3 este jueves a RD, se reunir\u00e1 hoy con Abinader"}]},{"@type":"WebSite","@id":"https:\/\/minutocerord.com\/#website","url":"https:\/\/minutocerord.com\/","name":"Minuto Cero RD","description":"Periodismo serio y veraz","publisher":{"@id":"https:\/\/minutocerord.com\/#\/schema\/person\/60b5372d60aaa0a5171fb6488be9aee6"},"potentialAction":[{"@type":"SearchAction","target":{"@type":"EntryPoint","urlTemplate":"https:\/\/minutocerord.com\/?s={search_term_string}"},"query-input":{"@type":"PropertyValueSpecification","valueRequired":true,"valueName":"search_term_string"}}],"inLanguage":"es-DO"},{"@type":["Person","Organization"],"@id":"https:\/\/minutocerord.com\/#\/schema\/person\/60b5372d60aaa0a5171fb6488be9aee6","name":"Genof\u00f3ntes Urb\u00e1ez","image":{"@type":"ImageObject","inLanguage":"es-DO","@id":"https:\/\/secure.gravatar.com\/avatar\/a49ef3186a692098ac3e8a1612261e3ad70cf9e44553dff2929e67939a0ecb9d?s=96&d=identicon&r=g","url":"https:\/\/secure.gravatar.com\/avatar\/a49ef3186a692098ac3e8a1612261e3ad70cf9e44553dff2929e67939a0ecb9d?s=96&d=identicon&r=g","contentUrl":"https:\/\/secure.gravatar.com\/avatar\/a49ef3186a692098ac3e8a1612261e3ad70cf9e44553dff2929e67939a0ecb9d?s=96&d=identicon&r=g","caption":"Genof\u00f3ntes Urb\u00e1ez"},"logo":{"@id":"https:\/\/secure.gravatar.com\/avatar\/a49ef3186a692098ac3e8a1612261e3ad70cf9e44553dff2929e67939a0ecb9d?s=96&d=identicon&r=g"},"description":"Periodista \/ Locutor","sameAs":["https:\/\/www.facebook.com\/Genofnotes","https:\/\/www.instagram.com\/genofnotes\/"]}]}},"jetpack_publicize_connections":[],"jetpack_featured_media_url":"https:\/\/i0.wp.com\/minutocerord.com\/wp-content\/uploads\/2024\/09\/WhatsApp-Image-2024-09-05-at-8.49.00-PM.jpg?fit=1125%2C719&ssl=1","jetpack-related-posts":[],"jetpack_sharing_enabled":true,"_links":{"self":[{"href":"https:\/\/minutocerord.com\/index.php?rest_route=\/wp\/v2\/posts\/19438","targetHints":{"allow":["GET"]}}],"collection":[{"href":"https:\/\/minutocerord.com\/index.php?rest_route=\/wp\/v2\/posts"}],"about":[{"href":"https:\/\/minutocerord.com\/index.php?rest_route=\/wp\/v2\/types\/post"}],"author":[{"embeddable":true,"href":"https:\/\/minutocerord.com\/index.php?rest_route=\/wp\/v2\/users\/1"}],"replies":[{"embeddable":true,"href":"https:\/\/minutocerord.com\/index.php?rest_route=%2Fwp%2Fv2%2Fcomments&post=19438"}],"version-history":[{"count":1,"href":"https:\/\/minutocerord.com\/index.php?rest_route=\/wp\/v2\/posts\/19438\/revisions"}],"predecessor-version":[{"id":19440,"href":"https:\/\/minutocerord.com\/index.php?rest_route=\/wp\/v2\/posts\/19438\/revisions\/19440"}],"wp:featuredmedia":[{"embeddable":true,"href":"https:\/\/minutocerord.com\/index.php?rest_route=\/wp\/v2\/media\/19439"}],"wp:attachment":[{"href":"https:\/\/minutocerord.com\/index.php?rest_route=%2Fwp%2Fv2%2Fmedia&parent=19438"}],"wp:term":[{"taxonomy":"category","embeddable":true,"href":"https:\/\/minutocerord.com\/index.php?rest_route=%2Fwp%2Fv2%2Fcategories&post=19438"},{"taxonomy":"post_tag","embeddable":true,"href":"https:\/\/minutocerord.com\/index.php?rest_route=%2Fwp%2Fv2%2Ftags&post=19438"}],"curies":[{"name":"wp","href":"https:\/\/api.w.org\/{rel}","templated":true}]}}