{"id":19530,"date":"2024-09-11T16:02:47","date_gmt":"2024-09-11T20:02:47","guid":{"rendered":"https:\/\/minutocerord.com\/?p=19530"},"modified":"2024-09-11T16:02:50","modified_gmt":"2024-09-11T20:02:50","slug":"el-clima-aguaceros-y-tormentas-electricas-rd-por-vaguada-y-onda-tropical","status":"publish","type":"post","link":"https:\/\/minutocerord.com\/?p=19530","title":{"rendered":"EL CLIMA | Aguaceros y tormentas el\u00e9ctricas RD por vaguada y onda tropical"},"content":{"rendered":"\n<p class=\"\"><strong>Santo Domingo .-<\/strong> Aguaceros y tormentas el\u00e9ctricas se registran este mi\u00e9rcoles en distintas zonas de la Rep\u00fablica Dominicana a causa de una vaguada y una onda tropical, que inciden sobre el territorio nacional, aunque las temperaturas siguen elevadas.<\/p>\n\n\n\n<p class=\"\">La combinaci\u00f3n de ambos fen\u00f3menos favorece concentraciones nubosas desde las primeras horas matutinas, gener\u00e1ndose chubascos locales sobre las localidades de las regiones noreste y el litoral costero caribe\u00f1o.<\/p>\n\n\n\n<p class=\"\">Estos aguaceros se han intensificado&nbsp; desde el mediod\u00eda hacia otros sectores de las regiones: noreste, norte, cordillera central y la zona fronteriza, a medida que la onda tropical se mueva hacia el oeste, produciendo aguaceros con tormentas el\u00e9ctricas y ocasionales r\u00e1fagas especialmente sobre&nbsp;<strong>El Gran Santo Domingo, San Pedro de Macor\u00eds, Hato Mayor, El Seibo, Monte Plata, S\u00e1nchez Ram\u00edrez y Azua.<\/strong><\/p>\n\n\n\n<p class=\"\"><strong>Asimismo, sobre San Juan, El\u00edas Pi\u00f1a, Dajab\u00f3n, Santiago Rodr\u00edguez, Independencia, Bahoruco, La Vega, Monse\u00f1or Nouel, Duarte y Santiago, entre otras cercanas.<\/strong><\/p>\n\n\n\n<p class=\"\"><strong>HURAC\u00c1N FRANCINE<\/strong><\/p>\n\n\n\n<p class=\"\">Respecto al hurac\u00e1n Francine, localizado a 360 kil\u00f3metros al este\/noreste del R\u00edo Grande y con vientos m\u00e1ximos sostenidos en 150 kph, el Indomet precis\u00f3 que por su ubicaci\u00f3n y movimiento no ofrece ning\u00fan peligro para el territorio nacional.<\/p>\n\n\n\n<p class=\"\">En otro orden, inform\u00f3 de que sigue monitoreo dos \u00e1reas de disturbio tropical. La primera est\u00e1 ubicada en el Atl\u00e1ntico Central, al este de las Antillas Menores, con un 30% de probabilidad para desarrollarse en un cicl\u00f3n tropical en las pr\u00f3ximas 48 horas.<\/p>\n\n\n\n<p class=\"\">La segunda se encuentra a cientos de kil\u00f3metros al suroeste de las Islas de Cabo Verde, con un 40 % en 48 horas y un 80% en siete d\u00edas. EFE<\/p>\n","protected":false},"excerpt":{"rendered":"<p>Santo Domingo .- Aguaceros y tormentas el\u00e9ctricas se registran este mi\u00e9rcoles en distintas zonas de la Rep\u00fablica Dominicana a causa de una vaguada y una onda tropical, que inciden sobre el territorio nacional, aunque las temperaturas siguen elevadas. La combinaci\u00f3n de ambos fen\u00f3menos favorece concentraciones nubosas desde las primeras horas matutinas, gener\u00e1ndose chubascos locales sobre [&hellip;]<\/p>\n","protected":false},"author":1,"featured_media":19531,"comment_status":"open","ping_status":"open","sticky":false,"template":"","format":"standard","meta":{"nf_dc_page":"","jetpack_post_was_ever_published":false,"_jetpack_newsletter_access":"","_jetpack_dont_email_post_to_subs":false,"_jetpack_newsletter_tier_id":0,"_jetpack_memberships_contains_paywalled_content":false,"_jetpack_memberships_contains_paid_content":false,"footnotes":"","jetpack_publicize_message":"","jetpack_publicize_feature_enabled":true,"jetpack_social_post_already_shared":true,"jetpack_social_options":{"image_generator_settings":{"template":"highway","default_image_id":0,"font":"","enabled":false},"version":2}},"categories":[87],"tags":[],"class_list":["post-19530","post","type-post","status-publish","format-standard","has-post-thumbnail","hentry","category-el-clima"],"yoast_head":"<!-- This site is optimized with the Yoast SEO plugin v27.4 - https:\/\/yoast.com\/product\/yoast-seo-wordpress\/ -->\n<title>EL CLIMA | Aguaceros y tormentas el\u00e9ctricas RD por vaguada y onda tropical - Minuto Cero RD<\/title>\n<meta name=\"robots\" content=\"index, follow, max-snippet:-1, max-image-preview:large, max-video-preview:-1\" \/>\n<link rel=\"canonical\" href=\"http:\/\/minutocerord.com\/?p=19530\" \/>\n<meta property=\"og:locale\" content=\"es_ES\" \/>\n<meta property=\"og:type\" content=\"article\" \/>\n<meta property=\"og:title\" content=\"EL CLIMA | Aguaceros y tormentas el\u00e9ctricas RD por vaguada y onda tropical - Minuto Cero RD\" \/>\n<meta property=\"og:description\" content=\"Santo Domingo .- Aguaceros y tormentas el\u00e9ctricas se registran este mi\u00e9rcoles en distintas zonas de la Rep\u00fablica Dominicana a causa de una vaguada y una onda tropical, que inciden sobre el territorio nacional, aunque las temperaturas siguen elevadas. La combinaci\u00f3n de ambos fen\u00f3menos favorece concentraciones nubosas desde las primeras horas matutinas, gener\u00e1ndose chubascos locales sobre [&hellip;]\" \/>\n<meta property=\"og:url\" content=\"http:\/\/minutocerord.com\/?p=19530\" \/>\n<meta property=\"og:site_name\" content=\"Minuto Cero RD\" \/>\n<meta property=\"article:publisher\" content=\"https:\/\/www.facebook.com\/Genofnotes\" \/>\n<meta property=\"article:author\" content=\"https:\/\/www.facebook.com\/Genofnotes\" \/>\n<meta property=\"article:published_time\" content=\"2024-09-11T20:02:47+00:00\" \/>\n<meta property=\"article:modified_time\" content=\"2024-09-11T20:02:50+00:00\" \/>\n<meta property=\"og:image\" content=\"https:\/\/i0.wp.com\/minutocerord.com\/wp-content\/uploads\/2024\/09\/262c5855-aguaceros-5ed1065bd084e-696x464-1.jpg?fit=696%2C388\" \/>\n\t<meta property=\"og:image:width\" content=\"696\" \/>\n\t<meta property=\"og:image:height\" content=\"388\" \/>\n\t<meta property=\"og:image:type\" content=\"image\/jpeg\" \/>\n<meta name=\"author\" content=\"Genof\u00f3ntes Urb\u00e1ez\" \/>\n<meta name=\"twitter:card\" content=\"summary_large_image\" \/>\n<meta name=\"twitter:label1\" content=\"Written by\" \/>\n\t<meta name=\"twitter:data1\" content=\"Genof\u00f3ntes Urb\u00e1ez\" \/>\n\t<meta name=\"twitter:label2\" content=\"Est. reading time\" \/>\n\t<meta name=\"twitter:data2\" content=\"2 minutos\" \/>\n<script type=\"application\/ld+json\" class=\"yoast-schema-graph\">{\"@context\":\"https:\\\/\\\/schema.org\",\"@graph\":[{\"@type\":\"Article\",\"@id\":\"http:\\\/\\\/minutocerord.com\\\/?p=19530#article\",\"isPartOf\":{\"@id\":\"http:\\\/\\\/minutocerord.com\\\/?p=19530\"},\"author\":{\"name\":\"Genof\u00f3ntes Urb\u00e1ez\",\"@id\":\"https:\\\/\\\/minutocerord.com\\\/#\\\/schema\\\/person\\\/60b5372d60aaa0a5171fb6488be9aee6\"},\"headline\":\"EL CLIMA | Aguaceros y tormentas el\u00e9ctricas RD por vaguada y onda tropical\",\"datePublished\":\"2024-09-11T20:02:47+00:00\",\"dateModified\":\"2024-09-11T20:02:50+00:00\",\"mainEntityOfPage\":{\"@id\":\"http:\\\/\\\/minutocerord.com\\\/?p=19530\"},\"wordCount\":299,\"commentCount\":0,\"publisher\":{\"@id\":\"https:\\\/\\\/minutocerord.com\\\/#\\\/schema\\\/person\\\/60b5372d60aaa0a5171fb6488be9aee6\"},\"image\":{\"@id\":\"http:\\\/\\\/minutocerord.com\\\/?p=19530#primaryimage\"},\"thumbnailUrl\":\"https:\\\/\\\/i0.wp.com\\\/minutocerord.com\\\/wp-content\\\/uploads\\\/2024\\\/09\\\/262c5855-aguaceros-5ed1065bd084e-696x464-1.jpg?fit=696%2C388&ssl=1\",\"articleSection\":[\"El clima\"],\"inLanguage\":\"es-DO\",\"potentialAction\":[{\"@type\":\"CommentAction\",\"name\":\"Comment\",\"target\":[\"http:\\\/\\\/minutocerord.com\\\/?p=19530#respond\"]}]},{\"@type\":\"WebPage\",\"@id\":\"http:\\\/\\\/minutocerord.com\\\/?p=19530\",\"url\":\"http:\\\/\\\/minutocerord.com\\\/?p=19530\",\"name\":\"EL CLIMA | Aguaceros y tormentas el\u00e9ctricas RD por vaguada y onda tropical - Minuto Cero RD\",\"isPartOf\":{\"@id\":\"https:\\\/\\\/minutocerord.com\\\/#website\"},\"primaryImageOfPage\":{\"@id\":\"http:\\\/\\\/minutocerord.com\\\/?p=19530#primaryimage\"},\"image\":{\"@id\":\"http:\\\/\\\/minutocerord.com\\\/?p=19530#primaryimage\"},\"thumbnailUrl\":\"https:\\\/\\\/i0.wp.com\\\/minutocerord.com\\\/wp-content\\\/uploads\\\/2024\\\/09\\\/262c5855-aguaceros-5ed1065bd084e-696x464-1.jpg?fit=696%2C388&ssl=1\",\"datePublished\":\"2024-09-11T20:02:47+00:00\",\"dateModified\":\"2024-09-11T20:02:50+00:00\",\"breadcrumb\":{\"@id\":\"http:\\\/\\\/minutocerord.com\\\/?p=19530#breadcrumb\"},\"inLanguage\":\"es-DO\",\"potentialAction\":[{\"@type\":\"ReadAction\",\"target\":[\"http:\\\/\\\/minutocerord.com\\\/?p=19530\"]}]},{\"@type\":\"ImageObject\",\"inLanguage\":\"es-DO\",\"@id\":\"http:\\\/\\\/minutocerord.com\\\/?p=19530#primaryimage\",\"url\":\"https:\\\/\\\/i0.wp.com\\\/minutocerord.com\\\/wp-content\\\/uploads\\\/2024\\\/09\\\/262c5855-aguaceros-5ed1065bd084e-696x464-1.jpg?fit=696%2C388&ssl=1\",\"contentUrl\":\"https:\\\/\\\/i0.wp.com\\\/minutocerord.com\\\/wp-content\\\/uploads\\\/2024\\\/09\\\/262c5855-aguaceros-5ed1065bd084e-696x464-1.jpg?fit=696%2C388&ssl=1\",\"width\":696,\"height\":388},{\"@type\":\"BreadcrumbList\",\"@id\":\"http:\\\/\\\/minutocerord.com\\\/?p=19530#breadcrumb\",\"itemListElement\":[{\"@type\":\"ListItem\",\"position\":1,\"name\":\"Home\",\"item\":\"https:\\\/\\\/minutocerord.com\\\/\"},{\"@type\":\"ListItem\",\"position\":2,\"name\":\"EL CLIMA | Aguaceros y tormentas el\u00e9ctricas RD por vaguada y onda tropical\"}]},{\"@type\":\"WebSite\",\"@id\":\"https:\\\/\\\/minutocerord.com\\\/#website\",\"url\":\"https:\\\/\\\/minutocerord.com\\\/\",\"name\":\"Minuto Cero RD\",\"description\":\"Periodismo serio y veraz\",\"publisher\":{\"@id\":\"https:\\\/\\\/minutocerord.com\\\/#\\\/schema\\\/person\\\/60b5372d60aaa0a5171fb6488be9aee6\"},\"potentialAction\":[{\"@type\":\"SearchAction\",\"target\":{\"@type\":\"EntryPoint\",\"urlTemplate\":\"https:\\\/\\\/minutocerord.com\\\/?s={search_term_string}\"},\"query-input\":{\"@type\":\"PropertyValueSpecification\",\"valueRequired\":true,\"valueName\":\"search_term_string\"}}],\"inLanguage\":\"es-DO\"},{\"@type\":[\"Person\",\"Organization\"],\"@id\":\"https:\\\/\\\/minutocerord.com\\\/#\\\/schema\\\/person\\\/60b5372d60aaa0a5171fb6488be9aee6\",\"name\":\"Genof\u00f3ntes Urb\u00e1ez\",\"image\":{\"@type\":\"ImageObject\",\"inLanguage\":\"es-DO\",\"@id\":\"https:\\\/\\\/secure.gravatar.com\\\/avatar\\\/a49ef3186a692098ac3e8a1612261e3ad70cf9e44553dff2929e67939a0ecb9d?s=96&d=identicon&r=g\",\"url\":\"https:\\\/\\\/secure.gravatar.com\\\/avatar\\\/a49ef3186a692098ac3e8a1612261e3ad70cf9e44553dff2929e67939a0ecb9d?s=96&d=identicon&r=g\",\"contentUrl\":\"https:\\\/\\\/secure.gravatar.com\\\/avatar\\\/a49ef3186a692098ac3e8a1612261e3ad70cf9e44553dff2929e67939a0ecb9d?s=96&d=identicon&r=g\",\"caption\":\"Genof\u00f3ntes Urb\u00e1ez\"},\"logo\":{\"@id\":\"https:\\\/\\\/secure.gravatar.com\\\/avatar\\\/a49ef3186a692098ac3e8a1612261e3ad70cf9e44553dff2929e67939a0ecb9d?s=96&d=identicon&r=g\"},\"description\":\"Periodista \\\/ Locutor\",\"sameAs\":[\"https:\\\/\\\/www.facebook.com\\\/Genofnotes\",\"https:\\\/\\\/www.instagram.com\\\/genofnotes\\\/\"]}]}<\/script>\n<!-- \/ Yoast SEO plugin. -->","yoast_head_json":{"title":"EL CLIMA | Aguaceros y tormentas el\u00e9ctricas RD por vaguada y onda tropical - Minuto Cero RD","robots":{"index":"index","follow":"follow","max-snippet":"max-snippet:-1","max-image-preview":"max-image-preview:large","max-video-preview":"max-video-preview:-1"},"canonical":"http:\/\/minutocerord.com\/?p=19530","og_locale":"es_ES","og_type":"article","og_title":"EL CLIMA | Aguaceros y tormentas el\u00e9ctricas RD por vaguada y onda tropical - Minuto Cero RD","og_description":"Santo Domingo .- Aguaceros y tormentas el\u00e9ctricas se registran este mi\u00e9rcoles en distintas zonas de la Rep\u00fablica Dominicana a causa de una vaguada y una onda tropical, que inciden sobre el territorio nacional, aunque las temperaturas siguen elevadas. La combinaci\u00f3n de ambos fen\u00f3menos favorece concentraciones nubosas desde las primeras horas matutinas, gener\u00e1ndose chubascos locales sobre [&hellip;]","og_url":"http:\/\/minutocerord.com\/?p=19530","og_site_name":"Minuto Cero RD","article_publisher":"https:\/\/www.facebook.com\/Genofnotes","article_author":"https:\/\/www.facebook.com\/Genofnotes","article_published_time":"2024-09-11T20:02:47+00:00","article_modified_time":"2024-09-11T20:02:50+00:00","og_image":[{"width":696,"height":388,"url":"https:\/\/i0.wp.com\/minutocerord.com\/wp-content\/uploads\/2024\/09\/262c5855-aguaceros-5ed1065bd084e-696x464-1.jpg?fit=696%2C388","type":"image\/jpeg"}],"author":"Genof\u00f3ntes Urb\u00e1ez","twitter_card":"summary_large_image","twitter_misc":{"Written by":"Genof\u00f3ntes Urb\u00e1ez","Est. reading time":"2 minutos"},"schema":{"@context":"https:\/\/schema.org","@graph":[{"@type":"Article","@id":"http:\/\/minutocerord.com\/?p=19530#article","isPartOf":{"@id":"http:\/\/minutocerord.com\/?p=19530"},"author":{"name":"Genof\u00f3ntes Urb\u00e1ez","@id":"https:\/\/minutocerord.com\/#\/schema\/person\/60b5372d60aaa0a5171fb6488be9aee6"},"headline":"EL CLIMA | Aguaceros y tormentas el\u00e9ctricas RD por vaguada y onda tropical","datePublished":"2024-09-11T20:02:47+00:00","dateModified":"2024-09-11T20:02:50+00:00","mainEntityOfPage":{"@id":"http:\/\/minutocerord.com\/?p=19530"},"wordCount":299,"commentCount":0,"publisher":{"@id":"https:\/\/minutocerord.com\/#\/schema\/person\/60b5372d60aaa0a5171fb6488be9aee6"},"image":{"@id":"http:\/\/minutocerord.com\/?p=19530#primaryimage"},"thumbnailUrl":"https:\/\/i0.wp.com\/minutocerord.com\/wp-content\/uploads\/2024\/09\/262c5855-aguaceros-5ed1065bd084e-696x464-1.jpg?fit=696%2C388&ssl=1","articleSection":["El clima"],"inLanguage":"es-DO","potentialAction":[{"@type":"CommentAction","name":"Comment","target":["http:\/\/minutocerord.com\/?p=19530#respond"]}]},{"@type":"WebPage","@id":"http:\/\/minutocerord.com\/?p=19530","url":"http:\/\/minutocerord.com\/?p=19530","name":"EL CLIMA | Aguaceros y tormentas el\u00e9ctricas RD por vaguada y onda tropical - Minuto Cero RD","isPartOf":{"@id":"https:\/\/minutocerord.com\/#website"},"primaryImageOfPage":{"@id":"http:\/\/minutocerord.com\/?p=19530#primaryimage"},"image":{"@id":"http:\/\/minutocerord.com\/?p=19530#primaryimage"},"thumbnailUrl":"https:\/\/i0.wp.com\/minutocerord.com\/wp-content\/uploads\/2024\/09\/262c5855-aguaceros-5ed1065bd084e-696x464-1.jpg?fit=696%2C388&ssl=1","datePublished":"2024-09-11T20:02:47+00:00","dateModified":"2024-09-11T20:02:50+00:00","breadcrumb":{"@id":"http:\/\/minutocerord.com\/?p=19530#breadcrumb"},"inLanguage":"es-DO","potentialAction":[{"@type":"ReadAction","target":["http:\/\/minutocerord.com\/?p=19530"]}]},{"@type":"ImageObject","inLanguage":"es-DO","@id":"http:\/\/minutocerord.com\/?p=19530#primaryimage","url":"https:\/\/i0.wp.com\/minutocerord.com\/wp-content\/uploads\/2024\/09\/262c5855-aguaceros-5ed1065bd084e-696x464-1.jpg?fit=696%2C388&ssl=1","contentUrl":"https:\/\/i0.wp.com\/minutocerord.com\/wp-content\/uploads\/2024\/09\/262c5855-aguaceros-5ed1065bd084e-696x464-1.jpg?fit=696%2C388&ssl=1","width":696,"height":388},{"@type":"BreadcrumbList","@id":"http:\/\/minutocerord.com\/?p=19530#breadcrumb","itemListElement":[{"@type":"ListItem","position":1,"name":"Home","item":"https:\/\/minutocerord.com\/"},{"@type":"ListItem","position":2,"name":"EL CLIMA | Aguaceros y tormentas el\u00e9ctricas RD por vaguada y onda tropical"}]},{"@type":"WebSite","@id":"https:\/\/minutocerord.com\/#website","url":"https:\/\/minutocerord.com\/","name":"Minuto Cero RD","description":"Periodismo serio y veraz","publisher":{"@id":"https:\/\/minutocerord.com\/#\/schema\/person\/60b5372d60aaa0a5171fb6488be9aee6"},"potentialAction":[{"@type":"SearchAction","target":{"@type":"EntryPoint","urlTemplate":"https:\/\/minutocerord.com\/?s={search_term_string}"},"query-input":{"@type":"PropertyValueSpecification","valueRequired":true,"valueName":"search_term_string"}}],"inLanguage":"es-DO"},{"@type":["Person","Organization"],"@id":"https:\/\/minutocerord.com\/#\/schema\/person\/60b5372d60aaa0a5171fb6488be9aee6","name":"Genof\u00f3ntes Urb\u00e1ez","image":{"@type":"ImageObject","inLanguage":"es-DO","@id":"https:\/\/secure.gravatar.com\/avatar\/a49ef3186a692098ac3e8a1612261e3ad70cf9e44553dff2929e67939a0ecb9d?s=96&d=identicon&r=g","url":"https:\/\/secure.gravatar.com\/avatar\/a49ef3186a692098ac3e8a1612261e3ad70cf9e44553dff2929e67939a0ecb9d?s=96&d=identicon&r=g","contentUrl":"https:\/\/secure.gravatar.com\/avatar\/a49ef3186a692098ac3e8a1612261e3ad70cf9e44553dff2929e67939a0ecb9d?s=96&d=identicon&r=g","caption":"Genof\u00f3ntes Urb\u00e1ez"},"logo":{"@id":"https:\/\/secure.gravatar.com\/avatar\/a49ef3186a692098ac3e8a1612261e3ad70cf9e44553dff2929e67939a0ecb9d?s=96&d=identicon&r=g"},"description":"Periodista \/ Locutor","sameAs":["https:\/\/www.facebook.com\/Genofnotes","https:\/\/www.instagram.com\/genofnotes\/"]}]}},"jetpack_publicize_connections":[],"jetpack_featured_media_url":"https:\/\/i0.wp.com\/minutocerord.com\/wp-content\/uploads\/2024\/09\/262c5855-aguaceros-5ed1065bd084e-696x464-1.jpg?fit=696%2C388&ssl=1","jetpack-related-posts":[],"jetpack_sharing_enabled":true,"_links":{"self":[{"href":"https:\/\/minutocerord.com\/index.php?rest_route=\/wp\/v2\/posts\/19530","targetHints":{"allow":["GET"]}}],"collection":[{"href":"https:\/\/minutocerord.com\/index.php?rest_route=\/wp\/v2\/posts"}],"about":[{"href":"https:\/\/minutocerord.com\/index.php?rest_route=\/wp\/v2\/types\/post"}],"author":[{"embeddable":true,"href":"https:\/\/minutocerord.com\/index.php?rest_route=\/wp\/v2\/users\/1"}],"replies":[{"embeddable":true,"href":"https:\/\/minutocerord.com\/index.php?rest_route=%2Fwp%2Fv2%2Fcomments&post=19530"}],"version-history":[{"count":1,"href":"https:\/\/minutocerord.com\/index.php?rest_route=\/wp\/v2\/posts\/19530\/revisions"}],"predecessor-version":[{"id":19532,"href":"https:\/\/minutocerord.com\/index.php?rest_route=\/wp\/v2\/posts\/19530\/revisions\/19532"}],"wp:featuredmedia":[{"embeddable":true,"href":"https:\/\/minutocerord.com\/index.php?rest_route=\/wp\/v2\/media\/19531"}],"wp:attachment":[{"href":"https:\/\/minutocerord.com\/index.php?rest_route=%2Fwp%2Fv2%2Fmedia&parent=19530"}],"wp:term":[{"taxonomy":"category","embeddable":true,"href":"https:\/\/minutocerord.com\/index.php?rest_route=%2Fwp%2Fv2%2Fcategories&post=19530"},{"taxonomy":"post_tag","embeddable":true,"href":"https:\/\/minutocerord.com\/index.php?rest_route=%2Fwp%2Fv2%2Ftags&post=19530"}],"curies":[{"name":"wp","href":"https:\/\/api.w.org\/{rel}","templated":true}]}}