{"id":20017,"date":"2024-09-27T09:16:47","date_gmt":"2024-09-27T13:16:47","guid":{"rendered":"https:\/\/minutocerord.com\/?p=20017"},"modified":"2024-09-27T09:16:51","modified_gmt":"2024-09-27T13:16:51","slug":"justicia-tribunal-libera-donald-guerrero-del-impedimento-de-salida-de-rd","status":"publish","type":"post","link":"https:\/\/minutocerord.com\/?p=20017","title":{"rendered":"JUSTICIA | Tribunal libera Donald Guerrero del impedimento de salida de RD"},"content":{"rendered":"\n<p class=\"\"><a href=\"https:\/\/almomento.net\/wp-content\/uploads\/2023\/09\/Donald-Guerrero.jpg\"><\/a><strong>Santo Domingo.- <\/strong>El Cuarto Juzgado de Instrucci\u00f3n del Distrito Nacional decidi\u00f3 este jueves liberar del impedimento de salida del pa\u00eds al exministro de Hacienda Donald Guerrero Ortiz, medida de coerci\u00f3n que pesaba sobre \u00e9l desde octubre de 2023.<\/p>\n\n\n\n<p class=\"\">El abogado del exfuncionario Manuel Rodr\u00edguez dijo que la decisi\u00f3n est\u00e1 \u00abadecuada\u00bb al comportamiento a la conducta \u00abimpecable\u00bb que ha exhibido Guerrero de \u00abnunca\u00bb sustraerse del proceso, mediante el cual el Ministerio P\u00fablico lo acusa de ser uno de los supuestos cabecillas de una red que estaf\u00f3 al Estado con m\u00e1s de 19,000 millones de pesos.<\/p>\n\n\n\n<p class=\"\"><strong>PRESENTACION CADA MES ANTE EL MP<\/strong><\/p>\n\n\n\n<p class=\"\">La decisi\u00f3n de la jueza Altagracia Ram\u00edrez establece que Guerrero se limitar\u00e1 a presentarse cada mes ante el Ministerio P\u00fablico.<\/p>\n\n\n\n<p class=\"\">El letrado anunci\u00f3 que el pr\u00f3ximo pas\u00f3 que dar\u00e1 como defensor del exministro ser\u00e1 el de lograr que tambi\u00e9n sea liberado de la presentaci\u00f3n peri\u00f3dica.<\/p>\n\n\n\n<p class=\"\">\u00abEl ciudadano Donald Guerrero Ortiz tendr\u00e1 plena libertad de salir del pa\u00eds, pero sin sustraerse del proceso\u00bb, dijo su abogado.<\/p>\n\n\n\n<p class=\"\"><strong>TAMBIEN ESTAN EN EL EXPEDIENTE GONZALO Y PERALTA<\/strong><\/p>\n\n\n\n<p class=\"\">El titular de la Procuradur\u00eda Especializada de Persecuci\u00f3n de la Corrupci\u00f3n Administrativa (Pepca), Wilson Camacho, revel\u00f3 en abril pasado que los acusados de la llamada operaci\u00f3n Calamar son 46, entre personas f\u00edsicas y jur\u00eddicas.<\/p>\n\n\n\n<p class=\"\">\u00abHay m\u00e1s de dos mil medios de prueba, que servir\u00e1n para que se produzca una apertura a juicio y cuando se de ese juicio, nosotros vayamos a procurar las sanciones correspondientes\u00bb, dijo Camacho en esa oportunidad.<\/p>\n\n\n\n<p class=\"\">En el expediente tambi\u00e9n figuran como acusados los exministros Administrativo de la Presidencia Jos\u00e9 Ram\u00f3n Peralta y de Obras P\u00fablicas Gonzalo Castillo.<\/p>\n\n\n\n<p class=\"\"><strong>OTROS IMPUTADOS EN EN CASO<\/strong><\/p>\n\n\n\n<p class=\"\">El alegado fraude contra el Estado tambi\u00e9n involucra al exdirector del CEA, Luis Miguel Piccirilo; a Aldo Antonio Gerbasi Fern\u00e1ndez, exfuncionario de la Direcci\u00f3n de Reconocimiento de Deuda P\u00fablica de Hacienda, y el exencargado de Juegos de Azar de Hacienda, Juli\u00e1n Omar Fern\u00e1ndez Figueroa.<\/p>\n\n\n\n<p class=\"\">Asimismo, se cita en el expediente al exdirector de Catastro Nacional, Claudio Silver Pe\u00f1a; Alejandro Constanzo Sosa, Marcial Reyes, \u00d3scar Chalas Guerrero, Agust\u00edn Mej\u00eda y V\u00edctor Mat\u00edas.<\/p>\n\n\n\n<p class=\"\">Los imputados son se\u00f1alados por, supuestamente, sustraer m\u00e1s de 19,000 millones de pesos al Estado en pagos irregulares por expropiaciones de terrenos declarados de utilidad p\u00fablica y en sobornos para la campa\u00f1a pol\u00edtica del 2020.EFE<\/p>\n","protected":false},"excerpt":{"rendered":"<p>Santo Domingo.- El Cuarto Juzgado de Instrucci\u00f3n del Distrito Nacional decidi\u00f3 este jueves liberar del impedimento de salida del pa\u00eds al exministro de Hacienda Donald Guerrero Ortiz, medida de coerci\u00f3n que pesaba sobre \u00e9l desde octubre de 2023. El abogado del exfuncionario Manuel Rodr\u00edguez dijo que la decisi\u00f3n est\u00e1 \u00abadecuada\u00bb al comportamiento a la conducta [&hellip;]<\/p>\n","protected":false},"author":1,"featured_media":20018,"comment_status":"open","ping_status":"open","sticky":false,"template":"","format":"standard","meta":{"nf_dc_page":"","jetpack_post_was_ever_published":false,"_jetpack_newsletter_access":"","_jetpack_dont_email_post_to_subs":false,"_jetpack_newsletter_tier_id":0,"_jetpack_memberships_contains_paywalled_content":false,"_jetpack_memberships_contains_paid_content":false,"footnotes":"","jetpack_publicize_message":"","jetpack_publicize_feature_enabled":true,"jetpack_social_post_already_shared":true,"jetpack_social_options":{"image_generator_settings":{"template":"highway","default_image_id":0,"font":"","enabled":false},"version":2}},"categories":[93],"tags":[],"class_list":["post-20017","post","type-post","status-publish","format-standard","has-post-thumbnail","hentry","category-justicia"],"yoast_head":"<!-- This site is optimized with the Yoast SEO plugin v27.4 - https:\/\/yoast.com\/product\/yoast-seo-wordpress\/ -->\n<title>JUSTICIA | Tribunal libera Donald Guerrero del impedimento de salida de RD - Minuto Cero RD<\/title>\n<meta name=\"robots\" content=\"index, follow, max-snippet:-1, max-image-preview:large, max-video-preview:-1\" \/>\n<link rel=\"canonical\" href=\"http:\/\/minutocerord.com\/?p=20017\" \/>\n<meta property=\"og:locale\" content=\"es_ES\" \/>\n<meta property=\"og:type\" content=\"article\" \/>\n<meta property=\"og:title\" content=\"JUSTICIA | Tribunal libera Donald Guerrero del impedimento de salida de RD - Minuto Cero RD\" \/>\n<meta property=\"og:description\" content=\"Santo Domingo.- El Cuarto Juzgado de Instrucci\u00f3n del Distrito Nacional decidi\u00f3 este jueves liberar del impedimento de salida del pa\u00eds al exministro de Hacienda Donald Guerrero Ortiz, medida de coerci\u00f3n que pesaba sobre \u00e9l desde octubre de 2023. El abogado del exfuncionario Manuel Rodr\u00edguez dijo que la decisi\u00f3n est\u00e1 \u00abadecuada\u00bb al comportamiento a la conducta [&hellip;]\" \/>\n<meta property=\"og:url\" content=\"http:\/\/minutocerord.com\/?p=20017\" \/>\n<meta property=\"og:site_name\" content=\"Minuto Cero RD\" \/>\n<meta property=\"article:publisher\" content=\"https:\/\/www.facebook.com\/Genofnotes\" \/>\n<meta property=\"article:author\" content=\"https:\/\/www.facebook.com\/Genofnotes\" \/>\n<meta property=\"article:published_time\" content=\"2024-09-27T13:16:47+00:00\" \/>\n<meta property=\"article:modified_time\" content=\"2024-09-27T13:16:51+00:00\" \/>\n<meta property=\"og:image\" content=\"https:\/\/i0.wp.com\/minutocerord.com\/wp-content\/uploads\/2024\/09\/Donald-Guerrero-2.jpg?fit=1280%2C720\" \/>\n\t<meta property=\"og:image:width\" content=\"1280\" \/>\n\t<meta property=\"og:image:height\" content=\"720\" \/>\n\t<meta property=\"og:image:type\" content=\"image\/jpeg\" \/>\n<meta name=\"author\" content=\"Genof\u00f3ntes Urb\u00e1ez\" \/>\n<meta name=\"twitter:card\" content=\"summary_large_image\" \/>\n<meta name=\"twitter:label1\" content=\"Written by\" \/>\n\t<meta name=\"twitter:data1\" content=\"Genof\u00f3ntes Urb\u00e1ez\" \/>\n\t<meta name=\"twitter:label2\" content=\"Est. reading time\" \/>\n\t<meta name=\"twitter:data2\" content=\"2 minutos\" \/>\n<script type=\"application\/ld+json\" class=\"yoast-schema-graph\">{\"@context\":\"https:\\\/\\\/schema.org\",\"@graph\":[{\"@type\":\"Article\",\"@id\":\"http:\\\/\\\/minutocerord.com\\\/?p=20017#article\",\"isPartOf\":{\"@id\":\"http:\\\/\\\/minutocerord.com\\\/?p=20017\"},\"author\":{\"name\":\"Genof\u00f3ntes Urb\u00e1ez\",\"@id\":\"https:\\\/\\\/minutocerord.com\\\/#\\\/schema\\\/person\\\/60b5372d60aaa0a5171fb6488be9aee6\"},\"headline\":\"JUSTICIA | Tribunal libera Donald Guerrero del impedimento de salida de RD\",\"datePublished\":\"2024-09-27T13:16:47+00:00\",\"dateModified\":\"2024-09-27T13:16:51+00:00\",\"mainEntityOfPage\":{\"@id\":\"http:\\\/\\\/minutocerord.com\\\/?p=20017\"},\"wordCount\":426,\"commentCount\":0,\"publisher\":{\"@id\":\"https:\\\/\\\/minutocerord.com\\\/#\\\/schema\\\/person\\\/60b5372d60aaa0a5171fb6488be9aee6\"},\"image\":{\"@id\":\"http:\\\/\\\/minutocerord.com\\\/?p=20017#primaryimage\"},\"thumbnailUrl\":\"https:\\\/\\\/i0.wp.com\\\/minutocerord.com\\\/wp-content\\\/uploads\\\/2024\\\/09\\\/Donald-Guerrero-2.jpg?fit=1280%2C720&ssl=1\",\"articleSection\":[\"Justicia\"],\"inLanguage\":\"es-DO\",\"potentialAction\":[{\"@type\":\"CommentAction\",\"name\":\"Comment\",\"target\":[\"http:\\\/\\\/minutocerord.com\\\/?p=20017#respond\"]}]},{\"@type\":\"WebPage\",\"@id\":\"http:\\\/\\\/minutocerord.com\\\/?p=20017\",\"url\":\"http:\\\/\\\/minutocerord.com\\\/?p=20017\",\"name\":\"JUSTICIA | Tribunal libera Donald Guerrero del impedimento de salida de RD - Minuto Cero RD\",\"isPartOf\":{\"@id\":\"https:\\\/\\\/minutocerord.com\\\/#website\"},\"primaryImageOfPage\":{\"@id\":\"http:\\\/\\\/minutocerord.com\\\/?p=20017#primaryimage\"},\"image\":{\"@id\":\"http:\\\/\\\/minutocerord.com\\\/?p=20017#primaryimage\"},\"thumbnailUrl\":\"https:\\\/\\\/i0.wp.com\\\/minutocerord.com\\\/wp-content\\\/uploads\\\/2024\\\/09\\\/Donald-Guerrero-2.jpg?fit=1280%2C720&ssl=1\",\"datePublished\":\"2024-09-27T13:16:47+00:00\",\"dateModified\":\"2024-09-27T13:16:51+00:00\",\"breadcrumb\":{\"@id\":\"http:\\\/\\\/minutocerord.com\\\/?p=20017#breadcrumb\"},\"inLanguage\":\"es-DO\",\"potentialAction\":[{\"@type\":\"ReadAction\",\"target\":[\"http:\\\/\\\/minutocerord.com\\\/?p=20017\"]}]},{\"@type\":\"ImageObject\",\"inLanguage\":\"es-DO\",\"@id\":\"http:\\\/\\\/minutocerord.com\\\/?p=20017#primaryimage\",\"url\":\"https:\\\/\\\/i0.wp.com\\\/minutocerord.com\\\/wp-content\\\/uploads\\\/2024\\\/09\\\/Donald-Guerrero-2.jpg?fit=1280%2C720&ssl=1\",\"contentUrl\":\"https:\\\/\\\/i0.wp.com\\\/minutocerord.com\\\/wp-content\\\/uploads\\\/2024\\\/09\\\/Donald-Guerrero-2.jpg?fit=1280%2C720&ssl=1\",\"width\":1280,\"height\":720,\"caption\":\"Donald Guerrero.\"},{\"@type\":\"BreadcrumbList\",\"@id\":\"http:\\\/\\\/minutocerord.com\\\/?p=20017#breadcrumb\",\"itemListElement\":[{\"@type\":\"ListItem\",\"position\":1,\"name\":\"Home\",\"item\":\"https:\\\/\\\/minutocerord.com\\\/\"},{\"@type\":\"ListItem\",\"position\":2,\"name\":\"JUSTICIA | Tribunal libera Donald Guerrero del impedimento de salida de RD\"}]},{\"@type\":\"WebSite\",\"@id\":\"https:\\\/\\\/minutocerord.com\\\/#website\",\"url\":\"https:\\\/\\\/minutocerord.com\\\/\",\"name\":\"Minuto Cero RD\",\"description\":\"Periodismo serio y veraz\",\"publisher\":{\"@id\":\"https:\\\/\\\/minutocerord.com\\\/#\\\/schema\\\/person\\\/60b5372d60aaa0a5171fb6488be9aee6\"},\"potentialAction\":[{\"@type\":\"SearchAction\",\"target\":{\"@type\":\"EntryPoint\",\"urlTemplate\":\"https:\\\/\\\/minutocerord.com\\\/?s={search_term_string}\"},\"query-input\":{\"@type\":\"PropertyValueSpecification\",\"valueRequired\":true,\"valueName\":\"search_term_string\"}}],\"inLanguage\":\"es-DO\"},{\"@type\":[\"Person\",\"Organization\"],\"@id\":\"https:\\\/\\\/minutocerord.com\\\/#\\\/schema\\\/person\\\/60b5372d60aaa0a5171fb6488be9aee6\",\"name\":\"Genof\u00f3ntes Urb\u00e1ez\",\"image\":{\"@type\":\"ImageObject\",\"inLanguage\":\"es-DO\",\"@id\":\"https:\\\/\\\/secure.gravatar.com\\\/avatar\\\/a49ef3186a692098ac3e8a1612261e3ad70cf9e44553dff2929e67939a0ecb9d?s=96&d=identicon&r=g\",\"url\":\"https:\\\/\\\/secure.gravatar.com\\\/avatar\\\/a49ef3186a692098ac3e8a1612261e3ad70cf9e44553dff2929e67939a0ecb9d?s=96&d=identicon&r=g\",\"contentUrl\":\"https:\\\/\\\/secure.gravatar.com\\\/avatar\\\/a49ef3186a692098ac3e8a1612261e3ad70cf9e44553dff2929e67939a0ecb9d?s=96&d=identicon&r=g\",\"caption\":\"Genof\u00f3ntes Urb\u00e1ez\"},\"logo\":{\"@id\":\"https:\\\/\\\/secure.gravatar.com\\\/avatar\\\/a49ef3186a692098ac3e8a1612261e3ad70cf9e44553dff2929e67939a0ecb9d?s=96&d=identicon&r=g\"},\"description\":\"Periodista \\\/ Locutor\",\"sameAs\":[\"https:\\\/\\\/www.facebook.com\\\/Genofnotes\",\"https:\\\/\\\/www.instagram.com\\\/genofnotes\\\/\"]}]}<\/script>\n<!-- \/ Yoast SEO plugin. -->","yoast_head_json":{"title":"JUSTICIA | Tribunal libera Donald Guerrero del impedimento de salida de RD - Minuto Cero RD","robots":{"index":"index","follow":"follow","max-snippet":"max-snippet:-1","max-image-preview":"max-image-preview:large","max-video-preview":"max-video-preview:-1"},"canonical":"http:\/\/minutocerord.com\/?p=20017","og_locale":"es_ES","og_type":"article","og_title":"JUSTICIA | Tribunal libera Donald Guerrero del impedimento de salida de RD - Minuto Cero RD","og_description":"Santo Domingo.- El Cuarto Juzgado de Instrucci\u00f3n del Distrito Nacional decidi\u00f3 este jueves liberar del impedimento de salida del pa\u00eds al exministro de Hacienda Donald Guerrero Ortiz, medida de coerci\u00f3n que pesaba sobre \u00e9l desde octubre de 2023. El abogado del exfuncionario Manuel Rodr\u00edguez dijo que la decisi\u00f3n est\u00e1 \u00abadecuada\u00bb al comportamiento a la conducta [&hellip;]","og_url":"http:\/\/minutocerord.com\/?p=20017","og_site_name":"Minuto Cero RD","article_publisher":"https:\/\/www.facebook.com\/Genofnotes","article_author":"https:\/\/www.facebook.com\/Genofnotes","article_published_time":"2024-09-27T13:16:47+00:00","article_modified_time":"2024-09-27T13:16:51+00:00","og_image":[{"width":1280,"height":720,"url":"https:\/\/i0.wp.com\/minutocerord.com\/wp-content\/uploads\/2024\/09\/Donald-Guerrero-2.jpg?fit=1280%2C720","type":"image\/jpeg"}],"author":"Genof\u00f3ntes Urb\u00e1ez","twitter_card":"summary_large_image","twitter_misc":{"Written by":"Genof\u00f3ntes Urb\u00e1ez","Est. reading time":"2 minutos"},"schema":{"@context":"https:\/\/schema.org","@graph":[{"@type":"Article","@id":"http:\/\/minutocerord.com\/?p=20017#article","isPartOf":{"@id":"http:\/\/minutocerord.com\/?p=20017"},"author":{"name":"Genof\u00f3ntes Urb\u00e1ez","@id":"https:\/\/minutocerord.com\/#\/schema\/person\/60b5372d60aaa0a5171fb6488be9aee6"},"headline":"JUSTICIA | Tribunal libera Donald Guerrero del impedimento de salida de RD","datePublished":"2024-09-27T13:16:47+00:00","dateModified":"2024-09-27T13:16:51+00:00","mainEntityOfPage":{"@id":"http:\/\/minutocerord.com\/?p=20017"},"wordCount":426,"commentCount":0,"publisher":{"@id":"https:\/\/minutocerord.com\/#\/schema\/person\/60b5372d60aaa0a5171fb6488be9aee6"},"image":{"@id":"http:\/\/minutocerord.com\/?p=20017#primaryimage"},"thumbnailUrl":"https:\/\/i0.wp.com\/minutocerord.com\/wp-content\/uploads\/2024\/09\/Donald-Guerrero-2.jpg?fit=1280%2C720&ssl=1","articleSection":["Justicia"],"inLanguage":"es-DO","potentialAction":[{"@type":"CommentAction","name":"Comment","target":["http:\/\/minutocerord.com\/?p=20017#respond"]}]},{"@type":"WebPage","@id":"http:\/\/minutocerord.com\/?p=20017","url":"http:\/\/minutocerord.com\/?p=20017","name":"JUSTICIA | Tribunal libera Donald Guerrero del impedimento de salida de RD - Minuto Cero RD","isPartOf":{"@id":"https:\/\/minutocerord.com\/#website"},"primaryImageOfPage":{"@id":"http:\/\/minutocerord.com\/?p=20017#primaryimage"},"image":{"@id":"http:\/\/minutocerord.com\/?p=20017#primaryimage"},"thumbnailUrl":"https:\/\/i0.wp.com\/minutocerord.com\/wp-content\/uploads\/2024\/09\/Donald-Guerrero-2.jpg?fit=1280%2C720&ssl=1","datePublished":"2024-09-27T13:16:47+00:00","dateModified":"2024-09-27T13:16:51+00:00","breadcrumb":{"@id":"http:\/\/minutocerord.com\/?p=20017#breadcrumb"},"inLanguage":"es-DO","potentialAction":[{"@type":"ReadAction","target":["http:\/\/minutocerord.com\/?p=20017"]}]},{"@type":"ImageObject","inLanguage":"es-DO","@id":"http:\/\/minutocerord.com\/?p=20017#primaryimage","url":"https:\/\/i0.wp.com\/minutocerord.com\/wp-content\/uploads\/2024\/09\/Donald-Guerrero-2.jpg?fit=1280%2C720&ssl=1","contentUrl":"https:\/\/i0.wp.com\/minutocerord.com\/wp-content\/uploads\/2024\/09\/Donald-Guerrero-2.jpg?fit=1280%2C720&ssl=1","width":1280,"height":720,"caption":"Donald Guerrero."},{"@type":"BreadcrumbList","@id":"http:\/\/minutocerord.com\/?p=20017#breadcrumb","itemListElement":[{"@type":"ListItem","position":1,"name":"Home","item":"https:\/\/minutocerord.com\/"},{"@type":"ListItem","position":2,"name":"JUSTICIA | Tribunal libera Donald Guerrero del impedimento de salida de RD"}]},{"@type":"WebSite","@id":"https:\/\/minutocerord.com\/#website","url":"https:\/\/minutocerord.com\/","name":"Minuto Cero RD","description":"Periodismo serio y veraz","publisher":{"@id":"https:\/\/minutocerord.com\/#\/schema\/person\/60b5372d60aaa0a5171fb6488be9aee6"},"potentialAction":[{"@type":"SearchAction","target":{"@type":"EntryPoint","urlTemplate":"https:\/\/minutocerord.com\/?s={search_term_string}"},"query-input":{"@type":"PropertyValueSpecification","valueRequired":true,"valueName":"search_term_string"}}],"inLanguage":"es-DO"},{"@type":["Person","Organization"],"@id":"https:\/\/minutocerord.com\/#\/schema\/person\/60b5372d60aaa0a5171fb6488be9aee6","name":"Genof\u00f3ntes Urb\u00e1ez","image":{"@type":"ImageObject","inLanguage":"es-DO","@id":"https:\/\/secure.gravatar.com\/avatar\/a49ef3186a692098ac3e8a1612261e3ad70cf9e44553dff2929e67939a0ecb9d?s=96&d=identicon&r=g","url":"https:\/\/secure.gravatar.com\/avatar\/a49ef3186a692098ac3e8a1612261e3ad70cf9e44553dff2929e67939a0ecb9d?s=96&d=identicon&r=g","contentUrl":"https:\/\/secure.gravatar.com\/avatar\/a49ef3186a692098ac3e8a1612261e3ad70cf9e44553dff2929e67939a0ecb9d?s=96&d=identicon&r=g","caption":"Genof\u00f3ntes Urb\u00e1ez"},"logo":{"@id":"https:\/\/secure.gravatar.com\/avatar\/a49ef3186a692098ac3e8a1612261e3ad70cf9e44553dff2929e67939a0ecb9d?s=96&d=identicon&r=g"},"description":"Periodista \/ Locutor","sameAs":["https:\/\/www.facebook.com\/Genofnotes","https:\/\/www.instagram.com\/genofnotes\/"]}]}},"jetpack_publicize_connections":[],"jetpack_featured_media_url":"https:\/\/i0.wp.com\/minutocerord.com\/wp-content\/uploads\/2024\/09\/Donald-Guerrero-2.jpg?fit=1280%2C720&ssl=1","jetpack-related-posts":[],"jetpack_sharing_enabled":true,"_links":{"self":[{"href":"https:\/\/minutocerord.com\/index.php?rest_route=\/wp\/v2\/posts\/20017","targetHints":{"allow":["GET"]}}],"collection":[{"href":"https:\/\/minutocerord.com\/index.php?rest_route=\/wp\/v2\/posts"}],"about":[{"href":"https:\/\/minutocerord.com\/index.php?rest_route=\/wp\/v2\/types\/post"}],"author":[{"embeddable":true,"href":"https:\/\/minutocerord.com\/index.php?rest_route=\/wp\/v2\/users\/1"}],"replies":[{"embeddable":true,"href":"https:\/\/minutocerord.com\/index.php?rest_route=%2Fwp%2Fv2%2Fcomments&post=20017"}],"version-history":[{"count":1,"href":"https:\/\/minutocerord.com\/index.php?rest_route=\/wp\/v2\/posts\/20017\/revisions"}],"predecessor-version":[{"id":20019,"href":"https:\/\/minutocerord.com\/index.php?rest_route=\/wp\/v2\/posts\/20017\/revisions\/20019"}],"wp:featuredmedia":[{"embeddable":true,"href":"https:\/\/minutocerord.com\/index.php?rest_route=\/wp\/v2\/media\/20018"}],"wp:attachment":[{"href":"https:\/\/minutocerord.com\/index.php?rest_route=%2Fwp%2Fv2%2Fmedia&parent=20017"}],"wp:term":[{"taxonomy":"category","embeddable":true,"href":"https:\/\/minutocerord.com\/index.php?rest_route=%2Fwp%2Fv2%2Fcategories&post=20017"},{"taxonomy":"post_tag","embeddable":true,"href":"https:\/\/minutocerord.com\/index.php?rest_route=%2Fwp%2Fv2%2Ftags&post=20017"}],"curies":[{"name":"wp","href":"https:\/\/api.w.org\/{rel}","templated":true}]}}