{"id":20020,"date":"2024-09-27T09:46:52","date_gmt":"2024-09-27T13:46:52","guid":{"rendered":"https:\/\/minutocerord.com\/?p=20020"},"modified":"2024-09-27T09:49:54","modified_gmt":"2024-09-27T13:49:54","slug":"onu-haiti-reclama-en-la-onu-que-se-le-devuelva-el-monto-de-los-pagos-que-hizo-a-francia-por-reconocer-su-independencia","status":"publish","type":"post","link":"https:\/\/minutocerord.com\/?p=20020","title":{"rendered":"ONU | Hait\u00ed reclama en la ONU que se le devuelva el monto de los pagos que hizo a Francia por reconocer su independencia"},"content":{"rendered":"\n<p class=\"\"><strong><em>El presidente del Consejo de Transici\u00f3n, tambi\u00e9n jefe de la delegaci\u00f3n haitiana ante la 79\u00aa Asamblea General de las Naciones Unidas, en Nueva York, Estados Unidos, habl\u00f3 el jueves 26 de septiembre de 2024, en nombre de Hait\u00ed, sobre la restituci\u00f3n de la deuda. La independencia, las acusaciones de Donald Trump, la transformaci\u00f3n de la Misi\u00f3n Multinacional en una misi\u00f3n de operaciones de paz de la ONU, el restablecimiento de la seguridad, son, entre otros, los t\u00e9rminos de su intervenci\u00f3n en la plataforma.<\/em><\/strong><\/p>\n\n\n\n<p class=\"\"><strong>Puerto Pr\u00edncipe, Le Factor Hait\u00ed<\/strong>. _Tras recibir autorizaci\u00f3n del Departamento de Estado estadounidense para volar a Estados Unidos siempre que su seguridad est\u00e9 garantizada, el Presidente del Consejo de Transici\u00f3n pronunci\u00f3 el jueves su discurso en nombre de Hait\u00ed en la plataforma de las Naciones Unidas.<\/p>\n\n\n\n<p class=\"\">Desde el principio, Edgard Leblanc Fils defendi\u00f3 las causas de los migrantes haitianos residentes en el extranjero, m\u00e1s precisamente de los que residen en Springfield, Ohio, v\u00edctimas del racismo por parte del candidato republicano, Donald Trump.<\/p>\n\n\n\n<p class=\"\">El presidente del Consejo de Transici\u00f3n, que atac\u00f3 abiertamente a Trump, le recuerda que las pasiones que surgen naturalmente durante una campa\u00f1a electoral no deben en ning\u00fan caso servir de pretexto para la xenofobia o el racismo en un pa\u00eds como Estados Unidos, una naci\u00f3n forjada por inmigrantes. de todos los or\u00edgenes y que se ha consolidado como modelo de democracia a escala global.<\/p>\n\n\n\n<blockquote class=\"wp-block-quote is-layout-flow wp-block-quote-is-layout-flow\">\n<h6 class=\"wp-block-heading\"><strong>La deuda de la independencia:&nbsp;Hait\u00ed, con los ca\u00f1ones de militares en barcos franceses en sus costas, debi\u00f3 acceder al pago de un arancel del 50% de reducci\u00f3n a las importaciones francesas y una indemnizaci\u00f3n de 150 millones de francos (unos US$21.000 millones de hoy), pagadera en cinco cuotas, como condici\u00f3n para evitar el bloqueo de que fue objeto por casi todos los pa\u00edses por su \u201cosad\u00eda\u201d de alcanzar la independencia. \u00bfPor qu\u00e9 una indemnizaci\u00f3n? Porque el nuevo pa\u00eds ten\u00eda que compensar a los plantadores franceses por las propiedades que hab\u00edan perdido, no s\u00f3lo tierra sino tambi\u00e9n esclavos<\/strong><\/h6>\n<\/blockquote>\n\n\n\n<p class=\"\">La celebraci\u00f3n de la 79\u00aa Asamblea General de las Naciones Unidas fue tambi\u00e9n una oportunidad para que el presidente del CPT hiciera balance de la situaci\u00f3n pol\u00edtica del pa\u00eds. Sobre esto, dijo estar comprometido a liderar la Transici\u00f3n y decidido a conducir a Hait\u00ed hacia la paz, la seguridad y la democracia participativa mediante la celebraci\u00f3n de la Conferencia Nacional y la renovaci\u00f3n del personal pol\u00edtico mediante elecciones libres, cre\u00edbles y transparentes.<\/p>\n\n\n\n<p class=\"\">Asamblea General de la ONU: Edgard Leblanc Fils responde a Donald Trump y pide a Francia que devuelva la deuda de Independencia a Hait\u00ed<\/p>\n\n\n\n<p class=\"\"><strong>Magnitud sin precedentes<\/strong><\/p>\n\n\n\n<p class=\"\">El jefe de la delegaci\u00f3n haitiana en Nueva York, en la ONU, reconoce que Hait\u00ed enfrenta desaf\u00edos de magnitud sin precedentes, a saber, violencia devastadora, inestabilidad pol\u00edtica persistente, precariedad casi general y pobreza degradante, entre otros. Para superar esto, Leblanc invita a los haitianos a unirse con el apoyo de la comunidad internacional, a unirse a pesar de las profundas diferencias para poder levantarse y avanzar, con total confianza, hacia el fin de esta crisis multidimensional. crisis que la aqueja desde hace demasiado tiempo.<\/p>\n\n\n\n<blockquote class=\"wp-block-quote is-layout-flow wp-block-quote-is-layout-flow\">\n<h6 class=\"wp-block-heading\"><strong>Las agencias y medios internacionales destacan el giro inesperado producido durante la intervenci\u00f3n en la Asamblea General de la ONU de Edgard Leblanc Fils, presidente del Consejo de Transici\u00f3n de Hait\u00ed, quien sorprendi\u00f3 a los asistentes al beber agua directamente de una jarra. Este acto, que rompi\u00f3 con el protocolo habitual, r\u00e1pidamente se convirti\u00f3 en un tema candente en redes sociales, generando reacciones diversas entre los internautas<\/strong><\/h6>\n<\/blockquote>\n\n\n\n<p class=\"\"><strong>En bandas ni\u00f1os, ni\u00f1as y adolescentes<\/strong><\/p>\n\n\n\n<p class=\"\">En el plano de la seguridad, sin pronunciar palabra, record\u00f3 que Hait\u00ed se enfrenta a una crisis de seguridad de una gravedad sin precedentes. El aumento de las bandas armadas, la violencia generalizada y la inestabilidad pol\u00edtica, contin\u00faa, han sumido a la naci\u00f3n en un estado de extrema vulnerabilidad, una situaci\u00f3n que empuja a los haitianos a vivir con miedo porque no pueden moverse libremente por todo el territorio nacional. ir a trabajar o enviar a sus hijos a la escuela, sin riesgos, particularmente en la regi\u00f3n metropolitana de Puerto Pr\u00edncipe.<\/p>\n\n\n\n<p class=\"\">Esta situaci\u00f3n, afirm\u00f3, afecta todos los aspectos de la sociedad haitiana, debilita las instituciones, paraliza la econom\u00eda y socava la esperanza de un ma\u00f1ana mejor.<\/p>\n\n\n\n<p class=\"\">\u201cEl futuro del pa\u00eds est\u00e1 amenazado porque el 50% de la poblaci\u00f3n pandillera de la regi\u00f3n capital est\u00e1 compuesta por ni\u00f1os, ni\u00f1as y adolescentes.&nbsp;<strong>A menudo se utilizan como carne de ca\u00f1\u00f3n<\/strong>&nbsp;durante operaciones contra las fuerzas del orden. Est\u00e1n sujetos a violencia grave de todo tipo, incluida la violencia sexual. Estos abusos y violencia contra ni\u00f1os y adolescentes deben considerarse un crimen contra la humanidad\u201d, denunci\u00f3 Leblanc, al tiempo que pidi\u00f3 el restablecimiento de la seguridad nacional.<\/p>\n\n\n\n<p class=\"\">En cuanto a la misi\u00f3n multinacional, el presidente del CPT insisti\u00f3 en que Hait\u00ed ya ha acogido varias misiones de las Naciones Unidas en las \u00faltimas tres d\u00e9cadas, en particular la MINUSTAH. Seg\u00fan \u00e9l, algunas de estas misiones ayudaron a estabilizar temporalmente el pa\u00eds, pero tambi\u00e9n dejaron un legado con graves consecuencias.<\/p>\n\n\n\n<p class=\"\">Sin embargo, las acusaciones de graves violaciones de los derechos humanos, incluidos abusos sexuales, han socavado la confianza del pueblo haitiano, lamenta Leblanc, denunciando que la falta de procesamiento y de reparaci\u00f3n para las v\u00edctimas ha reforzado un cierto sentimiento de impunidad, socavando as\u00ed esfuerzos de reconstrucci\u00f3n.<\/p>\n\n\n\n<p class=\"\"><strong>Operaci\u00f3n por la paz<\/strong><\/p>\n\n\n\n<p class=\"\">Para restaurar la imagen de las misiones internacionales en Hait\u00ed, Edgard Leblanc Fils desea que se inicie una reflexi\u00f3n sobre la transformaci\u00f3n de la Misi\u00f3n de Apoyo a la Seguridad (MSS) en una Misi\u00f3n de Operaci\u00f3n de Paz (OMP) bajo mandato de las Naciones Unidas.<\/p>\n\n\n\n<p class=\"\">Esta transformaci\u00f3n, dijo, no s\u00f3lo asegurar\u00eda una financiaci\u00f3n m\u00e1s estable y ampliar\u00eda las capacidades de la misi\u00f3n, sino que tambi\u00e9n fortalecer\u00eda el compromiso de los estados miembros con la seguridad en Hait\u00ed. Dice estar convencido de que este cambio de estatus, al mismo tiempo que garantiza que los errores del pasado sean eliminados. Si no se repite, garantizar\u00e1 el pleno \u00e9xito de la Misi\u00f3n en Hait\u00ed.<\/p>\n\n\n\n<p class=\"\"><strong>Que Francia pague<\/strong><\/p>\n\n\n\n<p class=\"\">Finalmente, el presidente del Consejo de Transici\u00f3n denunci\u00f3 el pago de la deuda de Independencia a Francia y pidi\u00f3 su restituci\u00f3n.<\/p>\n\n\n\n<p class=\"\">Leblanc sentenci\u00f3 que \u00aben 1825, apenas 21 a\u00f1os despu\u00e9s de conseguir su libertad mediante una lucha heroica, Hait\u00ed se vio obligado a pagar una deuda colosal con Francia, su antiguo colonizador, a cambio del reconocimiento de su independencia. Este rescate, impuesto bajo amenaza, agot\u00f3 los recursos de la naci\u00f3n, hundi\u00e9ndola en un c\u00edrculo vicioso de empobrecimiento del que todav\u00eda lucha por salir\u00bb.<\/p>\n\n\n\n<p class=\"\">Esta deuda, continu\u00f3, fue una forma de castigo por su audacia al liberarse de las cadenas de la esclavitud y elevar al pueblo haitiano a la dignidad humana, potencial econ\u00f3mico y social de la poblaci\u00f3n negra de Hait\u00ed durante generaciones\u00bb<\/p>\n\n\n\n<p class=\"\">El Comit\u00e9 Nacional de Restituci\u00f3n y Reparaci\u00f3n, en colaboraci\u00f3n con la Comisi\u00f3n de Reparaciones de CARICOM, ya ha realizado un trabajo exhaustivo sobre este tema, concluy\u00f3.<\/p>\n\n\n\n<p class=\"\"><strong>Por C\u00e9lou Fl\u00e9cher<\/strong><\/p>\n","protected":false},"excerpt":{"rendered":"<p>El presidente del Consejo de Transici\u00f3n, tambi\u00e9n jefe de la delegaci\u00f3n haitiana ante la 79\u00aa Asamblea General de las Naciones Unidas, en Nueva York, Estados Unidos, habl\u00f3 el jueves 26 de septiembre de 2024, en nombre de Hait\u00ed, sobre la restituci\u00f3n de la deuda. La independencia, las acusaciones de Donald Trump, la transformaci\u00f3n de la [&hellip;]<\/p>\n","protected":false},"author":1,"featured_media":20023,"comment_status":"open","ping_status":"open","sticky":false,"template":"","format":"standard","meta":{"nf_dc_page":"","jetpack_post_was_ever_published":false,"_jetpack_newsletter_access":"","_jetpack_dont_email_post_to_subs":false,"_jetpack_newsletter_tier_id":0,"_jetpack_memberships_contains_paywalled_content":false,"_jetpack_memberships_contains_paid_content":false,"footnotes":"","jetpack_publicize_message":"","jetpack_publicize_feature_enabled":true,"jetpack_social_post_already_shared":true,"jetpack_social_options":{"image_generator_settings":{"template":"highway","default_image_id":0,"font":"","enabled":false},"version":2}},"categories":[75],"tags":[],"class_list":["post-20020","post","type-post","status-publish","format-standard","has-post-thumbnail","hentry","category-haiti"],"yoast_head":"<!-- This site is optimized with the Yoast SEO plugin v27.4 - https:\/\/yoast.com\/product\/yoast-seo-wordpress\/ -->\n<title>ONU | Hait\u00ed reclama en la ONU que se le devuelva el monto de los pagos que hizo a Francia por reconocer su independencia - Minuto Cero RD<\/title>\n<meta name=\"robots\" content=\"index, follow, max-snippet:-1, max-image-preview:large, max-video-preview:-1\" \/>\n<link rel=\"canonical\" href=\"http:\/\/minutocerord.com\/?p=20020\" \/>\n<meta property=\"og:locale\" content=\"es_ES\" \/>\n<meta property=\"og:type\" content=\"article\" \/>\n<meta property=\"og:title\" content=\"ONU | Hait\u00ed reclama en la ONU que se le devuelva el monto de los pagos que hizo a Francia por reconocer su independencia - Minuto Cero RD\" \/>\n<meta property=\"og:description\" content=\"El presidente del Consejo de Transici\u00f3n, tambi\u00e9n jefe de la delegaci\u00f3n haitiana ante la 79\u00aa Asamblea General de las Naciones Unidas, en Nueva York, Estados Unidos, habl\u00f3 el jueves 26 de septiembre de 2024, en nombre de Hait\u00ed, sobre la restituci\u00f3n de la deuda. La independencia, las acusaciones de Donald Trump, la transformaci\u00f3n de la [&hellip;]\" \/>\n<meta property=\"og:url\" content=\"http:\/\/minutocerord.com\/?p=20020\" \/>\n<meta property=\"og:site_name\" content=\"Minuto Cero RD\" \/>\n<meta property=\"article:publisher\" content=\"https:\/\/www.facebook.com\/Genofnotes\" \/>\n<meta property=\"article:author\" content=\"https:\/\/www.facebook.com\/Genofnotes\" \/>\n<meta property=\"article:published_time\" content=\"2024-09-27T13:46:52+00:00\" \/>\n<meta property=\"article:modified_time\" content=\"2024-09-27T13:49:54+00:00\" \/>\n<meta property=\"og:image\" content=\"https:\/\/i0.wp.com\/minutocerord.com\/wp-content\/uploads\/2024\/09\/PP3971687-h-o-1.jpg?fit=1200%2C646\" \/>\n\t<meta property=\"og:image:width\" content=\"1200\" \/>\n\t<meta property=\"og:image:height\" content=\"646\" \/>\n\t<meta property=\"og:image:type\" content=\"image\/jpeg\" \/>\n<meta name=\"author\" content=\"Genof\u00f3ntes Urb\u00e1ez\" \/>\n<meta name=\"twitter:card\" content=\"summary_large_image\" \/>\n<meta name=\"twitter:label1\" content=\"Written by\" \/>\n\t<meta name=\"twitter:data1\" content=\"Genof\u00f3ntes Urb\u00e1ez\" \/>\n\t<meta name=\"twitter:label2\" content=\"Est. reading time\" \/>\n\t<meta name=\"twitter:data2\" content=\"5 minutos\" \/>\n<script type=\"application\/ld+json\" class=\"yoast-schema-graph\">{\"@context\":\"https:\\\/\\\/schema.org\",\"@graph\":[{\"@type\":\"Article\",\"@id\":\"http:\\\/\\\/minutocerord.com\\\/?p=20020#article\",\"isPartOf\":{\"@id\":\"http:\\\/\\\/minutocerord.com\\\/?p=20020\"},\"author\":{\"name\":\"Genof\u00f3ntes Urb\u00e1ez\",\"@id\":\"https:\\\/\\\/minutocerord.com\\\/#\\\/schema\\\/person\\\/60b5372d60aaa0a5171fb6488be9aee6\"},\"headline\":\"ONU | Hait\u00ed reclama en la ONU que se le devuelva el monto de los pagos que hizo a Francia por reconocer su independencia\",\"datePublished\":\"2024-09-27T13:46:52+00:00\",\"dateModified\":\"2024-09-27T13:49:54+00:00\",\"mainEntityOfPage\":{\"@id\":\"http:\\\/\\\/minutocerord.com\\\/?p=20020\"},\"wordCount\":1270,\"commentCount\":0,\"publisher\":{\"@id\":\"https:\\\/\\\/minutocerord.com\\\/#\\\/schema\\\/person\\\/60b5372d60aaa0a5171fb6488be9aee6\"},\"image\":{\"@id\":\"http:\\\/\\\/minutocerord.com\\\/?p=20020#primaryimage\"},\"thumbnailUrl\":\"https:\\\/\\\/i0.wp.com\\\/minutocerord.com\\\/wp-content\\\/uploads\\\/2024\\\/09\\\/PP3971687-h-o-1.jpg?fit=1200%2C646&ssl=1\",\"articleSection\":[\"Hait\u00ed\"],\"inLanguage\":\"es-DO\",\"potentialAction\":[{\"@type\":\"CommentAction\",\"name\":\"Comment\",\"target\":[\"http:\\\/\\\/minutocerord.com\\\/?p=20020#respond\"]}]},{\"@type\":\"WebPage\",\"@id\":\"http:\\\/\\\/minutocerord.com\\\/?p=20020\",\"url\":\"http:\\\/\\\/minutocerord.com\\\/?p=20020\",\"name\":\"ONU | Hait\u00ed reclama en la ONU que se le devuelva el monto de los pagos que hizo a Francia por reconocer su independencia - Minuto Cero RD\",\"isPartOf\":{\"@id\":\"https:\\\/\\\/minutocerord.com\\\/#website\"},\"primaryImageOfPage\":{\"@id\":\"http:\\\/\\\/minutocerord.com\\\/?p=20020#primaryimage\"},\"image\":{\"@id\":\"http:\\\/\\\/minutocerord.com\\\/?p=20020#primaryimage\"},\"thumbnailUrl\":\"https:\\\/\\\/i0.wp.com\\\/minutocerord.com\\\/wp-content\\\/uploads\\\/2024\\\/09\\\/PP3971687-h-o-1.jpg?fit=1200%2C646&ssl=1\",\"datePublished\":\"2024-09-27T13:46:52+00:00\",\"dateModified\":\"2024-09-27T13:49:54+00:00\",\"breadcrumb\":{\"@id\":\"http:\\\/\\\/minutocerord.com\\\/?p=20020#breadcrumb\"},\"inLanguage\":\"es-DO\",\"potentialAction\":[{\"@type\":\"ReadAction\",\"target\":[\"http:\\\/\\\/minutocerord.com\\\/?p=20020\"]}]},{\"@type\":\"ImageObject\",\"inLanguage\":\"es-DO\",\"@id\":\"http:\\\/\\\/minutocerord.com\\\/?p=20020#primaryimage\",\"url\":\"https:\\\/\\\/i0.wp.com\\\/minutocerord.com\\\/wp-content\\\/uploads\\\/2024\\\/09\\\/PP3971687-h-o-1.jpg?fit=1200%2C646&ssl=1\",\"contentUrl\":\"https:\\\/\\\/i0.wp.com\\\/minutocerord.com\\\/wp-content\\\/uploads\\\/2024\\\/09\\\/PP3971687-h-o-1.jpg?fit=1200%2C646&ssl=1\",\"width\":1200,\"height\":646,\"caption\":\"Edgard Leblanc Fils\"},{\"@type\":\"BreadcrumbList\",\"@id\":\"http:\\\/\\\/minutocerord.com\\\/?p=20020#breadcrumb\",\"itemListElement\":[{\"@type\":\"ListItem\",\"position\":1,\"name\":\"Home\",\"item\":\"https:\\\/\\\/minutocerord.com\\\/\"},{\"@type\":\"ListItem\",\"position\":2,\"name\":\"ONU | Hait\u00ed reclama en la ONU que se le devuelva el monto de los pagos que hizo a Francia por reconocer su independencia\"}]},{\"@type\":\"WebSite\",\"@id\":\"https:\\\/\\\/minutocerord.com\\\/#website\",\"url\":\"https:\\\/\\\/minutocerord.com\\\/\",\"name\":\"Minuto Cero RD\",\"description\":\"Periodismo serio y veraz\",\"publisher\":{\"@id\":\"https:\\\/\\\/minutocerord.com\\\/#\\\/schema\\\/person\\\/60b5372d60aaa0a5171fb6488be9aee6\"},\"potentialAction\":[{\"@type\":\"SearchAction\",\"target\":{\"@type\":\"EntryPoint\",\"urlTemplate\":\"https:\\\/\\\/minutocerord.com\\\/?s={search_term_string}\"},\"query-input\":{\"@type\":\"PropertyValueSpecification\",\"valueRequired\":true,\"valueName\":\"search_term_string\"}}],\"inLanguage\":\"es-DO\"},{\"@type\":[\"Person\",\"Organization\"],\"@id\":\"https:\\\/\\\/minutocerord.com\\\/#\\\/schema\\\/person\\\/60b5372d60aaa0a5171fb6488be9aee6\",\"name\":\"Genof\u00f3ntes Urb\u00e1ez\",\"image\":{\"@type\":\"ImageObject\",\"inLanguage\":\"es-DO\",\"@id\":\"https:\\\/\\\/secure.gravatar.com\\\/avatar\\\/a49ef3186a692098ac3e8a1612261e3ad70cf9e44553dff2929e67939a0ecb9d?s=96&d=identicon&r=g\",\"url\":\"https:\\\/\\\/secure.gravatar.com\\\/avatar\\\/a49ef3186a692098ac3e8a1612261e3ad70cf9e44553dff2929e67939a0ecb9d?s=96&d=identicon&r=g\",\"contentUrl\":\"https:\\\/\\\/secure.gravatar.com\\\/avatar\\\/a49ef3186a692098ac3e8a1612261e3ad70cf9e44553dff2929e67939a0ecb9d?s=96&d=identicon&r=g\",\"caption\":\"Genof\u00f3ntes Urb\u00e1ez\"},\"logo\":{\"@id\":\"https:\\\/\\\/secure.gravatar.com\\\/avatar\\\/a49ef3186a692098ac3e8a1612261e3ad70cf9e44553dff2929e67939a0ecb9d?s=96&d=identicon&r=g\"},\"description\":\"Periodista \\\/ Locutor\",\"sameAs\":[\"https:\\\/\\\/www.facebook.com\\\/Genofnotes\",\"https:\\\/\\\/www.instagram.com\\\/genofnotes\\\/\"]}]}<\/script>\n<!-- \/ Yoast SEO plugin. -->","yoast_head_json":{"title":"ONU | Hait\u00ed reclama en la ONU que se le devuelva el monto de los pagos que hizo a Francia por reconocer su independencia - Minuto Cero RD","robots":{"index":"index","follow":"follow","max-snippet":"max-snippet:-1","max-image-preview":"max-image-preview:large","max-video-preview":"max-video-preview:-1"},"canonical":"http:\/\/minutocerord.com\/?p=20020","og_locale":"es_ES","og_type":"article","og_title":"ONU | Hait\u00ed reclama en la ONU que se le devuelva el monto de los pagos que hizo a Francia por reconocer su independencia - Minuto Cero RD","og_description":"El presidente del Consejo de Transici\u00f3n, tambi\u00e9n jefe de la delegaci\u00f3n haitiana ante la 79\u00aa Asamblea General de las Naciones Unidas, en Nueva York, Estados Unidos, habl\u00f3 el jueves 26 de septiembre de 2024, en nombre de Hait\u00ed, sobre la restituci\u00f3n de la deuda. La independencia, las acusaciones de Donald Trump, la transformaci\u00f3n de la [&hellip;]","og_url":"http:\/\/minutocerord.com\/?p=20020","og_site_name":"Minuto Cero RD","article_publisher":"https:\/\/www.facebook.com\/Genofnotes","article_author":"https:\/\/www.facebook.com\/Genofnotes","article_published_time":"2024-09-27T13:46:52+00:00","article_modified_time":"2024-09-27T13:49:54+00:00","og_image":[{"width":1200,"height":646,"url":"https:\/\/i0.wp.com\/minutocerord.com\/wp-content\/uploads\/2024\/09\/PP3971687-h-o-1.jpg?fit=1200%2C646","type":"image\/jpeg"}],"author":"Genof\u00f3ntes Urb\u00e1ez","twitter_card":"summary_large_image","twitter_misc":{"Written by":"Genof\u00f3ntes Urb\u00e1ez","Est. reading time":"5 minutos"},"schema":{"@context":"https:\/\/schema.org","@graph":[{"@type":"Article","@id":"http:\/\/minutocerord.com\/?p=20020#article","isPartOf":{"@id":"http:\/\/minutocerord.com\/?p=20020"},"author":{"name":"Genof\u00f3ntes Urb\u00e1ez","@id":"https:\/\/minutocerord.com\/#\/schema\/person\/60b5372d60aaa0a5171fb6488be9aee6"},"headline":"ONU | Hait\u00ed reclama en la ONU que se le devuelva el monto de los pagos que hizo a Francia por reconocer su independencia","datePublished":"2024-09-27T13:46:52+00:00","dateModified":"2024-09-27T13:49:54+00:00","mainEntityOfPage":{"@id":"http:\/\/minutocerord.com\/?p=20020"},"wordCount":1270,"commentCount":0,"publisher":{"@id":"https:\/\/minutocerord.com\/#\/schema\/person\/60b5372d60aaa0a5171fb6488be9aee6"},"image":{"@id":"http:\/\/minutocerord.com\/?p=20020#primaryimage"},"thumbnailUrl":"https:\/\/i0.wp.com\/minutocerord.com\/wp-content\/uploads\/2024\/09\/PP3971687-h-o-1.jpg?fit=1200%2C646&ssl=1","articleSection":["Hait\u00ed"],"inLanguage":"es-DO","potentialAction":[{"@type":"CommentAction","name":"Comment","target":["http:\/\/minutocerord.com\/?p=20020#respond"]}]},{"@type":"WebPage","@id":"http:\/\/minutocerord.com\/?p=20020","url":"http:\/\/minutocerord.com\/?p=20020","name":"ONU | Hait\u00ed reclama en la ONU que se le devuelva el monto de los pagos que hizo a Francia por reconocer su independencia - Minuto Cero RD","isPartOf":{"@id":"https:\/\/minutocerord.com\/#website"},"primaryImageOfPage":{"@id":"http:\/\/minutocerord.com\/?p=20020#primaryimage"},"image":{"@id":"http:\/\/minutocerord.com\/?p=20020#primaryimage"},"thumbnailUrl":"https:\/\/i0.wp.com\/minutocerord.com\/wp-content\/uploads\/2024\/09\/PP3971687-h-o-1.jpg?fit=1200%2C646&ssl=1","datePublished":"2024-09-27T13:46:52+00:00","dateModified":"2024-09-27T13:49:54+00:00","breadcrumb":{"@id":"http:\/\/minutocerord.com\/?p=20020#breadcrumb"},"inLanguage":"es-DO","potentialAction":[{"@type":"ReadAction","target":["http:\/\/minutocerord.com\/?p=20020"]}]},{"@type":"ImageObject","inLanguage":"es-DO","@id":"http:\/\/minutocerord.com\/?p=20020#primaryimage","url":"https:\/\/i0.wp.com\/minutocerord.com\/wp-content\/uploads\/2024\/09\/PP3971687-h-o-1.jpg?fit=1200%2C646&ssl=1","contentUrl":"https:\/\/i0.wp.com\/minutocerord.com\/wp-content\/uploads\/2024\/09\/PP3971687-h-o-1.jpg?fit=1200%2C646&ssl=1","width":1200,"height":646,"caption":"Edgard Leblanc Fils"},{"@type":"BreadcrumbList","@id":"http:\/\/minutocerord.com\/?p=20020#breadcrumb","itemListElement":[{"@type":"ListItem","position":1,"name":"Home","item":"https:\/\/minutocerord.com\/"},{"@type":"ListItem","position":2,"name":"ONU | Hait\u00ed reclama en la ONU que se le devuelva el monto de los pagos que hizo a Francia por reconocer su independencia"}]},{"@type":"WebSite","@id":"https:\/\/minutocerord.com\/#website","url":"https:\/\/minutocerord.com\/","name":"Minuto Cero RD","description":"Periodismo serio y veraz","publisher":{"@id":"https:\/\/minutocerord.com\/#\/schema\/person\/60b5372d60aaa0a5171fb6488be9aee6"},"potentialAction":[{"@type":"SearchAction","target":{"@type":"EntryPoint","urlTemplate":"https:\/\/minutocerord.com\/?s={search_term_string}"},"query-input":{"@type":"PropertyValueSpecification","valueRequired":true,"valueName":"search_term_string"}}],"inLanguage":"es-DO"},{"@type":["Person","Organization"],"@id":"https:\/\/minutocerord.com\/#\/schema\/person\/60b5372d60aaa0a5171fb6488be9aee6","name":"Genof\u00f3ntes Urb\u00e1ez","image":{"@type":"ImageObject","inLanguage":"es-DO","@id":"https:\/\/secure.gravatar.com\/avatar\/a49ef3186a692098ac3e8a1612261e3ad70cf9e44553dff2929e67939a0ecb9d?s=96&d=identicon&r=g","url":"https:\/\/secure.gravatar.com\/avatar\/a49ef3186a692098ac3e8a1612261e3ad70cf9e44553dff2929e67939a0ecb9d?s=96&d=identicon&r=g","contentUrl":"https:\/\/secure.gravatar.com\/avatar\/a49ef3186a692098ac3e8a1612261e3ad70cf9e44553dff2929e67939a0ecb9d?s=96&d=identicon&r=g","caption":"Genof\u00f3ntes Urb\u00e1ez"},"logo":{"@id":"https:\/\/secure.gravatar.com\/avatar\/a49ef3186a692098ac3e8a1612261e3ad70cf9e44553dff2929e67939a0ecb9d?s=96&d=identicon&r=g"},"description":"Periodista \/ Locutor","sameAs":["https:\/\/www.facebook.com\/Genofnotes","https:\/\/www.instagram.com\/genofnotes\/"]}]}},"jetpack_publicize_connections":[],"jetpack_featured_media_url":"https:\/\/i0.wp.com\/minutocerord.com\/wp-content\/uploads\/2024\/09\/PP3971687-h-o-1.jpg?fit=1200%2C646&ssl=1","jetpack-related-posts":[],"jetpack_sharing_enabled":true,"_links":{"self":[{"href":"https:\/\/minutocerord.com\/index.php?rest_route=\/wp\/v2\/posts\/20020","targetHints":{"allow":["GET"]}}],"collection":[{"href":"https:\/\/minutocerord.com\/index.php?rest_route=\/wp\/v2\/posts"}],"about":[{"href":"https:\/\/minutocerord.com\/index.php?rest_route=\/wp\/v2\/types\/post"}],"author":[{"embeddable":true,"href":"https:\/\/minutocerord.com\/index.php?rest_route=\/wp\/v2\/users\/1"}],"replies":[{"embeddable":true,"href":"https:\/\/minutocerord.com\/index.php?rest_route=%2Fwp%2Fv2%2Fcomments&post=20020"}],"version-history":[{"count":1,"href":"https:\/\/minutocerord.com\/index.php?rest_route=\/wp\/v2\/posts\/20020\/revisions"}],"predecessor-version":[{"id":20022,"href":"https:\/\/minutocerord.com\/index.php?rest_route=\/wp\/v2\/posts\/20020\/revisions\/20022"}],"wp:featuredmedia":[{"embeddable":true,"href":"https:\/\/minutocerord.com\/index.php?rest_route=\/wp\/v2\/media\/20023"}],"wp:attachment":[{"href":"https:\/\/minutocerord.com\/index.php?rest_route=%2Fwp%2Fv2%2Fmedia&parent=20020"}],"wp:term":[{"taxonomy":"category","embeddable":true,"href":"https:\/\/minutocerord.com\/index.php?rest_route=%2Fwp%2Fv2%2Fcategories&post=20020"},{"taxonomy":"post_tag","embeddable":true,"href":"https:\/\/minutocerord.com\/index.php?rest_route=%2Fwp%2Fv2%2Ftags&post=20020"}],"curies":[{"name":"wp","href":"https:\/\/api.w.org\/{rel}","templated":true}]}}